{"id":79651,"date":"2020-11-12T00:05:00","date_gmt":"2020-11-12T03:05:00","guid":{"rendered":"https:\/\/www.blogsoestado.com\/danielmatos\/?p=79651"},"modified":"2020-11-12T00:05:00","modified_gmt":"2020-11-12T03:05:00","slug":"amaury-dispara-na-reta-final-da-campanha-e-segue-firme-rumo-a-vitoria-em-mirinzal","status":"publish","type":"post","link":"https:\/\/www.blogsoestado.com\/danielmatos\/amaury-dispara-na-reta-final-da-campanha-e-segue-firme-rumo-a-vitoria-em-mirinzal\/","title":{"rendered":"Amaury dispara na reta final da campanha e segue firme rumo \u00e0 vit\u00f3ria em Mirinzal"},"content":{"rendered":"\n<div class=\"wp-block-image\"><figure class=\"aligncenter size-large\"><img decoding=\"async\" src=\"https:\/\/www.blogsoestado.com\/danielmatos\/files\/2020\/10\/IMG-20201013-WA0018.jpg\" alt=\"\" class=\"wp-image-78388\"\/><\/figure><\/div>\n\n\n\n<p>O candidato a prefeito de Mirinzal Amaury Almeida (PP) disparou nas inten\u00e7\u00f5es de votos na reta final da campanha e, conforme apontam os n\u00fameros da mais recente pesquisa do Instituto Prever, ser\u00e1 eleito novamente, no pr\u00f3ximo domingo, para administrar o munic\u00edpio. A exemplo de outras sondagens realizadas no munic\u00edpio ao longo da campanha, o desempenho crescente de Amaury voltou a se confirmar. <\/p>\n\n\n\n<p>No cen\u00e1rio estimulado, por exemplo, o candidato do PP tem 44,1% da prefer\u00eancia do eleitorado, aumentando a dist\u00e2ncia para o segundo colocado, Dayvison do Posto (Republicanos), que agora \u00e9 de quase 14 pontos percentuais. Em rela\u00e7\u00e3o ao candidato que est\u00e1 em terceiro lugar, a diferen\u00e7a \u00e9 de 22 pontos.  <\/p>\n\n\n\n<p><strong>Espont\u00e2nea<\/strong><\/p>\n\n\n\n<p>No cen\u00e1rio espont\u00e2neo, em que n\u00e3o apresentados aos eleitores entrevistados os nomes dos candidatos, Amaury tamb\u00e9m aparece disparado em rela\u00e7\u00e3o ao principal advers\u00e1rio: 41,5%, contra 26,5% do principal rival. O candidato Carlos Kiel (PSB) aparece em terceiro, com 19,9%. <\/p>\n\n\n\n<div class=\"wp-block-image\"><figure class=\"aligncenter size-large\"><img decoding=\"async\" src=\"https:\/\/www.blogsoestado.com\/danielmatos\/files\/2020\/11\/IMG-20201111-WA0182-1024x1024.jpg\" alt=\"\" class=\"wp-image-79656\"\/><figcaption>Multid\u00e3o prestigia um dos atos da campanha de Amaury, que dever\u00e1 sair vitorioso das urnas<\/figcaption><\/figure><\/div>\n\n\n\n<p>Em todos os cen\u00e1rios da pesquisa, registrada no Tribunal Superior Eleitoral (TSE) sob o protocolo MA-03059\/2020, o candidato do Partido Progressista \u2013 n\u00b0 11, coligado com o PDT, apresenta um desempenho muito superior aos dois advers\u00e1rios no pleito.<\/p>\n\n\n\n<p><strong>Gest\u00e3o atual amarga fracasso<\/strong><\/p>\n\n\n\n<p>A consolida\u00e7\u00e3o do nome de Amaury Almeida, juntamente com o vice, Eduardo Amorim (PDT), \u00e9 o resultado do clamor do povo por uma gest\u00e3o comprometida com os verdadeiros anseios da popula\u00e7\u00e3o. Prova do fracasso administrativo em Mirinzal nos \u00faltimos quatro anos \u00e9 a impopularidade do atual prefeito, que mesmo tendo o direito de tentar a reelei\u00e7\u00e3o, n\u00e3o teve respaldo popular para viabilizar essa possibilidade. <\/p>\n\n\n\n<p>Rejeitado por mais de 60% do povo de Mirinzal, o gestor, ao apoiar o segundo colocado nas pesquisas, facilita ainda mais a caminhada de Amaury Almeida rumo a um novo mandato.<\/p>\n\n\n\n<p><strong>Palanque fortalecido<\/strong><\/p>\n\n\n\n<div class=\"wp-block-image\"><figure class=\"aligncenter size-large\"><img decoding=\"async\" src=\"https:\/\/www.blogsoestado.com\/danielmatos\/files\/2020\/11\/IMG-20201111-WA0175.jpg\" alt=\"\" class=\"wp-image-79657\"\/><figcaption>Amaury Almeida no palanque com o deputado Andr\u00e9 Fufuca, outro aliado de peso<\/figcaption><\/figure><\/div>\n\n\n\n<p>Em seu projeto de voltar \u00e0 Prefeitura de Mirinzal, Amaury Almeida conta o apoio do senador Weverton Rocha, dos deputados Andr\u00e9 Fufuca e Ta\u00edza Hortegal, bem como do prefeito de Pinheiro, Luciano Gen\u00e9sio, que o ajudar\u00e3o a exercer um mandato \u00e0 altura das expectativas e das necessidades da popula\u00e7\u00e3o.<\/p>\n\n\n\n<figure class=\"wp-block-embed-youtube aligncenter wp-block-embed is-type-video is-provider-youtube wp-embed-aspect-16-9 wp-has-aspect-ratio\"><div class=\"wp-block-embed__wrapper\">\n<iframe title=\"Campanha de Amaury fortalecida em Mirinzal\" width=\"500\" height=\"281\" src=\"https:\/\/www.youtube.com\/embed\/-s3zHU7Sh2I?feature=oembed\" frameborder=\"0\" allow=\"accelerometer; autoplay; clipboard-write; encrypted-media; gyroscope; picture-in-picture; web-share\" referrerpolicy=\"strict-origin-when-cross-origin\" allowfullscreen><\/iframe>\n<\/div><\/figure>\n\n\n\n<p>O Instituto Prever ouviu 306 eleitores em Mirinzal entre os dias 3 e 5 de novembro. A margem de erro \u00e9 de 5,4%, para mais ou para menos, e o intervalo de confian\u00e7a \u00e9 de 95%.<\/p>\n\n\n\n<p>Confira abaixo o resultado da pesquisa:<\/p>\n\n\n\n<div class=\"wp-block-image\"><figure class=\"aligncenter size-large\"><img decoding=\"async\" src=\"https:\/\/www.blogsoestado.com\/danielmatos\/files\/2020\/11\/Screenshot_20201111-164126_2.png\" alt=\"\" class=\"wp-image-79654\"\/><\/figure><\/div>\n\n\n\n<div class=\"wp-block-image\"><figure class=\"aligncenter size-large\"><img decoding=\"async\" src=\"https:\/\/www.blogsoestado.com\/danielmatos\/files\/2020\/11\/Screenshot_20201111-164031_2.png\" alt=\"\" class=\"wp-image-79655\"\/><\/figure><\/div>\n","protected":false},"excerpt":{"rendered":"<p>O candidato a prefeito de Mirinzal Amaury Almeida (PP) disparou nas inten\u00e7\u00f5es de votos na reta final da campanha e, [&hellip;]<\/p>\n","protected":false},"author":0,"featured_media":0,"comment_status":"open","ping_status":"open","sticky":false,"template":"","format":"standard","meta":{"site-sidebar-layout":"default","site-content-layout":"","ast-site-content-layout":"default","site-content-style":"default","site-sidebar-style":"default","ast-global-header-display":"","ast-banner-title-visibility":"","ast-main-header-display":"","ast-hfb-above-header-display":"","ast-hfb-below-header-display":"","ast-hfb-mobile-header-display":"","site-post-title":"","ast-breadcrumbs-content":"","ast-featured-img":"","footer-sml-layout":"","ast-disable-related-posts":"","theme-transparent-header-meta":"","adv-header-id-meta":"","stick-header-meta":"","header-above-stick-meta":"","header-main-stick-meta":"","header-below-stick-meta":"","astra-migrate-meta-layouts":"default","ast-page-background-enabled":"default","ast-page-background-meta":{"desktop":{"background-color":"var(--ast-global-color-5)","background-image":"","background-repeat":"repeat","background-position":"center center","background-size":"auto","background-attachment":"scroll","background-type":"","background-media":"","overlay-type":"","overlay-color":"","overlay-opacity":"","overlay-gradient":""},"tablet":{"background-color":"","background-image":"","background-repeat":"repeat","background-position":"center center","background-size":"auto","background-attachment":"scroll","background-type":"","background-media":"","overlay-type":"","overlay-color":"","overlay-opacity":"","overlay-gradient":""},"mobile":{"background-color":"","background-image":"","background-repeat":"repeat","background-position":"center center","background-size":"auto","background-attachment":"scroll","background-type":"","background-media":"","overlay-type":"","overlay-color":"","overlay-opacity":"","overlay-gradient":""}},"ast-content-background-meta":{"desktop":{"background-color":"var(--ast-global-color-4)","background-image":"","background-repeat":"repeat","background-position":"center center","background-size":"auto","background-attachment":"scroll","background-type":"","background-media":"","overlay-type":"","overlay-color":"","overlay-opacity":"","overlay-gradient":""},"tablet":{"background-color":"var(--ast-global-color-4)","background-image":"","background-repeat":"repeat","background-position":"center center","background-size":"auto","background-attachment":"scroll","background-type":"","background-media":"","overlay-type":"","overlay-color":"","overlay-opacity":"","overlay-gradient":""},"mobile":{"background-color":"var(--ast-global-color-4)","background-image":"","background-repeat":"repeat","background-position":"center center","background-size":"auto","background-attachment":"scroll","background-type":"","background-media":"","overlay-type":"","overlay-color":"","overlay-opacity":"","overlay-gradient":""}},"footnotes":""},"categories":[1],"tags":[],"class_list":["post-79651","post","type-post","status-publish","format-standard","hentry","category-sem-categoria"],"yoast_head":"<!-- This site is optimized with the Yoast SEO plugin v26.6 - https:\/\/yoast.com\/wordpress\/plugins\/seo\/ -->\n<title>Amaury dispara na reta final da campanha e segue firme rumo \u00e0 vit\u00f3ria em Mirinzal - Daniel Matos<\/title>\n<meta name=\"robots\" content=\"index, follow, max-snippet:-1, max-image-preview:large, max-video-preview:-1\" \/>\n<link rel=\"canonical\" href=\"https:\/\/www.blogsoestado.com\/danielmatos\/amaury-dispara-na-reta-final-da-campanha-e-segue-firme-rumo-a-vitoria-em-mirinzal\/\" \/>\n<meta property=\"og:locale\" content=\"pt_BR\" \/>\n<meta property=\"og:type\" content=\"article\" \/>\n<meta property=\"og:title\" content=\"Amaury dispara na reta final da campanha e segue firme rumo \u00e0 vit\u00f3ria em Mirinzal - Daniel Matos\" \/>\n<meta property=\"og:description\" content=\"O candidato a prefeito de Mirinzal Amaury Almeida (PP) disparou nas inten\u00e7\u00f5es de votos na reta final da campanha e, [&hellip;]\" \/>\n<meta property=\"og:url\" content=\"https:\/\/www.blogsoestado.com\/danielmatos\/amaury-dispara-na-reta-final-da-campanha-e-segue-firme-rumo-a-vitoria-em-mirinzal\/\" \/>\n<meta property=\"og:site_name\" content=\"Daniel Matos\" \/>\n<meta property=\"article:published_time\" content=\"2020-11-12T03:05:00+00:00\" \/>\n<meta property=\"og:image\" content=\"https:\/\/www.blogsoestado.com\/danielmatos\/files\/2020\/10\/IMG-20201013-WA0018.jpg\" \/>\n<meta name=\"twitter:card\" content=\"summary_large_image\" \/>\n<meta name=\"twitter:label1\" content=\"Est. tempo de leitura\" \/>\n\t<meta name=\"twitter:data1\" content=\"2 minutos\" \/>\n<script type=\"application\/ld+json\" class=\"yoast-schema-graph\">{\"@context\":\"https:\/\/schema.org\",\"@graph\":[{\"@type\":\"WebPage\",\"@id\":\"https:\/\/www.blogsoestado.com\/danielmatos\/amaury-dispara-na-reta-final-da-campanha-e-segue-firme-rumo-a-vitoria-em-mirinzal\/\",\"url\":\"https:\/\/www.blogsoestado.com\/danielmatos\/amaury-dispara-na-reta-final-da-campanha-e-segue-firme-rumo-a-vitoria-em-mirinzal\/\",\"name\":\"Amaury dispara na reta final da campanha e segue firme rumo \u00e0 vit\u00f3ria em Mirinzal - Daniel Matos\",\"isPartOf\":{\"@id\":\"https:\/\/www.blogsoestado.com\/danielmatos\/#website\"},\"primaryImageOfPage\":{\"@id\":\"https:\/\/www.blogsoestado.com\/danielmatos\/amaury-dispara-na-reta-final-da-campanha-e-segue-firme-rumo-a-vitoria-em-mirinzal\/#primaryimage\"},\"image\":{\"@id\":\"https:\/\/www.blogsoestado.com\/danielmatos\/amaury-dispara-na-reta-final-da-campanha-e-segue-firme-rumo-a-vitoria-em-mirinzal\/#primaryimage\"},\"thumbnailUrl\":\"https:\/\/www.blogsoestado.com\/danielmatos\/files\/2020\/10\/IMG-20201013-WA0018.jpg\",\"datePublished\":\"2020-11-12T03:05:00+00:00\",\"author\":{\"@id\":\"\"},\"breadcrumb\":{\"@id\":\"https:\/\/www.blogsoestado.com\/danielmatos\/amaury-dispara-na-reta-final-da-campanha-e-segue-firme-rumo-a-vitoria-em-mirinzal\/#breadcrumb\"},\"inLanguage\":\"pt-BR\",\"potentialAction\":[{\"@type\":\"ReadAction\",\"target\":[\"https:\/\/www.blogsoestado.com\/danielmatos\/amaury-dispara-na-reta-final-da-campanha-e-segue-firme-rumo-a-vitoria-em-mirinzal\/\"]}]},{\"@type\":\"ImageObject\",\"inLanguage\":\"pt-BR\",\"@id\":\"https:\/\/www.blogsoestado.com\/danielmatos\/amaury-dispara-na-reta-final-da-campanha-e-segue-firme-rumo-a-vitoria-em-mirinzal\/#primaryimage\",\"url\":\"https:\/\/www.blogsoestado.com\/danielmatos\/files\/2020\/10\/IMG-20201013-WA0018.jpg\",\"contentUrl\":\"https:\/\/www.blogsoestado.com\/danielmatos\/files\/2020\/10\/IMG-20201013-WA0018.jpg\"},{\"@type\":\"BreadcrumbList\",\"@id\":\"https:\/\/www.blogsoestado.com\/danielmatos\/amaury-dispara-na-reta-final-da-campanha-e-segue-firme-rumo-a-vitoria-em-mirinzal\/#breadcrumb\",\"itemListElement\":[{\"@type\":\"ListItem\",\"position\":1,\"name\":\"In\u00edcio\",\"item\":\"https:\/\/www.blogsoestado.com\/danielmatos\/\"},{\"@type\":\"ListItem\",\"position\":2,\"name\":\"Amaury dispara na reta final da campanha e segue firme rumo \u00e0 vit\u00f3ria em Mirinzal\"}]},{\"@type\":\"WebSite\",\"@id\":\"https:\/\/www.blogsoestado.com\/danielmatos\/#website\",\"url\":\"https:\/\/www.blogsoestado.com\/danielmatos\/\",\"name\":\"Daniel Matos\",\"description\":\"\",\"potentialAction\":[{\"@type\":\"SearchAction\",\"target\":{\"@type\":\"EntryPoint\",\"urlTemplate\":\"https:\/\/www.blogsoestado.com\/danielmatos\/?s={search_term_string}\"},\"query-input\":{\"@type\":\"PropertyValueSpecification\",\"valueRequired\":true,\"valueName\":\"search_term_string\"}}],\"inLanguage\":\"pt-BR\"}]}<\/script>\n<!-- \/ Yoast SEO plugin. -->","yoast_head_json":{"title":"Amaury dispara na reta final da campanha e segue firme rumo \u00e0 vit\u00f3ria em Mirinzal - Daniel Matos","robots":{"index":"index","follow":"follow","max-snippet":"max-snippet:-1","max-image-preview":"max-image-preview:large","max-video-preview":"max-video-preview:-1"},"canonical":"https:\/\/www.blogsoestado.com\/danielmatos\/amaury-dispara-na-reta-final-da-campanha-e-segue-firme-rumo-a-vitoria-em-mirinzal\/","og_locale":"pt_BR","og_type":"article","og_title":"Amaury dispara na reta final da campanha e segue firme rumo \u00e0 vit\u00f3ria em Mirinzal - Daniel Matos","og_description":"O candidato a prefeito de Mirinzal Amaury Almeida (PP) disparou nas inten\u00e7\u00f5es de votos na reta final da campanha e, [&hellip;]","og_url":"https:\/\/www.blogsoestado.com\/danielmatos\/amaury-dispara-na-reta-final-da-campanha-e-segue-firme-rumo-a-vitoria-em-mirinzal\/","og_site_name":"Daniel Matos","article_published_time":"2020-11-12T03:05:00+00:00","og_image":[{"url":"https:\/\/www.blogsoestado.com\/danielmatos\/files\/2020\/10\/IMG-20201013-WA0018.jpg","type":"","width":"","height":""}],"twitter_card":"summary_large_image","twitter_misc":{"Est. tempo de leitura":"2 minutos"},"schema":{"@context":"https:\/\/schema.org","@graph":[{"@type":"WebPage","@id":"https:\/\/www.blogsoestado.com\/danielmatos\/amaury-dispara-na-reta-final-da-campanha-e-segue-firme-rumo-a-vitoria-em-mirinzal\/","url":"https:\/\/www.blogsoestado.com\/danielmatos\/amaury-dispara-na-reta-final-da-campanha-e-segue-firme-rumo-a-vitoria-em-mirinzal\/","name":"Amaury dispara na reta final da campanha e segue firme rumo \u00e0 vit\u00f3ria em Mirinzal - Daniel Matos","isPartOf":{"@id":"https:\/\/www.blogsoestado.com\/danielmatos\/#website"},"primaryImageOfPage":{"@id":"https:\/\/www.blogsoestado.com\/danielmatos\/amaury-dispara-na-reta-final-da-campanha-e-segue-firme-rumo-a-vitoria-em-mirinzal\/#primaryimage"},"image":{"@id":"https:\/\/www.blogsoestado.com\/danielmatos\/amaury-dispara-na-reta-final-da-campanha-e-segue-firme-rumo-a-vitoria-em-mirinzal\/#primaryimage"},"thumbnailUrl":"https:\/\/www.blogsoestado.com\/danielmatos\/files\/2020\/10\/IMG-20201013-WA0018.jpg","datePublished":"2020-11-12T03:05:00+00:00","author":{"@id":""},"breadcrumb":{"@id":"https:\/\/www.blogsoestado.com\/danielmatos\/amaury-dispara-na-reta-final-da-campanha-e-segue-firme-rumo-a-vitoria-em-mirinzal\/#breadcrumb"},"inLanguage":"pt-BR","potentialAction":[{"@type":"ReadAction","target":["https:\/\/www.blogsoestado.com\/danielmatos\/amaury-dispara-na-reta-final-da-campanha-e-segue-firme-rumo-a-vitoria-em-mirinzal\/"]}]},{"@type":"ImageObject","inLanguage":"pt-BR","@id":"https:\/\/www.blogsoestado.com\/danielmatos\/amaury-dispara-na-reta-final-da-campanha-e-segue-firme-rumo-a-vitoria-em-mirinzal\/#primaryimage","url":"https:\/\/www.blogsoestado.com\/danielmatos\/files\/2020\/10\/IMG-20201013-WA0018.jpg","contentUrl":"https:\/\/www.blogsoestado.com\/danielmatos\/files\/2020\/10\/IMG-20201013-WA0018.jpg"},{"@type":"BreadcrumbList","@id":"https:\/\/www.blogsoestado.com\/danielmatos\/amaury-dispara-na-reta-final-da-campanha-e-segue-firme-rumo-a-vitoria-em-mirinzal\/#breadcrumb","itemListElement":[{"@type":"ListItem","position":1,"name":"In\u00edcio","item":"https:\/\/www.blogsoestado.com\/danielmatos\/"},{"@type":"ListItem","position":2,"name":"Amaury dispara na reta final da campanha e segue firme rumo \u00e0 vit\u00f3ria em Mirinzal"}]},{"@type":"WebSite","@id":"https:\/\/www.blogsoestado.com\/danielmatos\/#website","url":"https:\/\/www.blogsoestado.com\/danielmatos\/","name":"Daniel Matos","description":"","potentialAction":[{"@type":"SearchAction","target":{"@type":"EntryPoint","urlTemplate":"https:\/\/www.blogsoestado.com\/danielmatos\/?s={search_term_string}"},"query-input":{"@type":"PropertyValueSpecification","valueRequired":true,"valueName":"search_term_string"}}],"inLanguage":"pt-BR"}]}},"jetpack_featured_media_url":"","_links":{"self":[{"href":"https:\/\/www.blogsoestado.com\/danielmatos\/wp-json\/wp\/v2\/posts\/79651","targetHints":{"allow":["GET"]}}],"collection":[{"href":"https:\/\/www.blogsoestado.com\/danielmatos\/wp-json\/wp\/v2\/posts"}],"about":[{"href":"https:\/\/www.blogsoestado.com\/danielmatos\/wp-json\/wp\/v2\/types\/post"}],"replies":[{"embeddable":true,"href":"https:\/\/www.blogsoestado.com\/danielmatos\/wp-json\/wp\/v2\/comments?post=79651"}],"version-history":[{"count":0,"href":"https:\/\/www.blogsoestado.com\/danielmatos\/wp-json\/wp\/v2\/posts\/79651\/revisions"}],"wp:attachment":[{"href":"https:\/\/www.blogsoestado.com\/danielmatos\/wp-json\/wp\/v2\/media?parent=79651"}],"wp:term":[{"taxonomy":"category","embeddable":true,"href":"https:\/\/www.blogsoestado.com\/danielmatos\/wp-json\/wp\/v2\/categories?post=79651"},{"taxonomy":"post_tag","embeddable":true,"href":"https:\/\/www.blogsoestado.com\/danielmatos\/wp-json\/wp\/v2\/tags?post=79651"}],"curies":[{"name":"wp","href":"https:\/\/api.w.org\/{rel}","templated":true}]}}