{"id":79683,"date":"2020-11-12T10:39:39","date_gmt":"2020-11-12T13:39:39","guid":{"rendered":"https:\/\/www.blogsoestado.com\/danielmatos\/?p=79683"},"modified":"2020-11-12T10:39:39","modified_gmt":"2020-11-12T13:39:39","slug":"com-flavio-dino-ha-6-anos-no-poder-maranhao-tem-o-menor-rendimento-do-pais","status":"publish","type":"post","link":"https:\/\/www.blogsoestado.com\/danielmatos\/com-flavio-dino-ha-6-anos-no-poder-maranhao-tem-o-menor-rendimento-do-pais\/","title":{"rendered":"Com Fl\u00e1vio Dino h\u00e1 6 anos no poder, Maranh\u00e3o tem o menor rendimento do pa\u00eds"},"content":{"rendered":"\n<p class=\"has-text-color has-huge-font-size has-vivid-red-color\">Foi o que constatou a S\u00edntese de Indicadores Sociais referente ao ano de 2019, publicada pelo IBGE<\/p>\n\n\n\n<div class=\"wp-block-image\"><figure class=\"alignleft size-large\"><img decoding=\"async\" src=\"https:\/\/www.blogsoestado.com\/danielmatos\/files\/2020\/11\/pobreza-ma.gif\" alt=\"\" class=\"wp-image-79685\"\/><\/figure><\/div>\n\n\n\n<p>Em 2019, no Maranh\u00e3o, de acordo com os dados da S\u00edntese de Indicadores Sociais \u2013 SIS, divulgados nesta quinta-feira (12), apresentou o menor o rendimento m\u00e9dio real de todos os trabalhos habitualmente recebido pelas pessoas ocupadas. O valor foi de<br>R$ 1.325,00 em m\u00e9dia por m\u00eas, sendo inferior ao auferido em 2018, que havia sido de R$ 1.334,00. O Piau\u00ed apresentou o segundo menor valor entre as Unidades da Federa\u00e7\u00e3o &#8211; UFs, R$ 1.379,00 e o Distrito Federal o maior valor de rendimento real, R$ 4.044,00.<\/p>\n\n\n\n<p>As desigualdades entre os rendimentos do trabalho s\u00e3o tamb\u00e9m bastante definidas espacialmente, refletindo a distribui\u00e7\u00e3o regional das atividades econ\u00f4micas pelo territ\u00f3rio nacional. Entre as 10 UFs com o menor rendimento m\u00e9dio recebido de todos os trabalhos, oito s\u00e3o da regi\u00e3o Nordeste.<\/p>\n\n\n\n<p>Em rela\u00e7\u00e3o ao rendimento domiciliar per capita das pessoas, em 2019 o Maranh\u00e3o perfila em \u00faltimo lugar no ranking por UFs do pa\u00eds com um rendimento m\u00e9dio de R$ 637,00. Em 2018, o valor era de R$ 629,00. Em 2019, Alagoas tinha o segundo menor valor, R$ 729,00, seguindo pelo Par\u00e1, R$ 795,00. As UFs com o maior rendimento domiciliar per capita, respectivamente: Distrito Federal, R$ 2.599,00; S\u00e3o Paulo, R$ 1.889,00; e o Rio Grande do Sul, R$ 1.812,00.<\/p>\n\n\n\n<p>A an\u00e1lise da distribui\u00e7\u00e3o de rendimentos de uma popula\u00e7\u00e3o \u00e9 o ponto de partida para os estudos de desigualdades econ\u00f4micas e pobreza monet\u00e1ria. Os n\u00fameros da distribui\u00e7\u00e3o percentual, por classes de rendimento domiciliar per capita, tendo por par\u00e2metro o sal\u00e1rio m\u00ednimo, trazem uma radiografia da apropria\u00e7\u00e3o dos rendimentos por parcelas da popula\u00e7\u00e3o. A tabela abaixo apresenta a s\u00e9rie hist\u00f3rica para o Maranh\u00e3o.<\/p>\n\n\n\n<div class=\"wp-block-image\"><figure class=\"aligncenter size-large\"><img decoding=\"async\" src=\"https:\/\/www.blogsoestado.com\/danielmatos\/files\/2020\/11\/Screenshot_20201112-1029292.png\" alt=\"\" class=\"wp-image-79684\"\/><\/figure><\/div>\n\n\n\n<p>Os n\u00fameros apontam que em 2019, o maior percentual de pessoas se encontrava na faixa de rendimento entre mais de zero e at\u00e9 \u00bc de sal\u00e1rio m\u00ednimo, com 30% das pessoas enquadradas nesse segmento de rendimento domiciliar per capita.<\/p>\n\n\n\n<p>Para fins de compara\u00e7\u00e3o internacional, o Banco Mundial utiliza tr\u00eas linhas de pobreza, a depender do n\u00edvel de renda dos pa\u00edses. A atual linha internacional de extrema pobreza \u00e9 fixada em US$ 1,90 por dia em termos de Poder de Paridade de Compra &#8211; PPC (ou, em ingl\u00eas, PPP, purchasing power parity), o que representa a m\u00e9dia das linhas de pobreza encontradas em 15 dos pa\u00edses mais pobres classificados pelo consumo\/renda per capita. A taxa de c\u00e2mbio medida em PPC permite comparar o valor real das moedas em determinado ponto do tempo por meio de uma pesquisa de pre\u00e7os de bens e servi\u00e7os em diversos lugares do mundo.<\/p>\n\n\n\n<p>Considerando que quanto maior o n\u00edvel de renda m\u00e9dia dos pa\u00edses, maior deve ser a linha de pobreza para que essa mantenha correspond\u00eancia com o n\u00edvel de rendimento m\u00e9dio daquela popula\u00e7\u00e3o, o Banco Mundial recomenda o uso das linhas de US$ 3,20 PPC para pa\u00edses de renda m\u00e9dia-baixa e US$ 5,50 PPC para pa\u00edses de renda m\u00e9dia-alta, grupo ao qual o Brasil pertence com mais 46 pa\u00edses. Entre os 43 pa\u00edses desse grupo com informa\u00e7\u00e3o dispon\u00edvel na base de dados do Banco Mundial, o Brasil apresenta a 21\u00aa taxa de pobreza mais elevada.<\/p>\n","protected":false},"excerpt":{"rendered":"<p>Foi o que constatou a S\u00edntese de Indicadores Sociais referente ao ano de 2019, publicada pelo IBGE Em 2019, no [&hellip;]<\/p>\n","protected":false},"author":0,"featured_media":0,"comment_status":"open","ping_status":"open","sticky":false,"template":"","format":"standard","meta":{"site-sidebar-layout":"default","site-content-layout":"","ast-site-content-layout":"default","site-content-style":"default","site-sidebar-style":"default","ast-global-header-display":"","ast-banner-title-visibility":"","ast-main-header-display":"","ast-hfb-above-header-display":"","ast-hfb-below-header-display":"","ast-hfb-mobile-header-display":"","site-post-title":"","ast-breadcrumbs-content":"","ast-featured-img":"","footer-sml-layout":"","ast-disable-related-posts":"","theme-transparent-header-meta":"","adv-header-id-meta":"","stick-header-meta":"","header-above-stick-meta":"","header-main-stick-meta":"","header-below-stick-meta":"","astra-migrate-meta-layouts":"default","ast-page-background-enabled":"default","ast-page-background-meta":{"desktop":{"background-color":"var(--ast-global-color-5)","background-image":"","background-repeat":"repeat","background-position":"center center","background-size":"auto","background-attachment":"scroll","background-type":"","background-media":"","overlay-type":"","overlay-color":"","overlay-opacity":"","overlay-gradient":""},"tablet":{"background-color":"","background-image":"","background-repeat":"repeat","background-position":"center center","background-size":"auto","background-attachment":"scroll","background-type":"","background-media":"","overlay-type":"","overlay-color":"","overlay-opacity":"","overlay-gradient":""},"mobile":{"background-color":"","background-image":"","background-repeat":"repeat","background-position":"center center","background-size":"auto","background-attachment":"scroll","background-type":"","background-media":"","overlay-type":"","overlay-color":"","overlay-opacity":"","overlay-gradient":""}},"ast-content-background-meta":{"desktop":{"background-color":"var(--ast-global-color-4)","background-image":"","background-repeat":"repeat","background-position":"center center","background-size":"auto","background-attachment":"scroll","background-type":"","background-media":"","overlay-type":"","overlay-color":"","overlay-opacity":"","overlay-gradient":""},"tablet":{"background-color":"var(--ast-global-color-4)","background-image":"","background-repeat":"repeat","background-position":"center center","background-size":"auto","background-attachment":"scroll","background-type":"","background-media":"","overlay-type":"","overlay-color":"","overlay-opacity":"","overlay-gradient":""},"mobile":{"background-color":"var(--ast-global-color-4)","background-image":"","background-repeat":"repeat","background-position":"center center","background-size":"auto","background-attachment":"scroll","background-type":"","background-media":"","overlay-type":"","overlay-color":"","overlay-opacity":"","overlay-gradient":""}},"footnotes":""},"categories":[1],"tags":[],"class_list":["post-79683","post","type-post","status-publish","format-standard","hentry","category-sem-categoria"],"yoast_head":"<!-- This site is optimized with the Yoast SEO plugin v26.6 - https:\/\/yoast.com\/wordpress\/plugins\/seo\/ -->\n<title>Com Fl\u00e1vio Dino h\u00e1 6 anos no poder, Maranh\u00e3o tem o menor rendimento do pa\u00eds - Daniel Matos<\/title>\n<meta name=\"robots\" content=\"index, follow, max-snippet:-1, max-image-preview:large, max-video-preview:-1\" \/>\n<link rel=\"canonical\" href=\"https:\/\/www.blogsoestado.com\/danielmatos\/com-flavio-dino-ha-6-anos-no-poder-maranhao-tem-o-menor-rendimento-do-pais\/\" \/>\n<meta property=\"og:locale\" content=\"pt_BR\" \/>\n<meta property=\"og:type\" content=\"article\" \/>\n<meta property=\"og:title\" content=\"Com Fl\u00e1vio Dino h\u00e1 6 anos no poder, Maranh\u00e3o tem o menor rendimento do pa\u00eds - Daniel Matos\" \/>\n<meta property=\"og:description\" content=\"Foi o que constatou a S\u00edntese de Indicadores Sociais referente ao ano de 2019, publicada pelo IBGE Em 2019, no [&hellip;]\" \/>\n<meta property=\"og:url\" content=\"https:\/\/www.blogsoestado.com\/danielmatos\/com-flavio-dino-ha-6-anos-no-poder-maranhao-tem-o-menor-rendimento-do-pais\/\" \/>\n<meta property=\"og:site_name\" content=\"Daniel Matos\" \/>\n<meta property=\"article:published_time\" content=\"2020-11-12T13:39:39+00:00\" \/>\n<meta property=\"og:image\" content=\"https:\/\/www.blogsoestado.com\/danielmatos\/files\/2020\/11\/pobreza-ma.gif\" \/>\n<meta name=\"twitter:card\" content=\"summary_large_image\" \/>\n<meta name=\"twitter:label1\" content=\"Est. tempo de leitura\" \/>\n\t<meta name=\"twitter:data1\" content=\"3 minutos\" \/>\n<script type=\"application\/ld+json\" class=\"yoast-schema-graph\">{\"@context\":\"https:\/\/schema.org\",\"@graph\":[{\"@type\":\"WebPage\",\"@id\":\"https:\/\/www.blogsoestado.com\/danielmatos\/com-flavio-dino-ha-6-anos-no-poder-maranhao-tem-o-menor-rendimento-do-pais\/\",\"url\":\"https:\/\/www.blogsoestado.com\/danielmatos\/com-flavio-dino-ha-6-anos-no-poder-maranhao-tem-o-menor-rendimento-do-pais\/\",\"name\":\"Com Fl\u00e1vio Dino h\u00e1 6 anos no poder, Maranh\u00e3o tem o menor rendimento do pa\u00eds - Daniel Matos\",\"isPartOf\":{\"@id\":\"https:\/\/www.blogsoestado.com\/danielmatos\/#website\"},\"primaryImageOfPage\":{\"@id\":\"https:\/\/www.blogsoestado.com\/danielmatos\/com-flavio-dino-ha-6-anos-no-poder-maranhao-tem-o-menor-rendimento-do-pais\/#primaryimage\"},\"image\":{\"@id\":\"https:\/\/www.blogsoestado.com\/danielmatos\/com-flavio-dino-ha-6-anos-no-poder-maranhao-tem-o-menor-rendimento-do-pais\/#primaryimage\"},\"thumbnailUrl\":\"https:\/\/www.blogsoestado.com\/danielmatos\/files\/2020\/11\/pobreza-ma.gif\",\"datePublished\":\"2020-11-12T13:39:39+00:00\",\"author\":{\"@id\":\"\"},\"breadcrumb\":{\"@id\":\"https:\/\/www.blogsoestado.com\/danielmatos\/com-flavio-dino-ha-6-anos-no-poder-maranhao-tem-o-menor-rendimento-do-pais\/#breadcrumb\"},\"inLanguage\":\"pt-BR\",\"potentialAction\":[{\"@type\":\"ReadAction\",\"target\":[\"https:\/\/www.blogsoestado.com\/danielmatos\/com-flavio-dino-ha-6-anos-no-poder-maranhao-tem-o-menor-rendimento-do-pais\/\"]}]},{\"@type\":\"ImageObject\",\"inLanguage\":\"pt-BR\",\"@id\":\"https:\/\/www.blogsoestado.com\/danielmatos\/com-flavio-dino-ha-6-anos-no-poder-maranhao-tem-o-menor-rendimento-do-pais\/#primaryimage\",\"url\":\"https:\/\/www.blogsoestado.com\/danielmatos\/files\/2020\/11\/pobreza-ma.gif\",\"contentUrl\":\"https:\/\/www.blogsoestado.com\/danielmatos\/files\/2020\/11\/pobreza-ma.gif\"},{\"@type\":\"BreadcrumbList\",\"@id\":\"https:\/\/www.blogsoestado.com\/danielmatos\/com-flavio-dino-ha-6-anos-no-poder-maranhao-tem-o-menor-rendimento-do-pais\/#breadcrumb\",\"itemListElement\":[{\"@type\":\"ListItem\",\"position\":1,\"name\":\"In\u00edcio\",\"item\":\"https:\/\/www.blogsoestado.com\/danielmatos\/\"},{\"@type\":\"ListItem\",\"position\":2,\"name\":\"Com Fl\u00e1vio Dino h\u00e1 6 anos no poder, Maranh\u00e3o tem o menor rendimento do pa\u00eds\"}]},{\"@type\":\"WebSite\",\"@id\":\"https:\/\/www.blogsoestado.com\/danielmatos\/#website\",\"url\":\"https:\/\/www.blogsoestado.com\/danielmatos\/\",\"name\":\"Daniel Matos\",\"description\":\"\",\"potentialAction\":[{\"@type\":\"SearchAction\",\"target\":{\"@type\":\"EntryPoint\",\"urlTemplate\":\"https:\/\/www.blogsoestado.com\/danielmatos\/?s={search_term_string}\"},\"query-input\":{\"@type\":\"PropertyValueSpecification\",\"valueRequired\":true,\"valueName\":\"search_term_string\"}}],\"inLanguage\":\"pt-BR\"}]}<\/script>\n<!-- \/ Yoast SEO plugin. -->","yoast_head_json":{"title":"Com Fl\u00e1vio Dino h\u00e1 6 anos no poder, Maranh\u00e3o tem o menor rendimento do pa\u00eds - Daniel Matos","robots":{"index":"index","follow":"follow","max-snippet":"max-snippet:-1","max-image-preview":"max-image-preview:large","max-video-preview":"max-video-preview:-1"},"canonical":"https:\/\/www.blogsoestado.com\/danielmatos\/com-flavio-dino-ha-6-anos-no-poder-maranhao-tem-o-menor-rendimento-do-pais\/","og_locale":"pt_BR","og_type":"article","og_title":"Com Fl\u00e1vio Dino h\u00e1 6 anos no poder, Maranh\u00e3o tem o menor rendimento do pa\u00eds - Daniel Matos","og_description":"Foi o que constatou a S\u00edntese de Indicadores Sociais referente ao ano de 2019, publicada pelo IBGE Em 2019, no [&hellip;]","og_url":"https:\/\/www.blogsoestado.com\/danielmatos\/com-flavio-dino-ha-6-anos-no-poder-maranhao-tem-o-menor-rendimento-do-pais\/","og_site_name":"Daniel Matos","article_published_time":"2020-11-12T13:39:39+00:00","og_image":[{"url":"https:\/\/www.blogsoestado.com\/danielmatos\/files\/2020\/11\/pobreza-ma.gif","type":"","width":"","height":""}],"twitter_card":"summary_large_image","twitter_misc":{"Est. tempo de leitura":"3 minutos"},"schema":{"@context":"https:\/\/schema.org","@graph":[{"@type":"WebPage","@id":"https:\/\/www.blogsoestado.com\/danielmatos\/com-flavio-dino-ha-6-anos-no-poder-maranhao-tem-o-menor-rendimento-do-pais\/","url":"https:\/\/www.blogsoestado.com\/danielmatos\/com-flavio-dino-ha-6-anos-no-poder-maranhao-tem-o-menor-rendimento-do-pais\/","name":"Com Fl\u00e1vio Dino h\u00e1 6 anos no poder, Maranh\u00e3o tem o menor rendimento do pa\u00eds - Daniel Matos","isPartOf":{"@id":"https:\/\/www.blogsoestado.com\/danielmatos\/#website"},"primaryImageOfPage":{"@id":"https:\/\/www.blogsoestado.com\/danielmatos\/com-flavio-dino-ha-6-anos-no-poder-maranhao-tem-o-menor-rendimento-do-pais\/#primaryimage"},"image":{"@id":"https:\/\/www.blogsoestado.com\/danielmatos\/com-flavio-dino-ha-6-anos-no-poder-maranhao-tem-o-menor-rendimento-do-pais\/#primaryimage"},"thumbnailUrl":"https:\/\/www.blogsoestado.com\/danielmatos\/files\/2020\/11\/pobreza-ma.gif","datePublished":"2020-11-12T13:39:39+00:00","author":{"@id":""},"breadcrumb":{"@id":"https:\/\/www.blogsoestado.com\/danielmatos\/com-flavio-dino-ha-6-anos-no-poder-maranhao-tem-o-menor-rendimento-do-pais\/#breadcrumb"},"inLanguage":"pt-BR","potentialAction":[{"@type":"ReadAction","target":["https:\/\/www.blogsoestado.com\/danielmatos\/com-flavio-dino-ha-6-anos-no-poder-maranhao-tem-o-menor-rendimento-do-pais\/"]}]},{"@type":"ImageObject","inLanguage":"pt-BR","@id":"https:\/\/www.blogsoestado.com\/danielmatos\/com-flavio-dino-ha-6-anos-no-poder-maranhao-tem-o-menor-rendimento-do-pais\/#primaryimage","url":"https:\/\/www.blogsoestado.com\/danielmatos\/files\/2020\/11\/pobreza-ma.gif","contentUrl":"https:\/\/www.blogsoestado.com\/danielmatos\/files\/2020\/11\/pobreza-ma.gif"},{"@type":"BreadcrumbList","@id":"https:\/\/www.blogsoestado.com\/danielmatos\/com-flavio-dino-ha-6-anos-no-poder-maranhao-tem-o-menor-rendimento-do-pais\/#breadcrumb","itemListElement":[{"@type":"ListItem","position":1,"name":"In\u00edcio","item":"https:\/\/www.blogsoestado.com\/danielmatos\/"},{"@type":"ListItem","position":2,"name":"Com Fl\u00e1vio Dino h\u00e1 6 anos no poder, Maranh\u00e3o tem o menor rendimento do pa\u00eds"}]},{"@type":"WebSite","@id":"https:\/\/www.blogsoestado.com\/danielmatos\/#website","url":"https:\/\/www.blogsoestado.com\/danielmatos\/","name":"Daniel Matos","description":"","potentialAction":[{"@type":"SearchAction","target":{"@type":"EntryPoint","urlTemplate":"https:\/\/www.blogsoestado.com\/danielmatos\/?s={search_term_string}"},"query-input":{"@type":"PropertyValueSpecification","valueRequired":true,"valueName":"search_term_string"}}],"inLanguage":"pt-BR"}]}},"jetpack_featured_media_url":"","_links":{"self":[{"href":"https:\/\/www.blogsoestado.com\/danielmatos\/wp-json\/wp\/v2\/posts\/79683","targetHints":{"allow":["GET"]}}],"collection":[{"href":"https:\/\/www.blogsoestado.com\/danielmatos\/wp-json\/wp\/v2\/posts"}],"about":[{"href":"https:\/\/www.blogsoestado.com\/danielmatos\/wp-json\/wp\/v2\/types\/post"}],"replies":[{"embeddable":true,"href":"https:\/\/www.blogsoestado.com\/danielmatos\/wp-json\/wp\/v2\/comments?post=79683"}],"version-history":[{"count":0,"href":"https:\/\/www.blogsoestado.com\/danielmatos\/wp-json\/wp\/v2\/posts\/79683\/revisions"}],"wp:attachment":[{"href":"https:\/\/www.blogsoestado.com\/danielmatos\/wp-json\/wp\/v2\/media?parent=79683"}],"wp:term":[{"taxonomy":"category","embeddable":true,"href":"https:\/\/www.blogsoestado.com\/danielmatos\/wp-json\/wp\/v2\/categories?post=79683"},{"taxonomy":"post_tag","embeddable":true,"href":"https:\/\/www.blogsoestado.com\/danielmatos\/wp-json\/wp\/v2\/tags?post=79683"}],"curies":[{"name":"wp","href":"https:\/\/api.w.org\/{rel}","templated":true}]}}