{"id":79687,"date":"2020-11-12T10:58:48","date_gmt":"2020-11-12T13:58:48","guid":{"rendered":"https:\/\/www.blogsoestado.com\/danielmatos\/?p=79687"},"modified":"2020-11-12T10:58:48","modified_gmt":"2020-11-12T13:58:48","slug":"por-falsificacao-de-documentos-fred-campos-nao-e-mais-candidato-em-paco-do-lumiar","status":"publish","type":"post","link":"https:\/\/www.blogsoestado.com\/danielmatos\/por-falsificacao-de-documentos-fred-campos-nao-e-mais-candidato-em-paco-do-lumiar\/","title":{"rendered":"Por falsifica\u00e7\u00e3o de documentos, Fred Campos n\u00e3o \u00e9 mais candidato em Pa\u00e7o do Lumiar"},"content":{"rendered":"\n<p class=\"has-text-color has-huge-font-size has-vivid-red-color\">Empres\u00e1rio n\u00e3o teve a candidatura deferida pelo Tribunal Regional Eleitoral por ter falsificado documentos para fins eleitorais<\/p>\n\n\n\n<div class=\"wp-block-image\"><figure class=\"aligncenter size-large\"><img decoding=\"async\" src=\"https:\/\/www.blogsoestado.com\/danielmatos\/files\/2020\/11\/IMG-20201112-WA0074-487x1024.jpg\" alt=\"\" class=\"wp-image-79688\"\/><figcaption>Consulta ao site do TSE mostra que registro da candidatura de Fred Campos est\u00e1 pendente de julgamento<\/figcaption><\/figure><\/div>\n\n\n\n<p>O ex-vereador e empres\u00e1rio Fred Campos n\u00e3o \u00e9 mais candidato a prefeito em Pa\u00e7o do Lumiar. Respondendo a mais de 70 processos na Justi\u00e7a, Fred Campos n\u00e3o teve a candidatura deferida pelo Tribunal Regional Eleitoral (TRE) porque falsificou documentos para fins eleitorais.<\/p>\n\n\n\n<p>Na p\u00e1gina do Tribunal Superior Eleitoral (TSE), a situa\u00e7\u00e3o eleitoral de Fred Campos consta como \u201cpendente de julgamento\u201d, mas, faltando apenas tr\u00eas dias para a elei\u00e7\u00e3o, o indeferimento da candidatura de Fred j\u00e1 \u00e9 tido como certo.<\/p>\n\n\n\n<p>Assinada pelo t\u00e9cnico T\u00e9rcio Fernandes de Santana, a certid\u00e3o do Tribunal Regional Eleitoral (TRE) comprova que Fred Campos falsificou documentos para fins eleitorais e por isso n\u00e3o pode ser candidato.<\/p>\n\n\n\n<p><strong>Plano B<\/strong><\/p>\n\n\n\n<div class=\"wp-block-image\"><figure class=\"aligncenter size-large\"><img decoding=\"async\" src=\"https:\/\/www.blogsoestado.com\/danielmatos\/files\/2020\/11\/IMG-20201112-WA0073-487x1024.jpg\" alt=\"\" class=\"wp-image-79689\"\/><figcaption>Fred Campos responde a a\u00e7\u00e3o por falsifica\u00e7\u00e3o de documentos p\u00fablicos para fins eleitorais<\/figcaption><\/figure><\/div>\n\n\n\n<p>Correndo contra o tempo, mesmo com o risco de ser preso a qualquer momento, Fred Campos j\u00e1 articula nos bastidores para tentar emplacar a esposa como candidata em seu lugar.<\/p>\n\n\n\n<p>A estrat\u00e9gia encontrou resist\u00eancia dentro dos quadros partido, porque pode ser vista como admiss\u00e3o de culpa, e porque a esposa de Fred, mesmo que servisse como boneco de ventr\u00edloquo, n\u00e3o tem qualquer traquejo pol\u00edtico.<\/p>\n\n\n\n<p>Acostumado a burlar leis e sair impune, Fred Campos agora parece que, enfim, sentir\u00e1 o peso da Justi\u00e7a\u2026<\/p>\n","protected":false},"excerpt":{"rendered":"<p>Empres\u00e1rio n\u00e3o teve a candidatura deferida pelo Tribunal Regional Eleitoral por ter falsificado documentos para fins eleitorais O ex-vereador e [&hellip;]<\/p>\n","protected":false},"author":0,"featured_media":0,"comment_status":"open","ping_status":"open","sticky":false,"template":"","format":"standard","meta":{"site-sidebar-layout":"default","site-content-layout":"","ast-site-content-layout":"default","site-content-style":"default","site-sidebar-style":"default","ast-global-header-display":"","ast-banner-title-visibility":"","ast-main-header-display":"","ast-hfb-above-header-display":"","ast-hfb-below-header-display":"","ast-hfb-mobile-header-display":"","site-post-title":"","ast-breadcrumbs-content":"","ast-featured-img":"","footer-sml-layout":"","ast-disable-related-posts":"","theme-transparent-header-meta":"","adv-header-id-meta":"","stick-header-meta":"","header-above-stick-meta":"","header-main-stick-meta":"","header-below-stick-meta":"","astra-migrate-meta-layouts":"default","ast-page-background-enabled":"default","ast-page-background-meta":{"desktop":{"background-color":"var(--ast-global-color-5)","background-image":"","background-repeat":"repeat","background-position":"center center","background-size":"auto","background-attachment":"scroll","background-type":"","background-media":"","overlay-type":"","overlay-color":"","overlay-opacity":"","overlay-gradient":""},"tablet":{"background-color":"","background-image":"","background-repeat":"repeat","background-position":"center center","background-size":"auto","background-attachment":"scroll","background-type":"","background-media":"","overlay-type":"","overlay-color":"","overlay-opacity":"","overlay-gradient":""},"mobile":{"background-color":"","background-image":"","background-repeat":"repeat","background-position":"center center","background-size":"auto","background-attachment":"scroll","background-type":"","background-media":"","overlay-type":"","overlay-color":"","overlay-opacity":"","overlay-gradient":""}},"ast-content-background-meta":{"desktop":{"background-color":"var(--ast-global-color-4)","background-image":"","background-repeat":"repeat","background-position":"center center","background-size":"auto","background-attachment":"scroll","background-type":"","background-media":"","overlay-type":"","overlay-color":"","overlay-opacity":"","overlay-gradient":""},"tablet":{"background-color":"var(--ast-global-color-4)","background-image":"","background-repeat":"repeat","background-position":"center center","background-size":"auto","background-attachment":"scroll","background-type":"","background-media":"","overlay-type":"","overlay-color":"","overlay-opacity":"","overlay-gradient":""},"mobile":{"background-color":"var(--ast-global-color-4)","background-image":"","background-repeat":"repeat","background-position":"center center","background-size":"auto","background-attachment":"scroll","background-type":"","background-media":"","overlay-type":"","overlay-color":"","overlay-opacity":"","overlay-gradient":""}},"footnotes":""},"categories":[1],"tags":[],"class_list":["post-79687","post","type-post","status-publish","format-standard","hentry","category-sem-categoria"],"yoast_head":"<!-- This site is optimized with the Yoast SEO plugin v26.6 - https:\/\/yoast.com\/wordpress\/plugins\/seo\/ -->\n<title>Por falsifica\u00e7\u00e3o de documentos, Fred Campos n\u00e3o \u00e9 mais candidato em Pa\u00e7o do Lumiar - Daniel Matos<\/title>\n<meta name=\"robots\" content=\"index, follow, max-snippet:-1, max-image-preview:large, max-video-preview:-1\" \/>\n<link rel=\"canonical\" href=\"https:\/\/www.blogsoestado.com\/danielmatos\/por-falsificacao-de-documentos-fred-campos-nao-e-mais-candidato-em-paco-do-lumiar\/\" \/>\n<meta property=\"og:locale\" content=\"pt_BR\" \/>\n<meta property=\"og:type\" content=\"article\" \/>\n<meta property=\"og:title\" content=\"Por falsifica\u00e7\u00e3o de documentos, Fred Campos n\u00e3o \u00e9 mais candidato em Pa\u00e7o do Lumiar - Daniel Matos\" \/>\n<meta property=\"og:description\" content=\"Empres\u00e1rio n\u00e3o teve a candidatura deferida pelo Tribunal Regional Eleitoral por ter falsificado documentos para fins eleitorais O ex-vereador e [&hellip;]\" \/>\n<meta property=\"og:url\" content=\"https:\/\/www.blogsoestado.com\/danielmatos\/por-falsificacao-de-documentos-fred-campos-nao-e-mais-candidato-em-paco-do-lumiar\/\" \/>\n<meta property=\"og:site_name\" content=\"Daniel Matos\" \/>\n<meta property=\"article:published_time\" content=\"2020-11-12T13:58:48+00:00\" \/>\n<meta property=\"og:image\" content=\"https:\/\/www.blogsoestado.com\/danielmatos\/files\/2020\/11\/IMG-20201112-WA0074-487x1024.jpg\" \/>\n<meta name=\"twitter:card\" content=\"summary_large_image\" \/>\n<meta name=\"twitter:label1\" content=\"Est. tempo de leitura\" \/>\n\t<meta name=\"twitter:data1\" content=\"1 minuto\" \/>\n<script type=\"application\/ld+json\" class=\"yoast-schema-graph\">{\"@context\":\"https:\/\/schema.org\",\"@graph\":[{\"@type\":\"WebPage\",\"@id\":\"https:\/\/www.blogsoestado.com\/danielmatos\/por-falsificacao-de-documentos-fred-campos-nao-e-mais-candidato-em-paco-do-lumiar\/\",\"url\":\"https:\/\/www.blogsoestado.com\/danielmatos\/por-falsificacao-de-documentos-fred-campos-nao-e-mais-candidato-em-paco-do-lumiar\/\",\"name\":\"Por falsifica\u00e7\u00e3o de documentos, Fred Campos n\u00e3o \u00e9 mais candidato em Pa\u00e7o do Lumiar - Daniel Matos\",\"isPartOf\":{\"@id\":\"https:\/\/www.blogsoestado.com\/danielmatos\/#website\"},\"primaryImageOfPage\":{\"@id\":\"https:\/\/www.blogsoestado.com\/danielmatos\/por-falsificacao-de-documentos-fred-campos-nao-e-mais-candidato-em-paco-do-lumiar\/#primaryimage\"},\"image\":{\"@id\":\"https:\/\/www.blogsoestado.com\/danielmatos\/por-falsificacao-de-documentos-fred-campos-nao-e-mais-candidato-em-paco-do-lumiar\/#primaryimage\"},\"thumbnailUrl\":\"https:\/\/www.blogsoestado.com\/danielmatos\/files\/2020\/11\/IMG-20201112-WA0074-487x1024.jpg\",\"datePublished\":\"2020-11-12T13:58:48+00:00\",\"author\":{\"@id\":\"\"},\"breadcrumb\":{\"@id\":\"https:\/\/www.blogsoestado.com\/danielmatos\/por-falsificacao-de-documentos-fred-campos-nao-e-mais-candidato-em-paco-do-lumiar\/#breadcrumb\"},\"inLanguage\":\"pt-BR\",\"potentialAction\":[{\"@type\":\"ReadAction\",\"target\":[\"https:\/\/www.blogsoestado.com\/danielmatos\/por-falsificacao-de-documentos-fred-campos-nao-e-mais-candidato-em-paco-do-lumiar\/\"]}]},{\"@type\":\"ImageObject\",\"inLanguage\":\"pt-BR\",\"@id\":\"https:\/\/www.blogsoestado.com\/danielmatos\/por-falsificacao-de-documentos-fred-campos-nao-e-mais-candidato-em-paco-do-lumiar\/#primaryimage\",\"url\":\"https:\/\/www.blogsoestado.com\/danielmatos\/files\/2020\/11\/IMG-20201112-WA0074-487x1024.jpg\",\"contentUrl\":\"https:\/\/www.blogsoestado.com\/danielmatos\/files\/2020\/11\/IMG-20201112-WA0074-487x1024.jpg\"},{\"@type\":\"BreadcrumbList\",\"@id\":\"https:\/\/www.blogsoestado.com\/danielmatos\/por-falsificacao-de-documentos-fred-campos-nao-e-mais-candidato-em-paco-do-lumiar\/#breadcrumb\",\"itemListElement\":[{\"@type\":\"ListItem\",\"position\":1,\"name\":\"In\u00edcio\",\"item\":\"https:\/\/www.blogsoestado.com\/danielmatos\/\"},{\"@type\":\"ListItem\",\"position\":2,\"name\":\"Por falsifica\u00e7\u00e3o de documentos, Fred Campos n\u00e3o \u00e9 mais candidato em Pa\u00e7o do Lumiar\"}]},{\"@type\":\"WebSite\",\"@id\":\"https:\/\/www.blogsoestado.com\/danielmatos\/#website\",\"url\":\"https:\/\/www.blogsoestado.com\/danielmatos\/\",\"name\":\"Daniel Matos\",\"description\":\"\",\"potentialAction\":[{\"@type\":\"SearchAction\",\"target\":{\"@type\":\"EntryPoint\",\"urlTemplate\":\"https:\/\/www.blogsoestado.com\/danielmatos\/?s={search_term_string}\"},\"query-input\":{\"@type\":\"PropertyValueSpecification\",\"valueRequired\":true,\"valueName\":\"search_term_string\"}}],\"inLanguage\":\"pt-BR\"}]}<\/script>\n<!-- \/ Yoast SEO plugin. -->","yoast_head_json":{"title":"Por falsifica\u00e7\u00e3o de documentos, Fred Campos n\u00e3o \u00e9 mais candidato em Pa\u00e7o do Lumiar - Daniel Matos","robots":{"index":"index","follow":"follow","max-snippet":"max-snippet:-1","max-image-preview":"max-image-preview:large","max-video-preview":"max-video-preview:-1"},"canonical":"https:\/\/www.blogsoestado.com\/danielmatos\/por-falsificacao-de-documentos-fred-campos-nao-e-mais-candidato-em-paco-do-lumiar\/","og_locale":"pt_BR","og_type":"article","og_title":"Por falsifica\u00e7\u00e3o de documentos, Fred Campos n\u00e3o \u00e9 mais candidato em Pa\u00e7o do Lumiar - Daniel Matos","og_description":"Empres\u00e1rio n\u00e3o teve a candidatura deferida pelo Tribunal Regional Eleitoral por ter falsificado documentos para fins eleitorais O ex-vereador e [&hellip;]","og_url":"https:\/\/www.blogsoestado.com\/danielmatos\/por-falsificacao-de-documentos-fred-campos-nao-e-mais-candidato-em-paco-do-lumiar\/","og_site_name":"Daniel Matos","article_published_time":"2020-11-12T13:58:48+00:00","og_image":[{"url":"https:\/\/www.blogsoestado.com\/danielmatos\/files\/2020\/11\/IMG-20201112-WA0074-487x1024.jpg","type":"","width":"","height":""}],"twitter_card":"summary_large_image","twitter_misc":{"Est. tempo de leitura":"1 minuto"},"schema":{"@context":"https:\/\/schema.org","@graph":[{"@type":"WebPage","@id":"https:\/\/www.blogsoestado.com\/danielmatos\/por-falsificacao-de-documentos-fred-campos-nao-e-mais-candidato-em-paco-do-lumiar\/","url":"https:\/\/www.blogsoestado.com\/danielmatos\/por-falsificacao-de-documentos-fred-campos-nao-e-mais-candidato-em-paco-do-lumiar\/","name":"Por falsifica\u00e7\u00e3o de documentos, Fred Campos n\u00e3o \u00e9 mais candidato em Pa\u00e7o do Lumiar - Daniel Matos","isPartOf":{"@id":"https:\/\/www.blogsoestado.com\/danielmatos\/#website"},"primaryImageOfPage":{"@id":"https:\/\/www.blogsoestado.com\/danielmatos\/por-falsificacao-de-documentos-fred-campos-nao-e-mais-candidato-em-paco-do-lumiar\/#primaryimage"},"image":{"@id":"https:\/\/www.blogsoestado.com\/danielmatos\/por-falsificacao-de-documentos-fred-campos-nao-e-mais-candidato-em-paco-do-lumiar\/#primaryimage"},"thumbnailUrl":"https:\/\/www.blogsoestado.com\/danielmatos\/files\/2020\/11\/IMG-20201112-WA0074-487x1024.jpg","datePublished":"2020-11-12T13:58:48+00:00","author":{"@id":""},"breadcrumb":{"@id":"https:\/\/www.blogsoestado.com\/danielmatos\/por-falsificacao-de-documentos-fred-campos-nao-e-mais-candidato-em-paco-do-lumiar\/#breadcrumb"},"inLanguage":"pt-BR","potentialAction":[{"@type":"ReadAction","target":["https:\/\/www.blogsoestado.com\/danielmatos\/por-falsificacao-de-documentos-fred-campos-nao-e-mais-candidato-em-paco-do-lumiar\/"]}]},{"@type":"ImageObject","inLanguage":"pt-BR","@id":"https:\/\/www.blogsoestado.com\/danielmatos\/por-falsificacao-de-documentos-fred-campos-nao-e-mais-candidato-em-paco-do-lumiar\/#primaryimage","url":"https:\/\/www.blogsoestado.com\/danielmatos\/files\/2020\/11\/IMG-20201112-WA0074-487x1024.jpg","contentUrl":"https:\/\/www.blogsoestado.com\/danielmatos\/files\/2020\/11\/IMG-20201112-WA0074-487x1024.jpg"},{"@type":"BreadcrumbList","@id":"https:\/\/www.blogsoestado.com\/danielmatos\/por-falsificacao-de-documentos-fred-campos-nao-e-mais-candidato-em-paco-do-lumiar\/#breadcrumb","itemListElement":[{"@type":"ListItem","position":1,"name":"In\u00edcio","item":"https:\/\/www.blogsoestado.com\/danielmatos\/"},{"@type":"ListItem","position":2,"name":"Por falsifica\u00e7\u00e3o de documentos, Fred Campos n\u00e3o \u00e9 mais candidato em Pa\u00e7o do Lumiar"}]},{"@type":"WebSite","@id":"https:\/\/www.blogsoestado.com\/danielmatos\/#website","url":"https:\/\/www.blogsoestado.com\/danielmatos\/","name":"Daniel Matos","description":"","potentialAction":[{"@type":"SearchAction","target":{"@type":"EntryPoint","urlTemplate":"https:\/\/www.blogsoestado.com\/danielmatos\/?s={search_term_string}"},"query-input":{"@type":"PropertyValueSpecification","valueRequired":true,"valueName":"search_term_string"}}],"inLanguage":"pt-BR"}]}},"jetpack_featured_media_url":"","_links":{"self":[{"href":"https:\/\/www.blogsoestado.com\/danielmatos\/wp-json\/wp\/v2\/posts\/79687","targetHints":{"allow":["GET"]}}],"collection":[{"href":"https:\/\/www.blogsoestado.com\/danielmatos\/wp-json\/wp\/v2\/posts"}],"about":[{"href":"https:\/\/www.blogsoestado.com\/danielmatos\/wp-json\/wp\/v2\/types\/post"}],"replies":[{"embeddable":true,"href":"https:\/\/www.blogsoestado.com\/danielmatos\/wp-json\/wp\/v2\/comments?post=79687"}],"version-history":[{"count":0,"href":"https:\/\/www.blogsoestado.com\/danielmatos\/wp-json\/wp\/v2\/posts\/79687\/revisions"}],"wp:attachment":[{"href":"https:\/\/www.blogsoestado.com\/danielmatos\/wp-json\/wp\/v2\/media?parent=79687"}],"wp:term":[{"taxonomy":"category","embeddable":true,"href":"https:\/\/www.blogsoestado.com\/danielmatos\/wp-json\/wp\/v2\/categories?post=79687"},{"taxonomy":"post_tag","embeddable":true,"href":"https:\/\/www.blogsoestado.com\/danielmatos\/wp-json\/wp\/v2\/tags?post=79687"}],"curies":[{"name":"wp","href":"https:\/\/api.w.org\/{rel}","templated":true}]}}