{"id":79691,"date":"2020-11-12T11:40:59","date_gmt":"2020-11-12T14:40:59","guid":{"rendered":"https:\/\/www.blogsoestado.com\/danielmatos\/?p=79691"},"modified":"2020-11-12T11:40:59","modified_gmt":"2020-11-12T14:40:59","slug":"reitor-natalino-salgado-assina-ordem-de-servico-para-retomada-da-reforma-da-biblioteca-central-da-ufma","status":"publish","type":"post","link":"https:\/\/www.blogsoestado.com\/danielmatos\/reitor-natalino-salgado-assina-ordem-de-servico-para-retomada-da-reforma-da-biblioteca-central-da-ufma\/","title":{"rendered":"Reitor Natalino Salgado assina ordem de servi\u00e7o para retomada da reforma da Biblioteca Central da UFMA"},"content":{"rendered":"\n<p class=\"has-text-color has-huge-font-size has-vivid-red-color\">Obra foi paralisada h\u00e1 quatro anos ap\u00f3s ter sido abandonada pela gest\u00e3o anterior da universidade<\/p>\n\n\n\n<div class=\"wp-block-image\"><figure class=\"aligncenter size-large\"><img decoding=\"async\" src=\"https:\/\/www.blogsoestado.com\/danielmatos\/files\/2020\/11\/Screenshot_20201112-1148052.png\" alt=\"\" class=\"wp-image-79694\"\/><figcaption>O reitor da UFMA, Natalino Salgado, concede entrevista \u00e0 imprensa no ato de assinatura da ordem de servi\u00e7o para a retomada da reforma da Biblioteca Central<\/figcaption><\/figure><\/div>\n\n\n\n<p>A Universidade Federal do Maranh\u00e3o (UFMA) divulgou a maquete eletr\u00f4nica do projeto de reforma da Biblioteca Central, que foi retomado hoje.<\/p>\n\n\n\n<p>O reitor Natalino Salgado assinou, na manh\u00e3 desta quinta-feira, 12, a ordem de servi\u00e7o para a retomada das obras, que estavam paralisadas h\u00e1 quatro anos.<\/p>\n\n\n\n<p>Natalino Salgado ressaltou que a nova Biblioteca Central foi projetada para atender as necessidades da comunidade acad\u00eamica de hoje e futuro, pelos pr\u00f3ximos 50 anoa.<\/p>\n\n\n\n<p>O reitor informou que a obra j\u00e1 tem recursos previstos no or\u00e7amento da UFMA e que a essas verbas j\u00e1 est\u00e3o empenhadas. Ele anunciou, ainda, que na pr\u00f3xima semana assinar\u00e1 a ordem de execu\u00e7\u00e3o, que marcar\u00e1 o rein\u00edcio da reforma.<\/p>\n\n\n\n<p>Confira a maquete:<\/p>\n\n\n\n<figure class=\"wp-block-embed-youtube wp-block-embed is-type-video is-provider-youtube wp-embed-aspect-16-9 wp-has-aspect-ratio\"><div class=\"wp-block-embed__wrapper\">\n<iframe title=\"Maquete virtual da nova Biblioteca Central da UFMA\" width=\"500\" height=\"281\" src=\"https:\/\/www.youtube.com\/embed\/fl3e3Ymruf4?feature=oembed\" frameborder=\"0\" allow=\"accelerometer; autoplay; clipboard-write; encrypted-media; gyroscope; picture-in-picture; web-share\" referrerpolicy=\"strict-origin-when-cross-origin\" allowfullscreen><\/iframe>\n<\/div><\/figure>\n\n\n\n<p><\/p>\n","protected":false},"excerpt":{"rendered":"<p>Obra foi paralisada h\u00e1 quatro anos ap\u00f3s ter sido abandonada pela gest\u00e3o anterior da universidade A Universidade Federal do Maranh\u00e3o [&hellip;]<\/p>\n","protected":false},"author":0,"featured_media":0,"comment_status":"open","ping_status":"open","sticky":false,"template":"","format":"standard","meta":{"site-sidebar-layout":"default","site-content-layout":"","ast-site-content-layout":"default","site-content-style":"default","site-sidebar-style":"default","ast-global-header-display":"","ast-banner-title-visibility":"","ast-main-header-display":"","ast-hfb-above-header-display":"","ast-hfb-below-header-display":"","ast-hfb-mobile-header-display":"","site-post-title":"","ast-breadcrumbs-content":"","ast-featured-img":"","footer-sml-layout":"","ast-disable-related-posts":"","theme-transparent-header-meta":"","adv-header-id-meta":"","stick-header-meta":"","header-above-stick-meta":"","header-main-stick-meta":"","header-below-stick-meta":"","astra-migrate-meta-layouts":"default","ast-page-background-enabled":"default","ast-page-background-meta":{"desktop":{"background-color":"var(--ast-global-color-5)","background-image":"","background-repeat":"repeat","background-position":"center center","background-size":"auto","background-attachment":"scroll","background-type":"","background-media":"","overlay-type":"","overlay-color":"","overlay-opacity":"","overlay-gradient":""},"tablet":{"background-color":"","background-image":"","background-repeat":"repeat","background-position":"center center","background-size":"auto","background-attachment":"scroll","background-type":"","background-media":"","overlay-type":"","overlay-color":"","overlay-opacity":"","overlay-gradient":""},"mobile":{"background-color":"","background-image":"","background-repeat":"repeat","background-position":"center center","background-size":"auto","background-attachment":"scroll","background-type":"","background-media":"","overlay-type":"","overlay-color":"","overlay-opacity":"","overlay-gradient":""}},"ast-content-background-meta":{"desktop":{"background-color":"var(--ast-global-color-4)","background-image":"","background-repeat":"repeat","background-position":"center center","background-size":"auto","background-attachment":"scroll","background-type":"","background-media":"","overlay-type":"","overlay-color":"","overlay-opacity":"","overlay-gradient":""},"tablet":{"background-color":"var(--ast-global-color-4)","background-image":"","background-repeat":"repeat","background-position":"center center","background-size":"auto","background-attachment":"scroll","background-type":"","background-media":"","overlay-type":"","overlay-color":"","overlay-opacity":"","overlay-gradient":""},"mobile":{"background-color":"var(--ast-global-color-4)","background-image":"","background-repeat":"repeat","background-position":"center center","background-size":"auto","background-attachment":"scroll","background-type":"","background-media":"","overlay-type":"","overlay-color":"","overlay-opacity":"","overlay-gradient":""}},"footnotes":""},"categories":[1],"tags":[],"class_list":["post-79691","post","type-post","status-publish","format-standard","hentry","category-sem-categoria"],"yoast_head":"<!-- This site is optimized with the Yoast SEO plugin v26.6 - https:\/\/yoast.com\/wordpress\/plugins\/seo\/ -->\n<title>Reitor Natalino Salgado assina ordem de servi\u00e7o para retomada da reforma da Biblioteca Central da UFMA - Daniel Matos<\/title>\n<meta name=\"robots\" content=\"index, follow, max-snippet:-1, max-image-preview:large, max-video-preview:-1\" \/>\n<link rel=\"canonical\" href=\"https:\/\/www.blogsoestado.com\/danielmatos\/reitor-natalino-salgado-assina-ordem-de-servico-para-retomada-da-reforma-da-biblioteca-central-da-ufma\/\" \/>\n<meta property=\"og:locale\" content=\"pt_BR\" \/>\n<meta property=\"og:type\" content=\"article\" \/>\n<meta property=\"og:title\" content=\"Reitor Natalino Salgado assina ordem de servi\u00e7o para retomada da reforma da Biblioteca Central da UFMA - Daniel Matos\" \/>\n<meta property=\"og:description\" content=\"Obra foi paralisada h\u00e1 quatro anos ap\u00f3s ter sido abandonada pela gest\u00e3o anterior da universidade A Universidade Federal do Maranh\u00e3o [&hellip;]\" \/>\n<meta property=\"og:url\" content=\"https:\/\/www.blogsoestado.com\/danielmatos\/reitor-natalino-salgado-assina-ordem-de-servico-para-retomada-da-reforma-da-biblioteca-central-da-ufma\/\" \/>\n<meta property=\"og:site_name\" content=\"Daniel Matos\" \/>\n<meta property=\"article:published_time\" content=\"2020-11-12T14:40:59+00:00\" \/>\n<meta property=\"og:image\" content=\"https:\/\/www.blogsoestado.com\/danielmatos\/files\/2020\/11\/Screenshot_20201112-1148052.png\" \/>\n<meta name=\"twitter:card\" content=\"summary_large_image\" \/>\n<meta name=\"twitter:label1\" content=\"Est. tempo de leitura\" \/>\n\t<meta name=\"twitter:data1\" content=\"1 minuto\" \/>\n<script type=\"application\/ld+json\" class=\"yoast-schema-graph\">{\"@context\":\"https:\/\/schema.org\",\"@graph\":[{\"@type\":\"WebPage\",\"@id\":\"https:\/\/www.blogsoestado.com\/danielmatos\/reitor-natalino-salgado-assina-ordem-de-servico-para-retomada-da-reforma-da-biblioteca-central-da-ufma\/\",\"url\":\"https:\/\/www.blogsoestado.com\/danielmatos\/reitor-natalino-salgado-assina-ordem-de-servico-para-retomada-da-reforma-da-biblioteca-central-da-ufma\/\",\"name\":\"Reitor Natalino Salgado assina ordem de servi\u00e7o para retomada da reforma da Biblioteca Central da UFMA - Daniel Matos\",\"isPartOf\":{\"@id\":\"https:\/\/www.blogsoestado.com\/danielmatos\/#website\"},\"primaryImageOfPage\":{\"@id\":\"https:\/\/www.blogsoestado.com\/danielmatos\/reitor-natalino-salgado-assina-ordem-de-servico-para-retomada-da-reforma-da-biblioteca-central-da-ufma\/#primaryimage\"},\"image\":{\"@id\":\"https:\/\/www.blogsoestado.com\/danielmatos\/reitor-natalino-salgado-assina-ordem-de-servico-para-retomada-da-reforma-da-biblioteca-central-da-ufma\/#primaryimage\"},\"thumbnailUrl\":\"https:\/\/www.blogsoestado.com\/danielmatos\/files\/2020\/11\/Screenshot_20201112-1148052.png\",\"datePublished\":\"2020-11-12T14:40:59+00:00\",\"author\":{\"@id\":\"\"},\"breadcrumb\":{\"@id\":\"https:\/\/www.blogsoestado.com\/danielmatos\/reitor-natalino-salgado-assina-ordem-de-servico-para-retomada-da-reforma-da-biblioteca-central-da-ufma\/#breadcrumb\"},\"inLanguage\":\"pt-BR\",\"potentialAction\":[{\"@type\":\"ReadAction\",\"target\":[\"https:\/\/www.blogsoestado.com\/danielmatos\/reitor-natalino-salgado-assina-ordem-de-servico-para-retomada-da-reforma-da-biblioteca-central-da-ufma\/\"]}]},{\"@type\":\"ImageObject\",\"inLanguage\":\"pt-BR\",\"@id\":\"https:\/\/www.blogsoestado.com\/danielmatos\/reitor-natalino-salgado-assina-ordem-de-servico-para-retomada-da-reforma-da-biblioteca-central-da-ufma\/#primaryimage\",\"url\":\"https:\/\/www.blogsoestado.com\/danielmatos\/files\/2020\/11\/Screenshot_20201112-1148052.png\",\"contentUrl\":\"https:\/\/www.blogsoestado.com\/danielmatos\/files\/2020\/11\/Screenshot_20201112-1148052.png\"},{\"@type\":\"BreadcrumbList\",\"@id\":\"https:\/\/www.blogsoestado.com\/danielmatos\/reitor-natalino-salgado-assina-ordem-de-servico-para-retomada-da-reforma-da-biblioteca-central-da-ufma\/#breadcrumb\",\"itemListElement\":[{\"@type\":\"ListItem\",\"position\":1,\"name\":\"In\u00edcio\",\"item\":\"https:\/\/www.blogsoestado.com\/danielmatos\/\"},{\"@type\":\"ListItem\",\"position\":2,\"name\":\"Reitor Natalino Salgado assina ordem de servi\u00e7o para retomada da reforma da Biblioteca Central da UFMA\"}]},{\"@type\":\"WebSite\",\"@id\":\"https:\/\/www.blogsoestado.com\/danielmatos\/#website\",\"url\":\"https:\/\/www.blogsoestado.com\/danielmatos\/\",\"name\":\"Daniel Matos\",\"description\":\"\",\"potentialAction\":[{\"@type\":\"SearchAction\",\"target\":{\"@type\":\"EntryPoint\",\"urlTemplate\":\"https:\/\/www.blogsoestado.com\/danielmatos\/?s={search_term_string}\"},\"query-input\":{\"@type\":\"PropertyValueSpecification\",\"valueRequired\":true,\"valueName\":\"search_term_string\"}}],\"inLanguage\":\"pt-BR\"}]}<\/script>\n<!-- \/ Yoast SEO plugin. -->","yoast_head_json":{"title":"Reitor Natalino Salgado assina ordem de servi\u00e7o para retomada da reforma da Biblioteca Central da UFMA - Daniel Matos","robots":{"index":"index","follow":"follow","max-snippet":"max-snippet:-1","max-image-preview":"max-image-preview:large","max-video-preview":"max-video-preview:-1"},"canonical":"https:\/\/www.blogsoestado.com\/danielmatos\/reitor-natalino-salgado-assina-ordem-de-servico-para-retomada-da-reforma-da-biblioteca-central-da-ufma\/","og_locale":"pt_BR","og_type":"article","og_title":"Reitor Natalino Salgado assina ordem de servi\u00e7o para retomada da reforma da Biblioteca Central da UFMA - Daniel Matos","og_description":"Obra foi paralisada h\u00e1 quatro anos ap\u00f3s ter sido abandonada pela gest\u00e3o anterior da universidade A Universidade Federal do Maranh\u00e3o [&hellip;]","og_url":"https:\/\/www.blogsoestado.com\/danielmatos\/reitor-natalino-salgado-assina-ordem-de-servico-para-retomada-da-reforma-da-biblioteca-central-da-ufma\/","og_site_name":"Daniel Matos","article_published_time":"2020-11-12T14:40:59+00:00","og_image":[{"url":"https:\/\/www.blogsoestado.com\/danielmatos\/files\/2020\/11\/Screenshot_20201112-1148052.png","type":"","width":"","height":""}],"twitter_card":"summary_large_image","twitter_misc":{"Est. tempo de leitura":"1 minuto"},"schema":{"@context":"https:\/\/schema.org","@graph":[{"@type":"WebPage","@id":"https:\/\/www.blogsoestado.com\/danielmatos\/reitor-natalino-salgado-assina-ordem-de-servico-para-retomada-da-reforma-da-biblioteca-central-da-ufma\/","url":"https:\/\/www.blogsoestado.com\/danielmatos\/reitor-natalino-salgado-assina-ordem-de-servico-para-retomada-da-reforma-da-biblioteca-central-da-ufma\/","name":"Reitor Natalino Salgado assina ordem de servi\u00e7o para retomada da reforma da Biblioteca Central da UFMA - Daniel Matos","isPartOf":{"@id":"https:\/\/www.blogsoestado.com\/danielmatos\/#website"},"primaryImageOfPage":{"@id":"https:\/\/www.blogsoestado.com\/danielmatos\/reitor-natalino-salgado-assina-ordem-de-servico-para-retomada-da-reforma-da-biblioteca-central-da-ufma\/#primaryimage"},"image":{"@id":"https:\/\/www.blogsoestado.com\/danielmatos\/reitor-natalino-salgado-assina-ordem-de-servico-para-retomada-da-reforma-da-biblioteca-central-da-ufma\/#primaryimage"},"thumbnailUrl":"https:\/\/www.blogsoestado.com\/danielmatos\/files\/2020\/11\/Screenshot_20201112-1148052.png","datePublished":"2020-11-12T14:40:59+00:00","author":{"@id":""},"breadcrumb":{"@id":"https:\/\/www.blogsoestado.com\/danielmatos\/reitor-natalino-salgado-assina-ordem-de-servico-para-retomada-da-reforma-da-biblioteca-central-da-ufma\/#breadcrumb"},"inLanguage":"pt-BR","potentialAction":[{"@type":"ReadAction","target":["https:\/\/www.blogsoestado.com\/danielmatos\/reitor-natalino-salgado-assina-ordem-de-servico-para-retomada-da-reforma-da-biblioteca-central-da-ufma\/"]}]},{"@type":"ImageObject","inLanguage":"pt-BR","@id":"https:\/\/www.blogsoestado.com\/danielmatos\/reitor-natalino-salgado-assina-ordem-de-servico-para-retomada-da-reforma-da-biblioteca-central-da-ufma\/#primaryimage","url":"https:\/\/www.blogsoestado.com\/danielmatos\/files\/2020\/11\/Screenshot_20201112-1148052.png","contentUrl":"https:\/\/www.blogsoestado.com\/danielmatos\/files\/2020\/11\/Screenshot_20201112-1148052.png"},{"@type":"BreadcrumbList","@id":"https:\/\/www.blogsoestado.com\/danielmatos\/reitor-natalino-salgado-assina-ordem-de-servico-para-retomada-da-reforma-da-biblioteca-central-da-ufma\/#breadcrumb","itemListElement":[{"@type":"ListItem","position":1,"name":"In\u00edcio","item":"https:\/\/www.blogsoestado.com\/danielmatos\/"},{"@type":"ListItem","position":2,"name":"Reitor Natalino Salgado assina ordem de servi\u00e7o para retomada da reforma da Biblioteca Central da UFMA"}]},{"@type":"WebSite","@id":"https:\/\/www.blogsoestado.com\/danielmatos\/#website","url":"https:\/\/www.blogsoestado.com\/danielmatos\/","name":"Daniel Matos","description":"","potentialAction":[{"@type":"SearchAction","target":{"@type":"EntryPoint","urlTemplate":"https:\/\/www.blogsoestado.com\/danielmatos\/?s={search_term_string}"},"query-input":{"@type":"PropertyValueSpecification","valueRequired":true,"valueName":"search_term_string"}}],"inLanguage":"pt-BR"}]}},"jetpack_featured_media_url":"","_links":{"self":[{"href":"https:\/\/www.blogsoestado.com\/danielmatos\/wp-json\/wp\/v2\/posts\/79691","targetHints":{"allow":["GET"]}}],"collection":[{"href":"https:\/\/www.blogsoestado.com\/danielmatos\/wp-json\/wp\/v2\/posts"}],"about":[{"href":"https:\/\/www.blogsoestado.com\/danielmatos\/wp-json\/wp\/v2\/types\/post"}],"replies":[{"embeddable":true,"href":"https:\/\/www.blogsoestado.com\/danielmatos\/wp-json\/wp\/v2\/comments?post=79691"}],"version-history":[{"count":0,"href":"https:\/\/www.blogsoestado.com\/danielmatos\/wp-json\/wp\/v2\/posts\/79691\/revisions"}],"wp:attachment":[{"href":"https:\/\/www.blogsoestado.com\/danielmatos\/wp-json\/wp\/v2\/media?parent=79691"}],"wp:term":[{"taxonomy":"category","embeddable":true,"href":"https:\/\/www.blogsoestado.com\/danielmatos\/wp-json\/wp\/v2\/categories?post=79691"},{"taxonomy":"post_tag","embeddable":true,"href":"https:\/\/www.blogsoestado.com\/danielmatos\/wp-json\/wp\/v2\/tags?post=79691"}],"curies":[{"name":"wp","href":"https:\/\/api.w.org\/{rel}","templated":true}]}}