{"id":79698,"date":"2020-11-12T12:18:51","date_gmt":"2020-11-12T15:18:51","guid":{"rendered":"https:\/\/www.blogsoestado.com\/danielmatos\/?p=79698"},"modified":"2020-11-12T12:18:51","modified_gmt":"2020-11-12T15:18:51","slug":"yglesio-contesta-proposta-de-rubens-que-quer-cortar-gastos-para-construir-upas","status":"publish","type":"post","link":"https:\/\/www.blogsoestado.com\/danielmatos\/yglesio-contesta-proposta-de-rubens-que-quer-cortar-gastos-para-construir-upas\/","title":{"rendered":"Ygl\u00e9sio contesta proposta de Rubens que quer cortar gastos para construir UPAs"},"content":{"rendered":"\n<div class=\"wp-block-image\"><figure class=\"aligncenter size-large\"><img decoding=\"async\" src=\"https:\/\/www.blogsoestado.com\/danielmatos\/files\/2020\/11\/IMG-20201112-WA0102-1024x682.jpg\" alt=\"\" class=\"wp-image-79699\"\/><figcaption>Ygl\u00e9sio defendeu corte de gastos na Secretaria Municipal de Sa\u00fade<\/figcaption><\/figure><\/div>\n\n\n\n<p>Uma das sa\u00eddas para melhorar o atendimento em sa\u00fade em S\u00e3o Lu\u00eds, segundo Rubens Jr (PCdoB), ao ser questionado pelo candidato Ygl\u00e9sio Moyses (PROS), \u00e9 a constru\u00e7\u00e3o de mais Unidades de Pronto Atendimento na capital. Como? \u201cCortando gastos na sa\u00fade\u201d, disse Rubens, na manh\u00e3 de ontem, durante o \u2018Pinga Fogo\u2019 realizado pela TV Difusora.<\/p>\n\n\n\n<p>De acordo com Ygl\u00e9sio, m\u00e9dico que atende pacientes do SUS municipal, n\u00e3o h\u00e1 necessidade. \u201cHoje, em S\u00e3o Lu\u00eds, n\u00f3s temos UPAs suficientes para atender \u00e0 popula\u00e7\u00e3o. Temos 3 UPAs de porte 2, que atendem at\u00e9 100 mil pessoas; tem duas UPAs de porte 3 que atendem at\u00e9 300 mil pessoas e uma UPA de porte 1 e outra na zona rural que n\u00e3o tem porte\u201d, explicou Ygl\u00e9sio.<\/p>\n\n\n\n<p>Segundo o candidato do Pros, \u00e9 preciso fazer corte de gastos para cobrir o que falta. \u201cA secretaria (de Sa\u00fade) precisa fazer cortes de gastos pra garantir o que n\u00e3o tem hoje: fornecimento de medicamento nos hospitais, pagamento dos profissionais, a gente precisa pensar em reconstituir os sal\u00e1rios dos servidores que est\u00e3o h\u00e1 oito anos sem aumento, da mesma forma que est\u00e3o no Governo do Estado\u201d, disse Ygl\u00e9sio Moyses.<\/p>\n\n\n\n<p>Ygl\u00e9sio Moyses \u00e9 o candidato a prefeito que mais se preocupa com uso otimizado de recurso p\u00fablico j\u00e1 que, segundo o pr\u00f3prio candidato, o or\u00e7amento de S\u00e3o Lu\u00eds, em 2021, n\u00e3o ter\u00e1 aumento significativo se comparado com o deste ano.<\/p>\n","protected":false},"excerpt":{"rendered":"<p>Uma das sa\u00eddas para melhorar o atendimento em sa\u00fade em S\u00e3o Lu\u00eds, segundo Rubens Jr (PCdoB), ao ser questionado pelo [&hellip;]<\/p>\n","protected":false},"author":0,"featured_media":0,"comment_status":"open","ping_status":"open","sticky":false,"template":"","format":"standard","meta":{"site-sidebar-layout":"default","site-content-layout":"","ast-site-content-layout":"default","site-content-style":"default","site-sidebar-style":"default","ast-global-header-display":"","ast-banner-title-visibility":"","ast-main-header-display":"","ast-hfb-above-header-display":"","ast-hfb-below-header-display":"","ast-hfb-mobile-header-display":"","site-post-title":"","ast-breadcrumbs-content":"","ast-featured-img":"","footer-sml-layout":"","ast-disable-related-posts":"","theme-transparent-header-meta":"","adv-header-id-meta":"","stick-header-meta":"","header-above-stick-meta":"","header-main-stick-meta":"","header-below-stick-meta":"","astra-migrate-meta-layouts":"default","ast-page-background-enabled":"default","ast-page-background-meta":{"desktop":{"background-color":"var(--ast-global-color-5)","background-image":"","background-repeat":"repeat","background-position":"center center","background-size":"auto","background-attachment":"scroll","background-type":"","background-media":"","overlay-type":"","overlay-color":"","overlay-opacity":"","overlay-gradient":""},"tablet":{"background-color":"","background-image":"","background-repeat":"repeat","background-position":"center center","background-size":"auto","background-attachment":"scroll","background-type":"","background-media":"","overlay-type":"","overlay-color":"","overlay-opacity":"","overlay-gradient":""},"mobile":{"background-color":"","background-image":"","background-repeat":"repeat","background-position":"center center","background-size":"auto","background-attachment":"scroll","background-type":"","background-media":"","overlay-type":"","overlay-color":"","overlay-opacity":"","overlay-gradient":""}},"ast-content-background-meta":{"desktop":{"background-color":"var(--ast-global-color-4)","background-image":"","background-repeat":"repeat","background-position":"center center","background-size":"auto","background-attachment":"scroll","background-type":"","background-media":"","overlay-type":"","overlay-color":"","overlay-opacity":"","overlay-gradient":""},"tablet":{"background-color":"var(--ast-global-color-4)","background-image":"","background-repeat":"repeat","background-position":"center center","background-size":"auto","background-attachment":"scroll","background-type":"","background-media":"","overlay-type":"","overlay-color":"","overlay-opacity":"","overlay-gradient":""},"mobile":{"background-color":"var(--ast-global-color-4)","background-image":"","background-repeat":"repeat","background-position":"center center","background-size":"auto","background-attachment":"scroll","background-type":"","background-media":"","overlay-type":"","overlay-color":"","overlay-opacity":"","overlay-gradient":""}},"footnotes":""},"categories":[1],"tags":[],"class_list":["post-79698","post","type-post","status-publish","format-standard","hentry","category-sem-categoria"],"yoast_head":"<!-- This site is optimized with the Yoast SEO plugin v26.6 - https:\/\/yoast.com\/wordpress\/plugins\/seo\/ -->\n<title>Ygl\u00e9sio contesta proposta de Rubens que quer cortar gastos para construir UPAs - Daniel Matos<\/title>\n<meta name=\"robots\" content=\"index, follow, max-snippet:-1, max-image-preview:large, max-video-preview:-1\" \/>\n<link rel=\"canonical\" href=\"https:\/\/www.blogsoestado.com\/danielmatos\/yglesio-contesta-proposta-de-rubens-que-quer-cortar-gastos-para-construir-upas\/\" \/>\n<meta property=\"og:locale\" content=\"pt_BR\" \/>\n<meta property=\"og:type\" content=\"article\" \/>\n<meta property=\"og:title\" content=\"Ygl\u00e9sio contesta proposta de Rubens que quer cortar gastos para construir UPAs - Daniel Matos\" \/>\n<meta property=\"og:description\" content=\"Uma das sa\u00eddas para melhorar o atendimento em sa\u00fade em S\u00e3o Lu\u00eds, segundo Rubens Jr (PCdoB), ao ser questionado pelo [&hellip;]\" \/>\n<meta property=\"og:url\" content=\"https:\/\/www.blogsoestado.com\/danielmatos\/yglesio-contesta-proposta-de-rubens-que-quer-cortar-gastos-para-construir-upas\/\" \/>\n<meta property=\"og:site_name\" content=\"Daniel Matos\" \/>\n<meta property=\"article:published_time\" content=\"2020-11-12T15:18:51+00:00\" \/>\n<meta property=\"og:image\" content=\"https:\/\/www.blogsoestado.com\/danielmatos\/files\/2020\/11\/IMG-20201112-WA0102-1024x682.jpg\" \/>\n<meta name=\"twitter:card\" content=\"summary_large_image\" \/>\n<meta name=\"twitter:label1\" content=\"Est. tempo de leitura\" \/>\n\t<meta name=\"twitter:data1\" content=\"1 minuto\" \/>\n<script type=\"application\/ld+json\" class=\"yoast-schema-graph\">{\"@context\":\"https:\/\/schema.org\",\"@graph\":[{\"@type\":\"WebPage\",\"@id\":\"https:\/\/www.blogsoestado.com\/danielmatos\/yglesio-contesta-proposta-de-rubens-que-quer-cortar-gastos-para-construir-upas\/\",\"url\":\"https:\/\/www.blogsoestado.com\/danielmatos\/yglesio-contesta-proposta-de-rubens-que-quer-cortar-gastos-para-construir-upas\/\",\"name\":\"Ygl\u00e9sio contesta proposta de Rubens que quer cortar gastos para construir UPAs - Daniel Matos\",\"isPartOf\":{\"@id\":\"https:\/\/www.blogsoestado.com\/danielmatos\/#website\"},\"primaryImageOfPage\":{\"@id\":\"https:\/\/www.blogsoestado.com\/danielmatos\/yglesio-contesta-proposta-de-rubens-que-quer-cortar-gastos-para-construir-upas\/#primaryimage\"},\"image\":{\"@id\":\"https:\/\/www.blogsoestado.com\/danielmatos\/yglesio-contesta-proposta-de-rubens-que-quer-cortar-gastos-para-construir-upas\/#primaryimage\"},\"thumbnailUrl\":\"https:\/\/www.blogsoestado.com\/danielmatos\/files\/2020\/11\/IMG-20201112-WA0102-1024x682.jpg\",\"datePublished\":\"2020-11-12T15:18:51+00:00\",\"author\":{\"@id\":\"\"},\"breadcrumb\":{\"@id\":\"https:\/\/www.blogsoestado.com\/danielmatos\/yglesio-contesta-proposta-de-rubens-que-quer-cortar-gastos-para-construir-upas\/#breadcrumb\"},\"inLanguage\":\"pt-BR\",\"potentialAction\":[{\"@type\":\"ReadAction\",\"target\":[\"https:\/\/www.blogsoestado.com\/danielmatos\/yglesio-contesta-proposta-de-rubens-que-quer-cortar-gastos-para-construir-upas\/\"]}]},{\"@type\":\"ImageObject\",\"inLanguage\":\"pt-BR\",\"@id\":\"https:\/\/www.blogsoestado.com\/danielmatos\/yglesio-contesta-proposta-de-rubens-que-quer-cortar-gastos-para-construir-upas\/#primaryimage\",\"url\":\"https:\/\/www.blogsoestado.com\/danielmatos\/files\/2020\/11\/IMG-20201112-WA0102-1024x682.jpg\",\"contentUrl\":\"https:\/\/www.blogsoestado.com\/danielmatos\/files\/2020\/11\/IMG-20201112-WA0102-1024x682.jpg\"},{\"@type\":\"BreadcrumbList\",\"@id\":\"https:\/\/www.blogsoestado.com\/danielmatos\/yglesio-contesta-proposta-de-rubens-que-quer-cortar-gastos-para-construir-upas\/#breadcrumb\",\"itemListElement\":[{\"@type\":\"ListItem\",\"position\":1,\"name\":\"In\u00edcio\",\"item\":\"https:\/\/www.blogsoestado.com\/danielmatos\/\"},{\"@type\":\"ListItem\",\"position\":2,\"name\":\"Ygl\u00e9sio contesta proposta de Rubens que quer cortar gastos para construir UPAs\"}]},{\"@type\":\"WebSite\",\"@id\":\"https:\/\/www.blogsoestado.com\/danielmatos\/#website\",\"url\":\"https:\/\/www.blogsoestado.com\/danielmatos\/\",\"name\":\"Daniel Matos\",\"description\":\"\",\"potentialAction\":[{\"@type\":\"SearchAction\",\"target\":{\"@type\":\"EntryPoint\",\"urlTemplate\":\"https:\/\/www.blogsoestado.com\/danielmatos\/?s={search_term_string}\"},\"query-input\":{\"@type\":\"PropertyValueSpecification\",\"valueRequired\":true,\"valueName\":\"search_term_string\"}}],\"inLanguage\":\"pt-BR\"}]}<\/script>\n<!-- \/ Yoast SEO plugin. -->","yoast_head_json":{"title":"Ygl\u00e9sio contesta proposta de Rubens que quer cortar gastos para construir UPAs - Daniel Matos","robots":{"index":"index","follow":"follow","max-snippet":"max-snippet:-1","max-image-preview":"max-image-preview:large","max-video-preview":"max-video-preview:-1"},"canonical":"https:\/\/www.blogsoestado.com\/danielmatos\/yglesio-contesta-proposta-de-rubens-que-quer-cortar-gastos-para-construir-upas\/","og_locale":"pt_BR","og_type":"article","og_title":"Ygl\u00e9sio contesta proposta de Rubens que quer cortar gastos para construir UPAs - Daniel Matos","og_description":"Uma das sa\u00eddas para melhorar o atendimento em sa\u00fade em S\u00e3o Lu\u00eds, segundo Rubens Jr (PCdoB), ao ser questionado pelo [&hellip;]","og_url":"https:\/\/www.blogsoestado.com\/danielmatos\/yglesio-contesta-proposta-de-rubens-que-quer-cortar-gastos-para-construir-upas\/","og_site_name":"Daniel Matos","article_published_time":"2020-11-12T15:18:51+00:00","og_image":[{"url":"https:\/\/www.blogsoestado.com\/danielmatos\/files\/2020\/11\/IMG-20201112-WA0102-1024x682.jpg","type":"","width":"","height":""}],"twitter_card":"summary_large_image","twitter_misc":{"Est. tempo de leitura":"1 minuto"},"schema":{"@context":"https:\/\/schema.org","@graph":[{"@type":"WebPage","@id":"https:\/\/www.blogsoestado.com\/danielmatos\/yglesio-contesta-proposta-de-rubens-que-quer-cortar-gastos-para-construir-upas\/","url":"https:\/\/www.blogsoestado.com\/danielmatos\/yglesio-contesta-proposta-de-rubens-que-quer-cortar-gastos-para-construir-upas\/","name":"Ygl\u00e9sio contesta proposta de Rubens que quer cortar gastos para construir UPAs - Daniel Matos","isPartOf":{"@id":"https:\/\/www.blogsoestado.com\/danielmatos\/#website"},"primaryImageOfPage":{"@id":"https:\/\/www.blogsoestado.com\/danielmatos\/yglesio-contesta-proposta-de-rubens-que-quer-cortar-gastos-para-construir-upas\/#primaryimage"},"image":{"@id":"https:\/\/www.blogsoestado.com\/danielmatos\/yglesio-contesta-proposta-de-rubens-que-quer-cortar-gastos-para-construir-upas\/#primaryimage"},"thumbnailUrl":"https:\/\/www.blogsoestado.com\/danielmatos\/files\/2020\/11\/IMG-20201112-WA0102-1024x682.jpg","datePublished":"2020-11-12T15:18:51+00:00","author":{"@id":""},"breadcrumb":{"@id":"https:\/\/www.blogsoestado.com\/danielmatos\/yglesio-contesta-proposta-de-rubens-que-quer-cortar-gastos-para-construir-upas\/#breadcrumb"},"inLanguage":"pt-BR","potentialAction":[{"@type":"ReadAction","target":["https:\/\/www.blogsoestado.com\/danielmatos\/yglesio-contesta-proposta-de-rubens-que-quer-cortar-gastos-para-construir-upas\/"]}]},{"@type":"ImageObject","inLanguage":"pt-BR","@id":"https:\/\/www.blogsoestado.com\/danielmatos\/yglesio-contesta-proposta-de-rubens-que-quer-cortar-gastos-para-construir-upas\/#primaryimage","url":"https:\/\/www.blogsoestado.com\/danielmatos\/files\/2020\/11\/IMG-20201112-WA0102-1024x682.jpg","contentUrl":"https:\/\/www.blogsoestado.com\/danielmatos\/files\/2020\/11\/IMG-20201112-WA0102-1024x682.jpg"},{"@type":"BreadcrumbList","@id":"https:\/\/www.blogsoestado.com\/danielmatos\/yglesio-contesta-proposta-de-rubens-que-quer-cortar-gastos-para-construir-upas\/#breadcrumb","itemListElement":[{"@type":"ListItem","position":1,"name":"In\u00edcio","item":"https:\/\/www.blogsoestado.com\/danielmatos\/"},{"@type":"ListItem","position":2,"name":"Ygl\u00e9sio contesta proposta de Rubens que quer cortar gastos para construir UPAs"}]},{"@type":"WebSite","@id":"https:\/\/www.blogsoestado.com\/danielmatos\/#website","url":"https:\/\/www.blogsoestado.com\/danielmatos\/","name":"Daniel Matos","description":"","potentialAction":[{"@type":"SearchAction","target":{"@type":"EntryPoint","urlTemplate":"https:\/\/www.blogsoestado.com\/danielmatos\/?s={search_term_string}"},"query-input":{"@type":"PropertyValueSpecification","valueRequired":true,"valueName":"search_term_string"}}],"inLanguage":"pt-BR"}]}},"jetpack_featured_media_url":"","_links":{"self":[{"href":"https:\/\/www.blogsoestado.com\/danielmatos\/wp-json\/wp\/v2\/posts\/79698","targetHints":{"allow":["GET"]}}],"collection":[{"href":"https:\/\/www.blogsoestado.com\/danielmatos\/wp-json\/wp\/v2\/posts"}],"about":[{"href":"https:\/\/www.blogsoestado.com\/danielmatos\/wp-json\/wp\/v2\/types\/post"}],"replies":[{"embeddable":true,"href":"https:\/\/www.blogsoestado.com\/danielmatos\/wp-json\/wp\/v2\/comments?post=79698"}],"version-history":[{"count":0,"href":"https:\/\/www.blogsoestado.com\/danielmatos\/wp-json\/wp\/v2\/posts\/79698\/revisions"}],"wp:attachment":[{"href":"https:\/\/www.blogsoestado.com\/danielmatos\/wp-json\/wp\/v2\/media?parent=79698"}],"wp:term":[{"taxonomy":"category","embeddable":true,"href":"https:\/\/www.blogsoestado.com\/danielmatos\/wp-json\/wp\/v2\/categories?post=79698"},{"taxonomy":"post_tag","embeddable":true,"href":"https:\/\/www.blogsoestado.com\/danielmatos\/wp-json\/wp\/v2\/tags?post=79698"}],"curies":[{"name":"wp","href":"https:\/\/api.w.org\/{rel}","templated":true}]}}