{"id":79714,"date":"2020-11-12T14:50:50","date_gmt":"2020-11-12T17:50:50","guid":{"rendered":"https:\/\/www.blogsoestado.com\/danielmatos\/?p=79714"},"modified":"2020-11-12T14:50:50","modified_gmt":"2020-11-12T17:50:50","slug":"lino-viegas-encerra-campanha-a-vereador-arrastando-multidao-em-caminhada-pelas-ruas-de-viana","status":"publish","type":"post","link":"https:\/\/www.blogsoestado.com\/danielmatos\/lino-viegas-encerra-campanha-a-vereador-arrastando-multidao-em-caminhada-pelas-ruas-de-viana\/","title":{"rendered":"Lino Viegas encerra campanha a vereador arrastando multid\u00e3o em caminhada pelas ruas de Viana"},"content":{"rendered":"\n<div class=\"wp-block-image\"><figure class=\"aligncenter size-large\"><img decoding=\"async\" src=\"https:\/\/www.blogsoestado.com\/danielmatos\/files\/2020\/11\/IMG-20201112-WA0131-1024x682.jpg\" alt=\"\" class=\"wp-image-79709\"\/><figcaption>Lino Viegas encerrou campanha a vereador com caminhada que mostrou a for\u00e7a da sua candidatura<\/figcaption><\/figure><\/div>\n\n\n\n<p>Uma multid\u00e3o percorreu, na noite deste quarta-feira (12), as principais ruas de Viana em uma caminhada que marcou o encerramento da campanha do digital influencer Lino Viegas (PCdoB) a vereador. Viegas agradeceu as demonstra\u00e7\u00f5es de carinho e apoio que recebeu do povo ao seu projeto de conquistar uma vaga na C\u00e2mara Municipal.<\/p>\n\n\n\n<div class=\"wp-block-image\"><figure class=\"aligncenter size-large\"><img decoding=\"async\" src=\"https:\/\/www.blogsoestado.com\/danielmatos\/files\/2020\/11\/IMG-20201112-WA0136-1-1024x682.jpg\" alt=\"\" class=\"wp-image-79717\"\/><figcaption>Ultima caminhada liderada por Lino Viegas na campanha arrastou multid\u00e3o em Viana<\/figcaption><\/figure><\/div>\n\n\n\n<p>&#8220;\u00c9 com muita honra e satisfa\u00e7\u00e3o que venho agradecer a todos os envolvidos na organiza\u00e7\u00e3o dessa grandiosa caminhada. \u00c9 um momento digno da melhor comemora\u00e7\u00e3o. Estou feliz por ter recebido esse apoio, todo o carinho e troca de energia positiva. Foi lindo&#8221;, declarou.<\/p>\n\n\n\n<div class=\"wp-block-image\"><figure class=\"aligncenter size-large\"><img decoding=\"async\" src=\"https:\/\/www.blogsoestado.com\/danielmatos\/files\/2020\/11\/IMG-20201112-WA0132-1-1024x682.jpg\" alt=\"\" class=\"wp-image-79718\"\/><figcaption>Apoiadora de Lino Viegas caminhou vestindo indument\u00e1ria com o n\u00famero do candidato estampado<\/figcaption><\/figure><\/div>\n\n\n\n<p>&#8220;Cada pessoa que se juntou \u00e0 nossa campanha e comemorou comigo sinta-se abra\u00e7ada. Voc\u00eas fazem parte dessa hist\u00f3ria. Hoje sou seu, com 24 anos, mas, quem sabe, amanh\u00e3 n\u00e3o pode ser voc\u00ea no meu lugar? Botem f\u00e9 na juventude&#8221;, assinalou:<\/p>\n\n\n\n<p>Confira mais fotos da caminhada:<\/p>\n\n\n\n<div class=\"wp-block-image\"><figure class=\"aligncenter size-large\"><img decoding=\"async\" src=\"https:\/\/www.blogsoestado.com\/danielmatos\/files\/2020\/11\/IMG-20201112-WA0138-1-1024x682.jpg\" alt=\"\" class=\"wp-image-79719\"\/><\/figure><\/div>\n\n\n\n<div class=\"wp-block-image\"><figure class=\"aligncenter size-large\"><img decoding=\"async\" src=\"https:\/\/www.blogsoestado.com\/danielmatos\/files\/2020\/11\/IMG-20201112-WA0133-1024x682.jpg\" alt=\"\" class=\"wp-image-79721\"\/><\/figure><\/div>\n\n\n\n<div class=\"wp-block-image\"><figure class=\"aligncenter size-large\"><img decoding=\"async\" src=\"https:\/\/www.blogsoestado.com\/danielmatos\/files\/2020\/11\/IMG-20201112-WA0135-1024x682.jpg\" alt=\"\" class=\"wp-image-79722\"\/><\/figure><\/div>\n\n\n\n<div class=\"wp-block-image\"><figure class=\"aligncenter size-large\"><img decoding=\"async\" src=\"https:\/\/www.blogsoestado.com\/danielmatos\/files\/2020\/11\/IMG-20201112-WA0137-1024x682.jpg\" alt=\"\" class=\"wp-image-79723\"\/><\/figure><\/div>\n\n\n\n<div class=\"wp-block-image\"><figure class=\"aligncenter size-large\"><img decoding=\"async\" src=\"https:\/\/www.blogsoestado.com\/danielmatos\/files\/2020\/11\/IMG-20201112-WA0134-1024x682.jpg\" alt=\"\" class=\"wp-image-79724\"\/><\/figure><\/div>\n","protected":false},"excerpt":{"rendered":"<p>Uma multid\u00e3o percorreu, na noite deste quarta-feira (12), as principais ruas de Viana em uma caminhada que marcou o encerramento [&hellip;]<\/p>\n","protected":false},"author":0,"featured_media":0,"comment_status":"open","ping_status":"open","sticky":false,"template":"","format":"standard","meta":{"site-sidebar-layout":"default","site-content-layout":"","ast-site-content-layout":"default","site-content-style":"default","site-sidebar-style":"default","ast-global-header-display":"","ast-banner-title-visibility":"","ast-main-header-display":"","ast-hfb-above-header-display":"","ast-hfb-below-header-display":"","ast-hfb-mobile-header-display":"","site-post-title":"","ast-breadcrumbs-content":"","ast-featured-img":"","footer-sml-layout":"","ast-disable-related-posts":"","theme-transparent-header-meta":"","adv-header-id-meta":"","stick-header-meta":"","header-above-stick-meta":"","header-main-stick-meta":"","header-below-stick-meta":"","astra-migrate-meta-layouts":"default","ast-page-background-enabled":"default","ast-page-background-meta":{"desktop":{"background-color":"var(--ast-global-color-5)","background-image":"","background-repeat":"repeat","background-position":"center center","background-size":"auto","background-attachment":"scroll","background-type":"","background-media":"","overlay-type":"","overlay-color":"","overlay-opacity":"","overlay-gradient":""},"tablet":{"background-color":"","background-image":"","background-repeat":"repeat","background-position":"center center","background-size":"auto","background-attachment":"scroll","background-type":"","background-media":"","overlay-type":"","overlay-color":"","overlay-opacity":"","overlay-gradient":""},"mobile":{"background-color":"","background-image":"","background-repeat":"repeat","background-position":"center center","background-size":"auto","background-attachment":"scroll","background-type":"","background-media":"","overlay-type":"","overlay-color":"","overlay-opacity":"","overlay-gradient":""}},"ast-content-background-meta":{"desktop":{"background-color":"var(--ast-global-color-4)","background-image":"","background-repeat":"repeat","background-position":"center center","background-size":"auto","background-attachment":"scroll","background-type":"","background-media":"","overlay-type":"","overlay-color":"","overlay-opacity":"","overlay-gradient":""},"tablet":{"background-color":"var(--ast-global-color-4)","background-image":"","background-repeat":"repeat","background-position":"center center","background-size":"auto","background-attachment":"scroll","background-type":"","background-media":"","overlay-type":"","overlay-color":"","overlay-opacity":"","overlay-gradient":""},"mobile":{"background-color":"var(--ast-global-color-4)","background-image":"","background-repeat":"repeat","background-position":"center center","background-size":"auto","background-attachment":"scroll","background-type":"","background-media":"","overlay-type":"","overlay-color":"","overlay-opacity":"","overlay-gradient":""}},"footnotes":""},"categories":[1],"tags":[],"class_list":["post-79714","post","type-post","status-publish","format-standard","hentry","category-sem-categoria"],"yoast_head":"<!-- This site is optimized with the Yoast SEO plugin v26.6 - https:\/\/yoast.com\/wordpress\/plugins\/seo\/ -->\n<title>Lino Viegas encerra campanha a vereador arrastando multid\u00e3o em caminhada pelas ruas de Viana - Daniel Matos<\/title>\n<meta name=\"robots\" content=\"index, follow, max-snippet:-1, max-image-preview:large, max-video-preview:-1\" \/>\n<link rel=\"canonical\" href=\"https:\/\/www.blogsoestado.com\/danielmatos\/lino-viegas-encerra-campanha-a-vereador-arrastando-multidao-em-caminhada-pelas-ruas-de-viana\/\" \/>\n<meta property=\"og:locale\" content=\"pt_BR\" \/>\n<meta property=\"og:type\" content=\"article\" \/>\n<meta property=\"og:title\" content=\"Lino Viegas encerra campanha a vereador arrastando multid\u00e3o em caminhada pelas ruas de Viana - Daniel Matos\" \/>\n<meta property=\"og:description\" content=\"Uma multid\u00e3o percorreu, na noite deste quarta-feira (12), as principais ruas de Viana em uma caminhada que marcou o encerramento [&hellip;]\" \/>\n<meta property=\"og:url\" content=\"https:\/\/www.blogsoestado.com\/danielmatos\/lino-viegas-encerra-campanha-a-vereador-arrastando-multidao-em-caminhada-pelas-ruas-de-viana\/\" \/>\n<meta property=\"og:site_name\" content=\"Daniel Matos\" \/>\n<meta property=\"article:published_time\" content=\"2020-11-12T17:50:50+00:00\" \/>\n<meta property=\"og:image\" content=\"https:\/\/www.blogsoestado.com\/danielmatos\/files\/2020\/11\/IMG-20201112-WA0131-1024x682.jpg\" \/>\n<meta name=\"twitter:card\" content=\"summary_large_image\" \/>\n<meta name=\"twitter:label1\" content=\"Est. tempo de leitura\" \/>\n\t<meta name=\"twitter:data1\" content=\"1 minuto\" \/>\n<script type=\"application\/ld+json\" class=\"yoast-schema-graph\">{\"@context\":\"https:\/\/schema.org\",\"@graph\":[{\"@type\":\"WebPage\",\"@id\":\"https:\/\/www.blogsoestado.com\/danielmatos\/lino-viegas-encerra-campanha-a-vereador-arrastando-multidao-em-caminhada-pelas-ruas-de-viana\/\",\"url\":\"https:\/\/www.blogsoestado.com\/danielmatos\/lino-viegas-encerra-campanha-a-vereador-arrastando-multidao-em-caminhada-pelas-ruas-de-viana\/\",\"name\":\"Lino Viegas encerra campanha a vereador arrastando multid\u00e3o em caminhada pelas ruas de Viana - Daniel Matos\",\"isPartOf\":{\"@id\":\"https:\/\/www.blogsoestado.com\/danielmatos\/#website\"},\"primaryImageOfPage\":{\"@id\":\"https:\/\/www.blogsoestado.com\/danielmatos\/lino-viegas-encerra-campanha-a-vereador-arrastando-multidao-em-caminhada-pelas-ruas-de-viana\/#primaryimage\"},\"image\":{\"@id\":\"https:\/\/www.blogsoestado.com\/danielmatos\/lino-viegas-encerra-campanha-a-vereador-arrastando-multidao-em-caminhada-pelas-ruas-de-viana\/#primaryimage\"},\"thumbnailUrl\":\"https:\/\/www.blogsoestado.com\/danielmatos\/files\/2020\/11\/IMG-20201112-WA0131-1024x682.jpg\",\"datePublished\":\"2020-11-12T17:50:50+00:00\",\"author\":{\"@id\":\"\"},\"breadcrumb\":{\"@id\":\"https:\/\/www.blogsoestado.com\/danielmatos\/lino-viegas-encerra-campanha-a-vereador-arrastando-multidao-em-caminhada-pelas-ruas-de-viana\/#breadcrumb\"},\"inLanguage\":\"pt-BR\",\"potentialAction\":[{\"@type\":\"ReadAction\",\"target\":[\"https:\/\/www.blogsoestado.com\/danielmatos\/lino-viegas-encerra-campanha-a-vereador-arrastando-multidao-em-caminhada-pelas-ruas-de-viana\/\"]}]},{\"@type\":\"ImageObject\",\"inLanguage\":\"pt-BR\",\"@id\":\"https:\/\/www.blogsoestado.com\/danielmatos\/lino-viegas-encerra-campanha-a-vereador-arrastando-multidao-em-caminhada-pelas-ruas-de-viana\/#primaryimage\",\"url\":\"https:\/\/www.blogsoestado.com\/danielmatos\/files\/2020\/11\/IMG-20201112-WA0131-1024x682.jpg\",\"contentUrl\":\"https:\/\/www.blogsoestado.com\/danielmatos\/files\/2020\/11\/IMG-20201112-WA0131-1024x682.jpg\"},{\"@type\":\"BreadcrumbList\",\"@id\":\"https:\/\/www.blogsoestado.com\/danielmatos\/lino-viegas-encerra-campanha-a-vereador-arrastando-multidao-em-caminhada-pelas-ruas-de-viana\/#breadcrumb\",\"itemListElement\":[{\"@type\":\"ListItem\",\"position\":1,\"name\":\"In\u00edcio\",\"item\":\"https:\/\/www.blogsoestado.com\/danielmatos\/\"},{\"@type\":\"ListItem\",\"position\":2,\"name\":\"Lino Viegas encerra campanha a vereador arrastando multid\u00e3o em caminhada pelas ruas de Viana\"}]},{\"@type\":\"WebSite\",\"@id\":\"https:\/\/www.blogsoestado.com\/danielmatos\/#website\",\"url\":\"https:\/\/www.blogsoestado.com\/danielmatos\/\",\"name\":\"Daniel Matos\",\"description\":\"\",\"potentialAction\":[{\"@type\":\"SearchAction\",\"target\":{\"@type\":\"EntryPoint\",\"urlTemplate\":\"https:\/\/www.blogsoestado.com\/danielmatos\/?s={search_term_string}\"},\"query-input\":{\"@type\":\"PropertyValueSpecification\",\"valueRequired\":true,\"valueName\":\"search_term_string\"}}],\"inLanguage\":\"pt-BR\"}]}<\/script>\n<!-- \/ Yoast SEO plugin. -->","yoast_head_json":{"title":"Lino Viegas encerra campanha a vereador arrastando multid\u00e3o em caminhada pelas ruas de Viana - Daniel Matos","robots":{"index":"index","follow":"follow","max-snippet":"max-snippet:-1","max-image-preview":"max-image-preview:large","max-video-preview":"max-video-preview:-1"},"canonical":"https:\/\/www.blogsoestado.com\/danielmatos\/lino-viegas-encerra-campanha-a-vereador-arrastando-multidao-em-caminhada-pelas-ruas-de-viana\/","og_locale":"pt_BR","og_type":"article","og_title":"Lino Viegas encerra campanha a vereador arrastando multid\u00e3o em caminhada pelas ruas de Viana - Daniel Matos","og_description":"Uma multid\u00e3o percorreu, na noite deste quarta-feira (12), as principais ruas de Viana em uma caminhada que marcou o encerramento [&hellip;]","og_url":"https:\/\/www.blogsoestado.com\/danielmatos\/lino-viegas-encerra-campanha-a-vereador-arrastando-multidao-em-caminhada-pelas-ruas-de-viana\/","og_site_name":"Daniel Matos","article_published_time":"2020-11-12T17:50:50+00:00","og_image":[{"url":"https:\/\/www.blogsoestado.com\/danielmatos\/files\/2020\/11\/IMG-20201112-WA0131-1024x682.jpg","type":"","width":"","height":""}],"twitter_card":"summary_large_image","twitter_misc":{"Est. tempo de leitura":"1 minuto"},"schema":{"@context":"https:\/\/schema.org","@graph":[{"@type":"WebPage","@id":"https:\/\/www.blogsoestado.com\/danielmatos\/lino-viegas-encerra-campanha-a-vereador-arrastando-multidao-em-caminhada-pelas-ruas-de-viana\/","url":"https:\/\/www.blogsoestado.com\/danielmatos\/lino-viegas-encerra-campanha-a-vereador-arrastando-multidao-em-caminhada-pelas-ruas-de-viana\/","name":"Lino Viegas encerra campanha a vereador arrastando multid\u00e3o em caminhada pelas ruas de Viana - Daniel Matos","isPartOf":{"@id":"https:\/\/www.blogsoestado.com\/danielmatos\/#website"},"primaryImageOfPage":{"@id":"https:\/\/www.blogsoestado.com\/danielmatos\/lino-viegas-encerra-campanha-a-vereador-arrastando-multidao-em-caminhada-pelas-ruas-de-viana\/#primaryimage"},"image":{"@id":"https:\/\/www.blogsoestado.com\/danielmatos\/lino-viegas-encerra-campanha-a-vereador-arrastando-multidao-em-caminhada-pelas-ruas-de-viana\/#primaryimage"},"thumbnailUrl":"https:\/\/www.blogsoestado.com\/danielmatos\/files\/2020\/11\/IMG-20201112-WA0131-1024x682.jpg","datePublished":"2020-11-12T17:50:50+00:00","author":{"@id":""},"breadcrumb":{"@id":"https:\/\/www.blogsoestado.com\/danielmatos\/lino-viegas-encerra-campanha-a-vereador-arrastando-multidao-em-caminhada-pelas-ruas-de-viana\/#breadcrumb"},"inLanguage":"pt-BR","potentialAction":[{"@type":"ReadAction","target":["https:\/\/www.blogsoestado.com\/danielmatos\/lino-viegas-encerra-campanha-a-vereador-arrastando-multidao-em-caminhada-pelas-ruas-de-viana\/"]}]},{"@type":"ImageObject","inLanguage":"pt-BR","@id":"https:\/\/www.blogsoestado.com\/danielmatos\/lino-viegas-encerra-campanha-a-vereador-arrastando-multidao-em-caminhada-pelas-ruas-de-viana\/#primaryimage","url":"https:\/\/www.blogsoestado.com\/danielmatos\/files\/2020\/11\/IMG-20201112-WA0131-1024x682.jpg","contentUrl":"https:\/\/www.blogsoestado.com\/danielmatos\/files\/2020\/11\/IMG-20201112-WA0131-1024x682.jpg"},{"@type":"BreadcrumbList","@id":"https:\/\/www.blogsoestado.com\/danielmatos\/lino-viegas-encerra-campanha-a-vereador-arrastando-multidao-em-caminhada-pelas-ruas-de-viana\/#breadcrumb","itemListElement":[{"@type":"ListItem","position":1,"name":"In\u00edcio","item":"https:\/\/www.blogsoestado.com\/danielmatos\/"},{"@type":"ListItem","position":2,"name":"Lino Viegas encerra campanha a vereador arrastando multid\u00e3o em caminhada pelas ruas de Viana"}]},{"@type":"WebSite","@id":"https:\/\/www.blogsoestado.com\/danielmatos\/#website","url":"https:\/\/www.blogsoestado.com\/danielmatos\/","name":"Daniel Matos","description":"","potentialAction":[{"@type":"SearchAction","target":{"@type":"EntryPoint","urlTemplate":"https:\/\/www.blogsoestado.com\/danielmatos\/?s={search_term_string}"},"query-input":{"@type":"PropertyValueSpecification","valueRequired":true,"valueName":"search_term_string"}}],"inLanguage":"pt-BR"}]}},"jetpack_featured_media_url":"","_links":{"self":[{"href":"https:\/\/www.blogsoestado.com\/danielmatos\/wp-json\/wp\/v2\/posts\/79714","targetHints":{"allow":["GET"]}}],"collection":[{"href":"https:\/\/www.blogsoestado.com\/danielmatos\/wp-json\/wp\/v2\/posts"}],"about":[{"href":"https:\/\/www.blogsoestado.com\/danielmatos\/wp-json\/wp\/v2\/types\/post"}],"replies":[{"embeddable":true,"href":"https:\/\/www.blogsoestado.com\/danielmatos\/wp-json\/wp\/v2\/comments?post=79714"}],"version-history":[{"count":0,"href":"https:\/\/www.blogsoestado.com\/danielmatos\/wp-json\/wp\/v2\/posts\/79714\/revisions"}],"wp:attachment":[{"href":"https:\/\/www.blogsoestado.com\/danielmatos\/wp-json\/wp\/v2\/media?parent=79714"}],"wp:term":[{"taxonomy":"category","embeddable":true,"href":"https:\/\/www.blogsoestado.com\/danielmatos\/wp-json\/wp\/v2\/categories?post=79714"},{"taxonomy":"post_tag","embeddable":true,"href":"https:\/\/www.blogsoestado.com\/danielmatos\/wp-json\/wp\/v2\/tags?post=79714"}],"curies":[{"name":"wp","href":"https:\/\/api.w.org\/{rel}","templated":true}]}}