{"id":79739,"date":"2020-11-12T22:49:35","date_gmt":"2020-11-13T01:49:35","guid":{"rendered":"https:\/\/www.blogsoestado.com\/danielmatos\/?p=79739"},"modified":"2020-11-12T22:49:35","modified_gmt":"2020-11-13T01:49:35","slug":"sao-luis-e-a-virada-que-pode-ocorrer-na-eleicao","status":"publish","type":"post","link":"https:\/\/www.blogsoestado.com\/danielmatos\/sao-luis-e-a-virada-que-pode-ocorrer-na-eleicao\/","title":{"rendered":"S\u00e3o Lu\u00eds e a virada que pode ocorrer na elei\u00e7\u00e3o"},"content":{"rendered":"\n<div class=\"wp-block-image\"><figure class=\"aligncenter size-large\"><img decoding=\"async\" src=\"https:\/\/www.blogsoestado.com\/danielmatos\/files\/2020\/11\/IMG-20201112-WA0102-1-1024x682.jpg\" alt=\"\" class=\"wp-image-79740\"\/><figcaption>Yglesio Moys\u00e9s alerta para n\u00famero elevado de eleitores que ainda n\u00e3o escolheram candidato a prefeito em S\u00e3o Lu\u00eds<\/figcaption><\/figure><\/div>\n\n\n\n<p>Na reta final da campanha municipal, um fato curioso em S\u00e3o Lu\u00eds: a derrocada nos discursos e o esc\u00e2ndalo do candidato \u2018Bora Infectar\u2019, que embolou a disputa entre os prefeitaveis que poder\u00e3o concorrer no segundo turno contra o Eduardo Braide (Podemos) colocou \u00e0 prova as pesquisas eleitorais como trunfo das estrat\u00e9gias de marketing para direcionar a inten\u00e7\u00e3o de voto.<\/p>\n\n\n\n<p>O candidato Ygl\u00e9sio Moyses, PROS, reiteradamente vem chamando aten\u00e7\u00e3o para o elevado percentual de eleitores ainda sem candidatos, que beira os 57% e para a situa\u00e7\u00e3o de \u2018guerra\u2019 instalada na cidade. Em sua conta no Twitter, ele reiteradamente vem fazendo uma analogia com os rumos da capital e os nomes dos institutos que divulgaram n\u00fameros nos \u00faltimos dias, e que, segundo j\u00e1 provou, s\u00e3o ligados umbilicalmente a seus advers\u00e1rios.<\/p>\n\n\n\n<p>Em todas as suas apari\u00e7\u00f5es nos ve\u00edculos de comunica\u00e7\u00e3o, Ygl\u00e9sio tem sido eleito por unanimidade como o mais capacitado e o mais credenciado a tratar do cen\u00e1rio atual e os rumos da cidade com a pandemia do novo Coronav\u00edrus. Nas \u00faltimas semanas, o que se fala nos bastidores \u00e9 do crescimento dele nas pesquisas internas da virada de voto do eleitorado, realizadas diariamente por seus concorrentes.<\/p>\n\n\n\n<p>Justi\u00e7a seja feita: Ygl\u00e9sio j\u00e1 \u00e9 o grande destaque das elei\u00e7\u00f5es deste ano. N\u00e3o s\u00f3 pelo alto n\u00edvel intelectual, t\u00e9cnico e pol\u00edtico, mas principalmente pela sabedoria com a qual vem conduzindo sua campanha nas redes sociais. Ele falou de igual para igual com Fl\u00e1vio Dino, n\u00e3o se dobrou quando foi taxado de fazer parte de cons\u00f3rcio e provou que \u00e9 independente e tem enfrentado com maestria os grandes grupos pol\u00edticos e suas megaestruturas de campanha atrelados a cada candidato.<\/p>\n\n\n\n<p>O debate do Programa Ponto e V\u00edrgula, hoje (12) \u00e0s 21h, na TV Difusora ser\u00e1 decisivo para o destino de S\u00e3o Lu\u00eds, j\u00e1 que deve influenciar diretamente o resultado do primeiro turno, repetindo o que aconteceu em 2016, em que faltando tr\u00eas dias para as elei\u00e7\u00f5es, Eduardo Braide conseguiu ganhar for\u00e7a no debate da TV Mirante e colocou de escanteio nomes dados como certos, chegando ao segundo turno. Ygl\u00e9sio estar\u00e1 l\u00e1, para mais uma vez, ser confrontado e confrontar, e, quem sabe carimbar seu nome na capital maranhense.<\/p>\n","protected":false},"excerpt":{"rendered":"<p>Na reta final da campanha municipal, um fato curioso em S\u00e3o Lu\u00eds: a derrocada nos discursos e o esc\u00e2ndalo do [&hellip;]<\/p>\n","protected":false},"author":0,"featured_media":0,"comment_status":"open","ping_status":"open","sticky":false,"template":"","format":"standard","meta":{"site-sidebar-layout":"default","site-content-layout":"","ast-site-content-layout":"default","site-content-style":"default","site-sidebar-style":"default","ast-global-header-display":"","ast-banner-title-visibility":"","ast-main-header-display":"","ast-hfb-above-header-display":"","ast-hfb-below-header-display":"","ast-hfb-mobile-header-display":"","site-post-title":"","ast-breadcrumbs-content":"","ast-featured-img":"","footer-sml-layout":"","ast-disable-related-posts":"","theme-transparent-header-meta":"","adv-header-id-meta":"","stick-header-meta":"","header-above-stick-meta":"","header-main-stick-meta":"","header-below-stick-meta":"","astra-migrate-meta-layouts":"default","ast-page-background-enabled":"default","ast-page-background-meta":{"desktop":{"background-color":"var(--ast-global-color-5)","background-image":"","background-repeat":"repeat","background-position":"center center","background-size":"auto","background-attachment":"scroll","background-type":"","background-media":"","overlay-type":"","overlay-color":"","overlay-opacity":"","overlay-gradient":""},"tablet":{"background-color":"","background-image":"","background-repeat":"repeat","background-position":"center center","background-size":"auto","background-attachment":"scroll","background-type":"","background-media":"","overlay-type":"","overlay-color":"","overlay-opacity":"","overlay-gradient":""},"mobile":{"background-color":"","background-image":"","background-repeat":"repeat","background-position":"center center","background-size":"auto","background-attachment":"scroll","background-type":"","background-media":"","overlay-type":"","overlay-color":"","overlay-opacity":"","overlay-gradient":""}},"ast-content-background-meta":{"desktop":{"background-color":"var(--ast-global-color-4)","background-image":"","background-repeat":"repeat","background-position":"center center","background-size":"auto","background-attachment":"scroll","background-type":"","background-media":"","overlay-type":"","overlay-color":"","overlay-opacity":"","overlay-gradient":""},"tablet":{"background-color":"var(--ast-global-color-4)","background-image":"","background-repeat":"repeat","background-position":"center center","background-size":"auto","background-attachment":"scroll","background-type":"","background-media":"","overlay-type":"","overlay-color":"","overlay-opacity":"","overlay-gradient":""},"mobile":{"background-color":"var(--ast-global-color-4)","background-image":"","background-repeat":"repeat","background-position":"center center","background-size":"auto","background-attachment":"scroll","background-type":"","background-media":"","overlay-type":"","overlay-color":"","overlay-opacity":"","overlay-gradient":""}},"footnotes":""},"categories":[1],"tags":[],"class_list":["post-79739","post","type-post","status-publish","format-standard","hentry","category-sem-categoria"],"yoast_head":"<!-- This site is optimized with the Yoast SEO plugin v26.6 - https:\/\/yoast.com\/wordpress\/plugins\/seo\/ -->\n<title>S\u00e3o Lu\u00eds e a virada que pode ocorrer na elei\u00e7\u00e3o - Daniel Matos<\/title>\n<meta name=\"robots\" content=\"index, follow, max-snippet:-1, max-image-preview:large, max-video-preview:-1\" \/>\n<link rel=\"canonical\" href=\"https:\/\/www.blogsoestado.com\/danielmatos\/sao-luis-e-a-virada-que-pode-ocorrer-na-eleicao\/\" \/>\n<meta property=\"og:locale\" content=\"pt_BR\" \/>\n<meta property=\"og:type\" content=\"article\" \/>\n<meta property=\"og:title\" content=\"S\u00e3o Lu\u00eds e a virada que pode ocorrer na elei\u00e7\u00e3o - Daniel Matos\" \/>\n<meta property=\"og:description\" content=\"Na reta final da campanha municipal, um fato curioso em S\u00e3o Lu\u00eds: a derrocada nos discursos e o esc\u00e2ndalo do [&hellip;]\" \/>\n<meta property=\"og:url\" content=\"https:\/\/www.blogsoestado.com\/danielmatos\/sao-luis-e-a-virada-que-pode-ocorrer-na-eleicao\/\" \/>\n<meta property=\"og:site_name\" content=\"Daniel Matos\" \/>\n<meta property=\"article:published_time\" content=\"2020-11-13T01:49:35+00:00\" \/>\n<meta property=\"og:image\" content=\"https:\/\/www.blogsoestado.com\/danielmatos\/files\/2020\/11\/IMG-20201112-WA0102-1-1024x682.jpg\" \/>\n<meta name=\"twitter:card\" content=\"summary_large_image\" \/>\n<meta name=\"twitter:label1\" content=\"Est. tempo de leitura\" \/>\n\t<meta name=\"twitter:data1\" content=\"2 minutos\" \/>\n<script type=\"application\/ld+json\" class=\"yoast-schema-graph\">{\"@context\":\"https:\/\/schema.org\",\"@graph\":[{\"@type\":\"WebPage\",\"@id\":\"https:\/\/www.blogsoestado.com\/danielmatos\/sao-luis-e-a-virada-que-pode-ocorrer-na-eleicao\/\",\"url\":\"https:\/\/www.blogsoestado.com\/danielmatos\/sao-luis-e-a-virada-que-pode-ocorrer-na-eleicao\/\",\"name\":\"S\u00e3o Lu\u00eds e a virada que pode ocorrer na elei\u00e7\u00e3o - Daniel Matos\",\"isPartOf\":{\"@id\":\"https:\/\/www.blogsoestado.com\/danielmatos\/#website\"},\"primaryImageOfPage\":{\"@id\":\"https:\/\/www.blogsoestado.com\/danielmatos\/sao-luis-e-a-virada-que-pode-ocorrer-na-eleicao\/#primaryimage\"},\"image\":{\"@id\":\"https:\/\/www.blogsoestado.com\/danielmatos\/sao-luis-e-a-virada-que-pode-ocorrer-na-eleicao\/#primaryimage\"},\"thumbnailUrl\":\"https:\/\/www.blogsoestado.com\/danielmatos\/files\/2020\/11\/IMG-20201112-WA0102-1-1024x682.jpg\",\"datePublished\":\"2020-11-13T01:49:35+00:00\",\"author\":{\"@id\":\"\"},\"breadcrumb\":{\"@id\":\"https:\/\/www.blogsoestado.com\/danielmatos\/sao-luis-e-a-virada-que-pode-ocorrer-na-eleicao\/#breadcrumb\"},\"inLanguage\":\"pt-BR\",\"potentialAction\":[{\"@type\":\"ReadAction\",\"target\":[\"https:\/\/www.blogsoestado.com\/danielmatos\/sao-luis-e-a-virada-que-pode-ocorrer-na-eleicao\/\"]}]},{\"@type\":\"ImageObject\",\"inLanguage\":\"pt-BR\",\"@id\":\"https:\/\/www.blogsoestado.com\/danielmatos\/sao-luis-e-a-virada-que-pode-ocorrer-na-eleicao\/#primaryimage\",\"url\":\"https:\/\/www.blogsoestado.com\/danielmatos\/files\/2020\/11\/IMG-20201112-WA0102-1-1024x682.jpg\",\"contentUrl\":\"https:\/\/www.blogsoestado.com\/danielmatos\/files\/2020\/11\/IMG-20201112-WA0102-1-1024x682.jpg\"},{\"@type\":\"BreadcrumbList\",\"@id\":\"https:\/\/www.blogsoestado.com\/danielmatos\/sao-luis-e-a-virada-que-pode-ocorrer-na-eleicao\/#breadcrumb\",\"itemListElement\":[{\"@type\":\"ListItem\",\"position\":1,\"name\":\"In\u00edcio\",\"item\":\"https:\/\/www.blogsoestado.com\/danielmatos\/\"},{\"@type\":\"ListItem\",\"position\":2,\"name\":\"S\u00e3o Lu\u00eds e a virada que pode ocorrer na elei\u00e7\u00e3o\"}]},{\"@type\":\"WebSite\",\"@id\":\"https:\/\/www.blogsoestado.com\/danielmatos\/#website\",\"url\":\"https:\/\/www.blogsoestado.com\/danielmatos\/\",\"name\":\"Daniel Matos\",\"description\":\"\",\"potentialAction\":[{\"@type\":\"SearchAction\",\"target\":{\"@type\":\"EntryPoint\",\"urlTemplate\":\"https:\/\/www.blogsoestado.com\/danielmatos\/?s={search_term_string}\"},\"query-input\":{\"@type\":\"PropertyValueSpecification\",\"valueRequired\":true,\"valueName\":\"search_term_string\"}}],\"inLanguage\":\"pt-BR\"}]}<\/script>\n<!-- \/ Yoast SEO plugin. -->","yoast_head_json":{"title":"S\u00e3o Lu\u00eds e a virada que pode ocorrer na elei\u00e7\u00e3o - Daniel Matos","robots":{"index":"index","follow":"follow","max-snippet":"max-snippet:-1","max-image-preview":"max-image-preview:large","max-video-preview":"max-video-preview:-1"},"canonical":"https:\/\/www.blogsoestado.com\/danielmatos\/sao-luis-e-a-virada-que-pode-ocorrer-na-eleicao\/","og_locale":"pt_BR","og_type":"article","og_title":"S\u00e3o Lu\u00eds e a virada que pode ocorrer na elei\u00e7\u00e3o - Daniel Matos","og_description":"Na reta final da campanha municipal, um fato curioso em S\u00e3o Lu\u00eds: a derrocada nos discursos e o esc\u00e2ndalo do [&hellip;]","og_url":"https:\/\/www.blogsoestado.com\/danielmatos\/sao-luis-e-a-virada-que-pode-ocorrer-na-eleicao\/","og_site_name":"Daniel Matos","article_published_time":"2020-11-13T01:49:35+00:00","og_image":[{"url":"https:\/\/www.blogsoestado.com\/danielmatos\/files\/2020\/11\/IMG-20201112-WA0102-1-1024x682.jpg","type":"","width":"","height":""}],"twitter_card":"summary_large_image","twitter_misc":{"Est. tempo de leitura":"2 minutos"},"schema":{"@context":"https:\/\/schema.org","@graph":[{"@type":"WebPage","@id":"https:\/\/www.blogsoestado.com\/danielmatos\/sao-luis-e-a-virada-que-pode-ocorrer-na-eleicao\/","url":"https:\/\/www.blogsoestado.com\/danielmatos\/sao-luis-e-a-virada-que-pode-ocorrer-na-eleicao\/","name":"S\u00e3o Lu\u00eds e a virada que pode ocorrer na elei\u00e7\u00e3o - Daniel Matos","isPartOf":{"@id":"https:\/\/www.blogsoestado.com\/danielmatos\/#website"},"primaryImageOfPage":{"@id":"https:\/\/www.blogsoestado.com\/danielmatos\/sao-luis-e-a-virada-que-pode-ocorrer-na-eleicao\/#primaryimage"},"image":{"@id":"https:\/\/www.blogsoestado.com\/danielmatos\/sao-luis-e-a-virada-que-pode-ocorrer-na-eleicao\/#primaryimage"},"thumbnailUrl":"https:\/\/www.blogsoestado.com\/danielmatos\/files\/2020\/11\/IMG-20201112-WA0102-1-1024x682.jpg","datePublished":"2020-11-13T01:49:35+00:00","author":{"@id":""},"breadcrumb":{"@id":"https:\/\/www.blogsoestado.com\/danielmatos\/sao-luis-e-a-virada-que-pode-ocorrer-na-eleicao\/#breadcrumb"},"inLanguage":"pt-BR","potentialAction":[{"@type":"ReadAction","target":["https:\/\/www.blogsoestado.com\/danielmatos\/sao-luis-e-a-virada-que-pode-ocorrer-na-eleicao\/"]}]},{"@type":"ImageObject","inLanguage":"pt-BR","@id":"https:\/\/www.blogsoestado.com\/danielmatos\/sao-luis-e-a-virada-que-pode-ocorrer-na-eleicao\/#primaryimage","url":"https:\/\/www.blogsoestado.com\/danielmatos\/files\/2020\/11\/IMG-20201112-WA0102-1-1024x682.jpg","contentUrl":"https:\/\/www.blogsoestado.com\/danielmatos\/files\/2020\/11\/IMG-20201112-WA0102-1-1024x682.jpg"},{"@type":"BreadcrumbList","@id":"https:\/\/www.blogsoestado.com\/danielmatos\/sao-luis-e-a-virada-que-pode-ocorrer-na-eleicao\/#breadcrumb","itemListElement":[{"@type":"ListItem","position":1,"name":"In\u00edcio","item":"https:\/\/www.blogsoestado.com\/danielmatos\/"},{"@type":"ListItem","position":2,"name":"S\u00e3o Lu\u00eds e a virada que pode ocorrer na elei\u00e7\u00e3o"}]},{"@type":"WebSite","@id":"https:\/\/www.blogsoestado.com\/danielmatos\/#website","url":"https:\/\/www.blogsoestado.com\/danielmatos\/","name":"Daniel Matos","description":"","potentialAction":[{"@type":"SearchAction","target":{"@type":"EntryPoint","urlTemplate":"https:\/\/www.blogsoestado.com\/danielmatos\/?s={search_term_string}"},"query-input":{"@type":"PropertyValueSpecification","valueRequired":true,"valueName":"search_term_string"}}],"inLanguage":"pt-BR"}]}},"jetpack_featured_media_url":"","_links":{"self":[{"href":"https:\/\/www.blogsoestado.com\/danielmatos\/wp-json\/wp\/v2\/posts\/79739","targetHints":{"allow":["GET"]}}],"collection":[{"href":"https:\/\/www.blogsoestado.com\/danielmatos\/wp-json\/wp\/v2\/posts"}],"about":[{"href":"https:\/\/www.blogsoestado.com\/danielmatos\/wp-json\/wp\/v2\/types\/post"}],"replies":[{"embeddable":true,"href":"https:\/\/www.blogsoestado.com\/danielmatos\/wp-json\/wp\/v2\/comments?post=79739"}],"version-history":[{"count":0,"href":"https:\/\/www.blogsoestado.com\/danielmatos\/wp-json\/wp\/v2\/posts\/79739\/revisions"}],"wp:attachment":[{"href":"https:\/\/www.blogsoestado.com\/danielmatos\/wp-json\/wp\/v2\/media?parent=79739"}],"wp:term":[{"taxonomy":"category","embeddable":true,"href":"https:\/\/www.blogsoestado.com\/danielmatos\/wp-json\/wp\/v2\/categories?post=79739"},{"taxonomy":"post_tag","embeddable":true,"href":"https:\/\/www.blogsoestado.com\/danielmatos\/wp-json\/wp\/v2\/tags?post=79739"}],"curies":[{"name":"wp","href":"https:\/\/api.w.org\/{rel}","templated":true}]}}