{"id":79751,"date":"2020-11-13T09:36:21","date_gmt":"2020-11-13T12:36:21","guid":{"rendered":"https:\/\/www.blogsoestado.com\/danielmatos\/?p=79751"},"modified":"2020-11-13T09:36:21","modified_gmt":"2020-11-13T12:36:21","slug":"grande-caminhada-movimenta-sao-jose-de-ribamar","status":"publish","type":"post","link":"https:\/\/www.blogsoestado.com\/danielmatos\/grande-caminhada-movimenta-sao-jose-de-ribamar\/","title":{"rendered":"Grande caminhada movimenta S\u00e3o Jos\u00e9 de Ribamar"},"content":{"rendered":"\n<div class=\"wp-block-image\"><figure class=\"aligncenter size-large\"><img decoding=\"async\" src=\"https:\/\/www.blogsoestado.com\/danielmatos\/files\/2020\/11\/IMG-20201106-WA0090-1-1024x684.jpg\" alt=\"\" class=\"wp-image-79752\"\/><figcaption>Beto das Vilas faz uma  campanha intensa, com forte ades\u00e3o popular<\/figcaption><\/figure><\/div>\n\n\n\n<p>O candidato a prefeito de S\u00e3o Jos\u00e9 de Ribamar Beto das Vilas realiza, nesta sexta-feira (13), ato p\u00fablico de encerramento da campanha com os p\u00e9s no ch\u00e3o, lado a lado do povo. A concentra\u00e7\u00e3o ser\u00e1 as 18h no Viva do Outeiro para a grande caminhada rumo \u00e0 vit\u00f3ria do povo!.<\/p>\n\n\n\n<p>Espera-se a participa\u00e7\u00e3o maci\u00e7a do popula\u00e7\u00e3o Ribamarense, tal como, nas iniciativas anteriores, onde as pessoas espontaneamente v\u00e3o seguindo Beto das Vilas, diante da vibra\u00e7\u00e3o contagiante e do sentimento de pertencimento que ele desperta em todos.<\/p>\n\n\n\n<div class=\"wp-block-image\"><figure class=\"aligncenter size-large\"><img decoding=\"async\" src=\"https:\/\/www.blogsoestado.com\/danielmatos\/files\/2020\/11\/IMG-20201113-WA0085-1-1024x1019.jpg\" alt=\"\" class=\"wp-image-79754\"\/><figcaption>Acompanhado da candidata a vice-prefeita, Beto das Vilas faz gesto com as m\u00e3os que simboliza o 10, n\u00famero da sua campanha<\/figcaption><\/figure><\/div>\n\n\n\n<p>Jovens e adultos, homens e mulheres, numa corrente forte em busca da renova\u00e7\u00e3o pol\u00edtica na prefeitura municipal dessa bel\u00edssima cidade balne\u00e1ria, que merece ser valorizada e tratada de forma digna.<\/p>\n\n\n\n<p>Beto das Vilas honra o compromisso que assumiu desde o princ\u00edpio em fazer uma campanha limpa e propositiva, pautada pela verdade assim como todas as outras em que ele j\u00e1 disputou conquistando a vit\u00f3ria sempre como o candidato mais bem votado.<\/p>\n\n\n\n<div class=\"wp-block-image\"><figure class=\"aligncenter size-large\"><img decoding=\"async\" src=\"https:\/\/www.blogsoestado.com\/danielmatos\/files\/2020\/11\/IMG-20201113-WA0084-1024x683.jpg\" alt=\"\" class=\"wp-image-79760\"\/><figcaption>Manifesta\u00e7\u00f5es de apoio a Beto das Vilas se multiplicam a cada ato de campanha<\/figcaption><\/figure><\/div>\n\n\n\n<p>No seu plano de governo para a prefeitura h\u00e1 propostas de implanta\u00e7\u00e3o da Secretaria da Mulher, incentivo a instala\u00e7\u00e3o de institui\u00e7\u00f5es de ensino superior e t\u00e9cnico na cidade, e tamb\u00e9m a cria\u00e7\u00e3o da Casa do Idoso.<\/p>\n\n\n\n<p>Hoje, a caminhada dever\u00e1 reunir milhares de pessoas, Beto das Vilas estar\u00e1 com a fam\u00edlia, junto de sua esposa Ely Mota. E presen\u00e7as confirmadas de todos os candidatos a vereadores da coliga\u00e7\u00e3o, presidentes de partidos, lideran\u00e7as e da candidata a vice-prefeita La\u00eds Alencar.<\/p>\n\n\n\n<div class=\"wp-block-image\"><figure class=\"aligncenter size-large\"><img decoding=\"async\" src=\"https:\/\/www.blogsoestado.com\/danielmatos\/files\/2020\/11\/IMG-20201113-WA0083-1024x638.jpg\" alt=\"\" class=\"wp-image-79758\"\/><figcaption>Beto das Vilas reunir\u00e1 multid\u00e3o e nomes expressivos da classe pol\u00edtica na caminhada<\/figcaption><\/figure><\/div>\n\n\n\n<p>Em uma de suas entrevistas Beto das Vilas declarou: \u201cDeus me levantou do p\u00f3. Desde cedo, comecei a trabalhar, eu limpava s\u00edtio, fazia carv\u00e3o, tirava sururu, cuidava de horta, vendia suquinho. Aos 13 anos, iniciei meu of\u00edcio de borracheiro, depois me tornei microempres\u00e1rio no ramo de borracharia. Terminei meus estudos no ensino m\u00e9dio. N\u00e3o fiz faculdade porque tive que optar por ganhar o sustento da minha fam\u00edlia. S\u00e3o Jos\u00e9 de Ribamar precisa de um gestor p\u00e9 no ch\u00e3o e para isso eu estou preparado\u201d.<br>Beto das Vilas \u00e9 10!!<\/p>\n","protected":false},"excerpt":{"rendered":"<p>O candidato a prefeito de S\u00e3o Jos\u00e9 de Ribamar Beto das Vilas realiza, nesta sexta-feira (13), ato p\u00fablico de encerramento [&hellip;]<\/p>\n","protected":false},"author":0,"featured_media":0,"comment_status":"open","ping_status":"open","sticky":false,"template":"","format":"standard","meta":{"site-sidebar-layout":"default","site-content-layout":"","ast-site-content-layout":"default","site-content-style":"default","site-sidebar-style":"default","ast-global-header-display":"","ast-banner-title-visibility":"","ast-main-header-display":"","ast-hfb-above-header-display":"","ast-hfb-below-header-display":"","ast-hfb-mobile-header-display":"","site-post-title":"","ast-breadcrumbs-content":"","ast-featured-img":"","footer-sml-layout":"","ast-disable-related-posts":"","theme-transparent-header-meta":"","adv-header-id-meta":"","stick-header-meta":"","header-above-stick-meta":"","header-main-stick-meta":"","header-below-stick-meta":"","astra-migrate-meta-layouts":"default","ast-page-background-enabled":"default","ast-page-background-meta":{"desktop":{"background-color":"var(--ast-global-color-5)","background-image":"","background-repeat":"repeat","background-position":"center center","background-size":"auto","background-attachment":"scroll","background-type":"","background-media":"","overlay-type":"","overlay-color":"","overlay-opacity":"","overlay-gradient":""},"tablet":{"background-color":"","background-image":"","background-repeat":"repeat","background-position":"center center","background-size":"auto","background-attachment":"scroll","background-type":"","background-media":"","overlay-type":"","overlay-color":"","overlay-opacity":"","overlay-gradient":""},"mobile":{"background-color":"","background-image":"","background-repeat":"repeat","background-position":"center center","background-size":"auto","background-attachment":"scroll","background-type":"","background-media":"","overlay-type":"","overlay-color":"","overlay-opacity":"","overlay-gradient":""}},"ast-content-background-meta":{"desktop":{"background-color":"var(--ast-global-color-4)","background-image":"","background-repeat":"repeat","background-position":"center center","background-size":"auto","background-attachment":"scroll","background-type":"","background-media":"","overlay-type":"","overlay-color":"","overlay-opacity":"","overlay-gradient":""},"tablet":{"background-color":"var(--ast-global-color-4)","background-image":"","background-repeat":"repeat","background-position":"center center","background-size":"auto","background-attachment":"scroll","background-type":"","background-media":"","overlay-type":"","overlay-color":"","overlay-opacity":"","overlay-gradient":""},"mobile":{"background-color":"var(--ast-global-color-4)","background-image":"","background-repeat":"repeat","background-position":"center center","background-size":"auto","background-attachment":"scroll","background-type":"","background-media":"","overlay-type":"","overlay-color":"","overlay-opacity":"","overlay-gradient":""}},"footnotes":""},"categories":[1],"tags":[],"class_list":["post-79751","post","type-post","status-publish","format-standard","hentry","category-sem-categoria"],"yoast_head":"<!-- This site is optimized with the Yoast SEO plugin v26.6 - https:\/\/yoast.com\/wordpress\/plugins\/seo\/ -->\n<title>Grande caminhada movimenta S\u00e3o Jos\u00e9 de Ribamar - Daniel Matos<\/title>\n<meta name=\"robots\" content=\"index, follow, max-snippet:-1, max-image-preview:large, max-video-preview:-1\" \/>\n<link rel=\"canonical\" href=\"https:\/\/www.blogsoestado.com\/danielmatos\/grande-caminhada-movimenta-sao-jose-de-ribamar\/\" \/>\n<meta property=\"og:locale\" content=\"pt_BR\" \/>\n<meta property=\"og:type\" content=\"article\" \/>\n<meta property=\"og:title\" content=\"Grande caminhada movimenta S\u00e3o Jos\u00e9 de Ribamar - Daniel Matos\" \/>\n<meta property=\"og:description\" content=\"O candidato a prefeito de S\u00e3o Jos\u00e9 de Ribamar Beto das Vilas realiza, nesta sexta-feira (13), ato p\u00fablico de encerramento [&hellip;]\" \/>\n<meta property=\"og:url\" content=\"https:\/\/www.blogsoestado.com\/danielmatos\/grande-caminhada-movimenta-sao-jose-de-ribamar\/\" \/>\n<meta property=\"og:site_name\" content=\"Daniel Matos\" \/>\n<meta property=\"article:published_time\" content=\"2020-11-13T12:36:21+00:00\" \/>\n<meta property=\"og:image\" content=\"https:\/\/www.blogsoestado.com\/danielmatos\/files\/2020\/11\/IMG-20201106-WA0090-1-1024x684.jpg\" \/>\n<meta name=\"twitter:card\" content=\"summary_large_image\" \/>\n<meta name=\"twitter:label1\" content=\"Est. tempo de leitura\" \/>\n\t<meta name=\"twitter:data1\" content=\"2 minutos\" \/>\n<script type=\"application\/ld+json\" class=\"yoast-schema-graph\">{\"@context\":\"https:\/\/schema.org\",\"@graph\":[{\"@type\":\"WebPage\",\"@id\":\"https:\/\/www.blogsoestado.com\/danielmatos\/grande-caminhada-movimenta-sao-jose-de-ribamar\/\",\"url\":\"https:\/\/www.blogsoestado.com\/danielmatos\/grande-caminhada-movimenta-sao-jose-de-ribamar\/\",\"name\":\"Grande caminhada movimenta S\u00e3o Jos\u00e9 de Ribamar - Daniel Matos\",\"isPartOf\":{\"@id\":\"https:\/\/www.blogsoestado.com\/danielmatos\/#website\"},\"primaryImageOfPage\":{\"@id\":\"https:\/\/www.blogsoestado.com\/danielmatos\/grande-caminhada-movimenta-sao-jose-de-ribamar\/#primaryimage\"},\"image\":{\"@id\":\"https:\/\/www.blogsoestado.com\/danielmatos\/grande-caminhada-movimenta-sao-jose-de-ribamar\/#primaryimage\"},\"thumbnailUrl\":\"https:\/\/www.blogsoestado.com\/danielmatos\/files\/2020\/11\/IMG-20201106-WA0090-1-1024x684.jpg\",\"datePublished\":\"2020-11-13T12:36:21+00:00\",\"author\":{\"@id\":\"\"},\"breadcrumb\":{\"@id\":\"https:\/\/www.blogsoestado.com\/danielmatos\/grande-caminhada-movimenta-sao-jose-de-ribamar\/#breadcrumb\"},\"inLanguage\":\"pt-BR\",\"potentialAction\":[{\"@type\":\"ReadAction\",\"target\":[\"https:\/\/www.blogsoestado.com\/danielmatos\/grande-caminhada-movimenta-sao-jose-de-ribamar\/\"]}]},{\"@type\":\"ImageObject\",\"inLanguage\":\"pt-BR\",\"@id\":\"https:\/\/www.blogsoestado.com\/danielmatos\/grande-caminhada-movimenta-sao-jose-de-ribamar\/#primaryimage\",\"url\":\"https:\/\/www.blogsoestado.com\/danielmatos\/files\/2020\/11\/IMG-20201106-WA0090-1-1024x684.jpg\",\"contentUrl\":\"https:\/\/www.blogsoestado.com\/danielmatos\/files\/2020\/11\/IMG-20201106-WA0090-1-1024x684.jpg\"},{\"@type\":\"BreadcrumbList\",\"@id\":\"https:\/\/www.blogsoestado.com\/danielmatos\/grande-caminhada-movimenta-sao-jose-de-ribamar\/#breadcrumb\",\"itemListElement\":[{\"@type\":\"ListItem\",\"position\":1,\"name\":\"In\u00edcio\",\"item\":\"https:\/\/www.blogsoestado.com\/danielmatos\/\"},{\"@type\":\"ListItem\",\"position\":2,\"name\":\"Grande caminhada movimenta S\u00e3o Jos\u00e9 de Ribamar\"}]},{\"@type\":\"WebSite\",\"@id\":\"https:\/\/www.blogsoestado.com\/danielmatos\/#website\",\"url\":\"https:\/\/www.blogsoestado.com\/danielmatos\/\",\"name\":\"Daniel Matos\",\"description\":\"\",\"potentialAction\":[{\"@type\":\"SearchAction\",\"target\":{\"@type\":\"EntryPoint\",\"urlTemplate\":\"https:\/\/www.blogsoestado.com\/danielmatos\/?s={search_term_string}\"},\"query-input\":{\"@type\":\"PropertyValueSpecification\",\"valueRequired\":true,\"valueName\":\"search_term_string\"}}],\"inLanguage\":\"pt-BR\"}]}<\/script>\n<!-- \/ Yoast SEO plugin. -->","yoast_head_json":{"title":"Grande caminhada movimenta S\u00e3o Jos\u00e9 de Ribamar - Daniel Matos","robots":{"index":"index","follow":"follow","max-snippet":"max-snippet:-1","max-image-preview":"max-image-preview:large","max-video-preview":"max-video-preview:-1"},"canonical":"https:\/\/www.blogsoestado.com\/danielmatos\/grande-caminhada-movimenta-sao-jose-de-ribamar\/","og_locale":"pt_BR","og_type":"article","og_title":"Grande caminhada movimenta S\u00e3o Jos\u00e9 de Ribamar - Daniel Matos","og_description":"O candidato a prefeito de S\u00e3o Jos\u00e9 de Ribamar Beto das Vilas realiza, nesta sexta-feira (13), ato p\u00fablico de encerramento [&hellip;]","og_url":"https:\/\/www.blogsoestado.com\/danielmatos\/grande-caminhada-movimenta-sao-jose-de-ribamar\/","og_site_name":"Daniel Matos","article_published_time":"2020-11-13T12:36:21+00:00","og_image":[{"url":"https:\/\/www.blogsoestado.com\/danielmatos\/files\/2020\/11\/IMG-20201106-WA0090-1-1024x684.jpg","type":"","width":"","height":""}],"twitter_card":"summary_large_image","twitter_misc":{"Est. tempo de leitura":"2 minutos"},"schema":{"@context":"https:\/\/schema.org","@graph":[{"@type":"WebPage","@id":"https:\/\/www.blogsoestado.com\/danielmatos\/grande-caminhada-movimenta-sao-jose-de-ribamar\/","url":"https:\/\/www.blogsoestado.com\/danielmatos\/grande-caminhada-movimenta-sao-jose-de-ribamar\/","name":"Grande caminhada movimenta S\u00e3o Jos\u00e9 de Ribamar - Daniel Matos","isPartOf":{"@id":"https:\/\/www.blogsoestado.com\/danielmatos\/#website"},"primaryImageOfPage":{"@id":"https:\/\/www.blogsoestado.com\/danielmatos\/grande-caminhada-movimenta-sao-jose-de-ribamar\/#primaryimage"},"image":{"@id":"https:\/\/www.blogsoestado.com\/danielmatos\/grande-caminhada-movimenta-sao-jose-de-ribamar\/#primaryimage"},"thumbnailUrl":"https:\/\/www.blogsoestado.com\/danielmatos\/files\/2020\/11\/IMG-20201106-WA0090-1-1024x684.jpg","datePublished":"2020-11-13T12:36:21+00:00","author":{"@id":""},"breadcrumb":{"@id":"https:\/\/www.blogsoestado.com\/danielmatos\/grande-caminhada-movimenta-sao-jose-de-ribamar\/#breadcrumb"},"inLanguage":"pt-BR","potentialAction":[{"@type":"ReadAction","target":["https:\/\/www.blogsoestado.com\/danielmatos\/grande-caminhada-movimenta-sao-jose-de-ribamar\/"]}]},{"@type":"ImageObject","inLanguage":"pt-BR","@id":"https:\/\/www.blogsoestado.com\/danielmatos\/grande-caminhada-movimenta-sao-jose-de-ribamar\/#primaryimage","url":"https:\/\/www.blogsoestado.com\/danielmatos\/files\/2020\/11\/IMG-20201106-WA0090-1-1024x684.jpg","contentUrl":"https:\/\/www.blogsoestado.com\/danielmatos\/files\/2020\/11\/IMG-20201106-WA0090-1-1024x684.jpg"},{"@type":"BreadcrumbList","@id":"https:\/\/www.blogsoestado.com\/danielmatos\/grande-caminhada-movimenta-sao-jose-de-ribamar\/#breadcrumb","itemListElement":[{"@type":"ListItem","position":1,"name":"In\u00edcio","item":"https:\/\/www.blogsoestado.com\/danielmatos\/"},{"@type":"ListItem","position":2,"name":"Grande caminhada movimenta S\u00e3o Jos\u00e9 de Ribamar"}]},{"@type":"WebSite","@id":"https:\/\/www.blogsoestado.com\/danielmatos\/#website","url":"https:\/\/www.blogsoestado.com\/danielmatos\/","name":"Daniel Matos","description":"","potentialAction":[{"@type":"SearchAction","target":{"@type":"EntryPoint","urlTemplate":"https:\/\/www.blogsoestado.com\/danielmatos\/?s={search_term_string}"},"query-input":{"@type":"PropertyValueSpecification","valueRequired":true,"valueName":"search_term_string"}}],"inLanguage":"pt-BR"}]}},"jetpack_featured_media_url":"","_links":{"self":[{"href":"https:\/\/www.blogsoestado.com\/danielmatos\/wp-json\/wp\/v2\/posts\/79751","targetHints":{"allow":["GET"]}}],"collection":[{"href":"https:\/\/www.blogsoestado.com\/danielmatos\/wp-json\/wp\/v2\/posts"}],"about":[{"href":"https:\/\/www.blogsoestado.com\/danielmatos\/wp-json\/wp\/v2\/types\/post"}],"replies":[{"embeddable":true,"href":"https:\/\/www.blogsoestado.com\/danielmatos\/wp-json\/wp\/v2\/comments?post=79751"}],"version-history":[{"count":0,"href":"https:\/\/www.blogsoestado.com\/danielmatos\/wp-json\/wp\/v2\/posts\/79751\/revisions"}],"wp:attachment":[{"href":"https:\/\/www.blogsoestado.com\/danielmatos\/wp-json\/wp\/v2\/media?parent=79751"}],"wp:term":[{"taxonomy":"category","embeddable":true,"href":"https:\/\/www.blogsoestado.com\/danielmatos\/wp-json\/wp\/v2\/categories?post=79751"},{"taxonomy":"post_tag","embeddable":true,"href":"https:\/\/www.blogsoestado.com\/danielmatos\/wp-json\/wp\/v2\/tags?post=79751"}],"curies":[{"name":"wp","href":"https:\/\/api.w.org\/{rel}","templated":true}]}}