{"id":79781,"date":"2020-11-13T14:17:30","date_gmt":"2020-11-13T17:17:30","guid":{"rendered":"https:\/\/www.blogsoestado.com\/danielmatos\/?p=79781"},"modified":"2020-11-13T14:17:30","modified_gmt":"2020-11-13T17:17:30","slug":"anibal-recebe-apoio-dos-povos-de-terreiro-em-sao-luis","status":"publish","type":"post","link":"https:\/\/www.blogsoestado.com\/danielmatos\/anibal-recebe-apoio-dos-povos-de-terreiro-em-sao-luis\/","title":{"rendered":"An\u00edbal recebe apoio dos povos de terreiro em S\u00e3o Lu\u00eds"},"content":{"rendered":"\n<div class=\"wp-block-image\"><figure class=\"aligncenter size-large\"><img decoding=\"async\" src=\"https:\/\/www.blogsoestado.com\/danielmatos\/files\/2020\/11\/IMG-20201113-WA0209.jpg\" alt=\"\" class=\"wp-image-79782\"\/><figcaption>An\u00edbal no terreiro de M\u00e3e Mara, no bairro Funac\u00ea<\/figcaption><\/figure><\/div>\n\n\n\n<p>O candidato a vereador pelo PL, An\u00edbal, tem como uma de suas bandeiras de campanha a defesa da liberdade de culto e o combate \u00e0 intoler\u00e2ncia religiosa. Essa preocupa\u00e7\u00e3o diz respeito especialmente \u00e0s religi\u00f5es de matriz afro cujos praticantes t\u00eam sofrido cada vez mais ataques e manifesta\u00e7\u00f5es de intoler\u00e2ncia. Esta semana, em visita a diversos terreiros de S\u00e3o Lu\u00eds, An\u00edbal recebeu o apoio de pais e m\u00e3es de santo.<\/p>\n\n\n\n<p>&#8220;Em mem\u00f3ria, agradecimento e homenagem a tudo que Maria Victoria Santos da Silva fez, em vida, por mim, consagrei meu mandato de vereador em defesa e prote\u00e7\u00e3o dos membros das religi\u00f5es de matriz afro para que estes possam viver em paz e livremente com a sua f\u00e9&#8221;, tuitou recentemente o candidato a vereador. Maria Victoria era m\u00e3e de An\u00edbal e praticante de religi\u00e3o afro.<\/p>\n\n\n\n<div class=\"wp-block-image\"><figure class=\"aligncenter size-large\"><img decoding=\"async\" src=\"https:\/\/www.blogsoestado.com\/danielmatos\/files\/2020\/11\/IMG-20201113-WA0213-822x1024.jpg\" alt=\"\" class=\"wp-image-79784\"\/><figcaption>An\u00edbal em visita ao Pai Rico, no Anjo da Guarda<\/figcaption><\/figure><\/div>\n\n\n\n<p>O chefe do terreiro Danbir\u00e1, que fica na Vila Nova Rep\u00fablica, regi\u00e3o do Maracan\u00e3, Pai Lu\u00eds, afirma que An\u00edbal precisa ter uma cadeira na C\u00e2mara do Vereadores porque tem muitas ideias boas para ajudar a popula\u00e7\u00e3o carente. Pai Lu\u00eds ressalta o car\u00e1ter do candidato. &#8220;An\u00edbal \u00e9 nosso amigo, nosso companheiro. \u00c9 uma pessoa \u00edntegra, firme, honesta! Nosso voto vai ser dele!&#8221;, afirmou.<\/p>\n\n\n\n<div class=\"wp-block-image\"><figure class=\"aligncenter size-large\"><img decoding=\"async\" src=\"https:\/\/www.blogsoestado.com\/danielmatos\/files\/2020\/11\/IMG-20201113-WA0211-819x1024.jpg\" alt=\"\" class=\"wp-image-79783\"\/><figcaption>An\u00edbal com Dona Maria Rosa, do Terreiro do Justino, na Vila Embratel<\/figcaption><\/figure><\/div>\n\n\n\n<p>Dona Maria Rosa Nunes Campos, que \u00e9 do Terreiro do Justino, na Vila Embratel, tamb\u00e9m declarou apoio a An\u00edbal. &#8220;A m\u00e3e de An\u00edbal era pessoa da nossa religi\u00e3o. E o An\u00edbal tem sido uma pessoa maravilhosa que tem nos apoiado como pode&#8221;. disse.<\/p>\n\n\n\n<div class=\"wp-block-image\"><figure class=\"aligncenter size-large\"><img decoding=\"async\" src=\"https:\/\/www.blogsoestado.com\/danielmatos\/files\/2020\/11\/IMG-20201113-WA0219-1024x1024.jpg\" alt=\"\" class=\"wp-image-79790\"\/><figcaption>An\u00edbal prometeu consagrar o seu mandato de vereador em defesa do direito dos adeptos das religi\u00f5es de matriz africana<\/figcaption><\/figure><\/div>\n\n\n\n<p>O Hugo, do Terreiro de Mina Yl\u00ea ashe Oya Sapata, que \u00e9 morador da Vila Nova, no Sol Nascente, Ponta do Bonfim, destaca a dedica\u00e7\u00e3o de An\u00edbal. &#8220;\u00c9 uma pessoa que j\u00e1 contribuiu muito com a gente, que nos ajuda, que se dedica, que soluciona pequenos problemas que para n\u00f3s s\u00e3o muito grandes. Ele n\u00e3o mede esfor\u00e7os para vir aqui e o tanto de coisa que ele j\u00e1 fez por n\u00f3s sem estar eleito! Tenho certeza que se ele for eleito vai fazer muito mais. Aqui estamos todos com An\u00edbal&#8221;, festeja.<\/p>\n","protected":false},"excerpt":{"rendered":"<p>O candidato a vereador pelo PL, An\u00edbal, tem como uma de suas bandeiras de campanha a defesa da liberdade de [&hellip;]<\/p>\n","protected":false},"author":0,"featured_media":0,"comment_status":"open","ping_status":"open","sticky":false,"template":"","format":"standard","meta":{"site-sidebar-layout":"default","site-content-layout":"","ast-site-content-layout":"default","site-content-style":"default","site-sidebar-style":"default","ast-global-header-display":"","ast-banner-title-visibility":"","ast-main-header-display":"","ast-hfb-above-header-display":"","ast-hfb-below-header-display":"","ast-hfb-mobile-header-display":"","site-post-title":"","ast-breadcrumbs-content":"","ast-featured-img":"","footer-sml-layout":"","ast-disable-related-posts":"","theme-transparent-header-meta":"","adv-header-id-meta":"","stick-header-meta":"","header-above-stick-meta":"","header-main-stick-meta":"","header-below-stick-meta":"","astra-migrate-meta-layouts":"default","ast-page-background-enabled":"default","ast-page-background-meta":{"desktop":{"background-color":"var(--ast-global-color-5)","background-image":"","background-repeat":"repeat","background-position":"center center","background-size":"auto","background-attachment":"scroll","background-type":"","background-media":"","overlay-type":"","overlay-color":"","overlay-opacity":"","overlay-gradient":""},"tablet":{"background-color":"","background-image":"","background-repeat":"repeat","background-position":"center center","background-size":"auto","background-attachment":"scroll","background-type":"","background-media":"","overlay-type":"","overlay-color":"","overlay-opacity":"","overlay-gradient":""},"mobile":{"background-color":"","background-image":"","background-repeat":"repeat","background-position":"center center","background-size":"auto","background-attachment":"scroll","background-type":"","background-media":"","overlay-type":"","overlay-color":"","overlay-opacity":"","overlay-gradient":""}},"ast-content-background-meta":{"desktop":{"background-color":"var(--ast-global-color-4)","background-image":"","background-repeat":"repeat","background-position":"center center","background-size":"auto","background-attachment":"scroll","background-type":"","background-media":"","overlay-type":"","overlay-color":"","overlay-opacity":"","overlay-gradient":""},"tablet":{"background-color":"var(--ast-global-color-4)","background-image":"","background-repeat":"repeat","background-position":"center center","background-size":"auto","background-attachment":"scroll","background-type":"","background-media":"","overlay-type":"","overlay-color":"","overlay-opacity":"","overlay-gradient":""},"mobile":{"background-color":"var(--ast-global-color-4)","background-image":"","background-repeat":"repeat","background-position":"center center","background-size":"auto","background-attachment":"scroll","background-type":"","background-media":"","overlay-type":"","overlay-color":"","overlay-opacity":"","overlay-gradient":""}},"footnotes":""},"categories":[1],"tags":[],"class_list":["post-79781","post","type-post","status-publish","format-standard","hentry","category-sem-categoria"],"yoast_head":"<!-- This site is optimized with the Yoast SEO plugin v26.6 - https:\/\/yoast.com\/wordpress\/plugins\/seo\/ -->\n<title>An\u00edbal recebe apoio dos povos de terreiro em S\u00e3o Lu\u00eds - Daniel Matos<\/title>\n<meta name=\"robots\" content=\"index, follow, max-snippet:-1, max-image-preview:large, max-video-preview:-1\" \/>\n<link rel=\"canonical\" href=\"https:\/\/www.blogsoestado.com\/danielmatos\/anibal-recebe-apoio-dos-povos-de-terreiro-em-sao-luis\/\" \/>\n<meta property=\"og:locale\" content=\"pt_BR\" \/>\n<meta property=\"og:type\" content=\"article\" \/>\n<meta property=\"og:title\" content=\"An\u00edbal recebe apoio dos povos de terreiro em S\u00e3o Lu\u00eds - Daniel Matos\" \/>\n<meta property=\"og:description\" content=\"O candidato a vereador pelo PL, An\u00edbal, tem como uma de suas bandeiras de campanha a defesa da liberdade de [&hellip;]\" \/>\n<meta property=\"og:url\" content=\"https:\/\/www.blogsoestado.com\/danielmatos\/anibal-recebe-apoio-dos-povos-de-terreiro-em-sao-luis\/\" \/>\n<meta property=\"og:site_name\" content=\"Daniel Matos\" \/>\n<meta property=\"article:published_time\" content=\"2020-11-13T17:17:30+00:00\" \/>\n<meta property=\"og:image\" content=\"https:\/\/www.blogsoestado.com\/danielmatos\/files\/2020\/11\/IMG-20201113-WA0209.jpg\" \/>\n<meta name=\"twitter:card\" content=\"summary_large_image\" \/>\n<meta name=\"twitter:label1\" content=\"Est. tempo de leitura\" \/>\n\t<meta name=\"twitter:data1\" content=\"2 minutos\" \/>\n<script type=\"application\/ld+json\" class=\"yoast-schema-graph\">{\"@context\":\"https:\/\/schema.org\",\"@graph\":[{\"@type\":\"WebPage\",\"@id\":\"https:\/\/www.blogsoestado.com\/danielmatos\/anibal-recebe-apoio-dos-povos-de-terreiro-em-sao-luis\/\",\"url\":\"https:\/\/www.blogsoestado.com\/danielmatos\/anibal-recebe-apoio-dos-povos-de-terreiro-em-sao-luis\/\",\"name\":\"An\u00edbal recebe apoio dos povos de terreiro em S\u00e3o Lu\u00eds - Daniel Matos\",\"isPartOf\":{\"@id\":\"https:\/\/www.blogsoestado.com\/danielmatos\/#website\"},\"primaryImageOfPage\":{\"@id\":\"https:\/\/www.blogsoestado.com\/danielmatos\/anibal-recebe-apoio-dos-povos-de-terreiro-em-sao-luis\/#primaryimage\"},\"image\":{\"@id\":\"https:\/\/www.blogsoestado.com\/danielmatos\/anibal-recebe-apoio-dos-povos-de-terreiro-em-sao-luis\/#primaryimage\"},\"thumbnailUrl\":\"https:\/\/www.blogsoestado.com\/danielmatos\/files\/2020\/11\/IMG-20201113-WA0209.jpg\",\"datePublished\":\"2020-11-13T17:17:30+00:00\",\"author\":{\"@id\":\"\"},\"breadcrumb\":{\"@id\":\"https:\/\/www.blogsoestado.com\/danielmatos\/anibal-recebe-apoio-dos-povos-de-terreiro-em-sao-luis\/#breadcrumb\"},\"inLanguage\":\"pt-BR\",\"potentialAction\":[{\"@type\":\"ReadAction\",\"target\":[\"https:\/\/www.blogsoestado.com\/danielmatos\/anibal-recebe-apoio-dos-povos-de-terreiro-em-sao-luis\/\"]}]},{\"@type\":\"ImageObject\",\"inLanguage\":\"pt-BR\",\"@id\":\"https:\/\/www.blogsoestado.com\/danielmatos\/anibal-recebe-apoio-dos-povos-de-terreiro-em-sao-luis\/#primaryimage\",\"url\":\"https:\/\/www.blogsoestado.com\/danielmatos\/files\/2020\/11\/IMG-20201113-WA0209.jpg\",\"contentUrl\":\"https:\/\/www.blogsoestado.com\/danielmatos\/files\/2020\/11\/IMG-20201113-WA0209.jpg\"},{\"@type\":\"BreadcrumbList\",\"@id\":\"https:\/\/www.blogsoestado.com\/danielmatos\/anibal-recebe-apoio-dos-povos-de-terreiro-em-sao-luis\/#breadcrumb\",\"itemListElement\":[{\"@type\":\"ListItem\",\"position\":1,\"name\":\"In\u00edcio\",\"item\":\"https:\/\/www.blogsoestado.com\/danielmatos\/\"},{\"@type\":\"ListItem\",\"position\":2,\"name\":\"An\u00edbal recebe apoio dos povos de terreiro em S\u00e3o Lu\u00eds\"}]},{\"@type\":\"WebSite\",\"@id\":\"https:\/\/www.blogsoestado.com\/danielmatos\/#website\",\"url\":\"https:\/\/www.blogsoestado.com\/danielmatos\/\",\"name\":\"Daniel Matos\",\"description\":\"\",\"potentialAction\":[{\"@type\":\"SearchAction\",\"target\":{\"@type\":\"EntryPoint\",\"urlTemplate\":\"https:\/\/www.blogsoestado.com\/danielmatos\/?s={search_term_string}\"},\"query-input\":{\"@type\":\"PropertyValueSpecification\",\"valueRequired\":true,\"valueName\":\"search_term_string\"}}],\"inLanguage\":\"pt-BR\"}]}<\/script>\n<!-- \/ Yoast SEO plugin. -->","yoast_head_json":{"title":"An\u00edbal recebe apoio dos povos de terreiro em S\u00e3o Lu\u00eds - Daniel Matos","robots":{"index":"index","follow":"follow","max-snippet":"max-snippet:-1","max-image-preview":"max-image-preview:large","max-video-preview":"max-video-preview:-1"},"canonical":"https:\/\/www.blogsoestado.com\/danielmatos\/anibal-recebe-apoio-dos-povos-de-terreiro-em-sao-luis\/","og_locale":"pt_BR","og_type":"article","og_title":"An\u00edbal recebe apoio dos povos de terreiro em S\u00e3o Lu\u00eds - Daniel Matos","og_description":"O candidato a vereador pelo PL, An\u00edbal, tem como uma de suas bandeiras de campanha a defesa da liberdade de [&hellip;]","og_url":"https:\/\/www.blogsoestado.com\/danielmatos\/anibal-recebe-apoio-dos-povos-de-terreiro-em-sao-luis\/","og_site_name":"Daniel Matos","article_published_time":"2020-11-13T17:17:30+00:00","og_image":[{"url":"https:\/\/www.blogsoestado.com\/danielmatos\/files\/2020\/11\/IMG-20201113-WA0209.jpg","type":"","width":"","height":""}],"twitter_card":"summary_large_image","twitter_misc":{"Est. tempo de leitura":"2 minutos"},"schema":{"@context":"https:\/\/schema.org","@graph":[{"@type":"WebPage","@id":"https:\/\/www.blogsoestado.com\/danielmatos\/anibal-recebe-apoio-dos-povos-de-terreiro-em-sao-luis\/","url":"https:\/\/www.blogsoestado.com\/danielmatos\/anibal-recebe-apoio-dos-povos-de-terreiro-em-sao-luis\/","name":"An\u00edbal recebe apoio dos povos de terreiro em S\u00e3o Lu\u00eds - Daniel Matos","isPartOf":{"@id":"https:\/\/www.blogsoestado.com\/danielmatos\/#website"},"primaryImageOfPage":{"@id":"https:\/\/www.blogsoestado.com\/danielmatos\/anibal-recebe-apoio-dos-povos-de-terreiro-em-sao-luis\/#primaryimage"},"image":{"@id":"https:\/\/www.blogsoestado.com\/danielmatos\/anibal-recebe-apoio-dos-povos-de-terreiro-em-sao-luis\/#primaryimage"},"thumbnailUrl":"https:\/\/www.blogsoestado.com\/danielmatos\/files\/2020\/11\/IMG-20201113-WA0209.jpg","datePublished":"2020-11-13T17:17:30+00:00","author":{"@id":""},"breadcrumb":{"@id":"https:\/\/www.blogsoestado.com\/danielmatos\/anibal-recebe-apoio-dos-povos-de-terreiro-em-sao-luis\/#breadcrumb"},"inLanguage":"pt-BR","potentialAction":[{"@type":"ReadAction","target":["https:\/\/www.blogsoestado.com\/danielmatos\/anibal-recebe-apoio-dos-povos-de-terreiro-em-sao-luis\/"]}]},{"@type":"ImageObject","inLanguage":"pt-BR","@id":"https:\/\/www.blogsoestado.com\/danielmatos\/anibal-recebe-apoio-dos-povos-de-terreiro-em-sao-luis\/#primaryimage","url":"https:\/\/www.blogsoestado.com\/danielmatos\/files\/2020\/11\/IMG-20201113-WA0209.jpg","contentUrl":"https:\/\/www.blogsoestado.com\/danielmatos\/files\/2020\/11\/IMG-20201113-WA0209.jpg"},{"@type":"BreadcrumbList","@id":"https:\/\/www.blogsoestado.com\/danielmatos\/anibal-recebe-apoio-dos-povos-de-terreiro-em-sao-luis\/#breadcrumb","itemListElement":[{"@type":"ListItem","position":1,"name":"In\u00edcio","item":"https:\/\/www.blogsoestado.com\/danielmatos\/"},{"@type":"ListItem","position":2,"name":"An\u00edbal recebe apoio dos povos de terreiro em S\u00e3o Lu\u00eds"}]},{"@type":"WebSite","@id":"https:\/\/www.blogsoestado.com\/danielmatos\/#website","url":"https:\/\/www.blogsoestado.com\/danielmatos\/","name":"Daniel Matos","description":"","potentialAction":[{"@type":"SearchAction","target":{"@type":"EntryPoint","urlTemplate":"https:\/\/www.blogsoestado.com\/danielmatos\/?s={search_term_string}"},"query-input":{"@type":"PropertyValueSpecification","valueRequired":true,"valueName":"search_term_string"}}],"inLanguage":"pt-BR"}]}},"jetpack_featured_media_url":"","_links":{"self":[{"href":"https:\/\/www.blogsoestado.com\/danielmatos\/wp-json\/wp\/v2\/posts\/79781","targetHints":{"allow":["GET"]}}],"collection":[{"href":"https:\/\/www.blogsoestado.com\/danielmatos\/wp-json\/wp\/v2\/posts"}],"about":[{"href":"https:\/\/www.blogsoestado.com\/danielmatos\/wp-json\/wp\/v2\/types\/post"}],"replies":[{"embeddable":true,"href":"https:\/\/www.blogsoestado.com\/danielmatos\/wp-json\/wp\/v2\/comments?post=79781"}],"version-history":[{"count":0,"href":"https:\/\/www.blogsoestado.com\/danielmatos\/wp-json\/wp\/v2\/posts\/79781\/revisions"}],"wp:attachment":[{"href":"https:\/\/www.blogsoestado.com\/danielmatos\/wp-json\/wp\/v2\/media?parent=79781"}],"wp:term":[{"taxonomy":"category","embeddable":true,"href":"https:\/\/www.blogsoestado.com\/danielmatos\/wp-json\/wp\/v2\/categories?post=79781"},{"taxonomy":"post_tag","embeddable":true,"href":"https:\/\/www.blogsoestado.com\/danielmatos\/wp-json\/wp\/v2\/tags?post=79781"}],"curies":[{"name":"wp","href":"https:\/\/api.w.org\/{rel}","templated":true}]}}