{"id":79823,"date":"2020-11-13T19:23:32","date_gmt":"2020-11-13T22:23:32","guid":{"rendered":"https:\/\/www.blogsoestado.com\/danielmatos\/?p=79823"},"modified":"2020-11-13T19:23:32","modified_gmt":"2020-11-13T22:23:32","slug":"destaque-em-debates-yglesio-pode-ser-a-surpresa-das-eleicoes-em-sao-luis","status":"publish","type":"post","link":"https:\/\/www.blogsoestado.com\/danielmatos\/destaque-em-debates-yglesio-pode-ser-a-surpresa-das-eleicoes-em-sao-luis\/","title":{"rendered":"Destaque em debates, Ygl\u00e9sio pode ser a surpresa das elei\u00e7\u00f5es em S\u00e3o Lu\u00eds"},"content":{"rendered":"\n<div class=\"wp-block-image\"><figure class=\"aligncenter size-large\"><img decoding=\"async\" src=\"https:\/\/www.blogsoestado.com\/danielmatos\/files\/2020\/11\/IMG-20201113-WA0152-1024x683.jpg\" alt=\"\" class=\"wp-image-79824\"\/><figcaption>Ygl\u00e9sio melhorou desempenho a cada debate na campanha eleitoral<\/figcaption><\/figure><\/div>\n\n\n\n<p>O debate promovido pelo Sistema Difusora, com a participa\u00e7\u00e3o de seis dos dez candidatos a prefeito de S\u00e3o Lu\u00eds, marcou a passagem de Ygl\u00e9sio Moyses, que concorre \u00e0 vaga pelo Partido Republicano da Ordem Social (PROS), nas elei\u00e7\u00f5es municipais deste ano.<\/p>\n\n\n\n<p>O Ponto e V\u00edrgula foi a \u00faltima oportunidade na TV, at\u00e9 domingo dia da elei\u00e7\u00e3o, para que os ludovicenses avaliassem as habilidades pol\u00edticas, compet\u00eancias e propostas para a S\u00e3o Lu\u00eds, inseridas no plano de governo dos candidatos. Ygl\u00e9sio foi quem melhor soube administrar o tempo, n\u00e3o entrou no jogo do Franklin Douglas e do Neto Evangelista e, mesmo quando debateu com Jeisael, n\u00e3o precisou fazer m\u00e9dia em mostrar a realidade da cidade, n\u00e3o de maneira pessimista, como disse ele, mas que n\u00e3o seja para iludir o eleitor com propostas que n\u00e3o ser\u00e3o cumpridas, como j\u00e1 \u00e9 praxe dos demais candidatos.<\/p>\n\n\n\n<p>Ygl\u00e9sio, assim como Jeisael, manteve uma postura tranquila, assertiva, e mesmo n\u00e3o tenho a chance de ganhar por nocaute ou goleada, j\u00e1 que ele foi deixado de lado na manobra dos candidatos do cons\u00f3rcio, h\u00e1 de convir que ele chega at\u00e9 essa reta final, muito maior, como o destaque e com visibilidade e reconhecimento como o nome que, para a opini\u00e3o p\u00fablica, vir\u00e1 a surpreender na abertura das urnas eleitorais.<\/p>\n\n\n\n<p>O candidato voltou a lembrar dos n\u00fameros das pesquisas \u2018estimuladas\u2019 por institutos bancados por seus advers\u00e1rios, pr\u00e1tica da chamada \u2018velha pol\u00edtica\u2019 e disse que h\u00e1 uma grande parcela do eleitorado ainda sem op\u00e7\u00e3o de voto. \u201cNuma disputa em que as pesquisas se mostram tendenciosas, o que temos visto nas ruas \u00e9 diferente, \u00e9 pulsante, cheio de esperan\u00e7a e que representa a realidade do que as pessoas sonham para a sua cidade\u201d, disse ele nas considera\u00e7\u00f5es finais do debate.<\/p>\n\n\n\n<p>H\u00e1 de dar a C\u00e9sar o que \u00e9 de C\u00e9sar: Ygl\u00e9sio \u00e9 um bom pol\u00edtico, competente e tarimbado quando se trata de gest\u00e3o p\u00fablica. Seu plano de governo foi gerado a partir de estudos t\u00e9cnicos, dados estat\u00edsticos, pesquisas e projetos que deram certo em regi\u00f5es com o mesmo perfil da capital. Diferentemente da maioria dos seus oponentes, ele est\u00e1 diariamente consultando pacientes, recebendo as queixas da popula\u00e7\u00e3o e \u00e9 profundo conhecedor dos anseios da cidade de S\u00e3o Lu\u00eds.<\/p>\n\n\n\n<p>Agora \u00e9 aguardar a contagem de votos. S\u00f3 ent\u00e3o, a popula\u00e7\u00e3o ter\u00e1 o entendimento dos rumos de S\u00e3o Lu\u00eds.<\/p>\n","protected":false},"excerpt":{"rendered":"<p>O debate promovido pelo Sistema Difusora, com a participa\u00e7\u00e3o de seis dos dez candidatos a prefeito de S\u00e3o Lu\u00eds, marcou [&hellip;]<\/p>\n","protected":false},"author":0,"featured_media":0,"comment_status":"open","ping_status":"open","sticky":false,"template":"","format":"standard","meta":{"site-sidebar-layout":"default","site-content-layout":"","ast-site-content-layout":"default","site-content-style":"default","site-sidebar-style":"default","ast-global-header-display":"","ast-banner-title-visibility":"","ast-main-header-display":"","ast-hfb-above-header-display":"","ast-hfb-below-header-display":"","ast-hfb-mobile-header-display":"","site-post-title":"","ast-breadcrumbs-content":"","ast-featured-img":"","footer-sml-layout":"","ast-disable-related-posts":"","theme-transparent-header-meta":"","adv-header-id-meta":"","stick-header-meta":"","header-above-stick-meta":"","header-main-stick-meta":"","header-below-stick-meta":"","astra-migrate-meta-layouts":"default","ast-page-background-enabled":"default","ast-page-background-meta":{"desktop":{"background-color":"var(--ast-global-color-5)","background-image":"","background-repeat":"repeat","background-position":"center center","background-size":"auto","background-attachment":"scroll","background-type":"","background-media":"","overlay-type":"","overlay-color":"","overlay-opacity":"","overlay-gradient":""},"tablet":{"background-color":"","background-image":"","background-repeat":"repeat","background-position":"center center","background-size":"auto","background-attachment":"scroll","background-type":"","background-media":"","overlay-type":"","overlay-color":"","overlay-opacity":"","overlay-gradient":""},"mobile":{"background-color":"","background-image":"","background-repeat":"repeat","background-position":"center center","background-size":"auto","background-attachment":"scroll","background-type":"","background-media":"","overlay-type":"","overlay-color":"","overlay-opacity":"","overlay-gradient":""}},"ast-content-background-meta":{"desktop":{"background-color":"var(--ast-global-color-4)","background-image":"","background-repeat":"repeat","background-position":"center center","background-size":"auto","background-attachment":"scroll","background-type":"","background-media":"","overlay-type":"","overlay-color":"","overlay-opacity":"","overlay-gradient":""},"tablet":{"background-color":"var(--ast-global-color-4)","background-image":"","background-repeat":"repeat","background-position":"center center","background-size":"auto","background-attachment":"scroll","background-type":"","background-media":"","overlay-type":"","overlay-color":"","overlay-opacity":"","overlay-gradient":""},"mobile":{"background-color":"var(--ast-global-color-4)","background-image":"","background-repeat":"repeat","background-position":"center center","background-size":"auto","background-attachment":"scroll","background-type":"","background-media":"","overlay-type":"","overlay-color":"","overlay-opacity":"","overlay-gradient":""}},"footnotes":""},"categories":[1],"tags":[],"class_list":["post-79823","post","type-post","status-publish","format-standard","hentry","category-sem-categoria"],"yoast_head":"<!-- This site is optimized with the Yoast SEO plugin v26.6 - https:\/\/yoast.com\/wordpress\/plugins\/seo\/ -->\n<title>Destaque em debates, Ygl\u00e9sio pode ser a surpresa das elei\u00e7\u00f5es em S\u00e3o Lu\u00eds - Daniel Matos<\/title>\n<meta name=\"robots\" content=\"index, follow, max-snippet:-1, max-image-preview:large, max-video-preview:-1\" \/>\n<link rel=\"canonical\" href=\"https:\/\/www.blogsoestado.com\/danielmatos\/destaque-em-debates-yglesio-pode-ser-a-surpresa-das-eleicoes-em-sao-luis\/\" \/>\n<meta property=\"og:locale\" content=\"pt_BR\" \/>\n<meta property=\"og:type\" content=\"article\" \/>\n<meta property=\"og:title\" content=\"Destaque em debates, Ygl\u00e9sio pode ser a surpresa das elei\u00e7\u00f5es em S\u00e3o Lu\u00eds - Daniel Matos\" \/>\n<meta property=\"og:description\" content=\"O debate promovido pelo Sistema Difusora, com a participa\u00e7\u00e3o de seis dos dez candidatos a prefeito de S\u00e3o Lu\u00eds, marcou [&hellip;]\" \/>\n<meta property=\"og:url\" content=\"https:\/\/www.blogsoestado.com\/danielmatos\/destaque-em-debates-yglesio-pode-ser-a-surpresa-das-eleicoes-em-sao-luis\/\" \/>\n<meta property=\"og:site_name\" content=\"Daniel Matos\" \/>\n<meta property=\"article:published_time\" content=\"2020-11-13T22:23:32+00:00\" \/>\n<meta property=\"og:image\" content=\"https:\/\/www.blogsoestado.com\/danielmatos\/files\/2020\/11\/IMG-20201113-WA0152-1024x683.jpg\" \/>\n<meta name=\"twitter:card\" content=\"summary_large_image\" \/>\n<meta name=\"twitter:label1\" content=\"Est. tempo de leitura\" \/>\n\t<meta name=\"twitter:data1\" content=\"2 minutos\" \/>\n<script type=\"application\/ld+json\" class=\"yoast-schema-graph\">{\"@context\":\"https:\/\/schema.org\",\"@graph\":[{\"@type\":\"WebPage\",\"@id\":\"https:\/\/www.blogsoestado.com\/danielmatos\/destaque-em-debates-yglesio-pode-ser-a-surpresa-das-eleicoes-em-sao-luis\/\",\"url\":\"https:\/\/www.blogsoestado.com\/danielmatos\/destaque-em-debates-yglesio-pode-ser-a-surpresa-das-eleicoes-em-sao-luis\/\",\"name\":\"Destaque em debates, Ygl\u00e9sio pode ser a surpresa das elei\u00e7\u00f5es em S\u00e3o Lu\u00eds - Daniel Matos\",\"isPartOf\":{\"@id\":\"https:\/\/www.blogsoestado.com\/danielmatos\/#website\"},\"primaryImageOfPage\":{\"@id\":\"https:\/\/www.blogsoestado.com\/danielmatos\/destaque-em-debates-yglesio-pode-ser-a-surpresa-das-eleicoes-em-sao-luis\/#primaryimage\"},\"image\":{\"@id\":\"https:\/\/www.blogsoestado.com\/danielmatos\/destaque-em-debates-yglesio-pode-ser-a-surpresa-das-eleicoes-em-sao-luis\/#primaryimage\"},\"thumbnailUrl\":\"https:\/\/www.blogsoestado.com\/danielmatos\/files\/2020\/11\/IMG-20201113-WA0152-1024x683.jpg\",\"datePublished\":\"2020-11-13T22:23:32+00:00\",\"author\":{\"@id\":\"\"},\"breadcrumb\":{\"@id\":\"https:\/\/www.blogsoestado.com\/danielmatos\/destaque-em-debates-yglesio-pode-ser-a-surpresa-das-eleicoes-em-sao-luis\/#breadcrumb\"},\"inLanguage\":\"pt-BR\",\"potentialAction\":[{\"@type\":\"ReadAction\",\"target\":[\"https:\/\/www.blogsoestado.com\/danielmatos\/destaque-em-debates-yglesio-pode-ser-a-surpresa-das-eleicoes-em-sao-luis\/\"]}]},{\"@type\":\"ImageObject\",\"inLanguage\":\"pt-BR\",\"@id\":\"https:\/\/www.blogsoestado.com\/danielmatos\/destaque-em-debates-yglesio-pode-ser-a-surpresa-das-eleicoes-em-sao-luis\/#primaryimage\",\"url\":\"https:\/\/www.blogsoestado.com\/danielmatos\/files\/2020\/11\/IMG-20201113-WA0152-1024x683.jpg\",\"contentUrl\":\"https:\/\/www.blogsoestado.com\/danielmatos\/files\/2020\/11\/IMG-20201113-WA0152-1024x683.jpg\"},{\"@type\":\"BreadcrumbList\",\"@id\":\"https:\/\/www.blogsoestado.com\/danielmatos\/destaque-em-debates-yglesio-pode-ser-a-surpresa-das-eleicoes-em-sao-luis\/#breadcrumb\",\"itemListElement\":[{\"@type\":\"ListItem\",\"position\":1,\"name\":\"In\u00edcio\",\"item\":\"https:\/\/www.blogsoestado.com\/danielmatos\/\"},{\"@type\":\"ListItem\",\"position\":2,\"name\":\"Destaque em debates, Ygl\u00e9sio pode ser a surpresa das elei\u00e7\u00f5es em S\u00e3o Lu\u00eds\"}]},{\"@type\":\"WebSite\",\"@id\":\"https:\/\/www.blogsoestado.com\/danielmatos\/#website\",\"url\":\"https:\/\/www.blogsoestado.com\/danielmatos\/\",\"name\":\"Daniel Matos\",\"description\":\"\",\"potentialAction\":[{\"@type\":\"SearchAction\",\"target\":{\"@type\":\"EntryPoint\",\"urlTemplate\":\"https:\/\/www.blogsoestado.com\/danielmatos\/?s={search_term_string}\"},\"query-input\":{\"@type\":\"PropertyValueSpecification\",\"valueRequired\":true,\"valueName\":\"search_term_string\"}}],\"inLanguage\":\"pt-BR\"}]}<\/script>\n<!-- \/ Yoast SEO plugin. -->","yoast_head_json":{"title":"Destaque em debates, Ygl\u00e9sio pode ser a surpresa das elei\u00e7\u00f5es em S\u00e3o Lu\u00eds - Daniel Matos","robots":{"index":"index","follow":"follow","max-snippet":"max-snippet:-1","max-image-preview":"max-image-preview:large","max-video-preview":"max-video-preview:-1"},"canonical":"https:\/\/www.blogsoestado.com\/danielmatos\/destaque-em-debates-yglesio-pode-ser-a-surpresa-das-eleicoes-em-sao-luis\/","og_locale":"pt_BR","og_type":"article","og_title":"Destaque em debates, Ygl\u00e9sio pode ser a surpresa das elei\u00e7\u00f5es em S\u00e3o Lu\u00eds - Daniel Matos","og_description":"O debate promovido pelo Sistema Difusora, com a participa\u00e7\u00e3o de seis dos dez candidatos a prefeito de S\u00e3o Lu\u00eds, marcou [&hellip;]","og_url":"https:\/\/www.blogsoestado.com\/danielmatos\/destaque-em-debates-yglesio-pode-ser-a-surpresa-das-eleicoes-em-sao-luis\/","og_site_name":"Daniel Matos","article_published_time":"2020-11-13T22:23:32+00:00","og_image":[{"url":"https:\/\/www.blogsoestado.com\/danielmatos\/files\/2020\/11\/IMG-20201113-WA0152-1024x683.jpg","type":"","width":"","height":""}],"twitter_card":"summary_large_image","twitter_misc":{"Est. tempo de leitura":"2 minutos"},"schema":{"@context":"https:\/\/schema.org","@graph":[{"@type":"WebPage","@id":"https:\/\/www.blogsoestado.com\/danielmatos\/destaque-em-debates-yglesio-pode-ser-a-surpresa-das-eleicoes-em-sao-luis\/","url":"https:\/\/www.blogsoestado.com\/danielmatos\/destaque-em-debates-yglesio-pode-ser-a-surpresa-das-eleicoes-em-sao-luis\/","name":"Destaque em debates, Ygl\u00e9sio pode ser a surpresa das elei\u00e7\u00f5es em S\u00e3o Lu\u00eds - Daniel Matos","isPartOf":{"@id":"https:\/\/www.blogsoestado.com\/danielmatos\/#website"},"primaryImageOfPage":{"@id":"https:\/\/www.blogsoestado.com\/danielmatos\/destaque-em-debates-yglesio-pode-ser-a-surpresa-das-eleicoes-em-sao-luis\/#primaryimage"},"image":{"@id":"https:\/\/www.blogsoestado.com\/danielmatos\/destaque-em-debates-yglesio-pode-ser-a-surpresa-das-eleicoes-em-sao-luis\/#primaryimage"},"thumbnailUrl":"https:\/\/www.blogsoestado.com\/danielmatos\/files\/2020\/11\/IMG-20201113-WA0152-1024x683.jpg","datePublished":"2020-11-13T22:23:32+00:00","author":{"@id":""},"breadcrumb":{"@id":"https:\/\/www.blogsoestado.com\/danielmatos\/destaque-em-debates-yglesio-pode-ser-a-surpresa-das-eleicoes-em-sao-luis\/#breadcrumb"},"inLanguage":"pt-BR","potentialAction":[{"@type":"ReadAction","target":["https:\/\/www.blogsoestado.com\/danielmatos\/destaque-em-debates-yglesio-pode-ser-a-surpresa-das-eleicoes-em-sao-luis\/"]}]},{"@type":"ImageObject","inLanguage":"pt-BR","@id":"https:\/\/www.blogsoestado.com\/danielmatos\/destaque-em-debates-yglesio-pode-ser-a-surpresa-das-eleicoes-em-sao-luis\/#primaryimage","url":"https:\/\/www.blogsoestado.com\/danielmatos\/files\/2020\/11\/IMG-20201113-WA0152-1024x683.jpg","contentUrl":"https:\/\/www.blogsoestado.com\/danielmatos\/files\/2020\/11\/IMG-20201113-WA0152-1024x683.jpg"},{"@type":"BreadcrumbList","@id":"https:\/\/www.blogsoestado.com\/danielmatos\/destaque-em-debates-yglesio-pode-ser-a-surpresa-das-eleicoes-em-sao-luis\/#breadcrumb","itemListElement":[{"@type":"ListItem","position":1,"name":"In\u00edcio","item":"https:\/\/www.blogsoestado.com\/danielmatos\/"},{"@type":"ListItem","position":2,"name":"Destaque em debates, Ygl\u00e9sio pode ser a surpresa das elei\u00e7\u00f5es em S\u00e3o Lu\u00eds"}]},{"@type":"WebSite","@id":"https:\/\/www.blogsoestado.com\/danielmatos\/#website","url":"https:\/\/www.blogsoestado.com\/danielmatos\/","name":"Daniel Matos","description":"","potentialAction":[{"@type":"SearchAction","target":{"@type":"EntryPoint","urlTemplate":"https:\/\/www.blogsoestado.com\/danielmatos\/?s={search_term_string}"},"query-input":{"@type":"PropertyValueSpecification","valueRequired":true,"valueName":"search_term_string"}}],"inLanguage":"pt-BR"}]}},"jetpack_featured_media_url":"","_links":{"self":[{"href":"https:\/\/www.blogsoestado.com\/danielmatos\/wp-json\/wp\/v2\/posts\/79823","targetHints":{"allow":["GET"]}}],"collection":[{"href":"https:\/\/www.blogsoestado.com\/danielmatos\/wp-json\/wp\/v2\/posts"}],"about":[{"href":"https:\/\/www.blogsoestado.com\/danielmatos\/wp-json\/wp\/v2\/types\/post"}],"replies":[{"embeddable":true,"href":"https:\/\/www.blogsoestado.com\/danielmatos\/wp-json\/wp\/v2\/comments?post=79823"}],"version-history":[{"count":0,"href":"https:\/\/www.blogsoestado.com\/danielmatos\/wp-json\/wp\/v2\/posts\/79823\/revisions"}],"wp:attachment":[{"href":"https:\/\/www.blogsoestado.com\/danielmatos\/wp-json\/wp\/v2\/media?parent=79823"}],"wp:term":[{"taxonomy":"category","embeddable":true,"href":"https:\/\/www.blogsoestado.com\/danielmatos\/wp-json\/wp\/v2\/categories?post=79823"},{"taxonomy":"post_tag","embeddable":true,"href":"https:\/\/www.blogsoestado.com\/danielmatos\/wp-json\/wp\/v2\/tags?post=79823"}],"curies":[{"name":"wp","href":"https:\/\/api.w.org\/{rel}","templated":true}]}}