{"id":79845,"date":"2020-11-14T14:11:09","date_gmt":"2020-11-14T17:11:09","guid":{"rendered":"https:\/\/www.blogsoestado.com\/danielmatos\/?p=79845"},"modified":"2020-11-14T14:11:09","modified_gmt":"2020-11-14T17:11:09","slug":"campanha-de-cricielle-13-123-reanima-a-politica-e-legitima-projeto-de-mandato-popular-em-sao-luis","status":"publish","type":"post","link":"https:\/\/www.blogsoestado.com\/danielmatos\/campanha-de-cricielle-13-123-reanima-a-politica-e-legitima-projeto-de-mandato-popular-em-sao-luis\/","title":{"rendered":"Campanha de Cricielle 13.123 reanima a pol\u00edtica e legitima projeto de mandato popular em S\u00e3o Lu\u00eds"},"content":{"rendered":"\n<div class=\"wp-block-image\"><figure class=\"aligncenter size-large\"><img decoding=\"async\" src=\"https:\/\/www.blogsoestado.com\/danielmatos\/files\/2020\/11\/IMG-20201114-WA0088-1.jpg\" alt=\"\" class=\"wp-image-79847\"\/><figcaption>Cricielle fez campanha de rua intensa, baseada no di\u00e1logo com os eleitores<\/figcaption><\/figure><\/div>\n\n\n\n<p><br>Em um cen\u00e1rio em que a viola\u00e7\u00e3o de direitos de negros cresce 17%, com o governo escondendo dados sobre viol\u00eancia policial, e em que uma mulher est\u00e1 sendo morta a cada nove horas durante a pandemia no Brasil, a campanha a vereadora de Cricielle 13.123 se mostrou corajosa, aguerrida e, antes de tudo, identificada com os anseios da popula\u00e7\u00e3o de S\u00e3o Lu\u00eds, em especial em suas \u00e1reas perif\u00e9ricas e mais vulner\u00e1veis.<\/p>\n\n\n\n<div class=\"wp-block-image\"><figure class=\"aligncenter size-large\"><img decoding=\"async\" src=\"https:\/\/www.blogsoestado.com\/danielmatos\/files\/2020\/11\/IMG-20201114-WA0090.jpg\" alt=\"\" class=\"wp-image-79849\"\/><figcaption>Crcielle a sua milit\u00e2ncia em visita a comunidade de S\u00e3o Lu\u00eds<\/figcaption><\/figure><\/div>\n\n\n\n<p>\u201cA nossa campanha voltou a conectar as pessoas com a pol\u00edtica e, independente do resultado, isso \u00e9 algo que vai se estender para al\u00e9m dos 45 dias de campanha, com certeza. A transforma\u00e7\u00e3o social deve come\u00e7ar a partir da mobiliza\u00e7\u00e3o da periferia, da juventude, das mulheres e dos mais vulner\u00e1veis. A periferia \u00e9 vista como minoria, mas ela precisa ocupar os espa\u00e7os de tomada de decis\u00e3o. Minoria como grupos sociais historicamente exclu\u00eddos do processo de garantia dos direitos b\u00e1sicos por quest\u00f5es \u00e9tnicas, de origem, por quest\u00f5es financeiras e por quest\u00f5es de g\u00eanero e sexualidade. Mas nunca minoria num\u00e9rica\u201d, avalia Cricielle.<\/p>\n\n\n\n<div class=\"wp-block-image\"><figure class=\"aligncenter size-large\"><img decoding=\"async\" src=\"https:\/\/www.blogsoestado.com\/danielmatos\/files\/2020\/11\/IMG-20201114-WA0089.jpg\" alt=\"\" class=\"wp-image-79850\"\/><figcaption>Juventude ap\u00f3ia em peso a candidatura de Cricielle a vereadora de S\u00e3o Lu\u00eds<\/figcaption><\/figure><\/div>\n\n\n\n<p>A verdade \u00e9 que a candidatura se espalhou e tomou conta da cidade. \u201cPessoas de diferentes bairros que encontrei, antes de me apresentar j\u00e1 me falavam: te olhei na tv, j\u00e1 te sigo nas redes sociais, vou votar em ti. E muitas dessas pessoas passaram a fazer parte da nossa equipe, s\u00e3o pessoas de diversas \u00e1reas profissionais, como advogadas (os), m\u00e9dicas (os), artistas visuais, nutricionistas, designers, fot\u00f3grafas (os), administradoras (os), jornalistas, antrop\u00f3logas (os), que independente de suas forma\u00e7\u00f5es, se tornaram militantes que compartilham da mesma coragem de transformar S\u00e3o Lu\u00eds\u201d, diz a candidata.<\/p>\n\n\n\n<div class=\"wp-block-image\"><figure class=\"aligncenter size-large\"><img decoding=\"async\" src=\"https:\/\/www.blogsoestado.com\/danielmatos\/files\/2020\/11\/IMG-20201114-WA0091.jpg\" alt=\"\" class=\"wp-image-79851\"\/><figcaption>Cricielle fez uma campanha vibrante, com n\u00famero expressivo e crescente de ades\u00f5es<\/figcaption><\/figure><\/div>\n\n\n\n<p>Esse movimento vem ao encontro do entendimento de que a proposta de mandato popular da candidatura de Cricielle 13.123 s\u00f3 poderia ser constru\u00edda com o apoio significativo de pessoas de diversos meios sociais, g\u00eaneros, classes e ramos profissionais, o que legitima ainda mais o projeto legislativo.<br>A advogada Aline Aguiar conta como se engajou na campanha. &#8220;Conheci a Cricielle pelas redes sociais e gostei muito da forma com que ela se expressava, temos muitos pensamentos e coisas em comum. S\u00f3 depois descobri que ela estava como candidata a vereadora, a\u00ed fui procurar as propostas, as ideias e isso realmente me deixou muito feliz e me fez entrar pro time. N\u00f3s estamos em busca de uma representante nossa, algu\u00e9m que vai trazer frutos pra todas as mulheres e que seja do povo, negra e da periferia. Por isso eu acredito e confio na Cricielle&#8221;.<\/p>\n\n\n\n<p>A campanha chega ao final, fechando um ciclo que se caracteriza como um projeto participativo e popular, pois encoraja a voz da periferia a ecoar pela cidade, e traz mais alegria e esperan\u00e7a a todos que t\u00eam apostado no discurso de uma mulher negra e progressista, disposta a assumir seu lugar de direito nos lugares de decis\u00e3o, nas esferas do poder.<br>A professora e educadora social Camila Salazar fala dessa ocupa\u00e7\u00e3o de espa\u00e7os que precisa acontecer. &#8220;Conheci a Cricielle nos movimentos sociais de mulheres. O discurso motivador, empoderador que potencializa a voz da mulher negra foi o que me chamou a aten\u00e7\u00e3o. A popula\u00e7\u00e3o negra precisa estar em todos os espa\u00e7os de decis\u00e3o, rompendo os silenciamentos e as barreiras institucionais&#8221;, afirma.<\/p>\n\n\n\n<p><strong>Quem \u00e9 Cricielle<\/strong><\/p>\n\n\n\n<div class=\"wp-block-image\"><figure class=\"aligncenter size-large\"><img decoding=\"async\" src=\"https:\/\/www.blogsoestado.com\/danielmatos\/files\/2020\/11\/IMG-20201114-WA0092.jpg\" alt=\"\" class=\"wp-image-79853\"\/><figcaption>Cricielle apresentou sua propostas de forma Fran\u00e7a e foi sempre bem recebida pelos eleitores<\/figcaption><\/figure><\/div>\n\n\n\n<p>Jovem, negra, da periferia, evang\u00e9lica, bacharel em Direito e oriunda dos movimentos sociais, a candidata a vereadora Cricielle 13.123 (PT) foi, sem d\u00favida, a maior novidade da campanha de 2020. Moradora do S\u00e3o Francisco\/ Ilhinha, filha de m\u00e3e trabalhadora dom\u00e9stica e pai pedreiro, foi criada junto com seis irm\u00e3os. Estudou em escola p\u00fablica, at\u00e9 chegar ao curso superior em Direito, onde formou-se.<\/p>\n\n\n\n<p>O nome de Cricielle foi indicado como candidata a vereadora de S\u00e3o Lu\u00eds pelo Partido dos Trabalhadores (as) por militantes petistas, estudantes, intelectuais, profissionais liberais, sindicalistas, mulheres, negros\/as da cultura e o conjunto de movimentos sociais. Crici foi a primeira jovem mulher negra maranhense a integrar a c\u00fapula nacional do PT, compondo a executiva nacional via elei\u00e7\u00f5es diretas do partido, conhecidas como Processo de Elei\u00e7\u00f5es Diretas \u2013 PED, pela sua hist\u00f3ria de luta e milit\u00e2ncia na constru\u00e7\u00e3o dos projetos da agremia\u00e7\u00e3o.<br>Com experi\u00eancia nos movimentos sociais, Cricielle 13.123 foi coordenadora estadual do Servi\u00e7o Travessia; coordenadora estadual dos Objetivos do Desenvolvimento do Mil\u00eanio e Objetivos do Desenvolvimento Sustent\u00e1vel; Chefe de Gabinete na Secretaria de Estado de Desenvolvimento Social; Chefe de Gabinete da Secretaria de Estado de Assuntos Institucionais e ex- Conselheira Municipal de Juventude.<\/p>\n","protected":false},"excerpt":{"rendered":"<p>Em um cen\u00e1rio em que a viola\u00e7\u00e3o de direitos de negros cresce 17%, com o governo escondendo dados sobre viol\u00eancia [&hellip;]<\/p>\n","protected":false},"author":0,"featured_media":0,"comment_status":"open","ping_status":"open","sticky":false,"template":"","format":"standard","meta":{"site-sidebar-layout":"default","site-content-layout":"","ast-site-content-layout":"default","site-content-style":"default","site-sidebar-style":"default","ast-global-header-display":"","ast-banner-title-visibility":"","ast-main-header-display":"","ast-hfb-above-header-display":"","ast-hfb-below-header-display":"","ast-hfb-mobile-header-display":"","site-post-title":"","ast-breadcrumbs-content":"","ast-featured-img":"","footer-sml-layout":"","ast-disable-related-posts":"","theme-transparent-header-meta":"","adv-header-id-meta":"","stick-header-meta":"","header-above-stick-meta":"","header-main-stick-meta":"","header-below-stick-meta":"","astra-migrate-meta-layouts":"default","ast-page-background-enabled":"default","ast-page-background-meta":{"desktop":{"background-color":"var(--ast-global-color-5)","background-image":"","background-repeat":"repeat","background-position":"center center","background-size":"auto","background-attachment":"scroll","background-type":"","background-media":"","overlay-type":"","overlay-color":"","overlay-opacity":"","overlay-gradient":""},"tablet":{"background-color":"","background-image":"","background-repeat":"repeat","background-position":"center center","background-size":"auto","background-attachment":"scroll","background-type":"","background-media":"","overlay-type":"","overlay-color":"","overlay-opacity":"","overlay-gradient":""},"mobile":{"background-color":"","background-image":"","background-repeat":"repeat","background-position":"center center","background-size":"auto","background-attachment":"scroll","background-type":"","background-media":"","overlay-type":"","overlay-color":"","overlay-opacity":"","overlay-gradient":""}},"ast-content-background-meta":{"desktop":{"background-color":"var(--ast-global-color-4)","background-image":"","background-repeat":"repeat","background-position":"center center","background-size":"auto","background-attachment":"scroll","background-type":"","background-media":"","overlay-type":"","overlay-color":"","overlay-opacity":"","overlay-gradient":""},"tablet":{"background-color":"var(--ast-global-color-4)","background-image":"","background-repeat":"repeat","background-position":"center center","background-size":"auto","background-attachment":"scroll","background-type":"","background-media":"","overlay-type":"","overlay-color":"","overlay-opacity":"","overlay-gradient":""},"mobile":{"background-color":"var(--ast-global-color-4)","background-image":"","background-repeat":"repeat","background-position":"center center","background-size":"auto","background-attachment":"scroll","background-type":"","background-media":"","overlay-type":"","overlay-color":"","overlay-opacity":"","overlay-gradient":""}},"footnotes":""},"categories":[1],"tags":[],"class_list":["post-79845","post","type-post","status-publish","format-standard","hentry","category-sem-categoria"],"yoast_head":"<!-- This site is optimized with the Yoast SEO plugin v26.6 - https:\/\/yoast.com\/wordpress\/plugins\/seo\/ -->\n<title>Campanha de Cricielle 13.123 reanima a pol\u00edtica e legitima projeto de mandato popular em S\u00e3o Lu\u00eds - Daniel Matos<\/title>\n<meta name=\"robots\" content=\"index, follow, max-snippet:-1, max-image-preview:large, max-video-preview:-1\" \/>\n<link rel=\"canonical\" href=\"https:\/\/www.blogsoestado.com\/danielmatos\/campanha-de-cricielle-13-123-reanima-a-politica-e-legitima-projeto-de-mandato-popular-em-sao-luis\/\" \/>\n<meta property=\"og:locale\" content=\"pt_BR\" \/>\n<meta property=\"og:type\" content=\"article\" \/>\n<meta property=\"og:title\" content=\"Campanha de Cricielle 13.123 reanima a pol\u00edtica e legitima projeto de mandato popular em S\u00e3o Lu\u00eds - Daniel Matos\" \/>\n<meta property=\"og:description\" content=\"Em um cen\u00e1rio em que a viola\u00e7\u00e3o de direitos de negros cresce 17%, com o governo escondendo dados sobre viol\u00eancia [&hellip;]\" \/>\n<meta property=\"og:url\" content=\"https:\/\/www.blogsoestado.com\/danielmatos\/campanha-de-cricielle-13-123-reanima-a-politica-e-legitima-projeto-de-mandato-popular-em-sao-luis\/\" \/>\n<meta property=\"og:site_name\" content=\"Daniel Matos\" \/>\n<meta property=\"article:published_time\" content=\"2020-11-14T17:11:09+00:00\" \/>\n<meta property=\"og:image\" content=\"https:\/\/www.blogsoestado.com\/danielmatos\/files\/2020\/11\/IMG-20201114-WA0088-1.jpg\" \/>\n<meta name=\"twitter:card\" content=\"summary_large_image\" \/>\n<meta name=\"twitter:label1\" content=\"Est. tempo de leitura\" \/>\n\t<meta name=\"twitter:data1\" content=\"4 minutos\" \/>\n<script type=\"application\/ld+json\" class=\"yoast-schema-graph\">{\"@context\":\"https:\/\/schema.org\",\"@graph\":[{\"@type\":\"WebPage\",\"@id\":\"https:\/\/www.blogsoestado.com\/danielmatos\/campanha-de-cricielle-13-123-reanima-a-politica-e-legitima-projeto-de-mandato-popular-em-sao-luis\/\",\"url\":\"https:\/\/www.blogsoestado.com\/danielmatos\/campanha-de-cricielle-13-123-reanima-a-politica-e-legitima-projeto-de-mandato-popular-em-sao-luis\/\",\"name\":\"Campanha de Cricielle 13.123 reanima a pol\u00edtica e legitima projeto de mandato popular em S\u00e3o Lu\u00eds - Daniel Matos\",\"isPartOf\":{\"@id\":\"https:\/\/www.blogsoestado.com\/danielmatos\/#website\"},\"primaryImageOfPage\":{\"@id\":\"https:\/\/www.blogsoestado.com\/danielmatos\/campanha-de-cricielle-13-123-reanima-a-politica-e-legitima-projeto-de-mandato-popular-em-sao-luis\/#primaryimage\"},\"image\":{\"@id\":\"https:\/\/www.blogsoestado.com\/danielmatos\/campanha-de-cricielle-13-123-reanima-a-politica-e-legitima-projeto-de-mandato-popular-em-sao-luis\/#primaryimage\"},\"thumbnailUrl\":\"https:\/\/www.blogsoestado.com\/danielmatos\/files\/2020\/11\/IMG-20201114-WA0088-1.jpg\",\"datePublished\":\"2020-11-14T17:11:09+00:00\",\"author\":{\"@id\":\"\"},\"breadcrumb\":{\"@id\":\"https:\/\/www.blogsoestado.com\/danielmatos\/campanha-de-cricielle-13-123-reanima-a-politica-e-legitima-projeto-de-mandato-popular-em-sao-luis\/#breadcrumb\"},\"inLanguage\":\"pt-BR\",\"potentialAction\":[{\"@type\":\"ReadAction\",\"target\":[\"https:\/\/www.blogsoestado.com\/danielmatos\/campanha-de-cricielle-13-123-reanima-a-politica-e-legitima-projeto-de-mandato-popular-em-sao-luis\/\"]}]},{\"@type\":\"ImageObject\",\"inLanguage\":\"pt-BR\",\"@id\":\"https:\/\/www.blogsoestado.com\/danielmatos\/campanha-de-cricielle-13-123-reanima-a-politica-e-legitima-projeto-de-mandato-popular-em-sao-luis\/#primaryimage\",\"url\":\"https:\/\/www.blogsoestado.com\/danielmatos\/files\/2020\/11\/IMG-20201114-WA0088-1.jpg\",\"contentUrl\":\"https:\/\/www.blogsoestado.com\/danielmatos\/files\/2020\/11\/IMG-20201114-WA0088-1.jpg\"},{\"@type\":\"BreadcrumbList\",\"@id\":\"https:\/\/www.blogsoestado.com\/danielmatos\/campanha-de-cricielle-13-123-reanima-a-politica-e-legitima-projeto-de-mandato-popular-em-sao-luis\/#breadcrumb\",\"itemListElement\":[{\"@type\":\"ListItem\",\"position\":1,\"name\":\"In\u00edcio\",\"item\":\"https:\/\/www.blogsoestado.com\/danielmatos\/\"},{\"@type\":\"ListItem\",\"position\":2,\"name\":\"Campanha de Cricielle 13.123 reanima a pol\u00edtica e legitima projeto de mandato popular em S\u00e3o Lu\u00eds\"}]},{\"@type\":\"WebSite\",\"@id\":\"https:\/\/www.blogsoestado.com\/danielmatos\/#website\",\"url\":\"https:\/\/www.blogsoestado.com\/danielmatos\/\",\"name\":\"Daniel Matos\",\"description\":\"\",\"potentialAction\":[{\"@type\":\"SearchAction\",\"target\":{\"@type\":\"EntryPoint\",\"urlTemplate\":\"https:\/\/www.blogsoestado.com\/danielmatos\/?s={search_term_string}\"},\"query-input\":{\"@type\":\"PropertyValueSpecification\",\"valueRequired\":true,\"valueName\":\"search_term_string\"}}],\"inLanguage\":\"pt-BR\"}]}<\/script>\n<!-- \/ Yoast SEO plugin. -->","yoast_head_json":{"title":"Campanha de Cricielle 13.123 reanima a pol\u00edtica e legitima projeto de mandato popular em S\u00e3o Lu\u00eds - Daniel Matos","robots":{"index":"index","follow":"follow","max-snippet":"max-snippet:-1","max-image-preview":"max-image-preview:large","max-video-preview":"max-video-preview:-1"},"canonical":"https:\/\/www.blogsoestado.com\/danielmatos\/campanha-de-cricielle-13-123-reanima-a-politica-e-legitima-projeto-de-mandato-popular-em-sao-luis\/","og_locale":"pt_BR","og_type":"article","og_title":"Campanha de Cricielle 13.123 reanima a pol\u00edtica e legitima projeto de mandato popular em S\u00e3o Lu\u00eds - Daniel Matos","og_description":"Em um cen\u00e1rio em que a viola\u00e7\u00e3o de direitos de negros cresce 17%, com o governo escondendo dados sobre viol\u00eancia [&hellip;]","og_url":"https:\/\/www.blogsoestado.com\/danielmatos\/campanha-de-cricielle-13-123-reanima-a-politica-e-legitima-projeto-de-mandato-popular-em-sao-luis\/","og_site_name":"Daniel Matos","article_published_time":"2020-11-14T17:11:09+00:00","og_image":[{"url":"https:\/\/www.blogsoestado.com\/danielmatos\/files\/2020\/11\/IMG-20201114-WA0088-1.jpg","type":"","width":"","height":""}],"twitter_card":"summary_large_image","twitter_misc":{"Est. tempo de leitura":"4 minutos"},"schema":{"@context":"https:\/\/schema.org","@graph":[{"@type":"WebPage","@id":"https:\/\/www.blogsoestado.com\/danielmatos\/campanha-de-cricielle-13-123-reanima-a-politica-e-legitima-projeto-de-mandato-popular-em-sao-luis\/","url":"https:\/\/www.blogsoestado.com\/danielmatos\/campanha-de-cricielle-13-123-reanima-a-politica-e-legitima-projeto-de-mandato-popular-em-sao-luis\/","name":"Campanha de Cricielle 13.123 reanima a pol\u00edtica e legitima projeto de mandato popular em S\u00e3o Lu\u00eds - Daniel Matos","isPartOf":{"@id":"https:\/\/www.blogsoestado.com\/danielmatos\/#website"},"primaryImageOfPage":{"@id":"https:\/\/www.blogsoestado.com\/danielmatos\/campanha-de-cricielle-13-123-reanima-a-politica-e-legitima-projeto-de-mandato-popular-em-sao-luis\/#primaryimage"},"image":{"@id":"https:\/\/www.blogsoestado.com\/danielmatos\/campanha-de-cricielle-13-123-reanima-a-politica-e-legitima-projeto-de-mandato-popular-em-sao-luis\/#primaryimage"},"thumbnailUrl":"https:\/\/www.blogsoestado.com\/danielmatos\/files\/2020\/11\/IMG-20201114-WA0088-1.jpg","datePublished":"2020-11-14T17:11:09+00:00","author":{"@id":""},"breadcrumb":{"@id":"https:\/\/www.blogsoestado.com\/danielmatos\/campanha-de-cricielle-13-123-reanima-a-politica-e-legitima-projeto-de-mandato-popular-em-sao-luis\/#breadcrumb"},"inLanguage":"pt-BR","potentialAction":[{"@type":"ReadAction","target":["https:\/\/www.blogsoestado.com\/danielmatos\/campanha-de-cricielle-13-123-reanima-a-politica-e-legitima-projeto-de-mandato-popular-em-sao-luis\/"]}]},{"@type":"ImageObject","inLanguage":"pt-BR","@id":"https:\/\/www.blogsoestado.com\/danielmatos\/campanha-de-cricielle-13-123-reanima-a-politica-e-legitima-projeto-de-mandato-popular-em-sao-luis\/#primaryimage","url":"https:\/\/www.blogsoestado.com\/danielmatos\/files\/2020\/11\/IMG-20201114-WA0088-1.jpg","contentUrl":"https:\/\/www.blogsoestado.com\/danielmatos\/files\/2020\/11\/IMG-20201114-WA0088-1.jpg"},{"@type":"BreadcrumbList","@id":"https:\/\/www.blogsoestado.com\/danielmatos\/campanha-de-cricielle-13-123-reanima-a-politica-e-legitima-projeto-de-mandato-popular-em-sao-luis\/#breadcrumb","itemListElement":[{"@type":"ListItem","position":1,"name":"In\u00edcio","item":"https:\/\/www.blogsoestado.com\/danielmatos\/"},{"@type":"ListItem","position":2,"name":"Campanha de Cricielle 13.123 reanima a pol\u00edtica e legitima projeto de mandato popular em S\u00e3o Lu\u00eds"}]},{"@type":"WebSite","@id":"https:\/\/www.blogsoestado.com\/danielmatos\/#website","url":"https:\/\/www.blogsoestado.com\/danielmatos\/","name":"Daniel Matos","description":"","potentialAction":[{"@type":"SearchAction","target":{"@type":"EntryPoint","urlTemplate":"https:\/\/www.blogsoestado.com\/danielmatos\/?s={search_term_string}"},"query-input":{"@type":"PropertyValueSpecification","valueRequired":true,"valueName":"search_term_string"}}],"inLanguage":"pt-BR"}]}},"jetpack_featured_media_url":"","_links":{"self":[{"href":"https:\/\/www.blogsoestado.com\/danielmatos\/wp-json\/wp\/v2\/posts\/79845","targetHints":{"allow":["GET"]}}],"collection":[{"href":"https:\/\/www.blogsoestado.com\/danielmatos\/wp-json\/wp\/v2\/posts"}],"about":[{"href":"https:\/\/www.blogsoestado.com\/danielmatos\/wp-json\/wp\/v2\/types\/post"}],"replies":[{"embeddable":true,"href":"https:\/\/www.blogsoestado.com\/danielmatos\/wp-json\/wp\/v2\/comments?post=79845"}],"version-history":[{"count":0,"href":"https:\/\/www.blogsoestado.com\/danielmatos\/wp-json\/wp\/v2\/posts\/79845\/revisions"}],"wp:attachment":[{"href":"https:\/\/www.blogsoestado.com\/danielmatos\/wp-json\/wp\/v2\/media?parent=79845"}],"wp:term":[{"taxonomy":"category","embeddable":true,"href":"https:\/\/www.blogsoestado.com\/danielmatos\/wp-json\/wp\/v2\/categories?post=79845"},{"taxonomy":"post_tag","embeddable":true,"href":"https:\/\/www.blogsoestado.com\/danielmatos\/wp-json\/wp\/v2\/tags?post=79845"}],"curies":[{"name":"wp","href":"https:\/\/api.w.org\/{rel}","templated":true}]}}