{"id":79864,"date":"2020-11-14T17:04:04","date_gmt":"2020-11-14T20:04:04","guid":{"rendered":"https:\/\/www.blogsoestado.com\/danielmatos\/?p=79864"},"modified":"2020-11-14T17:04:04","modified_gmt":"2020-11-14T20:04:04","slug":"as-vesperas-das-eleicoes-grupos-culturais-da-madre-deus-manifestam-apoio-a-anibal","status":"publish","type":"post","link":"https:\/\/www.blogsoestado.com\/danielmatos\/as-vesperas-das-eleicoes-grupos-culturais-da-madre-deus-manifestam-apoio-a-anibal\/","title":{"rendered":"\u00c1s v\u00e9speras das elei\u00e7\u00f5es, grupos culturais da Madre Deus manifestam apoio a An\u00edbal"},"content":{"rendered":"\n<div class=\"wp-block-image\"><figure class=\"aligncenter size-large\"><img decoding=\"async\" src=\"https:\/\/www.blogsoestado.com\/danielmatos\/files\/2020\/11\/IMG-20201114-WA0182-1024x768.jpg\" alt=\"\" class=\"wp-image-79865\"\/><figcaption>An\u00edbal com William Moraes Corr\u00eaa, do bloco tradicional Os Foli\u00f5es<\/figcaption><\/figure><\/div>\n\n\n\n<p>\u00c0s v\u00e9speras das elei\u00e7\u00f5es, relevantes grupos culturais do bairro da Madre Deus declararam apoio ao candidato a vereador pelo PL, An\u00edbal. Entre esses grupos est\u00e3o o Bloco Tradicional os Foli\u00f5es e a Escola de Samba Turma do Quinto, dois patrim\u00f4nios culturais do Carnaval de S\u00e3o Lu\u00eds que h\u00e1 d\u00e9cadas tamb\u00e9m ajudam na gera\u00e7\u00e3o de renda n\u00e3o s\u00f3 para as comunidades da Regi\u00e3o da Madre Deus, Centro de S\u00e3o Lu\u00eds.<\/p>\n\n\n\n<div class=\"wp-block-image\"><figure class=\"aligncenter size-large\"><img decoding=\"async\" src=\"https:\/\/www.blogsoestado.com\/danielmatos\/files\/2020\/11\/IMG-20201114-WA0183.jpg\" alt=\"\" class=\"wp-image-79866\"\/><figcaption>An\u00edbal com o cantador do Boi de Maracan\u00e3 Valdete Cabe\u00e7a Branca<\/figcaption><\/figure><\/div>\n\n\n\n<p>Conforme o dirigente do Bloco Tradicional Os Foli\u00f5es, William Moraes Corr\u00eaa, An\u00edbal representa renova\u00e7\u00e3o para a C\u00e2mara dos Vereadores de S\u00e3o Lu\u00eds. &#8220;An\u00edbal \u00e9 uma pessoa que h\u00e1 muito anos participa das atividades culturais e de muitos movimentos sociais. N\u00e3o s\u00f3 do movimento sindicalista, atuando de forma brilhante como presidente do Sindjus-MA, mas tamb\u00e9m de v\u00e1rios segmentos socioculturais da cidade. Ent\u00e3o \u00e9 uma pessoa que n\u00e3o pode faltar de jeito nenhum na C\u00e2mara Municipal! Eu tenho certeza que ele significa renova\u00e7\u00e3o e a realiza\u00e7\u00e3o de grandes projetos para nossa comunidade&#8221;, disse.<\/p>\n\n\n\n<p>Al\u00e9m de dirigente de Os Foli\u00f5es, William \u00e9 compositor e um dos fundadores do bloco, que existe desde 1976.<\/p>\n\n\n\n<p><em><strong>Representa\u00e7\u00e3o<\/strong><\/em><\/p>\n\n\n\n<div class=\"wp-block-image\"><figure class=\"aligncenter size-large\"><img decoding=\"async\" src=\"https:\/\/www.blogsoestado.com\/danielmatos\/files\/2020\/11\/IMG-20201114-WA0185.jpg\" alt=\"\" class=\"wp-image-79867\"\/><figcaption>An\u00edbal com representantes de associa\u00e7\u00f5es esportivas<\/figcaption><\/figure><\/div>\n\n\n\n<p>Outra figura importante da cultura carnavalesca de S\u00e3o Lu\u00eds, Raimundo Nonato Lambal, um dos diretores da Escola de Samba Turma do Quinto, tamb\u00e9m declarou apoio a An\u00edbal. Lambal observa que o segmento cultural vem enfrentando dificuldades h\u00e1 anos e n\u00e3o somente com a chegada da Pandemia e suspens\u00e3o das apresenta\u00e7\u00f5es culturais. E que o apoio do Poder P\u00fablico \u00e9 mais necess\u00e1rio do que nunca.<\/p>\n\n\n\n<p>&#8220;An\u00edbal exp\u00f4s suas propostas e conversou conosco da Turma do Quinto. O nosso anseio, a nossa esperan\u00e7a, \u00e9 que ele lute por pol\u00edticas p\u00fablicas para as manifesta\u00e7\u00f5es culturais de S\u00e3o Lu\u00eds, n\u00e3o s\u00f3 da Madre Deus que, nos \u00faltimos anos, n\u00e3o foram bem assistidas pela Prefeitura de S\u00e3o Lu\u00eds e pelos representantes do povo na C\u00e2mara de Vereadores. Ent\u00e3o \u00e9 preciso nesse momento um representante que possa subir a tribuna e defender as causas culturais. Escutando as propostas do An\u00edbal, temos a esperan\u00e7a de que melhores dias vir\u00e3o para a cultura de S\u00e3o Lu\u00eds&#8221;, afirmou.<\/p>\n\n\n\n<p>Al\u00e9m da Turma do Quinto e de Os Foli\u00f5es, o cantador do Boi de Maracan\u00e3, Valdete Cabe\u00e7a Branca e representantes de associa\u00e7\u00f5es de esporte amador da Madre Deus tamb\u00e9m declararam apoio a An\u00edbal.<\/p>\n\n\n\n<div class=\"wp-block-image\"><figure class=\"aligncenter size-large\"><img decoding=\"async\" src=\"https:\/\/www.blogsoestado.com\/danielmatos\/files\/2020\/11\/IMG-20201114-WA0184.jpg\" alt=\"\" class=\"wp-image-79868\"\/><figcaption>An\u00edbal com Raimundo Lambal, escola de samba da Turma do Quinto<\/figcaption><\/figure><\/div>\n\n\n\n<p>&#8220;O apoio as organiza\u00e7\u00f5es culturais, \u00e0s manifesta\u00e7\u00f5es culturais da nossa S\u00e3o Lu\u00eds passa por uma atua\u00e7\u00e3o mais efetiva das secretarias de Cultura e Turismo na promo\u00e7\u00e3o de eventos e a\u00e7\u00f5es que movimentem esse segmento. Tamb\u00e9m passa pelo acesso a espa\u00e7os para apresenta\u00e7\u00f5es, como o Ceprama que tem sido dificultado as artistas da pr\u00f3pria Madre Deus! Uma na C\u00e2mara, n\u00f3s vamos cobrar isso do Poder Executivo Municipal e vamos propor pol\u00edticas p\u00fablicas que aliem a preserva\u00e7\u00e3o das nossas manifesta\u00e7\u00f5es culturais e gera\u00e7\u00e3o e emprego e renda&#8221;, afirmou An\u00edbal.<\/p>\n","protected":false},"excerpt":{"rendered":"<p>\u00c0s v\u00e9speras das elei\u00e7\u00f5es, relevantes grupos culturais do bairro da Madre Deus declararam apoio ao candidato a vereador pelo PL, [&hellip;]<\/p>\n","protected":false},"author":0,"featured_media":0,"comment_status":"open","ping_status":"open","sticky":false,"template":"","format":"standard","meta":{"site-sidebar-layout":"default","site-content-layout":"","ast-site-content-layout":"default","site-content-style":"default","site-sidebar-style":"default","ast-global-header-display":"","ast-banner-title-visibility":"","ast-main-header-display":"","ast-hfb-above-header-display":"","ast-hfb-below-header-display":"","ast-hfb-mobile-header-display":"","site-post-title":"","ast-breadcrumbs-content":"","ast-featured-img":"","footer-sml-layout":"","ast-disable-related-posts":"","theme-transparent-header-meta":"","adv-header-id-meta":"","stick-header-meta":"","header-above-stick-meta":"","header-main-stick-meta":"","header-below-stick-meta":"","astra-migrate-meta-layouts":"default","ast-page-background-enabled":"default","ast-page-background-meta":{"desktop":{"background-color":"var(--ast-global-color-5)","background-image":"","background-repeat":"repeat","background-position":"center center","background-size":"auto","background-attachment":"scroll","background-type":"","background-media":"","overlay-type":"","overlay-color":"","overlay-opacity":"","overlay-gradient":""},"tablet":{"background-color":"","background-image":"","background-repeat":"repeat","background-position":"center center","background-size":"auto","background-attachment":"scroll","background-type":"","background-media":"","overlay-type":"","overlay-color":"","overlay-opacity":"","overlay-gradient":""},"mobile":{"background-color":"","background-image":"","background-repeat":"repeat","background-position":"center center","background-size":"auto","background-attachment":"scroll","background-type":"","background-media":"","overlay-type":"","overlay-color":"","overlay-opacity":"","overlay-gradient":""}},"ast-content-background-meta":{"desktop":{"background-color":"var(--ast-global-color-4)","background-image":"","background-repeat":"repeat","background-position":"center center","background-size":"auto","background-attachment":"scroll","background-type":"","background-media":"","overlay-type":"","overlay-color":"","overlay-opacity":"","overlay-gradient":""},"tablet":{"background-color":"var(--ast-global-color-4)","background-image":"","background-repeat":"repeat","background-position":"center center","background-size":"auto","background-attachment":"scroll","background-type":"","background-media":"","overlay-type":"","overlay-color":"","overlay-opacity":"","overlay-gradient":""},"mobile":{"background-color":"var(--ast-global-color-4)","background-image":"","background-repeat":"repeat","background-position":"center center","background-size":"auto","background-attachment":"scroll","background-type":"","background-media":"","overlay-type":"","overlay-color":"","overlay-opacity":"","overlay-gradient":""}},"footnotes":""},"categories":[1],"tags":[],"class_list":["post-79864","post","type-post","status-publish","format-standard","hentry","category-sem-categoria"],"yoast_head":"<!-- This site is optimized with the Yoast SEO plugin v26.6 - https:\/\/yoast.com\/wordpress\/plugins\/seo\/ -->\n<title>\u00c1s v\u00e9speras das elei\u00e7\u00f5es, grupos culturais da Madre Deus manifestam apoio a An\u00edbal - Daniel Matos<\/title>\n<meta name=\"robots\" content=\"index, follow, max-snippet:-1, max-image-preview:large, max-video-preview:-1\" \/>\n<link rel=\"canonical\" href=\"https:\/\/www.blogsoestado.com\/danielmatos\/as-vesperas-das-eleicoes-grupos-culturais-da-madre-deus-manifestam-apoio-a-anibal\/\" \/>\n<meta property=\"og:locale\" content=\"pt_BR\" \/>\n<meta property=\"og:type\" content=\"article\" \/>\n<meta property=\"og:title\" content=\"\u00c1s v\u00e9speras das elei\u00e7\u00f5es, grupos culturais da Madre Deus manifestam apoio a An\u00edbal - Daniel Matos\" \/>\n<meta property=\"og:description\" content=\"\u00c0s v\u00e9speras das elei\u00e7\u00f5es, relevantes grupos culturais do bairro da Madre Deus declararam apoio ao candidato a vereador pelo PL, [&hellip;]\" \/>\n<meta property=\"og:url\" content=\"https:\/\/www.blogsoestado.com\/danielmatos\/as-vesperas-das-eleicoes-grupos-culturais-da-madre-deus-manifestam-apoio-a-anibal\/\" \/>\n<meta property=\"og:site_name\" content=\"Daniel Matos\" \/>\n<meta property=\"article:published_time\" content=\"2020-11-14T20:04:04+00:00\" \/>\n<meta property=\"og:image\" content=\"https:\/\/www.blogsoestado.com\/danielmatos\/files\/2020\/11\/IMG-20201114-WA0182-1024x768.jpg\" \/>\n<meta name=\"twitter:card\" content=\"summary_large_image\" \/>\n<meta name=\"twitter:label1\" content=\"Est. tempo de leitura\" \/>\n\t<meta name=\"twitter:data1\" content=\"3 minutos\" \/>\n<script type=\"application\/ld+json\" class=\"yoast-schema-graph\">{\"@context\":\"https:\/\/schema.org\",\"@graph\":[{\"@type\":\"WebPage\",\"@id\":\"https:\/\/www.blogsoestado.com\/danielmatos\/as-vesperas-das-eleicoes-grupos-culturais-da-madre-deus-manifestam-apoio-a-anibal\/\",\"url\":\"https:\/\/www.blogsoestado.com\/danielmatos\/as-vesperas-das-eleicoes-grupos-culturais-da-madre-deus-manifestam-apoio-a-anibal\/\",\"name\":\"\u00c1s v\u00e9speras das elei\u00e7\u00f5es, grupos culturais da Madre Deus manifestam apoio a An\u00edbal - Daniel Matos\",\"isPartOf\":{\"@id\":\"https:\/\/www.blogsoestado.com\/danielmatos\/#website\"},\"primaryImageOfPage\":{\"@id\":\"https:\/\/www.blogsoestado.com\/danielmatos\/as-vesperas-das-eleicoes-grupos-culturais-da-madre-deus-manifestam-apoio-a-anibal\/#primaryimage\"},\"image\":{\"@id\":\"https:\/\/www.blogsoestado.com\/danielmatos\/as-vesperas-das-eleicoes-grupos-culturais-da-madre-deus-manifestam-apoio-a-anibal\/#primaryimage\"},\"thumbnailUrl\":\"https:\/\/www.blogsoestado.com\/danielmatos\/files\/2020\/11\/IMG-20201114-WA0182-1024x768.jpg\",\"datePublished\":\"2020-11-14T20:04:04+00:00\",\"author\":{\"@id\":\"\"},\"breadcrumb\":{\"@id\":\"https:\/\/www.blogsoestado.com\/danielmatos\/as-vesperas-das-eleicoes-grupos-culturais-da-madre-deus-manifestam-apoio-a-anibal\/#breadcrumb\"},\"inLanguage\":\"pt-BR\",\"potentialAction\":[{\"@type\":\"ReadAction\",\"target\":[\"https:\/\/www.blogsoestado.com\/danielmatos\/as-vesperas-das-eleicoes-grupos-culturais-da-madre-deus-manifestam-apoio-a-anibal\/\"]}]},{\"@type\":\"ImageObject\",\"inLanguage\":\"pt-BR\",\"@id\":\"https:\/\/www.blogsoestado.com\/danielmatos\/as-vesperas-das-eleicoes-grupos-culturais-da-madre-deus-manifestam-apoio-a-anibal\/#primaryimage\",\"url\":\"https:\/\/www.blogsoestado.com\/danielmatos\/files\/2020\/11\/IMG-20201114-WA0182-1024x768.jpg\",\"contentUrl\":\"https:\/\/www.blogsoestado.com\/danielmatos\/files\/2020\/11\/IMG-20201114-WA0182-1024x768.jpg\"},{\"@type\":\"BreadcrumbList\",\"@id\":\"https:\/\/www.blogsoestado.com\/danielmatos\/as-vesperas-das-eleicoes-grupos-culturais-da-madre-deus-manifestam-apoio-a-anibal\/#breadcrumb\",\"itemListElement\":[{\"@type\":\"ListItem\",\"position\":1,\"name\":\"In\u00edcio\",\"item\":\"https:\/\/www.blogsoestado.com\/danielmatos\/\"},{\"@type\":\"ListItem\",\"position\":2,\"name\":\"\u00c1s v\u00e9speras das elei\u00e7\u00f5es, grupos culturais da Madre Deus manifestam apoio a An\u00edbal\"}]},{\"@type\":\"WebSite\",\"@id\":\"https:\/\/www.blogsoestado.com\/danielmatos\/#website\",\"url\":\"https:\/\/www.blogsoestado.com\/danielmatos\/\",\"name\":\"Daniel Matos\",\"description\":\"\",\"potentialAction\":[{\"@type\":\"SearchAction\",\"target\":{\"@type\":\"EntryPoint\",\"urlTemplate\":\"https:\/\/www.blogsoestado.com\/danielmatos\/?s={search_term_string}\"},\"query-input\":{\"@type\":\"PropertyValueSpecification\",\"valueRequired\":true,\"valueName\":\"search_term_string\"}}],\"inLanguage\":\"pt-BR\"}]}<\/script>\n<!-- \/ Yoast SEO plugin. -->","yoast_head_json":{"title":"\u00c1s v\u00e9speras das elei\u00e7\u00f5es, grupos culturais da Madre Deus manifestam apoio a An\u00edbal - Daniel Matos","robots":{"index":"index","follow":"follow","max-snippet":"max-snippet:-1","max-image-preview":"max-image-preview:large","max-video-preview":"max-video-preview:-1"},"canonical":"https:\/\/www.blogsoestado.com\/danielmatos\/as-vesperas-das-eleicoes-grupos-culturais-da-madre-deus-manifestam-apoio-a-anibal\/","og_locale":"pt_BR","og_type":"article","og_title":"\u00c1s v\u00e9speras das elei\u00e7\u00f5es, grupos culturais da Madre Deus manifestam apoio a An\u00edbal - Daniel Matos","og_description":"\u00c0s v\u00e9speras das elei\u00e7\u00f5es, relevantes grupos culturais do bairro da Madre Deus declararam apoio ao candidato a vereador pelo PL, [&hellip;]","og_url":"https:\/\/www.blogsoestado.com\/danielmatos\/as-vesperas-das-eleicoes-grupos-culturais-da-madre-deus-manifestam-apoio-a-anibal\/","og_site_name":"Daniel Matos","article_published_time":"2020-11-14T20:04:04+00:00","og_image":[{"url":"https:\/\/www.blogsoestado.com\/danielmatos\/files\/2020\/11\/IMG-20201114-WA0182-1024x768.jpg","type":"","width":"","height":""}],"twitter_card":"summary_large_image","twitter_misc":{"Est. tempo de leitura":"3 minutos"},"schema":{"@context":"https:\/\/schema.org","@graph":[{"@type":"WebPage","@id":"https:\/\/www.blogsoestado.com\/danielmatos\/as-vesperas-das-eleicoes-grupos-culturais-da-madre-deus-manifestam-apoio-a-anibal\/","url":"https:\/\/www.blogsoestado.com\/danielmatos\/as-vesperas-das-eleicoes-grupos-culturais-da-madre-deus-manifestam-apoio-a-anibal\/","name":"\u00c1s v\u00e9speras das elei\u00e7\u00f5es, grupos culturais da Madre Deus manifestam apoio a An\u00edbal - Daniel Matos","isPartOf":{"@id":"https:\/\/www.blogsoestado.com\/danielmatos\/#website"},"primaryImageOfPage":{"@id":"https:\/\/www.blogsoestado.com\/danielmatos\/as-vesperas-das-eleicoes-grupos-culturais-da-madre-deus-manifestam-apoio-a-anibal\/#primaryimage"},"image":{"@id":"https:\/\/www.blogsoestado.com\/danielmatos\/as-vesperas-das-eleicoes-grupos-culturais-da-madre-deus-manifestam-apoio-a-anibal\/#primaryimage"},"thumbnailUrl":"https:\/\/www.blogsoestado.com\/danielmatos\/files\/2020\/11\/IMG-20201114-WA0182-1024x768.jpg","datePublished":"2020-11-14T20:04:04+00:00","author":{"@id":""},"breadcrumb":{"@id":"https:\/\/www.blogsoestado.com\/danielmatos\/as-vesperas-das-eleicoes-grupos-culturais-da-madre-deus-manifestam-apoio-a-anibal\/#breadcrumb"},"inLanguage":"pt-BR","potentialAction":[{"@type":"ReadAction","target":["https:\/\/www.blogsoestado.com\/danielmatos\/as-vesperas-das-eleicoes-grupos-culturais-da-madre-deus-manifestam-apoio-a-anibal\/"]}]},{"@type":"ImageObject","inLanguage":"pt-BR","@id":"https:\/\/www.blogsoestado.com\/danielmatos\/as-vesperas-das-eleicoes-grupos-culturais-da-madre-deus-manifestam-apoio-a-anibal\/#primaryimage","url":"https:\/\/www.blogsoestado.com\/danielmatos\/files\/2020\/11\/IMG-20201114-WA0182-1024x768.jpg","contentUrl":"https:\/\/www.blogsoestado.com\/danielmatos\/files\/2020\/11\/IMG-20201114-WA0182-1024x768.jpg"},{"@type":"BreadcrumbList","@id":"https:\/\/www.blogsoestado.com\/danielmatos\/as-vesperas-das-eleicoes-grupos-culturais-da-madre-deus-manifestam-apoio-a-anibal\/#breadcrumb","itemListElement":[{"@type":"ListItem","position":1,"name":"In\u00edcio","item":"https:\/\/www.blogsoestado.com\/danielmatos\/"},{"@type":"ListItem","position":2,"name":"\u00c1s v\u00e9speras das elei\u00e7\u00f5es, grupos culturais da Madre Deus manifestam apoio a An\u00edbal"}]},{"@type":"WebSite","@id":"https:\/\/www.blogsoestado.com\/danielmatos\/#website","url":"https:\/\/www.blogsoestado.com\/danielmatos\/","name":"Daniel Matos","description":"","potentialAction":[{"@type":"SearchAction","target":{"@type":"EntryPoint","urlTemplate":"https:\/\/www.blogsoestado.com\/danielmatos\/?s={search_term_string}"},"query-input":{"@type":"PropertyValueSpecification","valueRequired":true,"valueName":"search_term_string"}}],"inLanguage":"pt-BR"}]}},"jetpack_featured_media_url":"","_links":{"self":[{"href":"https:\/\/www.blogsoestado.com\/danielmatos\/wp-json\/wp\/v2\/posts\/79864","targetHints":{"allow":["GET"]}}],"collection":[{"href":"https:\/\/www.blogsoestado.com\/danielmatos\/wp-json\/wp\/v2\/posts"}],"about":[{"href":"https:\/\/www.blogsoestado.com\/danielmatos\/wp-json\/wp\/v2\/types\/post"}],"replies":[{"embeddable":true,"href":"https:\/\/www.blogsoestado.com\/danielmatos\/wp-json\/wp\/v2\/comments?post=79864"}],"version-history":[{"count":0,"href":"https:\/\/www.blogsoestado.com\/danielmatos\/wp-json\/wp\/v2\/posts\/79864\/revisions"}],"wp:attachment":[{"href":"https:\/\/www.blogsoestado.com\/danielmatos\/wp-json\/wp\/v2\/media?parent=79864"}],"wp:term":[{"taxonomy":"category","embeddable":true,"href":"https:\/\/www.blogsoestado.com\/danielmatos\/wp-json\/wp\/v2\/categories?post=79864"},{"taxonomy":"post_tag","embeddable":true,"href":"https:\/\/www.blogsoestado.com\/danielmatos\/wp-json\/wp\/v2\/tags?post=79864"}],"curies":[{"name":"wp","href":"https:\/\/api.w.org\/{rel}","templated":true}]}}