{"id":79870,"date":"2020-11-14T19:28:52","date_gmt":"2020-11-14T22:28:52","guid":{"rendered":"https:\/\/www.blogsoestado.com\/danielmatos\/?p=79870"},"modified":"2020-11-14T19:28:52","modified_gmt":"2020-11-14T22:28:52","slug":"caxias-carreata-historica-de-fabio-gentil-confirma-forte-tendencia-de-reeleicao-do-prefeito","status":"publish","type":"post","link":"https:\/\/www.blogsoestado.com\/danielmatos\/caxias-carreata-historica-de-fabio-gentil-confirma-forte-tendencia-de-reeleicao-do-prefeito\/","title":{"rendered":"Caxias: carreata hist\u00f3rica de F\u00e1bio Gentil confirma forte tend\u00eancia de reelei\u00e7\u00e3o do prefeito"},"content":{"rendered":"\n<div class=\"wp-block-image\"><figure class=\"aligncenter size-large\"><img decoding=\"async\" src=\"https:\/\/www.blogsoestado.com\/danielmatos\/files\/2020\/11\/Screenshot_20201114-1930172.png\" alt=\"\" class=\"wp-image-79873\"\/><figcaption>F\u00e1bio Gentil e Paulinho aclamados pelo povo em tr\u00eas momentos diferentes da animada Carreata do 10<\/figcaption><\/figure><\/div>\n\n\n\n<p>Uma multid\u00e3o saiu \u00e0s ruas de Caxias, na manh\u00e3 deste s\u00e1bado (14), para prestigiar o prefeito e candidato \u00e0 reelei\u00e7\u00e3o F\u00e1bio Gentil, que, na companhia do vice, Paulinho, liderou uma mega carreata para marcar o encerramento da sua campanha.<\/p>\n\n\n\n<p>A carreata do 10 mais uma vez demonstrou a for\u00e7a do prefeito e fez bonito. Por onde o cortejo motorizado passou, foi alvo de manifesta\u00e7\u00f5es de apoio, muito carinho e aprova\u00e7\u00e3o popular.<\/p>\n\n\n\n<p>A carreata foi animada, marcada pelo alto astral das pessoas participantes, que n\u00e3o esconderam a felicidade por viver o momento hist\u00f3rico para a.cidadania e a democracia.<\/p>\n\n\n\n<p>A rea\u00e7\u00e3o dos caxienses nas portas das casas foi positiva, com acenos, aplausos, assobios e gestos de simpatia, comprovando todo o carisma do gestor municipal, apelidado carinhosamente de Cabeludo por seus apoiadores.<\/p>\n\n\n\n<p>A aceita\u00e7\u00e3o do povo mostra que o F\u00e1bio Gentil est\u00e1 no rumo certo, no caminho da verdadeira mudan\u00e7a que Caxias precisa.<\/p>\n\n\n\n<p>O evento reafirmou a for\u00e7a e a popularidade de F\u00e1bio Gentil e mostrou por que o candidato se mant\u00e9m na dianteira da disputa, confirmando a forte tend\u00eancia de renova\u00e7\u00e3o do mandato.<\/p>\n\n\n\n<p>F\u00e1bio Gentil \u00e9 l\u00edder absoluto e disparado em todas as pesquisas de inten\u00e7\u00f5es de votos divulgadas do in\u00edcio ao fim da campanha e deve ser reeleito neste domingo (15) com uma vota\u00e7\u00e3o consagradora.<\/p>\n\n\n\n<p>Assista ao v\u00eddeo:<\/p>\n\n\n\n<figure class=\"wp-block-embed-youtube wp-block-embed is-type-video is-provider-youtube wp-embed-aspect-16-9 wp-has-aspect-ratio\"><div class=\"wp-block-embed__wrapper\">\n<iframe title=\"ELEI\u00c7\u00d5ES 2020 -F\u00e1bio Gentil mobiliza milhares de caxienses em carreata de encerramento da campanha 8\" width=\"500\" height=\"281\" src=\"https:\/\/www.youtube.com\/embed\/mirHhIv-5HY?feature=oembed\" frameborder=\"0\" allow=\"accelerometer; autoplay; clipboard-write; encrypted-media; gyroscope; picture-in-picture; web-share\" referrerpolicy=\"strict-origin-when-cross-origin\" allowfullscreen><\/iframe>\n<\/div><\/figure>\n","protected":false},"excerpt":{"rendered":"<p>Uma multid\u00e3o saiu \u00e0s ruas de Caxias, na manh\u00e3 deste s\u00e1bado (14), para prestigiar o prefeito e candidato \u00e0 reelei\u00e7\u00e3o [&hellip;]<\/p>\n","protected":false},"author":0,"featured_media":0,"comment_status":"open","ping_status":"open","sticky":false,"template":"","format":"standard","meta":{"site-sidebar-layout":"default","site-content-layout":"","ast-site-content-layout":"default","site-content-style":"default","site-sidebar-style":"default","ast-global-header-display":"","ast-banner-title-visibility":"","ast-main-header-display":"","ast-hfb-above-header-display":"","ast-hfb-below-header-display":"","ast-hfb-mobile-header-display":"","site-post-title":"","ast-breadcrumbs-content":"","ast-featured-img":"","footer-sml-layout":"","ast-disable-related-posts":"","theme-transparent-header-meta":"","adv-header-id-meta":"","stick-header-meta":"","header-above-stick-meta":"","header-main-stick-meta":"","header-below-stick-meta":"","astra-migrate-meta-layouts":"default","ast-page-background-enabled":"default","ast-page-background-meta":{"desktop":{"background-color":"var(--ast-global-color-5)","background-image":"","background-repeat":"repeat","background-position":"center center","background-size":"auto","background-attachment":"scroll","background-type":"","background-media":"","overlay-type":"","overlay-color":"","overlay-opacity":"","overlay-gradient":""},"tablet":{"background-color":"","background-image":"","background-repeat":"repeat","background-position":"center center","background-size":"auto","background-attachment":"scroll","background-type":"","background-media":"","overlay-type":"","overlay-color":"","overlay-opacity":"","overlay-gradient":""},"mobile":{"background-color":"","background-image":"","background-repeat":"repeat","background-position":"center center","background-size":"auto","background-attachment":"scroll","background-type":"","background-media":"","overlay-type":"","overlay-color":"","overlay-opacity":"","overlay-gradient":""}},"ast-content-background-meta":{"desktop":{"background-color":"var(--ast-global-color-4)","background-image":"","background-repeat":"repeat","background-position":"center center","background-size":"auto","background-attachment":"scroll","background-type":"","background-media":"","overlay-type":"","overlay-color":"","overlay-opacity":"","overlay-gradient":""},"tablet":{"background-color":"var(--ast-global-color-4)","background-image":"","background-repeat":"repeat","background-position":"center center","background-size":"auto","background-attachment":"scroll","background-type":"","background-media":"","overlay-type":"","overlay-color":"","overlay-opacity":"","overlay-gradient":""},"mobile":{"background-color":"var(--ast-global-color-4)","background-image":"","background-repeat":"repeat","background-position":"center center","background-size":"auto","background-attachment":"scroll","background-type":"","background-media":"","overlay-type":"","overlay-color":"","overlay-opacity":"","overlay-gradient":""}},"footnotes":""},"categories":[1],"tags":[],"class_list":["post-79870","post","type-post","status-publish","format-standard","hentry","category-sem-categoria"],"yoast_head":"<!-- This site is optimized with the Yoast SEO plugin v26.6 - https:\/\/yoast.com\/wordpress\/plugins\/seo\/ -->\n<title>Caxias: carreata hist\u00f3rica de F\u00e1bio Gentil confirma forte tend\u00eancia de reelei\u00e7\u00e3o do prefeito - Daniel Matos<\/title>\n<meta name=\"robots\" content=\"index, follow, max-snippet:-1, max-image-preview:large, max-video-preview:-1\" \/>\n<link rel=\"canonical\" href=\"https:\/\/www.blogsoestado.com\/danielmatos\/caxias-carreata-historica-de-fabio-gentil-confirma-forte-tendencia-de-reeleicao-do-prefeito\/\" \/>\n<meta property=\"og:locale\" content=\"pt_BR\" \/>\n<meta property=\"og:type\" content=\"article\" \/>\n<meta property=\"og:title\" content=\"Caxias: carreata hist\u00f3rica de F\u00e1bio Gentil confirma forte tend\u00eancia de reelei\u00e7\u00e3o do prefeito - Daniel Matos\" \/>\n<meta property=\"og:description\" content=\"Uma multid\u00e3o saiu \u00e0s ruas de Caxias, na manh\u00e3 deste s\u00e1bado (14), para prestigiar o prefeito e candidato \u00e0 reelei\u00e7\u00e3o [&hellip;]\" \/>\n<meta property=\"og:url\" content=\"https:\/\/www.blogsoestado.com\/danielmatos\/caxias-carreata-historica-de-fabio-gentil-confirma-forte-tendencia-de-reeleicao-do-prefeito\/\" \/>\n<meta property=\"og:site_name\" content=\"Daniel Matos\" \/>\n<meta property=\"article:published_time\" content=\"2020-11-14T22:28:52+00:00\" \/>\n<meta property=\"og:image\" content=\"https:\/\/www.blogsoestado.com\/danielmatos\/files\/2020\/11\/Screenshot_20201114-1930172.png\" \/>\n<meta name=\"twitter:card\" content=\"summary_large_image\" \/>\n<meta name=\"twitter:label1\" content=\"Est. tempo de leitura\" \/>\n\t<meta name=\"twitter:data1\" content=\"1 minuto\" \/>\n<script type=\"application\/ld+json\" class=\"yoast-schema-graph\">{\"@context\":\"https:\/\/schema.org\",\"@graph\":[{\"@type\":\"WebPage\",\"@id\":\"https:\/\/www.blogsoestado.com\/danielmatos\/caxias-carreata-historica-de-fabio-gentil-confirma-forte-tendencia-de-reeleicao-do-prefeito\/\",\"url\":\"https:\/\/www.blogsoestado.com\/danielmatos\/caxias-carreata-historica-de-fabio-gentil-confirma-forte-tendencia-de-reeleicao-do-prefeito\/\",\"name\":\"Caxias: carreata hist\u00f3rica de F\u00e1bio Gentil confirma forte tend\u00eancia de reelei\u00e7\u00e3o do prefeito - Daniel Matos\",\"isPartOf\":{\"@id\":\"https:\/\/www.blogsoestado.com\/danielmatos\/#website\"},\"primaryImageOfPage\":{\"@id\":\"https:\/\/www.blogsoestado.com\/danielmatos\/caxias-carreata-historica-de-fabio-gentil-confirma-forte-tendencia-de-reeleicao-do-prefeito\/#primaryimage\"},\"image\":{\"@id\":\"https:\/\/www.blogsoestado.com\/danielmatos\/caxias-carreata-historica-de-fabio-gentil-confirma-forte-tendencia-de-reeleicao-do-prefeito\/#primaryimage\"},\"thumbnailUrl\":\"https:\/\/www.blogsoestado.com\/danielmatos\/files\/2020\/11\/Screenshot_20201114-1930172.png\",\"datePublished\":\"2020-11-14T22:28:52+00:00\",\"author\":{\"@id\":\"\"},\"breadcrumb\":{\"@id\":\"https:\/\/www.blogsoestado.com\/danielmatos\/caxias-carreata-historica-de-fabio-gentil-confirma-forte-tendencia-de-reeleicao-do-prefeito\/#breadcrumb\"},\"inLanguage\":\"pt-BR\",\"potentialAction\":[{\"@type\":\"ReadAction\",\"target\":[\"https:\/\/www.blogsoestado.com\/danielmatos\/caxias-carreata-historica-de-fabio-gentil-confirma-forte-tendencia-de-reeleicao-do-prefeito\/\"]}]},{\"@type\":\"ImageObject\",\"inLanguage\":\"pt-BR\",\"@id\":\"https:\/\/www.blogsoestado.com\/danielmatos\/caxias-carreata-historica-de-fabio-gentil-confirma-forte-tendencia-de-reeleicao-do-prefeito\/#primaryimage\",\"url\":\"https:\/\/www.blogsoestado.com\/danielmatos\/files\/2020\/11\/Screenshot_20201114-1930172.png\",\"contentUrl\":\"https:\/\/www.blogsoestado.com\/danielmatos\/files\/2020\/11\/Screenshot_20201114-1930172.png\"},{\"@type\":\"BreadcrumbList\",\"@id\":\"https:\/\/www.blogsoestado.com\/danielmatos\/caxias-carreata-historica-de-fabio-gentil-confirma-forte-tendencia-de-reeleicao-do-prefeito\/#breadcrumb\",\"itemListElement\":[{\"@type\":\"ListItem\",\"position\":1,\"name\":\"In\u00edcio\",\"item\":\"https:\/\/www.blogsoestado.com\/danielmatos\/\"},{\"@type\":\"ListItem\",\"position\":2,\"name\":\"Caxias: carreata hist\u00f3rica de F\u00e1bio Gentil confirma forte tend\u00eancia de reelei\u00e7\u00e3o do prefeito\"}]},{\"@type\":\"WebSite\",\"@id\":\"https:\/\/www.blogsoestado.com\/danielmatos\/#website\",\"url\":\"https:\/\/www.blogsoestado.com\/danielmatos\/\",\"name\":\"Daniel Matos\",\"description\":\"\",\"potentialAction\":[{\"@type\":\"SearchAction\",\"target\":{\"@type\":\"EntryPoint\",\"urlTemplate\":\"https:\/\/www.blogsoestado.com\/danielmatos\/?s={search_term_string}\"},\"query-input\":{\"@type\":\"PropertyValueSpecification\",\"valueRequired\":true,\"valueName\":\"search_term_string\"}}],\"inLanguage\":\"pt-BR\"}]}<\/script>\n<!-- \/ Yoast SEO plugin. -->","yoast_head_json":{"title":"Caxias: carreata hist\u00f3rica de F\u00e1bio Gentil confirma forte tend\u00eancia de reelei\u00e7\u00e3o do prefeito - Daniel Matos","robots":{"index":"index","follow":"follow","max-snippet":"max-snippet:-1","max-image-preview":"max-image-preview:large","max-video-preview":"max-video-preview:-1"},"canonical":"https:\/\/www.blogsoestado.com\/danielmatos\/caxias-carreata-historica-de-fabio-gentil-confirma-forte-tendencia-de-reeleicao-do-prefeito\/","og_locale":"pt_BR","og_type":"article","og_title":"Caxias: carreata hist\u00f3rica de F\u00e1bio Gentil confirma forte tend\u00eancia de reelei\u00e7\u00e3o do prefeito - Daniel Matos","og_description":"Uma multid\u00e3o saiu \u00e0s ruas de Caxias, na manh\u00e3 deste s\u00e1bado (14), para prestigiar o prefeito e candidato \u00e0 reelei\u00e7\u00e3o [&hellip;]","og_url":"https:\/\/www.blogsoestado.com\/danielmatos\/caxias-carreata-historica-de-fabio-gentil-confirma-forte-tendencia-de-reeleicao-do-prefeito\/","og_site_name":"Daniel Matos","article_published_time":"2020-11-14T22:28:52+00:00","og_image":[{"url":"https:\/\/www.blogsoestado.com\/danielmatos\/files\/2020\/11\/Screenshot_20201114-1930172.png","type":"","width":"","height":""}],"twitter_card":"summary_large_image","twitter_misc":{"Est. tempo de leitura":"1 minuto"},"schema":{"@context":"https:\/\/schema.org","@graph":[{"@type":"WebPage","@id":"https:\/\/www.blogsoestado.com\/danielmatos\/caxias-carreata-historica-de-fabio-gentil-confirma-forte-tendencia-de-reeleicao-do-prefeito\/","url":"https:\/\/www.blogsoestado.com\/danielmatos\/caxias-carreata-historica-de-fabio-gentil-confirma-forte-tendencia-de-reeleicao-do-prefeito\/","name":"Caxias: carreata hist\u00f3rica de F\u00e1bio Gentil confirma forte tend\u00eancia de reelei\u00e7\u00e3o do prefeito - Daniel Matos","isPartOf":{"@id":"https:\/\/www.blogsoestado.com\/danielmatos\/#website"},"primaryImageOfPage":{"@id":"https:\/\/www.blogsoestado.com\/danielmatos\/caxias-carreata-historica-de-fabio-gentil-confirma-forte-tendencia-de-reeleicao-do-prefeito\/#primaryimage"},"image":{"@id":"https:\/\/www.blogsoestado.com\/danielmatos\/caxias-carreata-historica-de-fabio-gentil-confirma-forte-tendencia-de-reeleicao-do-prefeito\/#primaryimage"},"thumbnailUrl":"https:\/\/www.blogsoestado.com\/danielmatos\/files\/2020\/11\/Screenshot_20201114-1930172.png","datePublished":"2020-11-14T22:28:52+00:00","author":{"@id":""},"breadcrumb":{"@id":"https:\/\/www.blogsoestado.com\/danielmatos\/caxias-carreata-historica-de-fabio-gentil-confirma-forte-tendencia-de-reeleicao-do-prefeito\/#breadcrumb"},"inLanguage":"pt-BR","potentialAction":[{"@type":"ReadAction","target":["https:\/\/www.blogsoestado.com\/danielmatos\/caxias-carreata-historica-de-fabio-gentil-confirma-forte-tendencia-de-reeleicao-do-prefeito\/"]}]},{"@type":"ImageObject","inLanguage":"pt-BR","@id":"https:\/\/www.blogsoestado.com\/danielmatos\/caxias-carreata-historica-de-fabio-gentil-confirma-forte-tendencia-de-reeleicao-do-prefeito\/#primaryimage","url":"https:\/\/www.blogsoestado.com\/danielmatos\/files\/2020\/11\/Screenshot_20201114-1930172.png","contentUrl":"https:\/\/www.blogsoestado.com\/danielmatos\/files\/2020\/11\/Screenshot_20201114-1930172.png"},{"@type":"BreadcrumbList","@id":"https:\/\/www.blogsoestado.com\/danielmatos\/caxias-carreata-historica-de-fabio-gentil-confirma-forte-tendencia-de-reeleicao-do-prefeito\/#breadcrumb","itemListElement":[{"@type":"ListItem","position":1,"name":"In\u00edcio","item":"https:\/\/www.blogsoestado.com\/danielmatos\/"},{"@type":"ListItem","position":2,"name":"Caxias: carreata hist\u00f3rica de F\u00e1bio Gentil confirma forte tend\u00eancia de reelei\u00e7\u00e3o do prefeito"}]},{"@type":"WebSite","@id":"https:\/\/www.blogsoestado.com\/danielmatos\/#website","url":"https:\/\/www.blogsoestado.com\/danielmatos\/","name":"Daniel Matos","description":"","potentialAction":[{"@type":"SearchAction","target":{"@type":"EntryPoint","urlTemplate":"https:\/\/www.blogsoestado.com\/danielmatos\/?s={search_term_string}"},"query-input":{"@type":"PropertyValueSpecification","valueRequired":true,"valueName":"search_term_string"}}],"inLanguage":"pt-BR"}]}},"jetpack_featured_media_url":"","_links":{"self":[{"href":"https:\/\/www.blogsoestado.com\/danielmatos\/wp-json\/wp\/v2\/posts\/79870","targetHints":{"allow":["GET"]}}],"collection":[{"href":"https:\/\/www.blogsoestado.com\/danielmatos\/wp-json\/wp\/v2\/posts"}],"about":[{"href":"https:\/\/www.blogsoestado.com\/danielmatos\/wp-json\/wp\/v2\/types\/post"}],"replies":[{"embeddable":true,"href":"https:\/\/www.blogsoestado.com\/danielmatos\/wp-json\/wp\/v2\/comments?post=79870"}],"version-history":[{"count":0,"href":"https:\/\/www.blogsoestado.com\/danielmatos\/wp-json\/wp\/v2\/posts\/79870\/revisions"}],"wp:attachment":[{"href":"https:\/\/www.blogsoestado.com\/danielmatos\/wp-json\/wp\/v2\/media?parent=79870"}],"wp:term":[{"taxonomy":"category","embeddable":true,"href":"https:\/\/www.blogsoestado.com\/danielmatos\/wp-json\/wp\/v2\/categories?post=79870"},{"taxonomy":"post_tag","embeddable":true,"href":"https:\/\/www.blogsoestado.com\/danielmatos\/wp-json\/wp\/v2\/tags?post=79870"}],"curies":[{"name":"wp","href":"https:\/\/api.w.org\/{rel}","templated":true}]}}