{"id":79882,"date":"2020-11-14T20:20:43","date_gmt":"2020-11-14T23:20:43","guid":{"rendered":"https:\/\/www.blogsoestado.com\/danielmatos\/?p=79882"},"modified":"2020-11-14T20:20:43","modified_gmt":"2020-11-14T23:20:43","slug":"paula-azevedo-65-vencera-as-eleicoes-neste-domingo-em-paco-do-lumiar-aponta-data-m","status":"publish","type":"post","link":"https:\/\/www.blogsoestado.com\/danielmatos\/paula-azevedo-65-vencera-as-eleicoes-neste-domingo-em-paco-do-lumiar-aponta-data-m\/","title":{"rendered":"Paula Azevedo 65 vencer\u00e1 as elei\u00e7\u00f5es neste domingo, em Pa\u00e7o do Lumiar, aponta Data M"},"content":{"rendered":"\n<div class=\"wp-block-image\"><figure class=\"alignright size-large\"><img decoding=\"async\" src=\"https:\/\/www.blogsoestado.com\/danielmatos\/files\/2020\/11\/IMG-20200121-WA1026.jpg\" alt=\"\" class=\"wp-image-79886\"\/><figcaption>Paula Azevedo segue firme rumo \u00e0 renova\u00e7\u00e3o do<br>mandato<\/figcaption><\/figure><\/div>\n\n\n\n<p>\u00daltima pesquisa realizada pelo Instituto DATA M antes do dia 15 de novembro, data em que ocorrer\u00e3o as vota\u00e7\u00f5es, revela que a atual prefeita e candidata \u00e0 reelei\u00e7\u00e3o, Paula Azevedo (PCdoB), sair\u00e1 vitoriosa das urnas neste domingo em Pa\u00e7o do Lumiar.<\/p>\n\n\n\n<p>De acordo com o levantamento, Paula est\u00e1 quase 10 pontos \u00e0 frente do segundo colocado \u2013 Fred Campos, que ainda nem teve a candidatura deferida, por falsifica\u00e7\u00e3o de documentos eleitorais, e corre grandes riscos de nem ao menos aparecer nas urnas.<\/p>\n\n\n\n<p>Os n\u00fameros mostram um crescimento acentuado da prefeita Paula. Ela saltou de 12 pontos, em agosto, para mais de 39. Analistas ouvidos pelo blog afirmam que o crescimento pode ser explicado pelo grande pacote de obras que Paula entregou no pouco tempo em que est\u00e1 \u00e0 frente da prefeitura \u2013 a prefeita Paula assumiu o mandato h\u00e1 pouco mais de um ano, ap\u00f3s o<br>afastamento, por motivos de sa\u00fade, do ex-prefeito Dutra \u2013 e tamb\u00e9m pelo investimento em comunica\u00e7\u00e3o, com maior presen\u00e7a nas redes sociais.<\/p>\n\n\n\n<p>\u201cN\u00f3s mostramos, mesmo neste curto per\u00edodo de tempo, que \u00e9 poss\u00edvel fazer diferente se houver comprometimento, organiza\u00e7\u00e3o, for\u00e7a de vontade e coragem. Ao lado do Governador Fl\u00e1vio Dino, transformamos a realidade de Pa\u00e7o do Lumiar em apenas um ano\u201d, afirmou a prefeita Paula.<\/p>\n\n\n\n<p>\u201cNosso principal desafio, al\u00e9m do tempo curto, era conseguir fazer nossa mensagem chegar aos luminenses, porque muitos ainda n\u00e3o me conheciam. Mas quando conheceram, souberam do nosso trabalho e honestidade, naturalmente vieram para o nosso  ado, porque viram que trabalhamos e temos um compromisso verdadeiro com o nosso povo e com a nossa cidade. Vamos honrar cada voto de confian\u00e7a com muito trabalho\u201d, finalizou a prefeita.<\/p>\n","protected":false},"excerpt":{"rendered":"<p>\u00daltima pesquisa realizada pelo Instituto DATA M antes do dia 15 de novembro, data em que ocorrer\u00e3o as vota\u00e7\u00f5es, revela [&hellip;]<\/p>\n","protected":false},"author":0,"featured_media":0,"comment_status":"open","ping_status":"open","sticky":false,"template":"","format":"standard","meta":{"site-sidebar-layout":"default","site-content-layout":"","ast-site-content-layout":"default","site-content-style":"default","site-sidebar-style":"default","ast-global-header-display":"","ast-banner-title-visibility":"","ast-main-header-display":"","ast-hfb-above-header-display":"","ast-hfb-below-header-display":"","ast-hfb-mobile-header-display":"","site-post-title":"","ast-breadcrumbs-content":"","ast-featured-img":"","footer-sml-layout":"","ast-disable-related-posts":"","theme-transparent-header-meta":"","adv-header-id-meta":"","stick-header-meta":"","header-above-stick-meta":"","header-main-stick-meta":"","header-below-stick-meta":"","astra-migrate-meta-layouts":"default","ast-page-background-enabled":"default","ast-page-background-meta":{"desktop":{"background-color":"var(--ast-global-color-5)","background-image":"","background-repeat":"repeat","background-position":"center center","background-size":"auto","background-attachment":"scroll","background-type":"","background-media":"","overlay-type":"","overlay-color":"","overlay-opacity":"","overlay-gradient":""},"tablet":{"background-color":"","background-image":"","background-repeat":"repeat","background-position":"center center","background-size":"auto","background-attachment":"scroll","background-type":"","background-media":"","overlay-type":"","overlay-color":"","overlay-opacity":"","overlay-gradient":""},"mobile":{"background-color":"","background-image":"","background-repeat":"repeat","background-position":"center center","background-size":"auto","background-attachment":"scroll","background-type":"","background-media":"","overlay-type":"","overlay-color":"","overlay-opacity":"","overlay-gradient":""}},"ast-content-background-meta":{"desktop":{"background-color":"var(--ast-global-color-4)","background-image":"","background-repeat":"repeat","background-position":"center center","background-size":"auto","background-attachment":"scroll","background-type":"","background-media":"","overlay-type":"","overlay-color":"","overlay-opacity":"","overlay-gradient":""},"tablet":{"background-color":"var(--ast-global-color-4)","background-image":"","background-repeat":"repeat","background-position":"center center","background-size":"auto","background-attachment":"scroll","background-type":"","background-media":"","overlay-type":"","overlay-color":"","overlay-opacity":"","overlay-gradient":""},"mobile":{"background-color":"var(--ast-global-color-4)","background-image":"","background-repeat":"repeat","background-position":"center center","background-size":"auto","background-attachment":"scroll","background-type":"","background-media":"","overlay-type":"","overlay-color":"","overlay-opacity":"","overlay-gradient":""}},"footnotes":""},"categories":[1],"tags":[],"class_list":["post-79882","post","type-post","status-publish","format-standard","hentry","category-sem-categoria"],"yoast_head":"<!-- This site is optimized with the Yoast SEO plugin v26.6 - https:\/\/yoast.com\/wordpress\/plugins\/seo\/ -->\n<title>Paula Azevedo 65 vencer\u00e1 as elei\u00e7\u00f5es neste domingo, em Pa\u00e7o do Lumiar, aponta Data M - Daniel Matos<\/title>\n<meta name=\"robots\" content=\"index, follow, max-snippet:-1, max-image-preview:large, max-video-preview:-1\" \/>\n<link rel=\"canonical\" href=\"https:\/\/www.blogsoestado.com\/danielmatos\/paula-azevedo-65-vencera-as-eleicoes-neste-domingo-em-paco-do-lumiar-aponta-data-m\/\" \/>\n<meta property=\"og:locale\" content=\"pt_BR\" \/>\n<meta property=\"og:type\" content=\"article\" \/>\n<meta property=\"og:title\" content=\"Paula Azevedo 65 vencer\u00e1 as elei\u00e7\u00f5es neste domingo, em Pa\u00e7o do Lumiar, aponta Data M - Daniel Matos\" \/>\n<meta property=\"og:description\" content=\"\u00daltima pesquisa realizada pelo Instituto DATA M antes do dia 15 de novembro, data em que ocorrer\u00e3o as vota\u00e7\u00f5es, revela [&hellip;]\" \/>\n<meta property=\"og:url\" content=\"https:\/\/www.blogsoestado.com\/danielmatos\/paula-azevedo-65-vencera-as-eleicoes-neste-domingo-em-paco-do-lumiar-aponta-data-m\/\" \/>\n<meta property=\"og:site_name\" content=\"Daniel Matos\" \/>\n<meta property=\"article:published_time\" content=\"2020-11-14T23:20:43+00:00\" \/>\n<meta property=\"og:image\" content=\"https:\/\/www.blogsoestado.com\/danielmatos\/files\/2020\/11\/IMG-20200121-WA1026.jpg\" \/>\n<meta name=\"twitter:card\" content=\"summary_large_image\" \/>\n<meta name=\"twitter:label1\" content=\"Est. tempo de leitura\" \/>\n\t<meta name=\"twitter:data1\" content=\"1 minuto\" \/>\n<script type=\"application\/ld+json\" class=\"yoast-schema-graph\">{\"@context\":\"https:\/\/schema.org\",\"@graph\":[{\"@type\":\"WebPage\",\"@id\":\"https:\/\/www.blogsoestado.com\/danielmatos\/paula-azevedo-65-vencera-as-eleicoes-neste-domingo-em-paco-do-lumiar-aponta-data-m\/\",\"url\":\"https:\/\/www.blogsoestado.com\/danielmatos\/paula-azevedo-65-vencera-as-eleicoes-neste-domingo-em-paco-do-lumiar-aponta-data-m\/\",\"name\":\"Paula Azevedo 65 vencer\u00e1 as elei\u00e7\u00f5es neste domingo, em Pa\u00e7o do Lumiar, aponta Data M - Daniel Matos\",\"isPartOf\":{\"@id\":\"https:\/\/www.blogsoestado.com\/danielmatos\/#website\"},\"primaryImageOfPage\":{\"@id\":\"https:\/\/www.blogsoestado.com\/danielmatos\/paula-azevedo-65-vencera-as-eleicoes-neste-domingo-em-paco-do-lumiar-aponta-data-m\/#primaryimage\"},\"image\":{\"@id\":\"https:\/\/www.blogsoestado.com\/danielmatos\/paula-azevedo-65-vencera-as-eleicoes-neste-domingo-em-paco-do-lumiar-aponta-data-m\/#primaryimage\"},\"thumbnailUrl\":\"https:\/\/www.blogsoestado.com\/danielmatos\/files\/2020\/11\/IMG-20200121-WA1026.jpg\",\"datePublished\":\"2020-11-14T23:20:43+00:00\",\"author\":{\"@id\":\"\"},\"breadcrumb\":{\"@id\":\"https:\/\/www.blogsoestado.com\/danielmatos\/paula-azevedo-65-vencera-as-eleicoes-neste-domingo-em-paco-do-lumiar-aponta-data-m\/#breadcrumb\"},\"inLanguage\":\"pt-BR\",\"potentialAction\":[{\"@type\":\"ReadAction\",\"target\":[\"https:\/\/www.blogsoestado.com\/danielmatos\/paula-azevedo-65-vencera-as-eleicoes-neste-domingo-em-paco-do-lumiar-aponta-data-m\/\"]}]},{\"@type\":\"ImageObject\",\"inLanguage\":\"pt-BR\",\"@id\":\"https:\/\/www.blogsoestado.com\/danielmatos\/paula-azevedo-65-vencera-as-eleicoes-neste-domingo-em-paco-do-lumiar-aponta-data-m\/#primaryimage\",\"url\":\"https:\/\/www.blogsoestado.com\/danielmatos\/files\/2020\/11\/IMG-20200121-WA1026.jpg\",\"contentUrl\":\"https:\/\/www.blogsoestado.com\/danielmatos\/files\/2020\/11\/IMG-20200121-WA1026.jpg\"},{\"@type\":\"BreadcrumbList\",\"@id\":\"https:\/\/www.blogsoestado.com\/danielmatos\/paula-azevedo-65-vencera-as-eleicoes-neste-domingo-em-paco-do-lumiar-aponta-data-m\/#breadcrumb\",\"itemListElement\":[{\"@type\":\"ListItem\",\"position\":1,\"name\":\"In\u00edcio\",\"item\":\"https:\/\/www.blogsoestado.com\/danielmatos\/\"},{\"@type\":\"ListItem\",\"position\":2,\"name\":\"Paula Azevedo 65 vencer\u00e1 as elei\u00e7\u00f5es neste domingo, em Pa\u00e7o do Lumiar, aponta Data M\"}]},{\"@type\":\"WebSite\",\"@id\":\"https:\/\/www.blogsoestado.com\/danielmatos\/#website\",\"url\":\"https:\/\/www.blogsoestado.com\/danielmatos\/\",\"name\":\"Daniel Matos\",\"description\":\"\",\"potentialAction\":[{\"@type\":\"SearchAction\",\"target\":{\"@type\":\"EntryPoint\",\"urlTemplate\":\"https:\/\/www.blogsoestado.com\/danielmatos\/?s={search_term_string}\"},\"query-input\":{\"@type\":\"PropertyValueSpecification\",\"valueRequired\":true,\"valueName\":\"search_term_string\"}}],\"inLanguage\":\"pt-BR\"}]}<\/script>\n<!-- \/ Yoast SEO plugin. -->","yoast_head_json":{"title":"Paula Azevedo 65 vencer\u00e1 as elei\u00e7\u00f5es neste domingo, em Pa\u00e7o do Lumiar, aponta Data M - Daniel Matos","robots":{"index":"index","follow":"follow","max-snippet":"max-snippet:-1","max-image-preview":"max-image-preview:large","max-video-preview":"max-video-preview:-1"},"canonical":"https:\/\/www.blogsoestado.com\/danielmatos\/paula-azevedo-65-vencera-as-eleicoes-neste-domingo-em-paco-do-lumiar-aponta-data-m\/","og_locale":"pt_BR","og_type":"article","og_title":"Paula Azevedo 65 vencer\u00e1 as elei\u00e7\u00f5es neste domingo, em Pa\u00e7o do Lumiar, aponta Data M - Daniel Matos","og_description":"\u00daltima pesquisa realizada pelo Instituto DATA M antes do dia 15 de novembro, data em que ocorrer\u00e3o as vota\u00e7\u00f5es, revela [&hellip;]","og_url":"https:\/\/www.blogsoestado.com\/danielmatos\/paula-azevedo-65-vencera-as-eleicoes-neste-domingo-em-paco-do-lumiar-aponta-data-m\/","og_site_name":"Daniel Matos","article_published_time":"2020-11-14T23:20:43+00:00","og_image":[{"url":"https:\/\/www.blogsoestado.com\/danielmatos\/files\/2020\/11\/IMG-20200121-WA1026.jpg","type":"","width":"","height":""}],"twitter_card":"summary_large_image","twitter_misc":{"Est. tempo de leitura":"1 minuto"},"schema":{"@context":"https:\/\/schema.org","@graph":[{"@type":"WebPage","@id":"https:\/\/www.blogsoestado.com\/danielmatos\/paula-azevedo-65-vencera-as-eleicoes-neste-domingo-em-paco-do-lumiar-aponta-data-m\/","url":"https:\/\/www.blogsoestado.com\/danielmatos\/paula-azevedo-65-vencera-as-eleicoes-neste-domingo-em-paco-do-lumiar-aponta-data-m\/","name":"Paula Azevedo 65 vencer\u00e1 as elei\u00e7\u00f5es neste domingo, em Pa\u00e7o do Lumiar, aponta Data M - Daniel Matos","isPartOf":{"@id":"https:\/\/www.blogsoestado.com\/danielmatos\/#website"},"primaryImageOfPage":{"@id":"https:\/\/www.blogsoestado.com\/danielmatos\/paula-azevedo-65-vencera-as-eleicoes-neste-domingo-em-paco-do-lumiar-aponta-data-m\/#primaryimage"},"image":{"@id":"https:\/\/www.blogsoestado.com\/danielmatos\/paula-azevedo-65-vencera-as-eleicoes-neste-domingo-em-paco-do-lumiar-aponta-data-m\/#primaryimage"},"thumbnailUrl":"https:\/\/www.blogsoestado.com\/danielmatos\/files\/2020\/11\/IMG-20200121-WA1026.jpg","datePublished":"2020-11-14T23:20:43+00:00","author":{"@id":""},"breadcrumb":{"@id":"https:\/\/www.blogsoestado.com\/danielmatos\/paula-azevedo-65-vencera-as-eleicoes-neste-domingo-em-paco-do-lumiar-aponta-data-m\/#breadcrumb"},"inLanguage":"pt-BR","potentialAction":[{"@type":"ReadAction","target":["https:\/\/www.blogsoestado.com\/danielmatos\/paula-azevedo-65-vencera-as-eleicoes-neste-domingo-em-paco-do-lumiar-aponta-data-m\/"]}]},{"@type":"ImageObject","inLanguage":"pt-BR","@id":"https:\/\/www.blogsoestado.com\/danielmatos\/paula-azevedo-65-vencera-as-eleicoes-neste-domingo-em-paco-do-lumiar-aponta-data-m\/#primaryimage","url":"https:\/\/www.blogsoestado.com\/danielmatos\/files\/2020\/11\/IMG-20200121-WA1026.jpg","contentUrl":"https:\/\/www.blogsoestado.com\/danielmatos\/files\/2020\/11\/IMG-20200121-WA1026.jpg"},{"@type":"BreadcrumbList","@id":"https:\/\/www.blogsoestado.com\/danielmatos\/paula-azevedo-65-vencera-as-eleicoes-neste-domingo-em-paco-do-lumiar-aponta-data-m\/#breadcrumb","itemListElement":[{"@type":"ListItem","position":1,"name":"In\u00edcio","item":"https:\/\/www.blogsoestado.com\/danielmatos\/"},{"@type":"ListItem","position":2,"name":"Paula Azevedo 65 vencer\u00e1 as elei\u00e7\u00f5es neste domingo, em Pa\u00e7o do Lumiar, aponta Data M"}]},{"@type":"WebSite","@id":"https:\/\/www.blogsoestado.com\/danielmatos\/#website","url":"https:\/\/www.blogsoestado.com\/danielmatos\/","name":"Daniel Matos","description":"","potentialAction":[{"@type":"SearchAction","target":{"@type":"EntryPoint","urlTemplate":"https:\/\/www.blogsoestado.com\/danielmatos\/?s={search_term_string}"},"query-input":{"@type":"PropertyValueSpecification","valueRequired":true,"valueName":"search_term_string"}}],"inLanguage":"pt-BR"}]}},"jetpack_featured_media_url":"","_links":{"self":[{"href":"https:\/\/www.blogsoestado.com\/danielmatos\/wp-json\/wp\/v2\/posts\/79882","targetHints":{"allow":["GET"]}}],"collection":[{"href":"https:\/\/www.blogsoestado.com\/danielmatos\/wp-json\/wp\/v2\/posts"}],"about":[{"href":"https:\/\/www.blogsoestado.com\/danielmatos\/wp-json\/wp\/v2\/types\/post"}],"replies":[{"embeddable":true,"href":"https:\/\/www.blogsoestado.com\/danielmatos\/wp-json\/wp\/v2\/comments?post=79882"}],"version-history":[{"count":0,"href":"https:\/\/www.blogsoestado.com\/danielmatos\/wp-json\/wp\/v2\/posts\/79882\/revisions"}],"wp:attachment":[{"href":"https:\/\/www.blogsoestado.com\/danielmatos\/wp-json\/wp\/v2\/media?parent=79882"}],"wp:term":[{"taxonomy":"category","embeddable":true,"href":"https:\/\/www.blogsoestado.com\/danielmatos\/wp-json\/wp\/v2\/categories?post=79882"},{"taxonomy":"post_tag","embeddable":true,"href":"https:\/\/www.blogsoestado.com\/danielmatos\/wp-json\/wp\/v2\/tags?post=79882"}],"curies":[{"name":"wp","href":"https:\/\/api.w.org\/{rel}","templated":true}]}}