{"id":79896,"date":"2020-11-15T00:13:46","date_gmt":"2020-11-15T03:13:46","guid":{"rendered":"https:\/\/www.blogsoestado.com\/danielmatos\/?p=79896"},"modified":"2020-11-15T00:13:46","modified_gmt":"2020-11-15T03:13:46","slug":"othelino-visita-nova-estacao-de-tratamento-de-agua-construida-pelo-governo-do-estado-em-vargem-grande","status":"publish","type":"post","link":"https:\/\/www.blogsoestado.com\/danielmatos\/othelino-visita-nova-estacao-de-tratamento-de-agua-construida-pelo-governo-do-estado-em-vargem-grande\/","title":{"rendered":"Othelino visita nova Esta\u00e7\u00e3o de Tratamento de \u00c1gua constru\u00edda pelo Governo do Estado em Vargem Grande"},"content":{"rendered":"\n<div class=\"wp-block-image\"><figure class=\"aligncenter size-large\"><img decoding=\"async\" src=\"https:\/\/www.blogsoestado.com\/danielmatos\/files\/2020\/11\/bd06c20b25ba508bce5203e345787ddf.jpg\" alt=\"\" class=\"wp-image-79897\"\/><figcaption>Othelino Neto e Rodrigo Lago visitaram as obras de amplia\u00e7\u00e3o do Sistema de Abastecimento de \u00c1gua de Vargem Grande, que tem capacidade de produ\u00e7\u00e3o de 400 mil litros de \u00e1gua\/hora<\/figcaption><\/figure><\/div>\n\n\n\n<p>O presidente da Assembleia Legislativa do Maranh\u00e3o, deputado Othelino Neto (PCdoB), visitou, na sexta-feira (13), as obras de melhoria e amplia\u00e7\u00e3o do Sistema de Abastecimento de \u00c1gua de Vargem Grande, constru\u00eddo pelo Governo do Estado.<\/p>\n\n\n\n<p>Acompanhado pelo secret\u00e1rio de Comunica\u00e7\u00e3o e Articula\u00e7\u00e3o Pol\u00edtica (Secap), Rodrigo Lago, o parlamentar conheceu a nova adutora e a Esta\u00e7\u00e3o de Tratamento que t\u00eam capacidade de produ\u00e7\u00e3o de 400 mil litros de \u00e1gua\/hora e v\u00e3o atender mais de 40 mil moradores do munic\u00edpio, uma m\u00e9dia de 10 mil fam\u00edlias.<\/p>\n\n\n\n<p>&#8220;Mais uma grande obra implantada pelo governador Fl\u00e1vio Dino em Vargem Grande, beneficiando milhares de fam\u00edlias e acabando, definitivamente, com o problema de falta d&#8217;\u00e1gua na cidade. Sem d\u00favidas, um servi\u00e7o que vai proporcionar melhor qualidade de vida e dignidade \u00e0 popula\u00e7\u00e3o&#8221;, afirmou Othelino Neto.<\/p>\n\n\n\n<div class=\"wp-block-image\"><figure class=\"aligncenter size-large\"><img decoding=\"async\" src=\"https:\/\/www.blogsoestado.com\/danielmatos\/files\/2020\/11\/5d7a93ec99391cb5c43e90a5f48cde12-1024x683.jpg\" alt=\"\" class=\"wp-image-79898\"\/><figcaption>Othelino Neto constata a capacidade de produ\u00e7\u00e3o da adutora que atender\u00e1 mais de 10 mil fam\u00edlias de Vargem Grande<\/figcaption><\/figure><\/div>\n\n\n\n<p>Com mais de R$ 8,4 milh\u00f5es investidos, as obras est\u00e3o na reta final, segundo o titular da Secap, Rodrigo Lago.<\/p>\n\n\n\n<p>\u201cHoje o sonho de d\u00e9cadas da popula\u00e7\u00e3o de Vargem Grande vira realidade. Com essa nova Esta\u00e7\u00e3o de Tratamento de \u00c1gua, a cidade ganha independ\u00eancia em rela\u00e7\u00e3o ao munic\u00edpio de Nina Rodrigues, e \u00e1gua tratada chegar\u00e1 a todas as torneiras com qualidade\u201d, ressaltou o secret\u00e1rio.<\/p>\n","protected":false},"excerpt":{"rendered":"<p>O presidente da Assembleia Legislativa do Maranh\u00e3o, deputado Othelino Neto (PCdoB), visitou, na sexta-feira (13), as obras de melhoria e [&hellip;]<\/p>\n","protected":false},"author":0,"featured_media":0,"comment_status":"open","ping_status":"open","sticky":false,"template":"","format":"standard","meta":{"site-sidebar-layout":"default","site-content-layout":"","ast-site-content-layout":"default","site-content-style":"default","site-sidebar-style":"default","ast-global-header-display":"","ast-banner-title-visibility":"","ast-main-header-display":"","ast-hfb-above-header-display":"","ast-hfb-below-header-display":"","ast-hfb-mobile-header-display":"","site-post-title":"","ast-breadcrumbs-content":"","ast-featured-img":"","footer-sml-layout":"","ast-disable-related-posts":"","theme-transparent-header-meta":"","adv-header-id-meta":"","stick-header-meta":"","header-above-stick-meta":"","header-main-stick-meta":"","header-below-stick-meta":"","astra-migrate-meta-layouts":"default","ast-page-background-enabled":"default","ast-page-background-meta":{"desktop":{"background-color":"var(--ast-global-color-5)","background-image":"","background-repeat":"repeat","background-position":"center center","background-size":"auto","background-attachment":"scroll","background-type":"","background-media":"","overlay-type":"","overlay-color":"","overlay-opacity":"","overlay-gradient":""},"tablet":{"background-color":"","background-image":"","background-repeat":"repeat","background-position":"center center","background-size":"auto","background-attachment":"scroll","background-type":"","background-media":"","overlay-type":"","overlay-color":"","overlay-opacity":"","overlay-gradient":""},"mobile":{"background-color":"","background-image":"","background-repeat":"repeat","background-position":"center center","background-size":"auto","background-attachment":"scroll","background-type":"","background-media":"","overlay-type":"","overlay-color":"","overlay-opacity":"","overlay-gradient":""}},"ast-content-background-meta":{"desktop":{"background-color":"var(--ast-global-color-4)","background-image":"","background-repeat":"repeat","background-position":"center center","background-size":"auto","background-attachment":"scroll","background-type":"","background-media":"","overlay-type":"","overlay-color":"","overlay-opacity":"","overlay-gradient":""},"tablet":{"background-color":"var(--ast-global-color-4)","background-image":"","background-repeat":"repeat","background-position":"center center","background-size":"auto","background-attachment":"scroll","background-type":"","background-media":"","overlay-type":"","overlay-color":"","overlay-opacity":"","overlay-gradient":""},"mobile":{"background-color":"var(--ast-global-color-4)","background-image":"","background-repeat":"repeat","background-position":"center center","background-size":"auto","background-attachment":"scroll","background-type":"","background-media":"","overlay-type":"","overlay-color":"","overlay-opacity":"","overlay-gradient":""}},"footnotes":""},"categories":[1],"tags":[],"class_list":["post-79896","post","type-post","status-publish","format-standard","hentry","category-sem-categoria"],"yoast_head":"<!-- This site is optimized with the Yoast SEO plugin v26.6 - https:\/\/yoast.com\/wordpress\/plugins\/seo\/ -->\n<title>Othelino visita nova Esta\u00e7\u00e3o de Tratamento de \u00c1gua constru\u00edda pelo Governo do Estado em Vargem Grande - Daniel Matos<\/title>\n<meta name=\"robots\" content=\"index, follow, max-snippet:-1, max-image-preview:large, max-video-preview:-1\" \/>\n<link rel=\"canonical\" href=\"https:\/\/www.blogsoestado.com\/danielmatos\/othelino-visita-nova-estacao-de-tratamento-de-agua-construida-pelo-governo-do-estado-em-vargem-grande\/\" \/>\n<meta property=\"og:locale\" content=\"pt_BR\" \/>\n<meta property=\"og:type\" content=\"article\" \/>\n<meta property=\"og:title\" content=\"Othelino visita nova Esta\u00e7\u00e3o de Tratamento de \u00c1gua constru\u00edda pelo Governo do Estado em Vargem Grande - Daniel Matos\" \/>\n<meta property=\"og:description\" content=\"O presidente da Assembleia Legislativa do Maranh\u00e3o, deputado Othelino Neto (PCdoB), visitou, na sexta-feira (13), as obras de melhoria e [&hellip;]\" \/>\n<meta property=\"og:url\" content=\"https:\/\/www.blogsoestado.com\/danielmatos\/othelino-visita-nova-estacao-de-tratamento-de-agua-construida-pelo-governo-do-estado-em-vargem-grande\/\" \/>\n<meta property=\"og:site_name\" content=\"Daniel Matos\" \/>\n<meta property=\"article:published_time\" content=\"2020-11-15T03:13:46+00:00\" \/>\n<meta property=\"og:image\" content=\"https:\/\/www.blogsoestado.com\/danielmatos\/files\/2020\/11\/bd06c20b25ba508bce5203e345787ddf.jpg\" \/>\n<meta name=\"twitter:card\" content=\"summary_large_image\" \/>\n<meta name=\"twitter:label1\" content=\"Est. tempo de leitura\" \/>\n\t<meta name=\"twitter:data1\" content=\"1 minuto\" \/>\n<script type=\"application\/ld+json\" class=\"yoast-schema-graph\">{\"@context\":\"https:\/\/schema.org\",\"@graph\":[{\"@type\":\"WebPage\",\"@id\":\"https:\/\/www.blogsoestado.com\/danielmatos\/othelino-visita-nova-estacao-de-tratamento-de-agua-construida-pelo-governo-do-estado-em-vargem-grande\/\",\"url\":\"https:\/\/www.blogsoestado.com\/danielmatos\/othelino-visita-nova-estacao-de-tratamento-de-agua-construida-pelo-governo-do-estado-em-vargem-grande\/\",\"name\":\"Othelino visita nova Esta\u00e7\u00e3o de Tratamento de \u00c1gua constru\u00edda pelo Governo do Estado em Vargem Grande - Daniel Matos\",\"isPartOf\":{\"@id\":\"https:\/\/www.blogsoestado.com\/danielmatos\/#website\"},\"primaryImageOfPage\":{\"@id\":\"https:\/\/www.blogsoestado.com\/danielmatos\/othelino-visita-nova-estacao-de-tratamento-de-agua-construida-pelo-governo-do-estado-em-vargem-grande\/#primaryimage\"},\"image\":{\"@id\":\"https:\/\/www.blogsoestado.com\/danielmatos\/othelino-visita-nova-estacao-de-tratamento-de-agua-construida-pelo-governo-do-estado-em-vargem-grande\/#primaryimage\"},\"thumbnailUrl\":\"https:\/\/www.blogsoestado.com\/danielmatos\/files\/2020\/11\/bd06c20b25ba508bce5203e345787ddf.jpg\",\"datePublished\":\"2020-11-15T03:13:46+00:00\",\"author\":{\"@id\":\"\"},\"breadcrumb\":{\"@id\":\"https:\/\/www.blogsoestado.com\/danielmatos\/othelino-visita-nova-estacao-de-tratamento-de-agua-construida-pelo-governo-do-estado-em-vargem-grande\/#breadcrumb\"},\"inLanguage\":\"pt-BR\",\"potentialAction\":[{\"@type\":\"ReadAction\",\"target\":[\"https:\/\/www.blogsoestado.com\/danielmatos\/othelino-visita-nova-estacao-de-tratamento-de-agua-construida-pelo-governo-do-estado-em-vargem-grande\/\"]}]},{\"@type\":\"ImageObject\",\"inLanguage\":\"pt-BR\",\"@id\":\"https:\/\/www.blogsoestado.com\/danielmatos\/othelino-visita-nova-estacao-de-tratamento-de-agua-construida-pelo-governo-do-estado-em-vargem-grande\/#primaryimage\",\"url\":\"https:\/\/www.blogsoestado.com\/danielmatos\/files\/2020\/11\/bd06c20b25ba508bce5203e345787ddf.jpg\",\"contentUrl\":\"https:\/\/www.blogsoestado.com\/danielmatos\/files\/2020\/11\/bd06c20b25ba508bce5203e345787ddf.jpg\"},{\"@type\":\"BreadcrumbList\",\"@id\":\"https:\/\/www.blogsoestado.com\/danielmatos\/othelino-visita-nova-estacao-de-tratamento-de-agua-construida-pelo-governo-do-estado-em-vargem-grande\/#breadcrumb\",\"itemListElement\":[{\"@type\":\"ListItem\",\"position\":1,\"name\":\"In\u00edcio\",\"item\":\"https:\/\/www.blogsoestado.com\/danielmatos\/\"},{\"@type\":\"ListItem\",\"position\":2,\"name\":\"Othelino visita nova Esta\u00e7\u00e3o de Tratamento de \u00c1gua constru\u00edda pelo Governo do Estado em Vargem Grande\"}]},{\"@type\":\"WebSite\",\"@id\":\"https:\/\/www.blogsoestado.com\/danielmatos\/#website\",\"url\":\"https:\/\/www.blogsoestado.com\/danielmatos\/\",\"name\":\"Daniel Matos\",\"description\":\"\",\"potentialAction\":[{\"@type\":\"SearchAction\",\"target\":{\"@type\":\"EntryPoint\",\"urlTemplate\":\"https:\/\/www.blogsoestado.com\/danielmatos\/?s={search_term_string}\"},\"query-input\":{\"@type\":\"PropertyValueSpecification\",\"valueRequired\":true,\"valueName\":\"search_term_string\"}}],\"inLanguage\":\"pt-BR\"}]}<\/script>\n<!-- \/ Yoast SEO plugin. -->","yoast_head_json":{"title":"Othelino visita nova Esta\u00e7\u00e3o de Tratamento de \u00c1gua constru\u00edda pelo Governo do Estado em Vargem Grande - Daniel Matos","robots":{"index":"index","follow":"follow","max-snippet":"max-snippet:-1","max-image-preview":"max-image-preview:large","max-video-preview":"max-video-preview:-1"},"canonical":"https:\/\/www.blogsoestado.com\/danielmatos\/othelino-visita-nova-estacao-de-tratamento-de-agua-construida-pelo-governo-do-estado-em-vargem-grande\/","og_locale":"pt_BR","og_type":"article","og_title":"Othelino visita nova Esta\u00e7\u00e3o de Tratamento de \u00c1gua constru\u00edda pelo Governo do Estado em Vargem Grande - Daniel Matos","og_description":"O presidente da Assembleia Legislativa do Maranh\u00e3o, deputado Othelino Neto (PCdoB), visitou, na sexta-feira (13), as obras de melhoria e [&hellip;]","og_url":"https:\/\/www.blogsoestado.com\/danielmatos\/othelino-visita-nova-estacao-de-tratamento-de-agua-construida-pelo-governo-do-estado-em-vargem-grande\/","og_site_name":"Daniel Matos","article_published_time":"2020-11-15T03:13:46+00:00","og_image":[{"url":"https:\/\/www.blogsoestado.com\/danielmatos\/files\/2020\/11\/bd06c20b25ba508bce5203e345787ddf.jpg","type":"","width":"","height":""}],"twitter_card":"summary_large_image","twitter_misc":{"Est. tempo de leitura":"1 minuto"},"schema":{"@context":"https:\/\/schema.org","@graph":[{"@type":"WebPage","@id":"https:\/\/www.blogsoestado.com\/danielmatos\/othelino-visita-nova-estacao-de-tratamento-de-agua-construida-pelo-governo-do-estado-em-vargem-grande\/","url":"https:\/\/www.blogsoestado.com\/danielmatos\/othelino-visita-nova-estacao-de-tratamento-de-agua-construida-pelo-governo-do-estado-em-vargem-grande\/","name":"Othelino visita nova Esta\u00e7\u00e3o de Tratamento de \u00c1gua constru\u00edda pelo Governo do Estado em Vargem Grande - Daniel Matos","isPartOf":{"@id":"https:\/\/www.blogsoestado.com\/danielmatos\/#website"},"primaryImageOfPage":{"@id":"https:\/\/www.blogsoestado.com\/danielmatos\/othelino-visita-nova-estacao-de-tratamento-de-agua-construida-pelo-governo-do-estado-em-vargem-grande\/#primaryimage"},"image":{"@id":"https:\/\/www.blogsoestado.com\/danielmatos\/othelino-visita-nova-estacao-de-tratamento-de-agua-construida-pelo-governo-do-estado-em-vargem-grande\/#primaryimage"},"thumbnailUrl":"https:\/\/www.blogsoestado.com\/danielmatos\/files\/2020\/11\/bd06c20b25ba508bce5203e345787ddf.jpg","datePublished":"2020-11-15T03:13:46+00:00","author":{"@id":""},"breadcrumb":{"@id":"https:\/\/www.blogsoestado.com\/danielmatos\/othelino-visita-nova-estacao-de-tratamento-de-agua-construida-pelo-governo-do-estado-em-vargem-grande\/#breadcrumb"},"inLanguage":"pt-BR","potentialAction":[{"@type":"ReadAction","target":["https:\/\/www.blogsoestado.com\/danielmatos\/othelino-visita-nova-estacao-de-tratamento-de-agua-construida-pelo-governo-do-estado-em-vargem-grande\/"]}]},{"@type":"ImageObject","inLanguage":"pt-BR","@id":"https:\/\/www.blogsoestado.com\/danielmatos\/othelino-visita-nova-estacao-de-tratamento-de-agua-construida-pelo-governo-do-estado-em-vargem-grande\/#primaryimage","url":"https:\/\/www.blogsoestado.com\/danielmatos\/files\/2020\/11\/bd06c20b25ba508bce5203e345787ddf.jpg","contentUrl":"https:\/\/www.blogsoestado.com\/danielmatos\/files\/2020\/11\/bd06c20b25ba508bce5203e345787ddf.jpg"},{"@type":"BreadcrumbList","@id":"https:\/\/www.blogsoestado.com\/danielmatos\/othelino-visita-nova-estacao-de-tratamento-de-agua-construida-pelo-governo-do-estado-em-vargem-grande\/#breadcrumb","itemListElement":[{"@type":"ListItem","position":1,"name":"In\u00edcio","item":"https:\/\/www.blogsoestado.com\/danielmatos\/"},{"@type":"ListItem","position":2,"name":"Othelino visita nova Esta\u00e7\u00e3o de Tratamento de \u00c1gua constru\u00edda pelo Governo do Estado em Vargem Grande"}]},{"@type":"WebSite","@id":"https:\/\/www.blogsoestado.com\/danielmatos\/#website","url":"https:\/\/www.blogsoestado.com\/danielmatos\/","name":"Daniel Matos","description":"","potentialAction":[{"@type":"SearchAction","target":{"@type":"EntryPoint","urlTemplate":"https:\/\/www.blogsoestado.com\/danielmatos\/?s={search_term_string}"},"query-input":{"@type":"PropertyValueSpecification","valueRequired":true,"valueName":"search_term_string"}}],"inLanguage":"pt-BR"}]}},"jetpack_featured_media_url":"","_links":{"self":[{"href":"https:\/\/www.blogsoestado.com\/danielmatos\/wp-json\/wp\/v2\/posts\/79896","targetHints":{"allow":["GET"]}}],"collection":[{"href":"https:\/\/www.blogsoestado.com\/danielmatos\/wp-json\/wp\/v2\/posts"}],"about":[{"href":"https:\/\/www.blogsoestado.com\/danielmatos\/wp-json\/wp\/v2\/types\/post"}],"replies":[{"embeddable":true,"href":"https:\/\/www.blogsoestado.com\/danielmatos\/wp-json\/wp\/v2\/comments?post=79896"}],"version-history":[{"count":0,"href":"https:\/\/www.blogsoestado.com\/danielmatos\/wp-json\/wp\/v2\/posts\/79896\/revisions"}],"wp:attachment":[{"href":"https:\/\/www.blogsoestado.com\/danielmatos\/wp-json\/wp\/v2\/media?parent=79896"}],"wp:term":[{"taxonomy":"category","embeddable":true,"href":"https:\/\/www.blogsoestado.com\/danielmatos\/wp-json\/wp\/v2\/categories?post=79896"},{"taxonomy":"post_tag","embeddable":true,"href":"https:\/\/www.blogsoestado.com\/danielmatos\/wp-json\/wp\/v2\/tags?post=79896"}],"curies":[{"name":"wp","href":"https:\/\/api.w.org\/{rel}","templated":true}]}}