{"id":79900,"date":"2020-11-15T08:59:33","date_gmt":"2020-11-15T11:59:33","guid":{"rendered":"https:\/\/www.blogsoestado.com\/danielmatos\/?p=79900"},"modified":"2020-11-15T08:59:33","modified_gmt":"2020-11-15T11:59:33","slug":"a-pandemia-o-ensino-remoto-e-os-avancos-na-ufma","status":"publish","type":"post","link":"https:\/\/www.blogsoestado.com\/danielmatos\/a-pandemia-o-ensino-remoto-e-os-avancos-na-ufma\/","title":{"rendered":"A pandemia, o ensino remoto e os avan\u00e7os na UFMA"},"content":{"rendered":"\n<div class=\"wp-block-image\"><figure class=\"aligncenter size-large\"><img decoding=\"async\" src=\"https:\/\/www.blogsoestado.com\/danielmatos\/files\/2020\/11\/IMG-20201114-WA0044-1024x682.jpg\" alt=\"\" class=\"wp-image-79901\"\/><figcaption>Reitor Natalino Salgado assina ordem de servi\u00e7o para retomada da reforma da Biblioteca Central da UFMA<\/figcaption><\/figure><\/div>\n\n\n\n<p>Com o in\u00edcio das obras da Biblioteca Central, o reitor Natalino Salgado marcou, nesta semana, a passagem de um ano da sua gest\u00e3o, cujo mandato vai at\u00e9 2023. O ato n\u00e3o poderia ser mais significativo, visto que a constru\u00e7\u00e3o foi iniciada em 2012, no seu segundo mandato, e abandonada na gest\u00e3o que o sucedeu.<\/p>\n\n\n\n<p>Quando passou o comando da institui\u00e7\u00e3o, em 2015, para Nair Portela, Salgado deixou um legado como nunca antes visto na hist\u00f3ria da Universidade, mas n\u00e3o houve tempo de concluir o pr\u00e9dio, embora 80% da obra tenha sido entregue. A previs\u00e3o \u00e9 que a nova Biblioteca esteja pronta em 12 meses.<\/p>\n\n\n\n<p>Enfrentando um ano de calamidade provocada pela pandemia do coronav\u00edrus, o reitor n\u00e3o s\u00f3 manteve a universidade funcionando normalmente, como buscou meios de continuar obras iniciadas na sua gest\u00e3o e n\u00e3o conclu\u00eddas pela sua sucessora, honrar compromissos de campanha e contabilizar novas conquistas.<\/p>\n\n\n\n<div class=\"wp-block-image\"><figure class=\"aligncenter size-large\"><img decoding=\"async\" src=\"https:\/\/www.blogsoestado.com\/danielmatos\/files\/2020\/11\/IMG-20201114-WA0050-1024x682.jpg\" alt=\"\" class=\"wp-image-79902\"\/><figcaption>O pr\u00e9dio onde funcionar\u00e1 a nova Biblioteca Central da UFMA, cuja reforma estava abandonada h\u00e1 quatro anos<\/figcaption><\/figure><\/div>\n\n\n\n<p>A UFMA se adaptou ao trabalho remoto, tanto das atividades acad\u00eamicas quanto administrativas, promovendo o avan\u00e7o tecnol\u00f3gico e o aperfei\u00e7oamento dos seus recursos humanos. Para isso, foi fundamental o investimento feito nos setores de tecnologia da informa\u00e7\u00e3o e da educa\u00e7\u00e3o a dist\u00e2ncia.<\/p>\n\n\n\n<p>Os avan\u00e7os nos doze primeiros meses de gest\u00e3o alcan\u00e7am diversas \u00e1reas. A urbaniza\u00e7\u00e3o do Campus de Balsas e a entrega das instala\u00e7\u00f5es definitivas \u00e0 comunidade universit\u00e1ria do munic\u00edpio foi uma das primeiras medidas concretizadas.<\/p>\n\n\n\n<p>Com o retorno das aulas presenciais na p\u00f3s-pandemia, ser\u00e1 vis\u00edvel a melhoria na infraestrutura dos c\u00e2mpus da UFMA, tanto em S\u00e3o Lu\u00eds, quanto no continente. Adequa\u00e7\u00f5es h\u00e1 muito reivindicadas por estudantes, que v\u00e3o da reforma de espa\u00e7os no Centro Pedag\u00f3gico Paulo Freire \u00e0s novas cl\u00ednicas de odontologia, j\u00e1 comp\u00f5em um novo cen\u00e1rio.<\/p>\n\n\n\n<div class=\"wp-block-image\"><figure class=\"aligncenter size-large\"><img decoding=\"async\" src=\"https:\/\/www.blogsoestado.com\/danielmatos\/files\/2020\/11\/IMG-20201114-WA0054-1024x682.jpg\" alt=\"\" class=\"wp-image-79903\"\/><figcaption>Rein\u00edcio da reforma da Biblioteca Central marca o primeiro ano da atual gest\u00e3o do reitor Natalino Salgado<\/figcaption><\/figure><\/div>\n\n\n\n<p>A UFMA \u00e9 uma das universidades federais que mais se empenharam para garantir a continuidade das atividades remotamente, a fim de n\u00e3o prejudicar a vida acad\u00eamica de milhares de estudantes. \u00c9 a terceira institui\u00e7\u00e3o de ensino superior do Brasil que mais distribuiu chips de conectividade por dados m\u00f3veis e \u00e9 a primeira no Nordeste nesse quesito, com 2.342 chips concedidos aos seus estudantes por meio do programa Alunos Conectados da Rede Nacional de Pesquisa (RNP) do Minist\u00e9rio da Educa\u00e7\u00e3o.<\/p>\n\n\n\n<p>A gest\u00e3o da UFMA agiu r\u00e1pido para preservar a seguran\u00e7a em sa\u00fade de t\u00e9cnicos-administrativos, docentes e discentes, decretando a suspens\u00e3o das atividades, logo no in\u00edcio da pandemia. E conseguiu maior aporte de recursos para o Hospital Universit\u00e1rio no enfrentamento \u00e0 Covid-19, que abriu 40 leitos de UTI e 98 de enfermaria para atender \u00e0 popula\u00e7\u00e3o no per\u00edodo de maior pico da transmiss\u00e3o do coronav\u00edrus.<\/p>\n\n\n\n<p>A coopera\u00e7\u00e3o com setores do Governo Federal, principalmente Minist\u00e9rio da Sa\u00fade e da Educa\u00e7\u00e3o, al\u00e9m de \u00f3rg\u00e3os estaduais e municipais, Tribunal Regional do Trabalho e Associa\u00e7\u00e3o de M\u00e9dicos do Maranh\u00e3o, resultou na aquisi\u00e7\u00e3o de equipamentos, produtos e EPIs.<\/p>\n\n\n\n<div class=\"wp-block-image\"><figure class=\"aligncenter size-large\"><img decoding=\"async\" src=\"https:\/\/www.blogsoestado.com\/danielmatos\/files\/2020\/11\/IMG-20201114-WA0043-1024x682.jpg\" alt=\"\" class=\"wp-image-79904\"\/><figcaption>Maquete eletr\u00f4nica da Biblioteca Central foi apresentada na cerim\u00f4nia de assinatura da ordem de servi\u00e7o<\/figcaption><\/figure><\/div>\n\n\n\n<p>Em outra frente, desenvolveu um ousado projeto de extens\u00e3o fazendo parceria com costureiras da \u00e1rea Itaqui-Bacanga para a confec\u00e7\u00e3o de m\u00e1scaras. Ao promover a gera\u00e7\u00e3o de renda, trouxe al\u00edvio a v\u00e1rias fam\u00edlias afetadas pela crise econ\u00f4mica advinda com a pandemia.<\/p>\n\n\n\n<p>No momento que mais se fez necess\u00e1ria a presen\u00e7a do profissional de medicina, a gest\u00e3o motivou formandos a conclu\u00edrem seus cursos em S\u00e3o Lu\u00eds, Pinheiro e Imperatriz e a assumirem o importante papel que lhes cabe na sociedade realizando Cola\u00e7\u00e3o de Grau por web confer\u00eancia.<\/p>\n\n\n\n<p>A produ\u00e7\u00e3o cient\u00edfica se fortaleceu com a realiza\u00e7\u00e3o de mais de 30 pesquisas em diferentes \u00e1reas, que abordam direta ou indiretamente a pandemia da Covid-19, financiadas por ag\u00eancias de fomento nacionais e estadual.<\/p>\n\n\n\n<p>Diante de um ca\u00f3tico 2020 na face da Terra, o saldo positivo no primeiro ano de Natalino Salgado \u00e0 frente da UFMA aponta que os tempos sombrios do passado recente come\u00e7am a dar lugar a uma nova esperan\u00e7a para a universidade reencontrar o caminho do desenvolvimento.<\/p>\n","protected":false},"excerpt":{"rendered":"<p>Com o in\u00edcio das obras da Biblioteca Central, o reitor Natalino Salgado marcou, nesta semana, a passagem de um ano [&hellip;]<\/p>\n","protected":false},"author":0,"featured_media":0,"comment_status":"open","ping_status":"open","sticky":false,"template":"","format":"standard","meta":{"site-sidebar-layout":"default","site-content-layout":"","ast-site-content-layout":"default","site-content-style":"default","site-sidebar-style":"default","ast-global-header-display":"","ast-banner-title-visibility":"","ast-main-header-display":"","ast-hfb-above-header-display":"","ast-hfb-below-header-display":"","ast-hfb-mobile-header-display":"","site-post-title":"","ast-breadcrumbs-content":"","ast-featured-img":"","footer-sml-layout":"","ast-disable-related-posts":"","theme-transparent-header-meta":"","adv-header-id-meta":"","stick-header-meta":"","header-above-stick-meta":"","header-main-stick-meta":"","header-below-stick-meta":"","astra-migrate-meta-layouts":"default","ast-page-background-enabled":"default","ast-page-background-meta":{"desktop":{"background-color":"var(--ast-global-color-5)","background-image":"","background-repeat":"repeat","background-position":"center center","background-size":"auto","background-attachment":"scroll","background-type":"","background-media":"","overlay-type":"","overlay-color":"","overlay-opacity":"","overlay-gradient":""},"tablet":{"background-color":"","background-image":"","background-repeat":"repeat","background-position":"center center","background-size":"auto","background-attachment":"scroll","background-type":"","background-media":"","overlay-type":"","overlay-color":"","overlay-opacity":"","overlay-gradient":""},"mobile":{"background-color":"","background-image":"","background-repeat":"repeat","background-position":"center center","background-size":"auto","background-attachment":"scroll","background-type":"","background-media":"","overlay-type":"","overlay-color":"","overlay-opacity":"","overlay-gradient":""}},"ast-content-background-meta":{"desktop":{"background-color":"var(--ast-global-color-4)","background-image":"","background-repeat":"repeat","background-position":"center center","background-size":"auto","background-attachment":"scroll","background-type":"","background-media":"","overlay-type":"","overlay-color":"","overlay-opacity":"","overlay-gradient":""},"tablet":{"background-color":"var(--ast-global-color-4)","background-image":"","background-repeat":"repeat","background-position":"center center","background-size":"auto","background-attachment":"scroll","background-type":"","background-media":"","overlay-type":"","overlay-color":"","overlay-opacity":"","overlay-gradient":""},"mobile":{"background-color":"var(--ast-global-color-4)","background-image":"","background-repeat":"repeat","background-position":"center center","background-size":"auto","background-attachment":"scroll","background-type":"","background-media":"","overlay-type":"","overlay-color":"","overlay-opacity":"","overlay-gradient":""}},"footnotes":""},"categories":[1],"tags":[],"class_list":["post-79900","post","type-post","status-publish","format-standard","hentry","category-sem-categoria"],"yoast_head":"<!-- This site is optimized with the Yoast SEO plugin v26.6 - https:\/\/yoast.com\/wordpress\/plugins\/seo\/ -->\n<title>A pandemia, o ensino remoto e os avan\u00e7os na UFMA - Daniel Matos<\/title>\n<meta name=\"robots\" content=\"index, follow, max-snippet:-1, max-image-preview:large, max-video-preview:-1\" \/>\n<link rel=\"canonical\" href=\"https:\/\/www.blogsoestado.com\/danielmatos\/a-pandemia-o-ensino-remoto-e-os-avancos-na-ufma\/\" \/>\n<meta property=\"og:locale\" content=\"pt_BR\" \/>\n<meta property=\"og:type\" content=\"article\" \/>\n<meta property=\"og:title\" content=\"A pandemia, o ensino remoto e os avan\u00e7os na UFMA - Daniel Matos\" \/>\n<meta property=\"og:description\" content=\"Com o in\u00edcio das obras da Biblioteca Central, o reitor Natalino Salgado marcou, nesta semana, a passagem de um ano [&hellip;]\" \/>\n<meta property=\"og:url\" content=\"https:\/\/www.blogsoestado.com\/danielmatos\/a-pandemia-o-ensino-remoto-e-os-avancos-na-ufma\/\" \/>\n<meta property=\"og:site_name\" content=\"Daniel Matos\" \/>\n<meta property=\"article:published_time\" content=\"2020-11-15T11:59:33+00:00\" \/>\n<meta property=\"og:image\" content=\"https:\/\/www.blogsoestado.com\/danielmatos\/files\/2020\/11\/IMG-20201114-WA0044-1024x682.jpg\" \/>\n<meta name=\"twitter:card\" content=\"summary_large_image\" \/>\n<meta name=\"twitter:label1\" content=\"Est. tempo de leitura\" \/>\n\t<meta name=\"twitter:data1\" content=\"4 minutos\" \/>\n<script type=\"application\/ld+json\" class=\"yoast-schema-graph\">{\"@context\":\"https:\/\/schema.org\",\"@graph\":[{\"@type\":\"WebPage\",\"@id\":\"https:\/\/www.blogsoestado.com\/danielmatos\/a-pandemia-o-ensino-remoto-e-os-avancos-na-ufma\/\",\"url\":\"https:\/\/www.blogsoestado.com\/danielmatos\/a-pandemia-o-ensino-remoto-e-os-avancos-na-ufma\/\",\"name\":\"A pandemia, o ensino remoto e os avan\u00e7os na UFMA - Daniel Matos\",\"isPartOf\":{\"@id\":\"https:\/\/www.blogsoestado.com\/danielmatos\/#website\"},\"primaryImageOfPage\":{\"@id\":\"https:\/\/www.blogsoestado.com\/danielmatos\/a-pandemia-o-ensino-remoto-e-os-avancos-na-ufma\/#primaryimage\"},\"image\":{\"@id\":\"https:\/\/www.blogsoestado.com\/danielmatos\/a-pandemia-o-ensino-remoto-e-os-avancos-na-ufma\/#primaryimage\"},\"thumbnailUrl\":\"https:\/\/www.blogsoestado.com\/danielmatos\/files\/2020\/11\/IMG-20201114-WA0044-1024x682.jpg\",\"datePublished\":\"2020-11-15T11:59:33+00:00\",\"author\":{\"@id\":\"\"},\"breadcrumb\":{\"@id\":\"https:\/\/www.blogsoestado.com\/danielmatos\/a-pandemia-o-ensino-remoto-e-os-avancos-na-ufma\/#breadcrumb\"},\"inLanguage\":\"pt-BR\",\"potentialAction\":[{\"@type\":\"ReadAction\",\"target\":[\"https:\/\/www.blogsoestado.com\/danielmatos\/a-pandemia-o-ensino-remoto-e-os-avancos-na-ufma\/\"]}]},{\"@type\":\"ImageObject\",\"inLanguage\":\"pt-BR\",\"@id\":\"https:\/\/www.blogsoestado.com\/danielmatos\/a-pandemia-o-ensino-remoto-e-os-avancos-na-ufma\/#primaryimage\",\"url\":\"https:\/\/www.blogsoestado.com\/danielmatos\/files\/2020\/11\/IMG-20201114-WA0044-1024x682.jpg\",\"contentUrl\":\"https:\/\/www.blogsoestado.com\/danielmatos\/files\/2020\/11\/IMG-20201114-WA0044-1024x682.jpg\"},{\"@type\":\"BreadcrumbList\",\"@id\":\"https:\/\/www.blogsoestado.com\/danielmatos\/a-pandemia-o-ensino-remoto-e-os-avancos-na-ufma\/#breadcrumb\",\"itemListElement\":[{\"@type\":\"ListItem\",\"position\":1,\"name\":\"In\u00edcio\",\"item\":\"https:\/\/www.blogsoestado.com\/danielmatos\/\"},{\"@type\":\"ListItem\",\"position\":2,\"name\":\"A pandemia, o ensino remoto e os avan\u00e7os na UFMA\"}]},{\"@type\":\"WebSite\",\"@id\":\"https:\/\/www.blogsoestado.com\/danielmatos\/#website\",\"url\":\"https:\/\/www.blogsoestado.com\/danielmatos\/\",\"name\":\"Daniel Matos\",\"description\":\"\",\"potentialAction\":[{\"@type\":\"SearchAction\",\"target\":{\"@type\":\"EntryPoint\",\"urlTemplate\":\"https:\/\/www.blogsoestado.com\/danielmatos\/?s={search_term_string}\"},\"query-input\":{\"@type\":\"PropertyValueSpecification\",\"valueRequired\":true,\"valueName\":\"search_term_string\"}}],\"inLanguage\":\"pt-BR\"}]}<\/script>\n<!-- \/ Yoast SEO plugin. -->","yoast_head_json":{"title":"A pandemia, o ensino remoto e os avan\u00e7os na UFMA - Daniel Matos","robots":{"index":"index","follow":"follow","max-snippet":"max-snippet:-1","max-image-preview":"max-image-preview:large","max-video-preview":"max-video-preview:-1"},"canonical":"https:\/\/www.blogsoestado.com\/danielmatos\/a-pandemia-o-ensino-remoto-e-os-avancos-na-ufma\/","og_locale":"pt_BR","og_type":"article","og_title":"A pandemia, o ensino remoto e os avan\u00e7os na UFMA - Daniel Matos","og_description":"Com o in\u00edcio das obras da Biblioteca Central, o reitor Natalino Salgado marcou, nesta semana, a passagem de um ano [&hellip;]","og_url":"https:\/\/www.blogsoestado.com\/danielmatos\/a-pandemia-o-ensino-remoto-e-os-avancos-na-ufma\/","og_site_name":"Daniel Matos","article_published_time":"2020-11-15T11:59:33+00:00","og_image":[{"url":"https:\/\/www.blogsoestado.com\/danielmatos\/files\/2020\/11\/IMG-20201114-WA0044-1024x682.jpg","type":"","width":"","height":""}],"twitter_card":"summary_large_image","twitter_misc":{"Est. tempo de leitura":"4 minutos"},"schema":{"@context":"https:\/\/schema.org","@graph":[{"@type":"WebPage","@id":"https:\/\/www.blogsoestado.com\/danielmatos\/a-pandemia-o-ensino-remoto-e-os-avancos-na-ufma\/","url":"https:\/\/www.blogsoestado.com\/danielmatos\/a-pandemia-o-ensino-remoto-e-os-avancos-na-ufma\/","name":"A pandemia, o ensino remoto e os avan\u00e7os na UFMA - Daniel Matos","isPartOf":{"@id":"https:\/\/www.blogsoestado.com\/danielmatos\/#website"},"primaryImageOfPage":{"@id":"https:\/\/www.blogsoestado.com\/danielmatos\/a-pandemia-o-ensino-remoto-e-os-avancos-na-ufma\/#primaryimage"},"image":{"@id":"https:\/\/www.blogsoestado.com\/danielmatos\/a-pandemia-o-ensino-remoto-e-os-avancos-na-ufma\/#primaryimage"},"thumbnailUrl":"https:\/\/www.blogsoestado.com\/danielmatos\/files\/2020\/11\/IMG-20201114-WA0044-1024x682.jpg","datePublished":"2020-11-15T11:59:33+00:00","author":{"@id":""},"breadcrumb":{"@id":"https:\/\/www.blogsoestado.com\/danielmatos\/a-pandemia-o-ensino-remoto-e-os-avancos-na-ufma\/#breadcrumb"},"inLanguage":"pt-BR","potentialAction":[{"@type":"ReadAction","target":["https:\/\/www.blogsoestado.com\/danielmatos\/a-pandemia-o-ensino-remoto-e-os-avancos-na-ufma\/"]}]},{"@type":"ImageObject","inLanguage":"pt-BR","@id":"https:\/\/www.blogsoestado.com\/danielmatos\/a-pandemia-o-ensino-remoto-e-os-avancos-na-ufma\/#primaryimage","url":"https:\/\/www.blogsoestado.com\/danielmatos\/files\/2020\/11\/IMG-20201114-WA0044-1024x682.jpg","contentUrl":"https:\/\/www.blogsoestado.com\/danielmatos\/files\/2020\/11\/IMG-20201114-WA0044-1024x682.jpg"},{"@type":"BreadcrumbList","@id":"https:\/\/www.blogsoestado.com\/danielmatos\/a-pandemia-o-ensino-remoto-e-os-avancos-na-ufma\/#breadcrumb","itemListElement":[{"@type":"ListItem","position":1,"name":"In\u00edcio","item":"https:\/\/www.blogsoestado.com\/danielmatos\/"},{"@type":"ListItem","position":2,"name":"A pandemia, o ensino remoto e os avan\u00e7os na UFMA"}]},{"@type":"WebSite","@id":"https:\/\/www.blogsoestado.com\/danielmatos\/#website","url":"https:\/\/www.blogsoestado.com\/danielmatos\/","name":"Daniel Matos","description":"","potentialAction":[{"@type":"SearchAction","target":{"@type":"EntryPoint","urlTemplate":"https:\/\/www.blogsoestado.com\/danielmatos\/?s={search_term_string}"},"query-input":{"@type":"PropertyValueSpecification","valueRequired":true,"valueName":"search_term_string"}}],"inLanguage":"pt-BR"}]}},"jetpack_featured_media_url":"","_links":{"self":[{"href":"https:\/\/www.blogsoestado.com\/danielmatos\/wp-json\/wp\/v2\/posts\/79900","targetHints":{"allow":["GET"]}}],"collection":[{"href":"https:\/\/www.blogsoestado.com\/danielmatos\/wp-json\/wp\/v2\/posts"}],"about":[{"href":"https:\/\/www.blogsoestado.com\/danielmatos\/wp-json\/wp\/v2\/types\/post"}],"replies":[{"embeddable":true,"href":"https:\/\/www.blogsoestado.com\/danielmatos\/wp-json\/wp\/v2\/comments?post=79900"}],"version-history":[{"count":0,"href":"https:\/\/www.blogsoestado.com\/danielmatos\/wp-json\/wp\/v2\/posts\/79900\/revisions"}],"wp:attachment":[{"href":"https:\/\/www.blogsoestado.com\/danielmatos\/wp-json\/wp\/v2\/media?parent=79900"}],"wp:term":[{"taxonomy":"category","embeddable":true,"href":"https:\/\/www.blogsoestado.com\/danielmatos\/wp-json\/wp\/v2\/categories?post=79900"},{"taxonomy":"post_tag","embeddable":true,"href":"https:\/\/www.blogsoestado.com\/danielmatos\/wp-json\/wp\/v2\/tags?post=79900"}],"curies":[{"name":"wp","href":"https:\/\/api.w.org\/{rel}","templated":true}]}}