{"id":79912,"date":"2020-11-15T11:14:11","date_gmt":"2020-11-15T14:14:11","guid":{"rendered":"https:\/\/www.blogsoestado.com\/danielmatos\/?p=79912"},"modified":"2020-11-15T11:14:11","modified_gmt":"2020-11-15T14:14:11","slug":"opressao-do-65-resulta-em-operacao-da-pf-em-bom-lugar-no-dia-da-eleicao","status":"publish","type":"post","link":"https:\/\/www.blogsoestado.com\/danielmatos\/opressao-do-65-resulta-em-operacao-da-pf-em-bom-lugar-no-dia-da-eleicao\/","title":{"rendered":"Opress\u00e3o do 65 resulta em opera\u00e7\u00e3o da PF em Bom Lugar no dia da elei\u00e7\u00e3o"},"content":{"rendered":"\n<div class=\"wp-block-image\"><figure class=\"aligncenter size-large\"><img decoding=\"async\" src=\"https:\/\/www.blogsoestado.com\/danielmatos\/files\/2020\/11\/IMG-20201115-WA0104-1024x473.jpg\" alt=\"\" class=\"wp-image-79913\"\/><figcaption>Viatura da Pol\u00edcia Federal percorre rua de Bom Lugar para garantir a seguran\u00e7a da elei\u00e7\u00e3o<\/figcaption><\/figure><\/div>\n\n\n\n<p>Os sucessivos atos de opress\u00e3o, intimida\u00e7\u00e3o, persegui\u00e7\u00e3o e at\u00e9 suspeita de compra de votos praticados pelo grupo do 65 em Bom Lugar levaram a Pol\u00edcia Federal a deflagrar uma opera\u00e7\u00e3o no munic\u00edpio em pleno dia da elei\u00e7\u00e3o. Equipes da PF amanheceram na cidade e passaram a percorrer ruas, avenidas e outros logradouros, principalmente os arredores dos locais de vota\u00e7\u00e3o, para reprimir eventuais viola\u00e7\u00f5es e atentados contra a democracia, como os que aconteceram durante a campanha.<\/p>\n\n\n\n<p>Ap\u00f3s uma noite e madrugada tensas em Bom Lugar, marcadas por um clima de p\u00e2nico, a popula\u00e7\u00e3o tem a esperan\u00e7a de exercer com seguran\u00e7a e total liberdade o direito ao voto.<\/p>\n\n\n\n<p>Resta saber se o grupo pol\u00edtico liderado pelo ex-prefeito ineleg\u00edvel Marcos Miranda, que tem como candidata a prefeita a esposa dele, Marlene Miranda, ousar\u00e1 afrontar a PF. A\u00ed seria o c\u00famulo da aud\u00e1cia, o que pode ter como consequ\u00eancia pris\u00f5es e outras medidas previstas em lei.<\/p>\n\n\n\n<p>Melhor acreditar que a presen\u00e7a da for\u00e7a federal dar\u00e1 ao povo de Bom Lugar a t\u00e3o desejada tranquilidade para ir \u00e0s urnas e escolher livremente o nome de sua prefer\u00eancia para administrar o munic\u00edpio pelos pr\u00f3ximos quatro anos.<\/p>\n","protected":false},"excerpt":{"rendered":"<p>Os sucessivos atos de opress\u00e3o, intimida\u00e7\u00e3o, persegui\u00e7\u00e3o e at\u00e9 suspeita de compra de votos praticados pelo grupo do 65 em [&hellip;]<\/p>\n","protected":false},"author":0,"featured_media":0,"comment_status":"open","ping_status":"open","sticky":false,"template":"","format":"standard","meta":{"site-sidebar-layout":"default","site-content-layout":"","ast-site-content-layout":"default","site-content-style":"default","site-sidebar-style":"default","ast-global-header-display":"","ast-banner-title-visibility":"","ast-main-header-display":"","ast-hfb-above-header-display":"","ast-hfb-below-header-display":"","ast-hfb-mobile-header-display":"","site-post-title":"","ast-breadcrumbs-content":"","ast-featured-img":"","footer-sml-layout":"","ast-disable-related-posts":"","theme-transparent-header-meta":"","adv-header-id-meta":"","stick-header-meta":"","header-above-stick-meta":"","header-main-stick-meta":"","header-below-stick-meta":"","astra-migrate-meta-layouts":"default","ast-page-background-enabled":"default","ast-page-background-meta":{"desktop":{"background-color":"var(--ast-global-color-5)","background-image":"","background-repeat":"repeat","background-position":"center center","background-size":"auto","background-attachment":"scroll","background-type":"","background-media":"","overlay-type":"","overlay-color":"","overlay-opacity":"","overlay-gradient":""},"tablet":{"background-color":"","background-image":"","background-repeat":"repeat","background-position":"center center","background-size":"auto","background-attachment":"scroll","background-type":"","background-media":"","overlay-type":"","overlay-color":"","overlay-opacity":"","overlay-gradient":""},"mobile":{"background-color":"","background-image":"","background-repeat":"repeat","background-position":"center center","background-size":"auto","background-attachment":"scroll","background-type":"","background-media":"","overlay-type":"","overlay-color":"","overlay-opacity":"","overlay-gradient":""}},"ast-content-background-meta":{"desktop":{"background-color":"var(--ast-global-color-4)","background-image":"","background-repeat":"repeat","background-position":"center center","background-size":"auto","background-attachment":"scroll","background-type":"","background-media":"","overlay-type":"","overlay-color":"","overlay-opacity":"","overlay-gradient":""},"tablet":{"background-color":"var(--ast-global-color-4)","background-image":"","background-repeat":"repeat","background-position":"center center","background-size":"auto","background-attachment":"scroll","background-type":"","background-media":"","overlay-type":"","overlay-color":"","overlay-opacity":"","overlay-gradient":""},"mobile":{"background-color":"var(--ast-global-color-4)","background-image":"","background-repeat":"repeat","background-position":"center center","background-size":"auto","background-attachment":"scroll","background-type":"","background-media":"","overlay-type":"","overlay-color":"","overlay-opacity":"","overlay-gradient":""}},"footnotes":""},"categories":[1],"tags":[],"class_list":["post-79912","post","type-post","status-publish","format-standard","hentry","category-sem-categoria"],"yoast_head":"<!-- This site is optimized with the Yoast SEO plugin v26.6 - https:\/\/yoast.com\/wordpress\/plugins\/seo\/ -->\n<title>Opress\u00e3o do 65 resulta em opera\u00e7\u00e3o da PF em Bom Lugar no dia da elei\u00e7\u00e3o - Daniel Matos<\/title>\n<meta name=\"robots\" content=\"index, follow, max-snippet:-1, max-image-preview:large, max-video-preview:-1\" \/>\n<link rel=\"canonical\" href=\"https:\/\/www.blogsoestado.com\/danielmatos\/opressao-do-65-resulta-em-operacao-da-pf-em-bom-lugar-no-dia-da-eleicao\/\" \/>\n<meta property=\"og:locale\" content=\"pt_BR\" \/>\n<meta property=\"og:type\" content=\"article\" \/>\n<meta property=\"og:title\" content=\"Opress\u00e3o do 65 resulta em opera\u00e7\u00e3o da PF em Bom Lugar no dia da elei\u00e7\u00e3o - Daniel Matos\" \/>\n<meta property=\"og:description\" content=\"Os sucessivos atos de opress\u00e3o, intimida\u00e7\u00e3o, persegui\u00e7\u00e3o e at\u00e9 suspeita de compra de votos praticados pelo grupo do 65 em [&hellip;]\" \/>\n<meta property=\"og:url\" content=\"https:\/\/www.blogsoestado.com\/danielmatos\/opressao-do-65-resulta-em-operacao-da-pf-em-bom-lugar-no-dia-da-eleicao\/\" \/>\n<meta property=\"og:site_name\" content=\"Daniel Matos\" \/>\n<meta property=\"article:published_time\" content=\"2020-11-15T14:14:11+00:00\" \/>\n<meta property=\"og:image\" content=\"https:\/\/www.blogsoestado.com\/danielmatos\/files\/2020\/11\/IMG-20201115-WA0104-1024x473.jpg\" \/>\n<meta name=\"twitter:card\" content=\"summary_large_image\" \/>\n<meta name=\"twitter:label1\" content=\"Est. tempo de leitura\" \/>\n\t<meta name=\"twitter:data1\" content=\"1 minuto\" \/>\n<script type=\"application\/ld+json\" class=\"yoast-schema-graph\">{\"@context\":\"https:\/\/schema.org\",\"@graph\":[{\"@type\":\"WebPage\",\"@id\":\"https:\/\/www.blogsoestado.com\/danielmatos\/opressao-do-65-resulta-em-operacao-da-pf-em-bom-lugar-no-dia-da-eleicao\/\",\"url\":\"https:\/\/www.blogsoestado.com\/danielmatos\/opressao-do-65-resulta-em-operacao-da-pf-em-bom-lugar-no-dia-da-eleicao\/\",\"name\":\"Opress\u00e3o do 65 resulta em opera\u00e7\u00e3o da PF em Bom Lugar no dia da elei\u00e7\u00e3o - Daniel Matos\",\"isPartOf\":{\"@id\":\"https:\/\/www.blogsoestado.com\/danielmatos\/#website\"},\"primaryImageOfPage\":{\"@id\":\"https:\/\/www.blogsoestado.com\/danielmatos\/opressao-do-65-resulta-em-operacao-da-pf-em-bom-lugar-no-dia-da-eleicao\/#primaryimage\"},\"image\":{\"@id\":\"https:\/\/www.blogsoestado.com\/danielmatos\/opressao-do-65-resulta-em-operacao-da-pf-em-bom-lugar-no-dia-da-eleicao\/#primaryimage\"},\"thumbnailUrl\":\"https:\/\/www.blogsoestado.com\/danielmatos\/files\/2020\/11\/IMG-20201115-WA0104-1024x473.jpg\",\"datePublished\":\"2020-11-15T14:14:11+00:00\",\"author\":{\"@id\":\"\"},\"breadcrumb\":{\"@id\":\"https:\/\/www.blogsoestado.com\/danielmatos\/opressao-do-65-resulta-em-operacao-da-pf-em-bom-lugar-no-dia-da-eleicao\/#breadcrumb\"},\"inLanguage\":\"pt-BR\",\"potentialAction\":[{\"@type\":\"ReadAction\",\"target\":[\"https:\/\/www.blogsoestado.com\/danielmatos\/opressao-do-65-resulta-em-operacao-da-pf-em-bom-lugar-no-dia-da-eleicao\/\"]}]},{\"@type\":\"ImageObject\",\"inLanguage\":\"pt-BR\",\"@id\":\"https:\/\/www.blogsoestado.com\/danielmatos\/opressao-do-65-resulta-em-operacao-da-pf-em-bom-lugar-no-dia-da-eleicao\/#primaryimage\",\"url\":\"https:\/\/www.blogsoestado.com\/danielmatos\/files\/2020\/11\/IMG-20201115-WA0104-1024x473.jpg\",\"contentUrl\":\"https:\/\/www.blogsoestado.com\/danielmatos\/files\/2020\/11\/IMG-20201115-WA0104-1024x473.jpg\"},{\"@type\":\"BreadcrumbList\",\"@id\":\"https:\/\/www.blogsoestado.com\/danielmatos\/opressao-do-65-resulta-em-operacao-da-pf-em-bom-lugar-no-dia-da-eleicao\/#breadcrumb\",\"itemListElement\":[{\"@type\":\"ListItem\",\"position\":1,\"name\":\"In\u00edcio\",\"item\":\"https:\/\/www.blogsoestado.com\/danielmatos\/\"},{\"@type\":\"ListItem\",\"position\":2,\"name\":\"Opress\u00e3o do 65 resulta em opera\u00e7\u00e3o da PF em Bom Lugar no dia da elei\u00e7\u00e3o\"}]},{\"@type\":\"WebSite\",\"@id\":\"https:\/\/www.blogsoestado.com\/danielmatos\/#website\",\"url\":\"https:\/\/www.blogsoestado.com\/danielmatos\/\",\"name\":\"Daniel Matos\",\"description\":\"\",\"potentialAction\":[{\"@type\":\"SearchAction\",\"target\":{\"@type\":\"EntryPoint\",\"urlTemplate\":\"https:\/\/www.blogsoestado.com\/danielmatos\/?s={search_term_string}\"},\"query-input\":{\"@type\":\"PropertyValueSpecification\",\"valueRequired\":true,\"valueName\":\"search_term_string\"}}],\"inLanguage\":\"pt-BR\"}]}<\/script>\n<!-- \/ Yoast SEO plugin. -->","yoast_head_json":{"title":"Opress\u00e3o do 65 resulta em opera\u00e7\u00e3o da PF em Bom Lugar no dia da elei\u00e7\u00e3o - Daniel Matos","robots":{"index":"index","follow":"follow","max-snippet":"max-snippet:-1","max-image-preview":"max-image-preview:large","max-video-preview":"max-video-preview:-1"},"canonical":"https:\/\/www.blogsoestado.com\/danielmatos\/opressao-do-65-resulta-em-operacao-da-pf-em-bom-lugar-no-dia-da-eleicao\/","og_locale":"pt_BR","og_type":"article","og_title":"Opress\u00e3o do 65 resulta em opera\u00e7\u00e3o da PF em Bom Lugar no dia da elei\u00e7\u00e3o - Daniel Matos","og_description":"Os sucessivos atos de opress\u00e3o, intimida\u00e7\u00e3o, persegui\u00e7\u00e3o e at\u00e9 suspeita de compra de votos praticados pelo grupo do 65 em [&hellip;]","og_url":"https:\/\/www.blogsoestado.com\/danielmatos\/opressao-do-65-resulta-em-operacao-da-pf-em-bom-lugar-no-dia-da-eleicao\/","og_site_name":"Daniel Matos","article_published_time":"2020-11-15T14:14:11+00:00","og_image":[{"url":"https:\/\/www.blogsoestado.com\/danielmatos\/files\/2020\/11\/IMG-20201115-WA0104-1024x473.jpg","type":"","width":"","height":""}],"twitter_card":"summary_large_image","twitter_misc":{"Est. tempo de leitura":"1 minuto"},"schema":{"@context":"https:\/\/schema.org","@graph":[{"@type":"WebPage","@id":"https:\/\/www.blogsoestado.com\/danielmatos\/opressao-do-65-resulta-em-operacao-da-pf-em-bom-lugar-no-dia-da-eleicao\/","url":"https:\/\/www.blogsoestado.com\/danielmatos\/opressao-do-65-resulta-em-operacao-da-pf-em-bom-lugar-no-dia-da-eleicao\/","name":"Opress\u00e3o do 65 resulta em opera\u00e7\u00e3o da PF em Bom Lugar no dia da elei\u00e7\u00e3o - Daniel Matos","isPartOf":{"@id":"https:\/\/www.blogsoestado.com\/danielmatos\/#website"},"primaryImageOfPage":{"@id":"https:\/\/www.blogsoestado.com\/danielmatos\/opressao-do-65-resulta-em-operacao-da-pf-em-bom-lugar-no-dia-da-eleicao\/#primaryimage"},"image":{"@id":"https:\/\/www.blogsoestado.com\/danielmatos\/opressao-do-65-resulta-em-operacao-da-pf-em-bom-lugar-no-dia-da-eleicao\/#primaryimage"},"thumbnailUrl":"https:\/\/www.blogsoestado.com\/danielmatos\/files\/2020\/11\/IMG-20201115-WA0104-1024x473.jpg","datePublished":"2020-11-15T14:14:11+00:00","author":{"@id":""},"breadcrumb":{"@id":"https:\/\/www.blogsoestado.com\/danielmatos\/opressao-do-65-resulta-em-operacao-da-pf-em-bom-lugar-no-dia-da-eleicao\/#breadcrumb"},"inLanguage":"pt-BR","potentialAction":[{"@type":"ReadAction","target":["https:\/\/www.blogsoestado.com\/danielmatos\/opressao-do-65-resulta-em-operacao-da-pf-em-bom-lugar-no-dia-da-eleicao\/"]}]},{"@type":"ImageObject","inLanguage":"pt-BR","@id":"https:\/\/www.blogsoestado.com\/danielmatos\/opressao-do-65-resulta-em-operacao-da-pf-em-bom-lugar-no-dia-da-eleicao\/#primaryimage","url":"https:\/\/www.blogsoestado.com\/danielmatos\/files\/2020\/11\/IMG-20201115-WA0104-1024x473.jpg","contentUrl":"https:\/\/www.blogsoestado.com\/danielmatos\/files\/2020\/11\/IMG-20201115-WA0104-1024x473.jpg"},{"@type":"BreadcrumbList","@id":"https:\/\/www.blogsoestado.com\/danielmatos\/opressao-do-65-resulta-em-operacao-da-pf-em-bom-lugar-no-dia-da-eleicao\/#breadcrumb","itemListElement":[{"@type":"ListItem","position":1,"name":"In\u00edcio","item":"https:\/\/www.blogsoestado.com\/danielmatos\/"},{"@type":"ListItem","position":2,"name":"Opress\u00e3o do 65 resulta em opera\u00e7\u00e3o da PF em Bom Lugar no dia da elei\u00e7\u00e3o"}]},{"@type":"WebSite","@id":"https:\/\/www.blogsoestado.com\/danielmatos\/#website","url":"https:\/\/www.blogsoestado.com\/danielmatos\/","name":"Daniel Matos","description":"","potentialAction":[{"@type":"SearchAction","target":{"@type":"EntryPoint","urlTemplate":"https:\/\/www.blogsoestado.com\/danielmatos\/?s={search_term_string}"},"query-input":{"@type":"PropertyValueSpecification","valueRequired":true,"valueName":"search_term_string"}}],"inLanguage":"pt-BR"}]}},"jetpack_featured_media_url":"","_links":{"self":[{"href":"https:\/\/www.blogsoestado.com\/danielmatos\/wp-json\/wp\/v2\/posts\/79912","targetHints":{"allow":["GET"]}}],"collection":[{"href":"https:\/\/www.blogsoestado.com\/danielmatos\/wp-json\/wp\/v2\/posts"}],"about":[{"href":"https:\/\/www.blogsoestado.com\/danielmatos\/wp-json\/wp\/v2\/types\/post"}],"replies":[{"embeddable":true,"href":"https:\/\/www.blogsoestado.com\/danielmatos\/wp-json\/wp\/v2\/comments?post=79912"}],"version-history":[{"count":0,"href":"https:\/\/www.blogsoestado.com\/danielmatos\/wp-json\/wp\/v2\/posts\/79912\/revisions"}],"wp:attachment":[{"href":"https:\/\/www.blogsoestado.com\/danielmatos\/wp-json\/wp\/v2\/media?parent=79912"}],"wp:term":[{"taxonomy":"category","embeddable":true,"href":"https:\/\/www.blogsoestado.com\/danielmatos\/wp-json\/wp\/v2\/categories?post=79912"},{"taxonomy":"post_tag","embeddable":true,"href":"https:\/\/www.blogsoestado.com\/danielmatos\/wp-json\/wp\/v2\/tags?post=79912"}],"curies":[{"name":"wp","href":"https:\/\/api.w.org\/{rel}","templated":true}]}}