{"id":79924,"date":"2020-11-15T16:19:59","date_gmt":"2020-11-15T19:19:59","guid":{"rendered":"https:\/\/www.blogsoestado.com\/danielmatos\/?p=79924"},"modified":"2020-11-15T16:19:59","modified_gmt":"2020-11-15T19:19:59","slug":"mostramos-nossa-propostas-de-verdade-e-vamos-chegar-ao-segundo-turno-declarou-yglesio-a-imprensa","status":"publish","type":"post","link":"https:\/\/www.blogsoestado.com\/danielmatos\/mostramos-nossa-propostas-de-verdade-e-vamos-chegar-ao-segundo-turno-declarou-yglesio-a-imprensa\/","title":{"rendered":"\u201cMostramos nossa propostas de verdade e vamos chegar ao segundo turno\u201d, declarou Ygl\u00e9sio \u00e0 imprensa"},"content":{"rendered":"\n<div class=\"wp-block-image\"><figure class=\"aligncenter size-large\"><img decoding=\"async\" src=\"https:\/\/www.blogsoestado.com\/danielmatos\/files\/2020\/11\/IMG-20201115-WA0275-1024x682.jpg\" alt=\"\" class=\"wp-image-79925\"\/><figcaption>Ygl\u00e9sio Moys\u00e9s manifesta confian\u00e7a ao votar em sua se\u00e7\u00e3o eleitoral<\/figcaption><\/figure><\/div>\n\n\n\n<p>O candidato a prefeito Ygl\u00e9sio Moyses do Partido Republicano da Ordem Social (PROS) votou ainda h\u00e1 pouco na unidade do SENAI no Monte Castelo, confiante na ida para o segundo turno.<\/p>\n\n\n\n<p>Ygl\u00e9sio chegou at\u00e9 a se\u00e7\u00e3o eleitoral acompanhado da filha Maria Alice e cumprimentou eleitores e mes\u00e1rios. Antes, falou \u00e0 imprensa e se disse otimista na escolha dos ludovicenses.<\/p>\n\n\n\n<div class=\"wp-block-image\"><figure class=\"aligncenter size-large\"><img decoding=\"async\" src=\"https:\/\/www.blogsoestado.com\/danielmatos\/files\/2020\/11\/IMG-20201115-WA0277-1024x682.jpg\" alt=\"\" class=\"wp-image-79926\"\/><figcaption>O candidato confere com os mes\u00e1rios os seus dados eleitorais antes de se dirigir \u00e0 urna eletr\u00f4nica<\/figcaption><\/figure><\/div>\n\n\n\n<p>Ygl\u00e9sio tem recebido grandes manifesta\u00e7\u00f5es de apoio e espera chegar ao segundo turno. &#8220;A gente tem que manter a esperan\u00e7a firme. A gente tem recebido manifesta\u00e7\u00f5es muito grandes depois do \u00faltimo debate na televis\u00e3o e a gente espera rumar ao segundo turno. Acredito na virada do voto&#8221;, disse.<\/p>\n\n\n\n<p>Seu vice- prefeito na chapa, o tamb\u00e9m m\u00e9dico oftalmologista, Dr Mauro Cesar j\u00e1 havia votado mais cedo no Col\u00e9gio Dom Bosco, no bairro do Renascen\u00e7a.<\/p>\n\n\n\n<div class=\"wp-block-image\"><figure class=\"aligncenter size-large\"><img decoding=\"async\" src=\"https:\/\/www.blogsoestado.com\/danielmatos\/files\/2020\/11\/IMG-20201115-WA0276-1024x682.jpg\" alt=\"\" class=\"wp-image-79927\"\/><figcaption>Ygl\u00e9sio exerce o direito constitucional ao voto no primeiro turno da elei\u00e7\u00e3o<\/figcaption><\/figure><\/div>\n\n\n\n<p>Para a opini\u00e3o p\u00fablica, Ygl\u00e9sio foi unanimidade como o melhor entre todos os dez candidatos a falar de suas propostas do plano de governo nos debates, entrevistas e nas redes social. Por diversas oportunidades, ele contrap\u00f4s e alertou para os n\u00fameros das pesquisas \u2018estimuladas\u2019 com objetivo de influenciar na decis\u00e3o de voto e disse que acredita na possibilidade de virada de voto.<\/p>\n\n\n\n<div class=\"wp-block-image\"><figure class=\"aligncenter size-large\"><img decoding=\"async\" src=\"https:\/\/www.blogsoestado.com\/danielmatos\/files\/2020\/11\/IMG-20201115-WA0274-1024x682.jpg\" alt=\"\" class=\"wp-image-79928\"\/><figcaption>O candidato votou acompanhado da filha Maria Alice no SENAI do Monte Castelo<\/figcaption><\/figure><\/div>\n\n\n\n<p>Ontem, o \u00faltimo dia de campanha, os dois candidatos se dedicaram a percorrer as principais avenidas e bairros da capital maranhense. Em carreatas pelas ruas, eles puderam&nbsp;sentir o sentimento de mudan\u00e7a e a vontade da popula\u00e7\u00e3o.<\/p>\n","protected":false},"excerpt":{"rendered":"<p>O candidato a prefeito Ygl\u00e9sio Moyses do Partido Republicano da Ordem Social (PROS) votou ainda h\u00e1 pouco na unidade do [&hellip;]<\/p>\n","protected":false},"author":0,"featured_media":0,"comment_status":"open","ping_status":"open","sticky":false,"template":"","format":"standard","meta":{"site-sidebar-layout":"default","site-content-layout":"","ast-site-content-layout":"default","site-content-style":"default","site-sidebar-style":"default","ast-global-header-display":"","ast-banner-title-visibility":"","ast-main-header-display":"","ast-hfb-above-header-display":"","ast-hfb-below-header-display":"","ast-hfb-mobile-header-display":"","site-post-title":"","ast-breadcrumbs-content":"","ast-featured-img":"","footer-sml-layout":"","ast-disable-related-posts":"","theme-transparent-header-meta":"","adv-header-id-meta":"","stick-header-meta":"","header-above-stick-meta":"","header-main-stick-meta":"","header-below-stick-meta":"","astra-migrate-meta-layouts":"default","ast-page-background-enabled":"default","ast-page-background-meta":{"desktop":{"background-color":"var(--ast-global-color-5)","background-image":"","background-repeat":"repeat","background-position":"center center","background-size":"auto","background-attachment":"scroll","background-type":"","background-media":"","overlay-type":"","overlay-color":"","overlay-opacity":"","overlay-gradient":""},"tablet":{"background-color":"","background-image":"","background-repeat":"repeat","background-position":"center center","background-size":"auto","background-attachment":"scroll","background-type":"","background-media":"","overlay-type":"","overlay-color":"","overlay-opacity":"","overlay-gradient":""},"mobile":{"background-color":"","background-image":"","background-repeat":"repeat","background-position":"center center","background-size":"auto","background-attachment":"scroll","background-type":"","background-media":"","overlay-type":"","overlay-color":"","overlay-opacity":"","overlay-gradient":""}},"ast-content-background-meta":{"desktop":{"background-color":"var(--ast-global-color-4)","background-image":"","background-repeat":"repeat","background-position":"center center","background-size":"auto","background-attachment":"scroll","background-type":"","background-media":"","overlay-type":"","overlay-color":"","overlay-opacity":"","overlay-gradient":""},"tablet":{"background-color":"var(--ast-global-color-4)","background-image":"","background-repeat":"repeat","background-position":"center center","background-size":"auto","background-attachment":"scroll","background-type":"","background-media":"","overlay-type":"","overlay-color":"","overlay-opacity":"","overlay-gradient":""},"mobile":{"background-color":"var(--ast-global-color-4)","background-image":"","background-repeat":"repeat","background-position":"center center","background-size":"auto","background-attachment":"scroll","background-type":"","background-media":"","overlay-type":"","overlay-color":"","overlay-opacity":"","overlay-gradient":""}},"footnotes":""},"categories":[1],"tags":[],"class_list":["post-79924","post","type-post","status-publish","format-standard","hentry","category-sem-categoria"],"yoast_head":"<!-- This site is optimized with the Yoast SEO plugin v26.6 - https:\/\/yoast.com\/wordpress\/plugins\/seo\/ -->\n<title>\u201cMostramos nossa propostas de verdade e vamos chegar ao segundo turno\u201d, declarou Ygl\u00e9sio \u00e0 imprensa - Daniel Matos<\/title>\n<meta name=\"robots\" content=\"index, follow, max-snippet:-1, max-image-preview:large, max-video-preview:-1\" \/>\n<link rel=\"canonical\" href=\"https:\/\/www.blogsoestado.com\/danielmatos\/mostramos-nossa-propostas-de-verdade-e-vamos-chegar-ao-segundo-turno-declarou-yglesio-a-imprensa\/\" \/>\n<meta property=\"og:locale\" content=\"pt_BR\" \/>\n<meta property=\"og:type\" content=\"article\" \/>\n<meta property=\"og:title\" content=\"\u201cMostramos nossa propostas de verdade e vamos chegar ao segundo turno\u201d, declarou Ygl\u00e9sio \u00e0 imprensa - Daniel Matos\" \/>\n<meta property=\"og:description\" content=\"O candidato a prefeito Ygl\u00e9sio Moyses do Partido Republicano da Ordem Social (PROS) votou ainda h\u00e1 pouco na unidade do [&hellip;]\" \/>\n<meta property=\"og:url\" content=\"https:\/\/www.blogsoestado.com\/danielmatos\/mostramos-nossa-propostas-de-verdade-e-vamos-chegar-ao-segundo-turno-declarou-yglesio-a-imprensa\/\" \/>\n<meta property=\"og:site_name\" content=\"Daniel Matos\" \/>\n<meta property=\"article:published_time\" content=\"2020-11-15T19:19:59+00:00\" \/>\n<meta property=\"og:image\" content=\"https:\/\/www.blogsoestado.com\/danielmatos\/files\/2020\/11\/IMG-20201115-WA0275-1024x682.jpg\" \/>\n<meta name=\"twitter:card\" content=\"summary_large_image\" \/>\n<meta name=\"twitter:label1\" content=\"Est. tempo de leitura\" \/>\n\t<meta name=\"twitter:data1\" content=\"2 minutos\" \/>\n<script type=\"application\/ld+json\" class=\"yoast-schema-graph\">{\"@context\":\"https:\/\/schema.org\",\"@graph\":[{\"@type\":\"WebPage\",\"@id\":\"https:\/\/www.blogsoestado.com\/danielmatos\/mostramos-nossa-propostas-de-verdade-e-vamos-chegar-ao-segundo-turno-declarou-yglesio-a-imprensa\/\",\"url\":\"https:\/\/www.blogsoestado.com\/danielmatos\/mostramos-nossa-propostas-de-verdade-e-vamos-chegar-ao-segundo-turno-declarou-yglesio-a-imprensa\/\",\"name\":\"\u201cMostramos nossa propostas de verdade e vamos chegar ao segundo turno\u201d, declarou Ygl\u00e9sio \u00e0 imprensa - Daniel Matos\",\"isPartOf\":{\"@id\":\"https:\/\/www.blogsoestado.com\/danielmatos\/#website\"},\"primaryImageOfPage\":{\"@id\":\"https:\/\/www.blogsoestado.com\/danielmatos\/mostramos-nossa-propostas-de-verdade-e-vamos-chegar-ao-segundo-turno-declarou-yglesio-a-imprensa\/#primaryimage\"},\"image\":{\"@id\":\"https:\/\/www.blogsoestado.com\/danielmatos\/mostramos-nossa-propostas-de-verdade-e-vamos-chegar-ao-segundo-turno-declarou-yglesio-a-imprensa\/#primaryimage\"},\"thumbnailUrl\":\"https:\/\/www.blogsoestado.com\/danielmatos\/files\/2020\/11\/IMG-20201115-WA0275-1024x682.jpg\",\"datePublished\":\"2020-11-15T19:19:59+00:00\",\"author\":{\"@id\":\"\"},\"breadcrumb\":{\"@id\":\"https:\/\/www.blogsoestado.com\/danielmatos\/mostramos-nossa-propostas-de-verdade-e-vamos-chegar-ao-segundo-turno-declarou-yglesio-a-imprensa\/#breadcrumb\"},\"inLanguage\":\"pt-BR\",\"potentialAction\":[{\"@type\":\"ReadAction\",\"target\":[\"https:\/\/www.blogsoestado.com\/danielmatos\/mostramos-nossa-propostas-de-verdade-e-vamos-chegar-ao-segundo-turno-declarou-yglesio-a-imprensa\/\"]}]},{\"@type\":\"ImageObject\",\"inLanguage\":\"pt-BR\",\"@id\":\"https:\/\/www.blogsoestado.com\/danielmatos\/mostramos-nossa-propostas-de-verdade-e-vamos-chegar-ao-segundo-turno-declarou-yglesio-a-imprensa\/#primaryimage\",\"url\":\"https:\/\/www.blogsoestado.com\/danielmatos\/files\/2020\/11\/IMG-20201115-WA0275-1024x682.jpg\",\"contentUrl\":\"https:\/\/www.blogsoestado.com\/danielmatos\/files\/2020\/11\/IMG-20201115-WA0275-1024x682.jpg\"},{\"@type\":\"BreadcrumbList\",\"@id\":\"https:\/\/www.blogsoestado.com\/danielmatos\/mostramos-nossa-propostas-de-verdade-e-vamos-chegar-ao-segundo-turno-declarou-yglesio-a-imprensa\/#breadcrumb\",\"itemListElement\":[{\"@type\":\"ListItem\",\"position\":1,\"name\":\"In\u00edcio\",\"item\":\"https:\/\/www.blogsoestado.com\/danielmatos\/\"},{\"@type\":\"ListItem\",\"position\":2,\"name\":\"\u201cMostramos nossa propostas de verdade e vamos chegar ao segundo turno\u201d, declarou Ygl\u00e9sio \u00e0 imprensa\"}]},{\"@type\":\"WebSite\",\"@id\":\"https:\/\/www.blogsoestado.com\/danielmatos\/#website\",\"url\":\"https:\/\/www.blogsoestado.com\/danielmatos\/\",\"name\":\"Daniel Matos\",\"description\":\"\",\"potentialAction\":[{\"@type\":\"SearchAction\",\"target\":{\"@type\":\"EntryPoint\",\"urlTemplate\":\"https:\/\/www.blogsoestado.com\/danielmatos\/?s={search_term_string}\"},\"query-input\":{\"@type\":\"PropertyValueSpecification\",\"valueRequired\":true,\"valueName\":\"search_term_string\"}}],\"inLanguage\":\"pt-BR\"}]}<\/script>\n<!-- \/ Yoast SEO plugin. -->","yoast_head_json":{"title":"\u201cMostramos nossa propostas de verdade e vamos chegar ao segundo turno\u201d, declarou Ygl\u00e9sio \u00e0 imprensa - Daniel Matos","robots":{"index":"index","follow":"follow","max-snippet":"max-snippet:-1","max-image-preview":"max-image-preview:large","max-video-preview":"max-video-preview:-1"},"canonical":"https:\/\/www.blogsoestado.com\/danielmatos\/mostramos-nossa-propostas-de-verdade-e-vamos-chegar-ao-segundo-turno-declarou-yglesio-a-imprensa\/","og_locale":"pt_BR","og_type":"article","og_title":"\u201cMostramos nossa propostas de verdade e vamos chegar ao segundo turno\u201d, declarou Ygl\u00e9sio \u00e0 imprensa - Daniel Matos","og_description":"O candidato a prefeito Ygl\u00e9sio Moyses do Partido Republicano da Ordem Social (PROS) votou ainda h\u00e1 pouco na unidade do [&hellip;]","og_url":"https:\/\/www.blogsoestado.com\/danielmatos\/mostramos-nossa-propostas-de-verdade-e-vamos-chegar-ao-segundo-turno-declarou-yglesio-a-imprensa\/","og_site_name":"Daniel Matos","article_published_time":"2020-11-15T19:19:59+00:00","og_image":[{"url":"https:\/\/www.blogsoestado.com\/danielmatos\/files\/2020\/11\/IMG-20201115-WA0275-1024x682.jpg","type":"","width":"","height":""}],"twitter_card":"summary_large_image","twitter_misc":{"Est. tempo de leitura":"2 minutos"},"schema":{"@context":"https:\/\/schema.org","@graph":[{"@type":"WebPage","@id":"https:\/\/www.blogsoestado.com\/danielmatos\/mostramos-nossa-propostas-de-verdade-e-vamos-chegar-ao-segundo-turno-declarou-yglesio-a-imprensa\/","url":"https:\/\/www.blogsoestado.com\/danielmatos\/mostramos-nossa-propostas-de-verdade-e-vamos-chegar-ao-segundo-turno-declarou-yglesio-a-imprensa\/","name":"\u201cMostramos nossa propostas de verdade e vamos chegar ao segundo turno\u201d, declarou Ygl\u00e9sio \u00e0 imprensa - Daniel Matos","isPartOf":{"@id":"https:\/\/www.blogsoestado.com\/danielmatos\/#website"},"primaryImageOfPage":{"@id":"https:\/\/www.blogsoestado.com\/danielmatos\/mostramos-nossa-propostas-de-verdade-e-vamos-chegar-ao-segundo-turno-declarou-yglesio-a-imprensa\/#primaryimage"},"image":{"@id":"https:\/\/www.blogsoestado.com\/danielmatos\/mostramos-nossa-propostas-de-verdade-e-vamos-chegar-ao-segundo-turno-declarou-yglesio-a-imprensa\/#primaryimage"},"thumbnailUrl":"https:\/\/www.blogsoestado.com\/danielmatos\/files\/2020\/11\/IMG-20201115-WA0275-1024x682.jpg","datePublished":"2020-11-15T19:19:59+00:00","author":{"@id":""},"breadcrumb":{"@id":"https:\/\/www.blogsoestado.com\/danielmatos\/mostramos-nossa-propostas-de-verdade-e-vamos-chegar-ao-segundo-turno-declarou-yglesio-a-imprensa\/#breadcrumb"},"inLanguage":"pt-BR","potentialAction":[{"@type":"ReadAction","target":["https:\/\/www.blogsoestado.com\/danielmatos\/mostramos-nossa-propostas-de-verdade-e-vamos-chegar-ao-segundo-turno-declarou-yglesio-a-imprensa\/"]}]},{"@type":"ImageObject","inLanguage":"pt-BR","@id":"https:\/\/www.blogsoestado.com\/danielmatos\/mostramos-nossa-propostas-de-verdade-e-vamos-chegar-ao-segundo-turno-declarou-yglesio-a-imprensa\/#primaryimage","url":"https:\/\/www.blogsoestado.com\/danielmatos\/files\/2020\/11\/IMG-20201115-WA0275-1024x682.jpg","contentUrl":"https:\/\/www.blogsoestado.com\/danielmatos\/files\/2020\/11\/IMG-20201115-WA0275-1024x682.jpg"},{"@type":"BreadcrumbList","@id":"https:\/\/www.blogsoestado.com\/danielmatos\/mostramos-nossa-propostas-de-verdade-e-vamos-chegar-ao-segundo-turno-declarou-yglesio-a-imprensa\/#breadcrumb","itemListElement":[{"@type":"ListItem","position":1,"name":"In\u00edcio","item":"https:\/\/www.blogsoestado.com\/danielmatos\/"},{"@type":"ListItem","position":2,"name":"\u201cMostramos nossa propostas de verdade e vamos chegar ao segundo turno\u201d, declarou Ygl\u00e9sio \u00e0 imprensa"}]},{"@type":"WebSite","@id":"https:\/\/www.blogsoestado.com\/danielmatos\/#website","url":"https:\/\/www.blogsoestado.com\/danielmatos\/","name":"Daniel Matos","description":"","potentialAction":[{"@type":"SearchAction","target":{"@type":"EntryPoint","urlTemplate":"https:\/\/www.blogsoestado.com\/danielmatos\/?s={search_term_string}"},"query-input":{"@type":"PropertyValueSpecification","valueRequired":true,"valueName":"search_term_string"}}],"inLanguage":"pt-BR"}]}},"jetpack_featured_media_url":"","_links":{"self":[{"href":"https:\/\/www.blogsoestado.com\/danielmatos\/wp-json\/wp\/v2\/posts\/79924","targetHints":{"allow":["GET"]}}],"collection":[{"href":"https:\/\/www.blogsoestado.com\/danielmatos\/wp-json\/wp\/v2\/posts"}],"about":[{"href":"https:\/\/www.blogsoestado.com\/danielmatos\/wp-json\/wp\/v2\/types\/post"}],"replies":[{"embeddable":true,"href":"https:\/\/www.blogsoestado.com\/danielmatos\/wp-json\/wp\/v2\/comments?post=79924"}],"version-history":[{"count":0,"href":"https:\/\/www.blogsoestado.com\/danielmatos\/wp-json\/wp\/v2\/posts\/79924\/revisions"}],"wp:attachment":[{"href":"https:\/\/www.blogsoestado.com\/danielmatos\/wp-json\/wp\/v2\/media?parent=79924"}],"wp:term":[{"taxonomy":"category","embeddable":true,"href":"https:\/\/www.blogsoestado.com\/danielmatos\/wp-json\/wp\/v2\/categories?post=79924"},{"taxonomy":"post_tag","embeddable":true,"href":"https:\/\/www.blogsoestado.com\/danielmatos\/wp-json\/wp\/v2\/tags?post=79924"}],"curies":[{"name":"wp","href":"https:\/\/api.w.org\/{rel}","templated":true}]}}