{"id":79940,"date":"2020-11-16T11:17:31","date_gmt":"2020-11-16T14:17:31","guid":{"rendered":"https:\/\/www.blogsoestado.com\/danielmatos\/?p=79940"},"modified":"2020-11-16T11:17:31","modified_gmt":"2020-11-16T14:17:31","slug":"mecinho-e-eleito-prefeito-de-sao-joao-batista-com-46-12-dos-votos","status":"publish","type":"post","link":"https:\/\/www.blogsoestado.com\/danielmatos\/mecinho-e-eleito-prefeito-de-sao-joao-batista-com-46-12-dos-votos\/","title":{"rendered":"Mecinho \u00e9 eleito prefeito de S\u00e3o Jo\u00e3o Batista com 46.12% dos votos"},"content":{"rendered":"\n<div class=\"wp-block-image\"><figure class=\"aligncenter size-large\"><img decoding=\"async\" src=\"https:\/\/www.blogsoestado.com\/danielmatos\/files\/2020\/11\/IMG-20201116-WA0094-1024x682.jpg\" alt=\"\" class=\"wp-image-79941\"\/><figcaption>Mecinho foi eleito prefeito de S\u00e3o Jo\u00e3o Batista com vota\u00e7\u00e3o consagradora<\/figcaption><\/figure><\/div>\n\n\n\n<p>A vontade popular foi mais forte em S\u00e3o Jo\u00e3o Batista, que tem como novo prefeito Emerson L\u00edvio Soares Pinto, Mecinho (PSC), eleito com 7.126 votos v\u00e1lidos, o que representa 46.12% do col\u00e9gio eleitoral do munic\u00edpio. O segundo colocado, Carlos Figueredo (PDT) teve 3.937 votos (25.48%) e o terceiro, Jo\u00e3o Dominici, com. 3.056 votos (19.78%). Ap\u00f3s o an\u00fancio da apura\u00e7\u00e3o das urnas e a proclama\u00e7\u00e3o de Mecinho prefeito pelo Tribunal Superior Eleitoral (TSE), o povo comemorou nas ruas carregando e aplaudindo o novo prefeito joanino.<\/p>\n\n\n\n<p>Mecinho tem Mayara Pinheiro, do Avante, como vice-prefeita. Eles concorreram pela coliga\u00e7\u00e3o \u201cJuntos por nossa gente\u201d, integrada pelos partidos PSC, Avante, Podemos e Partido Verde.<\/p>\n\n\n\n<p>A vit\u00f3ria de Mecinho foi uma demonstra\u00e7\u00e3o de supera\u00e7\u00e3o, pois sua for\u00e7a e apoio vieram do povo, apesar da hist\u00f3ria e prest\u00edgio pol\u00edtico de sua fam\u00edlia.<\/p>\n\n\n\n<p>\u201cMinha elei\u00e7\u00e3o mostra que, quando o povo quer, n\u00e3o tem nada que impe\u00e7a. Eu agrade\u00e7o a cada um dos votos, a parceria que tive com o povo, as demonstra\u00e7\u00f5es de carinho e o apoio que recebi para concretizar esse meu plano de trabalhar pelo desenvolvimento de S\u00e3o Jo\u00e3o Batista. Obrigado, minha gente. Essa vit\u00f3ria dedico a voc\u00eas\u201d, afirmou o prefeito eleito.<\/p>\n\n\n\n<p>\u201c Agora, \u00e9 hora de arrega\u00e7ar as mangas e trabalhar para tornar nossa cidade melhor para todos, com acesso \u00e0s pol\u00edticas p\u00fablicas e servi\u00e7os. Prometi para voc\u00eas e vou cumprir como retribui\u00e7\u00e3o a cada um que me honrou com seu voto e confian\u00e7a. N\u00e3o vou governar sozinho. Voc\u00eas estar\u00e3o comigo, como estiveram sempre e durante toda a campanha. Continuamos juntos\u201d, destacou Mecinho.<\/p>\n\n\n\n<p>E o trabalho pelo povo foi exatamente o slogan da campanha eleitoral de Mecinho. O \u201cJuntos por nossa gente\u201d demonstrou o seu projeto de governar com e para o povo, que acreditou em sua palavra e o elegeu neste 15 de novembro de 2020.<\/p>\n\n\n\n<p>Emerson L\u00edvio Soares Pinto nasceu em S\u00e3o Jo\u00e3o Batista, em 8 de novembro de 1972, \u00e9 casado com Hildene Pinto e tem tr\u00eas filhos. Foi vereador do munic\u00edpio por quatro mandatos e sempre atuou pelo crescimento da cidade e acesso da popula\u00e7\u00e3o aos servi\u00e7os p\u00fablicos.<\/p>\n\n\n\n<p><strong>Pesquisas<\/strong><\/p>\n\n\n\n<p>A vit\u00f3ria de Mecinho foi prevista nas pesquisas, que sempre mostraram sua lideran\u00e7a e prefer\u00eancia popular em S\u00e3o Jo\u00e3o Batista. No \u00faltimo levantamento , feito pelo Instituto Nacional de Opini\u00e3o P\u00fablica ( Inop), ele teve 49,6% da prefer\u00eancia do eleitorado joanino e o seu opositor mais pr\u00f3ximo detinha 19,00% da prefer\u00eancia.<\/p>\n\n\n\n<p><strong>Propostas<\/strong><\/p>\n\n\n\n<p>A principal proposta de Mecinho durante os quatro meses de campanha eleitoral foi a forma democr\u00e1tica como governaria, garantindo o desenvolvimento humanizado, integrado e sustent\u00e1vel do munic\u00edpio.<\/p>\n\n\n\n<p>Entre as propostas de governo est\u00e3o: investimento para melhorar e ampliar o atendimento em sa\u00fade b\u00e1sica, reforma, reestrutura\u00e7\u00e3o e amplia\u00e7\u00e3o de Unidades B\u00e1sicas de Sa\u00fade e implanta\u00e7\u00e3o da Central de Marca\u00e7\u00e3o de Consultas; maior aten\u00e7\u00e3o ao funcionalismo p\u00fablico, com a\u00e7\u00f5es como investimento em capacita\u00e7\u00e3o e reestrutura\u00e7\u00e3o do departamento de Recursos Humanos municipal; constru\u00e7\u00e3o, reforma e amplia\u00e7\u00e3o de escolas e valoriza\u00e7\u00e3o salarial do professor; reestrutura\u00e7\u00e3o e amplia\u00e7\u00e3o do fornecimento de \u00e1gua pot\u00e1vel; reestrutura\u00e7\u00e3o, melhorias e democratiza\u00e7\u00e3o do acesso aos programas sociais e outros servi\u00e7os na \u00e1rea social; incentivo \u00e0 produ\u00e7\u00e3o e comercializa\u00e7\u00e3o de produtos agr\u00edcolas bem como melhorar o acesso \u00e0 zona rural produtora; abertura, pavimenta\u00e7\u00e3o e urbaniza\u00e7\u00e3o de ruas e estradas vicinais; implanta\u00e7\u00e3o do Plano Diretor de S\u00e3o Jo\u00e3o Batista; criar um calend\u00e1rio cultural no munic\u00edpio; criar os Jogos Escolares Joaninos e outros programas de incentivo ao esporte.<\/p>\n\n\n\n<p>O plano de Mecinho tamb\u00e9m prev\u00ea implanta\u00e7\u00e3o de pol\u00edticas p\u00fablicas para o turismo, a juventude, idosos e crian\u00e7as e um grande destaque para a\u00e7\u00f5es voltadas para a valoriza\u00e7\u00e3o e prote\u00e7\u00e3o da mulher.<\/p>\n\n\n\n<p>\u201cPreparamos um plano de governo que contempla todas as \u00e1reas. Agora come\u00e7a uma nova era em S\u00e3o Jo\u00e3o Batista, a era do avan\u00e7o, desenvolvimento, a era da nossa gente , quando todos t\u00eam vez, voz e oportunidade. A partir de agora, S\u00e3o Jo\u00e3o Batista s\u00f3 crescer\u00e1\u201d, afirmou Mecinho.<\/p>\n","protected":false},"excerpt":{"rendered":"<p>A vontade popular foi mais forte em S\u00e3o Jo\u00e3o Batista, que tem como novo prefeito Emerson L\u00edvio Soares Pinto, Mecinho [&hellip;]<\/p>\n","protected":false},"author":0,"featured_media":0,"comment_status":"open","ping_status":"open","sticky":false,"template":"","format":"standard","meta":{"site-sidebar-layout":"default","site-content-layout":"","ast-site-content-layout":"default","site-content-style":"default","site-sidebar-style":"default","ast-global-header-display":"","ast-banner-title-visibility":"","ast-main-header-display":"","ast-hfb-above-header-display":"","ast-hfb-below-header-display":"","ast-hfb-mobile-header-display":"","site-post-title":"","ast-breadcrumbs-content":"","ast-featured-img":"","footer-sml-layout":"","ast-disable-related-posts":"","theme-transparent-header-meta":"","adv-header-id-meta":"","stick-header-meta":"","header-above-stick-meta":"","header-main-stick-meta":"","header-below-stick-meta":"","astra-migrate-meta-layouts":"default","ast-page-background-enabled":"default","ast-page-background-meta":{"desktop":{"background-color":"var(--ast-global-color-5)","background-image":"","background-repeat":"repeat","background-position":"center center","background-size":"auto","background-attachment":"scroll","background-type":"","background-media":"","overlay-type":"","overlay-color":"","overlay-opacity":"","overlay-gradient":""},"tablet":{"background-color":"","background-image":"","background-repeat":"repeat","background-position":"center center","background-size":"auto","background-attachment":"scroll","background-type":"","background-media":"","overlay-type":"","overlay-color":"","overlay-opacity":"","overlay-gradient":""},"mobile":{"background-color":"","background-image":"","background-repeat":"repeat","background-position":"center center","background-size":"auto","background-attachment":"scroll","background-type":"","background-media":"","overlay-type":"","overlay-color":"","overlay-opacity":"","overlay-gradient":""}},"ast-content-background-meta":{"desktop":{"background-color":"var(--ast-global-color-4)","background-image":"","background-repeat":"repeat","background-position":"center center","background-size":"auto","background-attachment":"scroll","background-type":"","background-media":"","overlay-type":"","overlay-color":"","overlay-opacity":"","overlay-gradient":""},"tablet":{"background-color":"var(--ast-global-color-4)","background-image":"","background-repeat":"repeat","background-position":"center center","background-size":"auto","background-attachment":"scroll","background-type":"","background-media":"","overlay-type":"","overlay-color":"","overlay-opacity":"","overlay-gradient":""},"mobile":{"background-color":"var(--ast-global-color-4)","background-image":"","background-repeat":"repeat","background-position":"center center","background-size":"auto","background-attachment":"scroll","background-type":"","background-media":"","overlay-type":"","overlay-color":"","overlay-opacity":"","overlay-gradient":""}},"footnotes":""},"categories":[1],"tags":[],"class_list":["post-79940","post","type-post","status-publish","format-standard","hentry","category-sem-categoria"],"yoast_head":"<!-- This site is optimized with the Yoast SEO plugin v26.6 - https:\/\/yoast.com\/wordpress\/plugins\/seo\/ -->\n<title>Mecinho \u00e9 eleito prefeito de S\u00e3o Jo\u00e3o Batista com 46.12% dos votos - Daniel Matos<\/title>\n<meta name=\"robots\" content=\"index, follow, max-snippet:-1, max-image-preview:large, max-video-preview:-1\" \/>\n<link rel=\"canonical\" href=\"https:\/\/www.blogsoestado.com\/danielmatos\/mecinho-e-eleito-prefeito-de-sao-joao-batista-com-46-12-dos-votos\/\" \/>\n<meta property=\"og:locale\" content=\"pt_BR\" \/>\n<meta property=\"og:type\" content=\"article\" \/>\n<meta property=\"og:title\" content=\"Mecinho \u00e9 eleito prefeito de S\u00e3o Jo\u00e3o Batista com 46.12% dos votos - Daniel Matos\" \/>\n<meta property=\"og:description\" content=\"A vontade popular foi mais forte em S\u00e3o Jo\u00e3o Batista, que tem como novo prefeito Emerson L\u00edvio Soares Pinto, Mecinho [&hellip;]\" \/>\n<meta property=\"og:url\" content=\"https:\/\/www.blogsoestado.com\/danielmatos\/mecinho-e-eleito-prefeito-de-sao-joao-batista-com-46-12-dos-votos\/\" \/>\n<meta property=\"og:site_name\" content=\"Daniel Matos\" \/>\n<meta property=\"article:published_time\" content=\"2020-11-16T14:17:31+00:00\" \/>\n<meta property=\"og:image\" content=\"https:\/\/www.blogsoestado.com\/danielmatos\/files\/2020\/11\/IMG-20201116-WA0094-1024x682.jpg\" \/>\n<meta name=\"twitter:card\" content=\"summary_large_image\" \/>\n<meta name=\"twitter:label1\" content=\"Est. tempo de leitura\" \/>\n\t<meta name=\"twitter:data1\" content=\"4 minutos\" \/>\n<script type=\"application\/ld+json\" class=\"yoast-schema-graph\">{\"@context\":\"https:\/\/schema.org\",\"@graph\":[{\"@type\":\"WebPage\",\"@id\":\"https:\/\/www.blogsoestado.com\/danielmatos\/mecinho-e-eleito-prefeito-de-sao-joao-batista-com-46-12-dos-votos\/\",\"url\":\"https:\/\/www.blogsoestado.com\/danielmatos\/mecinho-e-eleito-prefeito-de-sao-joao-batista-com-46-12-dos-votos\/\",\"name\":\"Mecinho \u00e9 eleito prefeito de S\u00e3o Jo\u00e3o Batista com 46.12% dos votos - Daniel Matos\",\"isPartOf\":{\"@id\":\"https:\/\/www.blogsoestado.com\/danielmatos\/#website\"},\"primaryImageOfPage\":{\"@id\":\"https:\/\/www.blogsoestado.com\/danielmatos\/mecinho-e-eleito-prefeito-de-sao-joao-batista-com-46-12-dos-votos\/#primaryimage\"},\"image\":{\"@id\":\"https:\/\/www.blogsoestado.com\/danielmatos\/mecinho-e-eleito-prefeito-de-sao-joao-batista-com-46-12-dos-votos\/#primaryimage\"},\"thumbnailUrl\":\"https:\/\/www.blogsoestado.com\/danielmatos\/files\/2020\/11\/IMG-20201116-WA0094-1024x682.jpg\",\"datePublished\":\"2020-11-16T14:17:31+00:00\",\"author\":{\"@id\":\"\"},\"breadcrumb\":{\"@id\":\"https:\/\/www.blogsoestado.com\/danielmatos\/mecinho-e-eleito-prefeito-de-sao-joao-batista-com-46-12-dos-votos\/#breadcrumb\"},\"inLanguage\":\"pt-BR\",\"potentialAction\":[{\"@type\":\"ReadAction\",\"target\":[\"https:\/\/www.blogsoestado.com\/danielmatos\/mecinho-e-eleito-prefeito-de-sao-joao-batista-com-46-12-dos-votos\/\"]}]},{\"@type\":\"ImageObject\",\"inLanguage\":\"pt-BR\",\"@id\":\"https:\/\/www.blogsoestado.com\/danielmatos\/mecinho-e-eleito-prefeito-de-sao-joao-batista-com-46-12-dos-votos\/#primaryimage\",\"url\":\"https:\/\/www.blogsoestado.com\/danielmatos\/files\/2020\/11\/IMG-20201116-WA0094-1024x682.jpg\",\"contentUrl\":\"https:\/\/www.blogsoestado.com\/danielmatos\/files\/2020\/11\/IMG-20201116-WA0094-1024x682.jpg\"},{\"@type\":\"BreadcrumbList\",\"@id\":\"https:\/\/www.blogsoestado.com\/danielmatos\/mecinho-e-eleito-prefeito-de-sao-joao-batista-com-46-12-dos-votos\/#breadcrumb\",\"itemListElement\":[{\"@type\":\"ListItem\",\"position\":1,\"name\":\"In\u00edcio\",\"item\":\"https:\/\/www.blogsoestado.com\/danielmatos\/\"},{\"@type\":\"ListItem\",\"position\":2,\"name\":\"Mecinho \u00e9 eleito prefeito de S\u00e3o Jo\u00e3o Batista com 46.12% dos votos\"}]},{\"@type\":\"WebSite\",\"@id\":\"https:\/\/www.blogsoestado.com\/danielmatos\/#website\",\"url\":\"https:\/\/www.blogsoestado.com\/danielmatos\/\",\"name\":\"Daniel Matos\",\"description\":\"\",\"potentialAction\":[{\"@type\":\"SearchAction\",\"target\":{\"@type\":\"EntryPoint\",\"urlTemplate\":\"https:\/\/www.blogsoestado.com\/danielmatos\/?s={search_term_string}\"},\"query-input\":{\"@type\":\"PropertyValueSpecification\",\"valueRequired\":true,\"valueName\":\"search_term_string\"}}],\"inLanguage\":\"pt-BR\"}]}<\/script>\n<!-- \/ Yoast SEO plugin. -->","yoast_head_json":{"title":"Mecinho \u00e9 eleito prefeito de S\u00e3o Jo\u00e3o Batista com 46.12% dos votos - Daniel Matos","robots":{"index":"index","follow":"follow","max-snippet":"max-snippet:-1","max-image-preview":"max-image-preview:large","max-video-preview":"max-video-preview:-1"},"canonical":"https:\/\/www.blogsoestado.com\/danielmatos\/mecinho-e-eleito-prefeito-de-sao-joao-batista-com-46-12-dos-votos\/","og_locale":"pt_BR","og_type":"article","og_title":"Mecinho \u00e9 eleito prefeito de S\u00e3o Jo\u00e3o Batista com 46.12% dos votos - Daniel Matos","og_description":"A vontade popular foi mais forte em S\u00e3o Jo\u00e3o Batista, que tem como novo prefeito Emerson L\u00edvio Soares Pinto, Mecinho [&hellip;]","og_url":"https:\/\/www.blogsoestado.com\/danielmatos\/mecinho-e-eleito-prefeito-de-sao-joao-batista-com-46-12-dos-votos\/","og_site_name":"Daniel Matos","article_published_time":"2020-11-16T14:17:31+00:00","og_image":[{"url":"https:\/\/www.blogsoestado.com\/danielmatos\/files\/2020\/11\/IMG-20201116-WA0094-1024x682.jpg","type":"","width":"","height":""}],"twitter_card":"summary_large_image","twitter_misc":{"Est. tempo de leitura":"4 minutos"},"schema":{"@context":"https:\/\/schema.org","@graph":[{"@type":"WebPage","@id":"https:\/\/www.blogsoestado.com\/danielmatos\/mecinho-e-eleito-prefeito-de-sao-joao-batista-com-46-12-dos-votos\/","url":"https:\/\/www.blogsoestado.com\/danielmatos\/mecinho-e-eleito-prefeito-de-sao-joao-batista-com-46-12-dos-votos\/","name":"Mecinho \u00e9 eleito prefeito de S\u00e3o Jo\u00e3o Batista com 46.12% dos votos - Daniel Matos","isPartOf":{"@id":"https:\/\/www.blogsoestado.com\/danielmatos\/#website"},"primaryImageOfPage":{"@id":"https:\/\/www.blogsoestado.com\/danielmatos\/mecinho-e-eleito-prefeito-de-sao-joao-batista-com-46-12-dos-votos\/#primaryimage"},"image":{"@id":"https:\/\/www.blogsoestado.com\/danielmatos\/mecinho-e-eleito-prefeito-de-sao-joao-batista-com-46-12-dos-votos\/#primaryimage"},"thumbnailUrl":"https:\/\/www.blogsoestado.com\/danielmatos\/files\/2020\/11\/IMG-20201116-WA0094-1024x682.jpg","datePublished":"2020-11-16T14:17:31+00:00","author":{"@id":""},"breadcrumb":{"@id":"https:\/\/www.blogsoestado.com\/danielmatos\/mecinho-e-eleito-prefeito-de-sao-joao-batista-com-46-12-dos-votos\/#breadcrumb"},"inLanguage":"pt-BR","potentialAction":[{"@type":"ReadAction","target":["https:\/\/www.blogsoestado.com\/danielmatos\/mecinho-e-eleito-prefeito-de-sao-joao-batista-com-46-12-dos-votos\/"]}]},{"@type":"ImageObject","inLanguage":"pt-BR","@id":"https:\/\/www.blogsoestado.com\/danielmatos\/mecinho-e-eleito-prefeito-de-sao-joao-batista-com-46-12-dos-votos\/#primaryimage","url":"https:\/\/www.blogsoestado.com\/danielmatos\/files\/2020\/11\/IMG-20201116-WA0094-1024x682.jpg","contentUrl":"https:\/\/www.blogsoestado.com\/danielmatos\/files\/2020\/11\/IMG-20201116-WA0094-1024x682.jpg"},{"@type":"BreadcrumbList","@id":"https:\/\/www.blogsoestado.com\/danielmatos\/mecinho-e-eleito-prefeito-de-sao-joao-batista-com-46-12-dos-votos\/#breadcrumb","itemListElement":[{"@type":"ListItem","position":1,"name":"In\u00edcio","item":"https:\/\/www.blogsoestado.com\/danielmatos\/"},{"@type":"ListItem","position":2,"name":"Mecinho \u00e9 eleito prefeito de S\u00e3o Jo\u00e3o Batista com 46.12% dos votos"}]},{"@type":"WebSite","@id":"https:\/\/www.blogsoestado.com\/danielmatos\/#website","url":"https:\/\/www.blogsoestado.com\/danielmatos\/","name":"Daniel Matos","description":"","potentialAction":[{"@type":"SearchAction","target":{"@type":"EntryPoint","urlTemplate":"https:\/\/www.blogsoestado.com\/danielmatos\/?s={search_term_string}"},"query-input":{"@type":"PropertyValueSpecification","valueRequired":true,"valueName":"search_term_string"}}],"inLanguage":"pt-BR"}]}},"jetpack_featured_media_url":"","_links":{"self":[{"href":"https:\/\/www.blogsoestado.com\/danielmatos\/wp-json\/wp\/v2\/posts\/79940","targetHints":{"allow":["GET"]}}],"collection":[{"href":"https:\/\/www.blogsoestado.com\/danielmatos\/wp-json\/wp\/v2\/posts"}],"about":[{"href":"https:\/\/www.blogsoestado.com\/danielmatos\/wp-json\/wp\/v2\/types\/post"}],"replies":[{"embeddable":true,"href":"https:\/\/www.blogsoestado.com\/danielmatos\/wp-json\/wp\/v2\/comments?post=79940"}],"version-history":[{"count":0,"href":"https:\/\/www.blogsoestado.com\/danielmatos\/wp-json\/wp\/v2\/posts\/79940\/revisions"}],"wp:attachment":[{"href":"https:\/\/www.blogsoestado.com\/danielmatos\/wp-json\/wp\/v2\/media?parent=79940"}],"wp:term":[{"taxonomy":"category","embeddable":true,"href":"https:\/\/www.blogsoestado.com\/danielmatos\/wp-json\/wp\/v2\/categories?post=79940"},{"taxonomy":"post_tag","embeddable":true,"href":"https:\/\/www.blogsoestado.com\/danielmatos\/wp-json\/wp\/v2\/tags?post=79940"}],"curies":[{"name":"wp","href":"https:\/\/api.w.org\/{rel}","templated":true}]}}