{"id":79963,"date":"2020-11-17T06:40:03","date_gmt":"2020-11-17T09:40:03","guid":{"rendered":"https:\/\/www.blogsoestado.com\/danielmatos\/?p=79963"},"modified":"2020-11-17T06:40:03","modified_gmt":"2020-11-17T09:40:03","slug":"malote-da-justica-eleitoral-e-achado-em-matagal-em-grajau-com-itens-destinados-a-apuracao","status":"publish","type":"post","link":"https:\/\/www.blogsoestado.com\/danielmatos\/malote-da-justica-eleitoral-e-achado-em-matagal-em-grajau-com-itens-destinados-a-apuracao\/","title":{"rendered":"Malote da Justi\u00e7a Eleitoral \u00e9 achado em matagal em Graja\u00fa com itens destinados \u00e0 apura\u00e7\u00e3o"},"content":{"rendered":"\n<div class=\"wp-block-image\"><figure class=\"aligncenter size-large\"><img decoding=\"async\" src=\"https:\/\/www.blogsoestado.com\/danielmatos\/files\/2020\/11\/IMG-20201117-WA0019.jpg\" alt=\"\" class=\"wp-image-79964\"\/><figcaption>Malote foi encontrado por um popular em \u00e1rea de matagal e gerou suspeita<\/figcaption><\/figure><\/div>\n\n\n\n<p>Uma situa\u00e7\u00e3o misteriosa e tamb\u00e9m de embara\u00e7o e constrangimento est\u00e1 correndo em todos os grupos de WhatsApp desde cedo na cidade de Graja\u00fa, \u00e1udios e fotos que circula e s\u00e3o compartilhados, d\u00e3o conta de que a maleta da justi\u00e7a eleitoral onde \u00e9 transportado os resultados das urnas, foi encontrada na mata na regi\u00e3o do Povoado Flores.<\/p>\n\n\n\n<p>A bolsa da Justi\u00e7a segundo o morador que encontrou, o malote estava com os acess\u00f3rios da vota\u00e7\u00e3o e pode ter sido descartado no momento em que estava vindo para a contagem. O rapaz que achou o malote disse que foi ele que encontrou na mata e dentro continham, cadernos de nomes dos eleitores, zeresmas das duas urnas e as canetas.<\/p>\n\n\n\n<p>De acordo com informa\u00e7\u00f5es as duas urnas foram encaminhadas para o f\u00f3rum de Graja\u00fa e est\u00e3o fechadas e o malote est\u00e1 com os advogados dos partidos pol\u00edticos que, est\u00e3o trabalhando na investiga\u00e7\u00e3o. O fato tomou repercuss\u00e3o muito grande e deve ser investigado para se ter uma no\u00e7\u00e3o do que aconteceu. De acordo com informa\u00e7\u00f5es repassadas por fontes advogados est\u00e3o tentando a impugna\u00e7\u00e3o da elei\u00e7\u00e3o em Graja\u00fa.<\/p>\n","protected":false},"excerpt":{"rendered":"<p>Uma situa\u00e7\u00e3o misteriosa e tamb\u00e9m de embara\u00e7o e constrangimento est\u00e1 correndo em todos os grupos de WhatsApp desde cedo na [&hellip;]<\/p>\n","protected":false},"author":0,"featured_media":0,"comment_status":"open","ping_status":"open","sticky":false,"template":"","format":"standard","meta":{"site-sidebar-layout":"default","site-content-layout":"","ast-site-content-layout":"default","site-content-style":"default","site-sidebar-style":"default","ast-global-header-display":"","ast-banner-title-visibility":"","ast-main-header-display":"","ast-hfb-above-header-display":"","ast-hfb-below-header-display":"","ast-hfb-mobile-header-display":"","site-post-title":"","ast-breadcrumbs-content":"","ast-featured-img":"","footer-sml-layout":"","ast-disable-related-posts":"","theme-transparent-header-meta":"","adv-header-id-meta":"","stick-header-meta":"","header-above-stick-meta":"","header-main-stick-meta":"","header-below-stick-meta":"","astra-migrate-meta-layouts":"default","ast-page-background-enabled":"default","ast-page-background-meta":{"desktop":{"background-color":"var(--ast-global-color-5)","background-image":"","background-repeat":"repeat","background-position":"center center","background-size":"auto","background-attachment":"scroll","background-type":"","background-media":"","overlay-type":"","overlay-color":"","overlay-opacity":"","overlay-gradient":""},"tablet":{"background-color":"","background-image":"","background-repeat":"repeat","background-position":"center center","background-size":"auto","background-attachment":"scroll","background-type":"","background-media":"","overlay-type":"","overlay-color":"","overlay-opacity":"","overlay-gradient":""},"mobile":{"background-color":"","background-image":"","background-repeat":"repeat","background-position":"center center","background-size":"auto","background-attachment":"scroll","background-type":"","background-media":"","overlay-type":"","overlay-color":"","overlay-opacity":"","overlay-gradient":""}},"ast-content-background-meta":{"desktop":{"background-color":"var(--ast-global-color-4)","background-image":"","background-repeat":"repeat","background-position":"center center","background-size":"auto","background-attachment":"scroll","background-type":"","background-media":"","overlay-type":"","overlay-color":"","overlay-opacity":"","overlay-gradient":""},"tablet":{"background-color":"var(--ast-global-color-4)","background-image":"","background-repeat":"repeat","background-position":"center center","background-size":"auto","background-attachment":"scroll","background-type":"","background-media":"","overlay-type":"","overlay-color":"","overlay-opacity":"","overlay-gradient":""},"mobile":{"background-color":"var(--ast-global-color-4)","background-image":"","background-repeat":"repeat","background-position":"center center","background-size":"auto","background-attachment":"scroll","background-type":"","background-media":"","overlay-type":"","overlay-color":"","overlay-opacity":"","overlay-gradient":""}},"footnotes":""},"categories":[1],"tags":[],"class_list":["post-79963","post","type-post","status-publish","format-standard","hentry","category-sem-categoria"],"yoast_head":"<!-- This site is optimized with the Yoast SEO plugin v26.6 - https:\/\/yoast.com\/wordpress\/plugins\/seo\/ -->\n<title>Malote da Justi\u00e7a Eleitoral \u00e9 achado em matagal em Graja\u00fa com itens destinados \u00e0 apura\u00e7\u00e3o - Daniel Matos<\/title>\n<meta name=\"robots\" content=\"index, follow, max-snippet:-1, max-image-preview:large, max-video-preview:-1\" \/>\n<link rel=\"canonical\" href=\"https:\/\/www.blogsoestado.com\/danielmatos\/malote-da-justica-eleitoral-e-achado-em-matagal-em-grajau-com-itens-destinados-a-apuracao\/\" \/>\n<meta property=\"og:locale\" content=\"pt_BR\" \/>\n<meta property=\"og:type\" content=\"article\" \/>\n<meta property=\"og:title\" content=\"Malote da Justi\u00e7a Eleitoral \u00e9 achado em matagal em Graja\u00fa com itens destinados \u00e0 apura\u00e7\u00e3o - Daniel Matos\" \/>\n<meta property=\"og:description\" content=\"Uma situa\u00e7\u00e3o misteriosa e tamb\u00e9m de embara\u00e7o e constrangimento est\u00e1 correndo em todos os grupos de WhatsApp desde cedo na [&hellip;]\" \/>\n<meta property=\"og:url\" content=\"https:\/\/www.blogsoestado.com\/danielmatos\/malote-da-justica-eleitoral-e-achado-em-matagal-em-grajau-com-itens-destinados-a-apuracao\/\" \/>\n<meta property=\"og:site_name\" content=\"Daniel Matos\" \/>\n<meta property=\"article:published_time\" content=\"2020-11-17T09:40:03+00:00\" \/>\n<meta property=\"og:image\" content=\"https:\/\/www.blogsoestado.com\/danielmatos\/files\/2020\/11\/IMG-20201117-WA0019.jpg\" \/>\n<meta name=\"twitter:card\" content=\"summary_large_image\" \/>\n<meta name=\"twitter:label1\" content=\"Est. tempo de leitura\" \/>\n\t<meta name=\"twitter:data1\" content=\"1 minuto\" \/>\n<script type=\"application\/ld+json\" class=\"yoast-schema-graph\">{\"@context\":\"https:\/\/schema.org\",\"@graph\":[{\"@type\":\"WebPage\",\"@id\":\"https:\/\/www.blogsoestado.com\/danielmatos\/malote-da-justica-eleitoral-e-achado-em-matagal-em-grajau-com-itens-destinados-a-apuracao\/\",\"url\":\"https:\/\/www.blogsoestado.com\/danielmatos\/malote-da-justica-eleitoral-e-achado-em-matagal-em-grajau-com-itens-destinados-a-apuracao\/\",\"name\":\"Malote da Justi\u00e7a Eleitoral \u00e9 achado em matagal em Graja\u00fa com itens destinados \u00e0 apura\u00e7\u00e3o - Daniel Matos\",\"isPartOf\":{\"@id\":\"https:\/\/www.blogsoestado.com\/danielmatos\/#website\"},\"primaryImageOfPage\":{\"@id\":\"https:\/\/www.blogsoestado.com\/danielmatos\/malote-da-justica-eleitoral-e-achado-em-matagal-em-grajau-com-itens-destinados-a-apuracao\/#primaryimage\"},\"image\":{\"@id\":\"https:\/\/www.blogsoestado.com\/danielmatos\/malote-da-justica-eleitoral-e-achado-em-matagal-em-grajau-com-itens-destinados-a-apuracao\/#primaryimage\"},\"thumbnailUrl\":\"https:\/\/www.blogsoestado.com\/danielmatos\/files\/2020\/11\/IMG-20201117-WA0019.jpg\",\"datePublished\":\"2020-11-17T09:40:03+00:00\",\"author\":{\"@id\":\"\"},\"breadcrumb\":{\"@id\":\"https:\/\/www.blogsoestado.com\/danielmatos\/malote-da-justica-eleitoral-e-achado-em-matagal-em-grajau-com-itens-destinados-a-apuracao\/#breadcrumb\"},\"inLanguage\":\"pt-BR\",\"potentialAction\":[{\"@type\":\"ReadAction\",\"target\":[\"https:\/\/www.blogsoestado.com\/danielmatos\/malote-da-justica-eleitoral-e-achado-em-matagal-em-grajau-com-itens-destinados-a-apuracao\/\"]}]},{\"@type\":\"ImageObject\",\"inLanguage\":\"pt-BR\",\"@id\":\"https:\/\/www.blogsoestado.com\/danielmatos\/malote-da-justica-eleitoral-e-achado-em-matagal-em-grajau-com-itens-destinados-a-apuracao\/#primaryimage\",\"url\":\"https:\/\/www.blogsoestado.com\/danielmatos\/files\/2020\/11\/IMG-20201117-WA0019.jpg\",\"contentUrl\":\"https:\/\/www.blogsoestado.com\/danielmatos\/files\/2020\/11\/IMG-20201117-WA0019.jpg\"},{\"@type\":\"BreadcrumbList\",\"@id\":\"https:\/\/www.blogsoestado.com\/danielmatos\/malote-da-justica-eleitoral-e-achado-em-matagal-em-grajau-com-itens-destinados-a-apuracao\/#breadcrumb\",\"itemListElement\":[{\"@type\":\"ListItem\",\"position\":1,\"name\":\"In\u00edcio\",\"item\":\"https:\/\/www.blogsoestado.com\/danielmatos\/\"},{\"@type\":\"ListItem\",\"position\":2,\"name\":\"Malote da Justi\u00e7a Eleitoral \u00e9 achado em matagal em Graja\u00fa com itens destinados \u00e0 apura\u00e7\u00e3o\"}]},{\"@type\":\"WebSite\",\"@id\":\"https:\/\/www.blogsoestado.com\/danielmatos\/#website\",\"url\":\"https:\/\/www.blogsoestado.com\/danielmatos\/\",\"name\":\"Daniel Matos\",\"description\":\"\",\"potentialAction\":[{\"@type\":\"SearchAction\",\"target\":{\"@type\":\"EntryPoint\",\"urlTemplate\":\"https:\/\/www.blogsoestado.com\/danielmatos\/?s={search_term_string}\"},\"query-input\":{\"@type\":\"PropertyValueSpecification\",\"valueRequired\":true,\"valueName\":\"search_term_string\"}}],\"inLanguage\":\"pt-BR\"}]}<\/script>\n<!-- \/ Yoast SEO plugin. -->","yoast_head_json":{"title":"Malote da Justi\u00e7a Eleitoral \u00e9 achado em matagal em Graja\u00fa com itens destinados \u00e0 apura\u00e7\u00e3o - Daniel Matos","robots":{"index":"index","follow":"follow","max-snippet":"max-snippet:-1","max-image-preview":"max-image-preview:large","max-video-preview":"max-video-preview:-1"},"canonical":"https:\/\/www.blogsoestado.com\/danielmatos\/malote-da-justica-eleitoral-e-achado-em-matagal-em-grajau-com-itens-destinados-a-apuracao\/","og_locale":"pt_BR","og_type":"article","og_title":"Malote da Justi\u00e7a Eleitoral \u00e9 achado em matagal em Graja\u00fa com itens destinados \u00e0 apura\u00e7\u00e3o - Daniel Matos","og_description":"Uma situa\u00e7\u00e3o misteriosa e tamb\u00e9m de embara\u00e7o e constrangimento est\u00e1 correndo em todos os grupos de WhatsApp desde cedo na [&hellip;]","og_url":"https:\/\/www.blogsoestado.com\/danielmatos\/malote-da-justica-eleitoral-e-achado-em-matagal-em-grajau-com-itens-destinados-a-apuracao\/","og_site_name":"Daniel Matos","article_published_time":"2020-11-17T09:40:03+00:00","og_image":[{"url":"https:\/\/www.blogsoestado.com\/danielmatos\/files\/2020\/11\/IMG-20201117-WA0019.jpg","type":"","width":"","height":""}],"twitter_card":"summary_large_image","twitter_misc":{"Est. tempo de leitura":"1 minuto"},"schema":{"@context":"https:\/\/schema.org","@graph":[{"@type":"WebPage","@id":"https:\/\/www.blogsoestado.com\/danielmatos\/malote-da-justica-eleitoral-e-achado-em-matagal-em-grajau-com-itens-destinados-a-apuracao\/","url":"https:\/\/www.blogsoestado.com\/danielmatos\/malote-da-justica-eleitoral-e-achado-em-matagal-em-grajau-com-itens-destinados-a-apuracao\/","name":"Malote da Justi\u00e7a Eleitoral \u00e9 achado em matagal em Graja\u00fa com itens destinados \u00e0 apura\u00e7\u00e3o - Daniel Matos","isPartOf":{"@id":"https:\/\/www.blogsoestado.com\/danielmatos\/#website"},"primaryImageOfPage":{"@id":"https:\/\/www.blogsoestado.com\/danielmatos\/malote-da-justica-eleitoral-e-achado-em-matagal-em-grajau-com-itens-destinados-a-apuracao\/#primaryimage"},"image":{"@id":"https:\/\/www.blogsoestado.com\/danielmatos\/malote-da-justica-eleitoral-e-achado-em-matagal-em-grajau-com-itens-destinados-a-apuracao\/#primaryimage"},"thumbnailUrl":"https:\/\/www.blogsoestado.com\/danielmatos\/files\/2020\/11\/IMG-20201117-WA0019.jpg","datePublished":"2020-11-17T09:40:03+00:00","author":{"@id":""},"breadcrumb":{"@id":"https:\/\/www.blogsoestado.com\/danielmatos\/malote-da-justica-eleitoral-e-achado-em-matagal-em-grajau-com-itens-destinados-a-apuracao\/#breadcrumb"},"inLanguage":"pt-BR","potentialAction":[{"@type":"ReadAction","target":["https:\/\/www.blogsoestado.com\/danielmatos\/malote-da-justica-eleitoral-e-achado-em-matagal-em-grajau-com-itens-destinados-a-apuracao\/"]}]},{"@type":"ImageObject","inLanguage":"pt-BR","@id":"https:\/\/www.blogsoestado.com\/danielmatos\/malote-da-justica-eleitoral-e-achado-em-matagal-em-grajau-com-itens-destinados-a-apuracao\/#primaryimage","url":"https:\/\/www.blogsoestado.com\/danielmatos\/files\/2020\/11\/IMG-20201117-WA0019.jpg","contentUrl":"https:\/\/www.blogsoestado.com\/danielmatos\/files\/2020\/11\/IMG-20201117-WA0019.jpg"},{"@type":"BreadcrumbList","@id":"https:\/\/www.blogsoestado.com\/danielmatos\/malote-da-justica-eleitoral-e-achado-em-matagal-em-grajau-com-itens-destinados-a-apuracao\/#breadcrumb","itemListElement":[{"@type":"ListItem","position":1,"name":"In\u00edcio","item":"https:\/\/www.blogsoestado.com\/danielmatos\/"},{"@type":"ListItem","position":2,"name":"Malote da Justi\u00e7a Eleitoral \u00e9 achado em matagal em Graja\u00fa com itens destinados \u00e0 apura\u00e7\u00e3o"}]},{"@type":"WebSite","@id":"https:\/\/www.blogsoestado.com\/danielmatos\/#website","url":"https:\/\/www.blogsoestado.com\/danielmatos\/","name":"Daniel Matos","description":"","potentialAction":[{"@type":"SearchAction","target":{"@type":"EntryPoint","urlTemplate":"https:\/\/www.blogsoestado.com\/danielmatos\/?s={search_term_string}"},"query-input":{"@type":"PropertyValueSpecification","valueRequired":true,"valueName":"search_term_string"}}],"inLanguage":"pt-BR"}]}},"jetpack_featured_media_url":"","_links":{"self":[{"href":"https:\/\/www.blogsoestado.com\/danielmatos\/wp-json\/wp\/v2\/posts\/79963","targetHints":{"allow":["GET"]}}],"collection":[{"href":"https:\/\/www.blogsoestado.com\/danielmatos\/wp-json\/wp\/v2\/posts"}],"about":[{"href":"https:\/\/www.blogsoestado.com\/danielmatos\/wp-json\/wp\/v2\/types\/post"}],"replies":[{"embeddable":true,"href":"https:\/\/www.blogsoestado.com\/danielmatos\/wp-json\/wp\/v2\/comments?post=79963"}],"version-history":[{"count":0,"href":"https:\/\/www.blogsoestado.com\/danielmatos\/wp-json\/wp\/v2\/posts\/79963\/revisions"}],"wp:attachment":[{"href":"https:\/\/www.blogsoestado.com\/danielmatos\/wp-json\/wp\/v2\/media?parent=79963"}],"wp:term":[{"taxonomy":"category","embeddable":true,"href":"https:\/\/www.blogsoestado.com\/danielmatos\/wp-json\/wp\/v2\/categories?post=79963"},{"taxonomy":"post_tag","embeddable":true,"href":"https:\/\/www.blogsoestado.com\/danielmatos\/wp-json\/wp\/v2\/tags?post=79963"}],"curies":[{"name":"wp","href":"https:\/\/api.w.org\/{rel}","templated":true}]}}