{"id":79966,"date":"2020-11-17T09:07:49","date_gmt":"2020-11-17T12:07:49","guid":{"rendered":"https:\/\/www.blogsoestado.com\/danielmatos\/?p=79966"},"modified":"2020-11-17T09:07:49","modified_gmt":"2020-11-17T12:07:49","slug":"fabio-gentil-supera-humberto-coutinho-e-se-projeta-para-o-maranhao-como-maior-expressao-politica-regional","status":"publish","type":"post","link":"https:\/\/www.blogsoestado.com\/danielmatos\/fabio-gentil-supera-humberto-coutinho-e-se-projeta-para-o-maranhao-como-maior-expressao-politica-regional\/","title":{"rendered":"F\u00e1bio Gentil supera Humberto Coutinho e se projeta para o Maranh\u00e3o como maior express\u00e3o pol\u00edtica regional"},"content":{"rendered":"\n<div class=\"wp-block-image\"><figure class=\"aligncenter size-large\"><img decoding=\"async\" src=\"https:\/\/www.blogsoestado.com\/danielmatos\/files\/2020\/11\/117236022_2760011780943604_421434571920376741_n.jpg\" alt=\"\" class=\"wp-image-79967\"\/><figcaption>Prefeito de Caxias, F\u00e1bio Gentil, se reelegeu com vota\u00e7\u00e3o consagradora, que elevou ainda mais o seu patamar na pol\u00edtica<\/figcaption><\/figure><\/div>\n\n\n\n<p>chapa F\u00e1bio Gentil&nbsp; (Republicanos) ao lado de Paulo Marinho J\u00fanior, com vit\u00f3ria hist\u00f3rica em Caxias (MA) com 62.075 mil votos, o que representa 51.741 mil votos de diferen\u00e7a para Adelmo Soares (PCdoB), candidato apoiado pelo grupo Coutinho (segundo colocado), coloca F\u00e1bio Gentil como a maior lideran\u00e7a regional e um dos pol\u00edticos mais influentes da regi\u00e3o leste do estado ou regional, superando o at\u00e9 ent\u00e3o detentor de uma marca hist\u00f3rica em Caxias, que era Humberto Coutinho.&nbsp;<\/p>\n\n\n\n<p>F\u00e1bio Gentil conseguiu tanto se eleger como esfacelar o grupo Coutinho, at\u00e9 ent\u00e3o ancorado na figura de Humberto Coutinho, que foi totalmente esquecido pela popula\u00e7\u00e3o caxiense, ao dar a vit\u00f3ria mais expressiva dada a um pol\u00edtico no munic\u00edpio. F\u00e1bio Gentil ganha a elei\u00e7\u00e3o, mas ganha olhando para o Maranh\u00e3o. Em eu discurso ele disse &#8220;esta vit\u00f3ria \u00e9 uma mensagem aos maranhenses&#8217; disse Fabio Gentil!<\/p>\n\n\n\n<p>Os demais candidatos Adelmo Soares (PC do B) com 13,01% e 10.334 votos, perde as elei\u00e7\u00f5es em Caxias, mas n\u00e3o apenas isso, ele perde um acento na C\u00e2mara Municipal, pois a esposa dele, Auream\u00e9lia Soares tamb\u00e9m n\u00e3o foi eleita. Adelmo perde as elei\u00e7\u00f5es e prest\u00edgio junto ao governo do estado, mas tamb\u00e9m, mais do que tudo, ele deixa o grupo Coutinho sem for\u00e7a e negado no munic\u00edpio.&nbsp;<\/p>\n\n\n\n<p>O que se percebe \u00e9 que o grupo Coutinho sai desorientado da disputa local, com uma grande baixa, conseguindo eleger apenas Daniel Barros para vereador (PDT), marido de Thais Coutinho, que era vice de Adelmo Soares.&nbsp;<\/p>\n\n\n\n<p>F\u00e1bio Gentil elege maioria de candidatos na C\u00e2mara Municipal, onde tamb\u00e9m deve ter uma situa\u00e7\u00e3o mais confort\u00e1vel para administrar o munic\u00edpio. A oposi\u00e7\u00e3o a F\u00e1bio Gentil no munic\u00edpio teve sua presen\u00e7a quase que eliminada na C\u00e2mara Municipal, pelas m\u00e3os dos eleitores caxienses, o que mostra a o tamanho da for\u00e7a pol\u00edtica de F\u00e1bio Gentil, que dos 19 candidatos eleitos para a C\u00e2mara Municipal conta com quase a totalidade.&nbsp;<\/p>\n\n\n\n<p>Os caxienses deram um recado importante nas urnas! Os demais candidatos cumpriram tabela: Constantino Castro (PTB) com 3,49% e 2.773 votos; J\u00fanior Martins (PSC SUB JUDICE) com 3,28% e 2.604 votos; Cesar Sab\u00e1 (MDB) com 1,21% e 959 votos; Prof Arnaldo Rodrigues (PSOL) com 0,45% e 357 votos; Aj Alves (DC) com 0,24% e 192 votos; Luciano Aldrin (REDE SUB JUDICE) com 0,14% e 112 votos.&nbsp;<\/p>\n\n\n\n<p>F\u00e1bio Gentil tem 4 anos pela frente! Ele ganha as elei\u00e7\u00f5es sonhando com voos maiores na pol\u00edtica estadual!<\/p>\n","protected":false},"excerpt":{"rendered":"<p>chapa F\u00e1bio Gentil&nbsp; (Republicanos) ao lado de Paulo Marinho J\u00fanior, com vit\u00f3ria hist\u00f3rica em Caxias (MA) com 62.075 mil votos, [&hellip;]<\/p>\n","protected":false},"author":0,"featured_media":0,"comment_status":"open","ping_status":"open","sticky":false,"template":"","format":"standard","meta":{"site-sidebar-layout":"default","site-content-layout":"","ast-site-content-layout":"default","site-content-style":"default","site-sidebar-style":"default","ast-global-header-display":"","ast-banner-title-visibility":"","ast-main-header-display":"","ast-hfb-above-header-display":"","ast-hfb-below-header-display":"","ast-hfb-mobile-header-display":"","site-post-title":"","ast-breadcrumbs-content":"","ast-featured-img":"","footer-sml-layout":"","ast-disable-related-posts":"","theme-transparent-header-meta":"","adv-header-id-meta":"","stick-header-meta":"","header-above-stick-meta":"","header-main-stick-meta":"","header-below-stick-meta":"","astra-migrate-meta-layouts":"default","ast-page-background-enabled":"default","ast-page-background-meta":{"desktop":{"background-color":"var(--ast-global-color-5)","background-image":"","background-repeat":"repeat","background-position":"center center","background-size":"auto","background-attachment":"scroll","background-type":"","background-media":"","overlay-type":"","overlay-color":"","overlay-opacity":"","overlay-gradient":""},"tablet":{"background-color":"","background-image":"","background-repeat":"repeat","background-position":"center center","background-size":"auto","background-attachment":"scroll","background-type":"","background-media":"","overlay-type":"","overlay-color":"","overlay-opacity":"","overlay-gradient":""},"mobile":{"background-color":"","background-image":"","background-repeat":"repeat","background-position":"center center","background-size":"auto","background-attachment":"scroll","background-type":"","background-media":"","overlay-type":"","overlay-color":"","overlay-opacity":"","overlay-gradient":""}},"ast-content-background-meta":{"desktop":{"background-color":"var(--ast-global-color-4)","background-image":"","background-repeat":"repeat","background-position":"center center","background-size":"auto","background-attachment":"scroll","background-type":"","background-media":"","overlay-type":"","overlay-color":"","overlay-opacity":"","overlay-gradient":""},"tablet":{"background-color":"var(--ast-global-color-4)","background-image":"","background-repeat":"repeat","background-position":"center center","background-size":"auto","background-attachment":"scroll","background-type":"","background-media":"","overlay-type":"","overlay-color":"","overlay-opacity":"","overlay-gradient":""},"mobile":{"background-color":"var(--ast-global-color-4)","background-image":"","background-repeat":"repeat","background-position":"center center","background-size":"auto","background-attachment":"scroll","background-type":"","background-media":"","overlay-type":"","overlay-color":"","overlay-opacity":"","overlay-gradient":""}},"footnotes":""},"categories":[1],"tags":[],"class_list":["post-79966","post","type-post","status-publish","format-standard","hentry","category-sem-categoria"],"yoast_head":"<!-- This site is optimized with the Yoast SEO plugin v26.6 - https:\/\/yoast.com\/wordpress\/plugins\/seo\/ -->\n<title>F\u00e1bio Gentil supera Humberto Coutinho e se projeta para o Maranh\u00e3o como maior express\u00e3o pol\u00edtica regional - Daniel Matos<\/title>\n<meta name=\"robots\" content=\"index, follow, max-snippet:-1, max-image-preview:large, max-video-preview:-1\" \/>\n<link rel=\"canonical\" href=\"https:\/\/www.blogsoestado.com\/danielmatos\/fabio-gentil-supera-humberto-coutinho-e-se-projeta-para-o-maranhao-como-maior-expressao-politica-regional\/\" \/>\n<meta property=\"og:locale\" content=\"pt_BR\" \/>\n<meta property=\"og:type\" content=\"article\" \/>\n<meta property=\"og:title\" content=\"F\u00e1bio Gentil supera Humberto Coutinho e se projeta para o Maranh\u00e3o como maior express\u00e3o pol\u00edtica regional - Daniel Matos\" \/>\n<meta property=\"og:description\" content=\"chapa F\u00e1bio Gentil&nbsp; (Republicanos) ao lado de Paulo Marinho J\u00fanior, com vit\u00f3ria hist\u00f3rica em Caxias (MA) com 62.075 mil votos, [&hellip;]\" \/>\n<meta property=\"og:url\" content=\"https:\/\/www.blogsoestado.com\/danielmatos\/fabio-gentil-supera-humberto-coutinho-e-se-projeta-para-o-maranhao-como-maior-expressao-politica-regional\/\" \/>\n<meta property=\"og:site_name\" content=\"Daniel Matos\" \/>\n<meta property=\"article:published_time\" content=\"2020-11-17T12:07:49+00:00\" \/>\n<meta property=\"og:image\" content=\"https:\/\/www.blogsoestado.com\/danielmatos\/files\/2020\/11\/117236022_2760011780943604_421434571920376741_n.jpg\" \/>\n<meta name=\"twitter:card\" content=\"summary_large_image\" \/>\n<meta name=\"twitter:label1\" content=\"Est. tempo de leitura\" \/>\n\t<meta name=\"twitter:data1\" content=\"2 minutos\" \/>\n<script type=\"application\/ld+json\" class=\"yoast-schema-graph\">{\"@context\":\"https:\/\/schema.org\",\"@graph\":[{\"@type\":\"WebPage\",\"@id\":\"https:\/\/www.blogsoestado.com\/danielmatos\/fabio-gentil-supera-humberto-coutinho-e-se-projeta-para-o-maranhao-como-maior-expressao-politica-regional\/\",\"url\":\"https:\/\/www.blogsoestado.com\/danielmatos\/fabio-gentil-supera-humberto-coutinho-e-se-projeta-para-o-maranhao-como-maior-expressao-politica-regional\/\",\"name\":\"F\u00e1bio Gentil supera Humberto Coutinho e se projeta para o Maranh\u00e3o como maior express\u00e3o pol\u00edtica regional - Daniel Matos\",\"isPartOf\":{\"@id\":\"https:\/\/www.blogsoestado.com\/danielmatos\/#website\"},\"primaryImageOfPage\":{\"@id\":\"https:\/\/www.blogsoestado.com\/danielmatos\/fabio-gentil-supera-humberto-coutinho-e-se-projeta-para-o-maranhao-como-maior-expressao-politica-regional\/#primaryimage\"},\"image\":{\"@id\":\"https:\/\/www.blogsoestado.com\/danielmatos\/fabio-gentil-supera-humberto-coutinho-e-se-projeta-para-o-maranhao-como-maior-expressao-politica-regional\/#primaryimage\"},\"thumbnailUrl\":\"https:\/\/www.blogsoestado.com\/danielmatos\/files\/2020\/11\/117236022_2760011780943604_421434571920376741_n.jpg\",\"datePublished\":\"2020-11-17T12:07:49+00:00\",\"author\":{\"@id\":\"\"},\"breadcrumb\":{\"@id\":\"https:\/\/www.blogsoestado.com\/danielmatos\/fabio-gentil-supera-humberto-coutinho-e-se-projeta-para-o-maranhao-como-maior-expressao-politica-regional\/#breadcrumb\"},\"inLanguage\":\"pt-BR\",\"potentialAction\":[{\"@type\":\"ReadAction\",\"target\":[\"https:\/\/www.blogsoestado.com\/danielmatos\/fabio-gentil-supera-humberto-coutinho-e-se-projeta-para-o-maranhao-como-maior-expressao-politica-regional\/\"]}]},{\"@type\":\"ImageObject\",\"inLanguage\":\"pt-BR\",\"@id\":\"https:\/\/www.blogsoestado.com\/danielmatos\/fabio-gentil-supera-humberto-coutinho-e-se-projeta-para-o-maranhao-como-maior-expressao-politica-regional\/#primaryimage\",\"url\":\"https:\/\/www.blogsoestado.com\/danielmatos\/files\/2020\/11\/117236022_2760011780943604_421434571920376741_n.jpg\",\"contentUrl\":\"https:\/\/www.blogsoestado.com\/danielmatos\/files\/2020\/11\/117236022_2760011780943604_421434571920376741_n.jpg\"},{\"@type\":\"BreadcrumbList\",\"@id\":\"https:\/\/www.blogsoestado.com\/danielmatos\/fabio-gentil-supera-humberto-coutinho-e-se-projeta-para-o-maranhao-como-maior-expressao-politica-regional\/#breadcrumb\",\"itemListElement\":[{\"@type\":\"ListItem\",\"position\":1,\"name\":\"In\u00edcio\",\"item\":\"https:\/\/www.blogsoestado.com\/danielmatos\/\"},{\"@type\":\"ListItem\",\"position\":2,\"name\":\"F\u00e1bio Gentil supera Humberto Coutinho e se projeta para o Maranh\u00e3o como maior express\u00e3o pol\u00edtica regional\"}]},{\"@type\":\"WebSite\",\"@id\":\"https:\/\/www.blogsoestado.com\/danielmatos\/#website\",\"url\":\"https:\/\/www.blogsoestado.com\/danielmatos\/\",\"name\":\"Daniel Matos\",\"description\":\"\",\"potentialAction\":[{\"@type\":\"SearchAction\",\"target\":{\"@type\":\"EntryPoint\",\"urlTemplate\":\"https:\/\/www.blogsoestado.com\/danielmatos\/?s={search_term_string}\"},\"query-input\":{\"@type\":\"PropertyValueSpecification\",\"valueRequired\":true,\"valueName\":\"search_term_string\"}}],\"inLanguage\":\"pt-BR\"}]}<\/script>\n<!-- \/ Yoast SEO plugin. -->","yoast_head_json":{"title":"F\u00e1bio Gentil supera Humberto Coutinho e se projeta para o Maranh\u00e3o como maior express\u00e3o pol\u00edtica regional - Daniel Matos","robots":{"index":"index","follow":"follow","max-snippet":"max-snippet:-1","max-image-preview":"max-image-preview:large","max-video-preview":"max-video-preview:-1"},"canonical":"https:\/\/www.blogsoestado.com\/danielmatos\/fabio-gentil-supera-humberto-coutinho-e-se-projeta-para-o-maranhao-como-maior-expressao-politica-regional\/","og_locale":"pt_BR","og_type":"article","og_title":"F\u00e1bio Gentil supera Humberto Coutinho e se projeta para o Maranh\u00e3o como maior express\u00e3o pol\u00edtica regional - Daniel Matos","og_description":"chapa F\u00e1bio Gentil&nbsp; (Republicanos) ao lado de Paulo Marinho J\u00fanior, com vit\u00f3ria hist\u00f3rica em Caxias (MA) com 62.075 mil votos, [&hellip;]","og_url":"https:\/\/www.blogsoestado.com\/danielmatos\/fabio-gentil-supera-humberto-coutinho-e-se-projeta-para-o-maranhao-como-maior-expressao-politica-regional\/","og_site_name":"Daniel Matos","article_published_time":"2020-11-17T12:07:49+00:00","og_image":[{"url":"https:\/\/www.blogsoestado.com\/danielmatos\/files\/2020\/11\/117236022_2760011780943604_421434571920376741_n.jpg","type":"","width":"","height":""}],"twitter_card":"summary_large_image","twitter_misc":{"Est. tempo de leitura":"2 minutos"},"schema":{"@context":"https:\/\/schema.org","@graph":[{"@type":"WebPage","@id":"https:\/\/www.blogsoestado.com\/danielmatos\/fabio-gentil-supera-humberto-coutinho-e-se-projeta-para-o-maranhao-como-maior-expressao-politica-regional\/","url":"https:\/\/www.blogsoestado.com\/danielmatos\/fabio-gentil-supera-humberto-coutinho-e-se-projeta-para-o-maranhao-como-maior-expressao-politica-regional\/","name":"F\u00e1bio Gentil supera Humberto Coutinho e se projeta para o Maranh\u00e3o como maior express\u00e3o pol\u00edtica regional - Daniel Matos","isPartOf":{"@id":"https:\/\/www.blogsoestado.com\/danielmatos\/#website"},"primaryImageOfPage":{"@id":"https:\/\/www.blogsoestado.com\/danielmatos\/fabio-gentil-supera-humberto-coutinho-e-se-projeta-para-o-maranhao-como-maior-expressao-politica-regional\/#primaryimage"},"image":{"@id":"https:\/\/www.blogsoestado.com\/danielmatos\/fabio-gentil-supera-humberto-coutinho-e-se-projeta-para-o-maranhao-como-maior-expressao-politica-regional\/#primaryimage"},"thumbnailUrl":"https:\/\/www.blogsoestado.com\/danielmatos\/files\/2020\/11\/117236022_2760011780943604_421434571920376741_n.jpg","datePublished":"2020-11-17T12:07:49+00:00","author":{"@id":""},"breadcrumb":{"@id":"https:\/\/www.blogsoestado.com\/danielmatos\/fabio-gentil-supera-humberto-coutinho-e-se-projeta-para-o-maranhao-como-maior-expressao-politica-regional\/#breadcrumb"},"inLanguage":"pt-BR","potentialAction":[{"@type":"ReadAction","target":["https:\/\/www.blogsoestado.com\/danielmatos\/fabio-gentil-supera-humberto-coutinho-e-se-projeta-para-o-maranhao-como-maior-expressao-politica-regional\/"]}]},{"@type":"ImageObject","inLanguage":"pt-BR","@id":"https:\/\/www.blogsoestado.com\/danielmatos\/fabio-gentil-supera-humberto-coutinho-e-se-projeta-para-o-maranhao-como-maior-expressao-politica-regional\/#primaryimage","url":"https:\/\/www.blogsoestado.com\/danielmatos\/files\/2020\/11\/117236022_2760011780943604_421434571920376741_n.jpg","contentUrl":"https:\/\/www.blogsoestado.com\/danielmatos\/files\/2020\/11\/117236022_2760011780943604_421434571920376741_n.jpg"},{"@type":"BreadcrumbList","@id":"https:\/\/www.blogsoestado.com\/danielmatos\/fabio-gentil-supera-humberto-coutinho-e-se-projeta-para-o-maranhao-como-maior-expressao-politica-regional\/#breadcrumb","itemListElement":[{"@type":"ListItem","position":1,"name":"In\u00edcio","item":"https:\/\/www.blogsoestado.com\/danielmatos\/"},{"@type":"ListItem","position":2,"name":"F\u00e1bio Gentil supera Humberto Coutinho e se projeta para o Maranh\u00e3o como maior express\u00e3o pol\u00edtica regional"}]},{"@type":"WebSite","@id":"https:\/\/www.blogsoestado.com\/danielmatos\/#website","url":"https:\/\/www.blogsoestado.com\/danielmatos\/","name":"Daniel Matos","description":"","potentialAction":[{"@type":"SearchAction","target":{"@type":"EntryPoint","urlTemplate":"https:\/\/www.blogsoestado.com\/danielmatos\/?s={search_term_string}"},"query-input":{"@type":"PropertyValueSpecification","valueRequired":true,"valueName":"search_term_string"}}],"inLanguage":"pt-BR"}]}},"jetpack_featured_media_url":"","_links":{"self":[{"href":"https:\/\/www.blogsoestado.com\/danielmatos\/wp-json\/wp\/v2\/posts\/79966","targetHints":{"allow":["GET"]}}],"collection":[{"href":"https:\/\/www.blogsoestado.com\/danielmatos\/wp-json\/wp\/v2\/posts"}],"about":[{"href":"https:\/\/www.blogsoestado.com\/danielmatos\/wp-json\/wp\/v2\/types\/post"}],"replies":[{"embeddable":true,"href":"https:\/\/www.blogsoestado.com\/danielmatos\/wp-json\/wp\/v2\/comments?post=79966"}],"version-history":[{"count":0,"href":"https:\/\/www.blogsoestado.com\/danielmatos\/wp-json\/wp\/v2\/posts\/79966\/revisions"}],"wp:attachment":[{"href":"https:\/\/www.blogsoestado.com\/danielmatos\/wp-json\/wp\/v2\/media?parent=79966"}],"wp:term":[{"taxonomy":"category","embeddable":true,"href":"https:\/\/www.blogsoestado.com\/danielmatos\/wp-json\/wp\/v2\/categories?post=79966"},{"taxonomy":"post_tag","embeddable":true,"href":"https:\/\/www.blogsoestado.com\/danielmatos\/wp-json\/wp\/v2\/tags?post=79966"}],"curies":[{"name":"wp","href":"https:\/\/api.w.org\/{rel}","templated":true}]}}