{"id":79981,"date":"2020-11-17T18:43:19","date_gmt":"2020-11-17T21:43:19","guid":{"rendered":"https:\/\/www.blogsoestado.com\/danielmatos\/?p=79981"},"modified":"2020-11-17T18:43:19","modified_gmt":"2020-11-17T21:43:19","slug":"braide-recebe-apoio-de-deputados-estaduais","status":"publish","type":"post","link":"https:\/\/www.blogsoestado.com\/danielmatos\/braide-recebe-apoio-de-deputados-estaduais\/","title":{"rendered":"Braide recebe apoio de deputados estaduais"},"content":{"rendered":"\n<div class=\"wp-block-image\"><figure class=\"aligncenter size-large\"><img decoding=\"async\" src=\"https:\/\/www.blogsoestado.com\/danielmatos\/files\/2020\/11\/Foto-1-Braide-recebe-apoio-de-deputados-estaduais-1024x484.jpg\" alt=\"\" class=\"wp-image-79982\"\/><figcaption>Depurados estaduais Carlinhos Flor\u00eancio, C\u00e9sar Pires e Glalbert Cutrim declararam apoio a Eduardo Braide<\/figcaption><\/figure><\/div>\n\n\n\n<p>O candidato a prefeito de S\u00e3o Lu\u00eds, Eduardo Braide (Podemos), recebeu nesta ter\u00e7a-feira (17), o apoio do vice-presidente da Assembleia Legislativa, Glalbert Cutrim (PDT), e do deputado Carlinhos Flor\u00eancio (PCdoB). Eles tiveram um encontro no gabinete do deputado C\u00e9sar Pires (PV), que j\u00e1 havia anunciado apoio a Braide.<\/p>\n\n\n\n<p>\u201cTivemos uma boa conviv\u00eancia com o deputado Eduardo Braide na Assembleia e sabemos da sua boa inten\u00e7\u00e3o em trabalhar por S\u00e3o Lu\u00eds. Portanto, o meu apoio \u00e9 para Eduardo Braide. Se Deus quiser, ele ser\u00e1 o pr\u00f3ximo prefeito de S\u00e3o Lu\u00eds a partir de 1\u00ba de janeiro\u201d, afirmou Glalbert Cutrim.<\/p>\n\n\n\n<p>Primeiro deputado estadual a declarar apoio a Eduardo Braide, C\u00e9sar Pires reafirmou que Braide \u00e9 o mais preparado para ser prefeito de S\u00e3o Lu\u00eds, e merece o respeito inclusive dos seus advers\u00e1rios por ter feito uma campanha limpa, sem ataques, e propositiva. \u201cEle mostrou que tem propostas concretas para desenvolver a nossa cidade. Por isso tem a confian\u00e7a do povo e temos a convic\u00e7\u00e3o de que ser\u00e1 eleito prefeito de S\u00e3o Lu\u00eds\u201d, enfatizou Pires.<\/p>\n\n\n\n<p>O deputado do PC do B,&nbsp;Carlinhos Flor\u00eancio, justificou sua declara\u00e7\u00e3o de apoio \u00e0 candidatura de Eduardo Braide \u00e0 Prefeitura de S\u00e3o Lu\u00eds. \u201cA elei\u00e7\u00e3o de Braide significa um futuro melhor para a nossa cidade\u201d, afirmou ele.<\/p>\n\n\n\n<p>Para Eduardo Braide, o apoio dos deputados estaduais mostra a consci\u00eancia de que S\u00e3o Lu\u00eds quer seguir unida em busca de desenvolvimento. \u201cSempre tive uma boa rela\u00e7\u00e3o com meus colegas parlamentares e os funcion\u00e1rios da Assembleia. Agrade\u00e7o o apoio dos deputados Glalbert Cutrim, Carlinhos Flor\u00eancio e C\u00e9sar Pires. O nosso time s\u00f3 aumenta e est\u00e1 em campo para melhorar S\u00e3o Lu\u00eds e a vida das pessoas. Vamos \u00e0 vit\u00f3ria\u201d, concluiu Braide. &nbsp;<\/p>\n","protected":false},"excerpt":{"rendered":"<p>O candidato a prefeito de S\u00e3o Lu\u00eds, Eduardo Braide (Podemos), recebeu nesta ter\u00e7a-feira (17), o apoio do vice-presidente da Assembleia [&hellip;]<\/p>\n","protected":false},"author":0,"featured_media":0,"comment_status":"open","ping_status":"open","sticky":false,"template":"","format":"standard","meta":{"site-sidebar-layout":"default","site-content-layout":"","ast-site-content-layout":"default","site-content-style":"default","site-sidebar-style":"default","ast-global-header-display":"","ast-banner-title-visibility":"","ast-main-header-display":"","ast-hfb-above-header-display":"","ast-hfb-below-header-display":"","ast-hfb-mobile-header-display":"","site-post-title":"","ast-breadcrumbs-content":"","ast-featured-img":"","footer-sml-layout":"","ast-disable-related-posts":"","theme-transparent-header-meta":"","adv-header-id-meta":"","stick-header-meta":"","header-above-stick-meta":"","header-main-stick-meta":"","header-below-stick-meta":"","astra-migrate-meta-layouts":"default","ast-page-background-enabled":"default","ast-page-background-meta":{"desktop":{"background-color":"var(--ast-global-color-5)","background-image":"","background-repeat":"repeat","background-position":"center center","background-size":"auto","background-attachment":"scroll","background-type":"","background-media":"","overlay-type":"","overlay-color":"","overlay-opacity":"","overlay-gradient":""},"tablet":{"background-color":"","background-image":"","background-repeat":"repeat","background-position":"center center","background-size":"auto","background-attachment":"scroll","background-type":"","background-media":"","overlay-type":"","overlay-color":"","overlay-opacity":"","overlay-gradient":""},"mobile":{"background-color":"","background-image":"","background-repeat":"repeat","background-position":"center center","background-size":"auto","background-attachment":"scroll","background-type":"","background-media":"","overlay-type":"","overlay-color":"","overlay-opacity":"","overlay-gradient":""}},"ast-content-background-meta":{"desktop":{"background-color":"var(--ast-global-color-4)","background-image":"","background-repeat":"repeat","background-position":"center center","background-size":"auto","background-attachment":"scroll","background-type":"","background-media":"","overlay-type":"","overlay-color":"","overlay-opacity":"","overlay-gradient":""},"tablet":{"background-color":"var(--ast-global-color-4)","background-image":"","background-repeat":"repeat","background-position":"center center","background-size":"auto","background-attachment":"scroll","background-type":"","background-media":"","overlay-type":"","overlay-color":"","overlay-opacity":"","overlay-gradient":""},"mobile":{"background-color":"var(--ast-global-color-4)","background-image":"","background-repeat":"repeat","background-position":"center center","background-size":"auto","background-attachment":"scroll","background-type":"","background-media":"","overlay-type":"","overlay-color":"","overlay-opacity":"","overlay-gradient":""}},"footnotes":""},"categories":[1],"tags":[],"class_list":["post-79981","post","type-post","status-publish","format-standard","hentry","category-sem-categoria"],"yoast_head":"<!-- This site is optimized with the Yoast SEO plugin v26.6 - https:\/\/yoast.com\/wordpress\/plugins\/seo\/ -->\n<title>Braide recebe apoio de deputados estaduais - Daniel Matos<\/title>\n<meta name=\"robots\" content=\"index, follow, max-snippet:-1, max-image-preview:large, max-video-preview:-1\" \/>\n<link rel=\"canonical\" href=\"https:\/\/www.blogsoestado.com\/danielmatos\/braide-recebe-apoio-de-deputados-estaduais\/\" \/>\n<meta property=\"og:locale\" content=\"pt_BR\" \/>\n<meta property=\"og:type\" content=\"article\" \/>\n<meta property=\"og:title\" content=\"Braide recebe apoio de deputados estaduais - Daniel Matos\" \/>\n<meta property=\"og:description\" content=\"O candidato a prefeito de S\u00e3o Lu\u00eds, Eduardo Braide (Podemos), recebeu nesta ter\u00e7a-feira (17), o apoio do vice-presidente da Assembleia [&hellip;]\" \/>\n<meta property=\"og:url\" content=\"https:\/\/www.blogsoestado.com\/danielmatos\/braide-recebe-apoio-de-deputados-estaduais\/\" \/>\n<meta property=\"og:site_name\" content=\"Daniel Matos\" \/>\n<meta property=\"article:published_time\" content=\"2020-11-17T21:43:19+00:00\" \/>\n<meta property=\"og:image\" content=\"https:\/\/www.blogsoestado.com\/danielmatos\/files\/2020\/11\/Foto-1-Braide-recebe-apoio-de-deputados-estaduais-1024x484.jpg\" \/>\n<meta name=\"twitter:card\" content=\"summary_large_image\" \/>\n<meta name=\"twitter:label1\" content=\"Est. tempo de leitura\" \/>\n\t<meta name=\"twitter:data1\" content=\"2 minutos\" \/>\n<script type=\"application\/ld+json\" class=\"yoast-schema-graph\">{\"@context\":\"https:\/\/schema.org\",\"@graph\":[{\"@type\":\"WebPage\",\"@id\":\"https:\/\/www.blogsoestado.com\/danielmatos\/braide-recebe-apoio-de-deputados-estaduais\/\",\"url\":\"https:\/\/www.blogsoestado.com\/danielmatos\/braide-recebe-apoio-de-deputados-estaduais\/\",\"name\":\"Braide recebe apoio de deputados estaduais - Daniel Matos\",\"isPartOf\":{\"@id\":\"https:\/\/www.blogsoestado.com\/danielmatos\/#website\"},\"primaryImageOfPage\":{\"@id\":\"https:\/\/www.blogsoestado.com\/danielmatos\/braide-recebe-apoio-de-deputados-estaduais\/#primaryimage\"},\"image\":{\"@id\":\"https:\/\/www.blogsoestado.com\/danielmatos\/braide-recebe-apoio-de-deputados-estaduais\/#primaryimage\"},\"thumbnailUrl\":\"https:\/\/www.blogsoestado.com\/danielmatos\/files\/2020\/11\/Foto-1-Braide-recebe-apoio-de-deputados-estaduais-1024x484.jpg\",\"datePublished\":\"2020-11-17T21:43:19+00:00\",\"author\":{\"@id\":\"\"},\"breadcrumb\":{\"@id\":\"https:\/\/www.blogsoestado.com\/danielmatos\/braide-recebe-apoio-de-deputados-estaduais\/#breadcrumb\"},\"inLanguage\":\"pt-BR\",\"potentialAction\":[{\"@type\":\"ReadAction\",\"target\":[\"https:\/\/www.blogsoestado.com\/danielmatos\/braide-recebe-apoio-de-deputados-estaduais\/\"]}]},{\"@type\":\"ImageObject\",\"inLanguage\":\"pt-BR\",\"@id\":\"https:\/\/www.blogsoestado.com\/danielmatos\/braide-recebe-apoio-de-deputados-estaduais\/#primaryimage\",\"url\":\"https:\/\/www.blogsoestado.com\/danielmatos\/files\/2020\/11\/Foto-1-Braide-recebe-apoio-de-deputados-estaduais-1024x484.jpg\",\"contentUrl\":\"https:\/\/www.blogsoestado.com\/danielmatos\/files\/2020\/11\/Foto-1-Braide-recebe-apoio-de-deputados-estaduais-1024x484.jpg\"},{\"@type\":\"BreadcrumbList\",\"@id\":\"https:\/\/www.blogsoestado.com\/danielmatos\/braide-recebe-apoio-de-deputados-estaduais\/#breadcrumb\",\"itemListElement\":[{\"@type\":\"ListItem\",\"position\":1,\"name\":\"In\u00edcio\",\"item\":\"https:\/\/www.blogsoestado.com\/danielmatos\/\"},{\"@type\":\"ListItem\",\"position\":2,\"name\":\"Braide recebe apoio de deputados estaduais\"}]},{\"@type\":\"WebSite\",\"@id\":\"https:\/\/www.blogsoestado.com\/danielmatos\/#website\",\"url\":\"https:\/\/www.blogsoestado.com\/danielmatos\/\",\"name\":\"Daniel Matos\",\"description\":\"\",\"potentialAction\":[{\"@type\":\"SearchAction\",\"target\":{\"@type\":\"EntryPoint\",\"urlTemplate\":\"https:\/\/www.blogsoestado.com\/danielmatos\/?s={search_term_string}\"},\"query-input\":{\"@type\":\"PropertyValueSpecification\",\"valueRequired\":true,\"valueName\":\"search_term_string\"}}],\"inLanguage\":\"pt-BR\"}]}<\/script>\n<!-- \/ Yoast SEO plugin. -->","yoast_head_json":{"title":"Braide recebe apoio de deputados estaduais - Daniel Matos","robots":{"index":"index","follow":"follow","max-snippet":"max-snippet:-1","max-image-preview":"max-image-preview:large","max-video-preview":"max-video-preview:-1"},"canonical":"https:\/\/www.blogsoestado.com\/danielmatos\/braide-recebe-apoio-de-deputados-estaduais\/","og_locale":"pt_BR","og_type":"article","og_title":"Braide recebe apoio de deputados estaduais - Daniel Matos","og_description":"O candidato a prefeito de S\u00e3o Lu\u00eds, Eduardo Braide (Podemos), recebeu nesta ter\u00e7a-feira (17), o apoio do vice-presidente da Assembleia [&hellip;]","og_url":"https:\/\/www.blogsoestado.com\/danielmatos\/braide-recebe-apoio-de-deputados-estaduais\/","og_site_name":"Daniel Matos","article_published_time":"2020-11-17T21:43:19+00:00","og_image":[{"url":"https:\/\/www.blogsoestado.com\/danielmatos\/files\/2020\/11\/Foto-1-Braide-recebe-apoio-de-deputados-estaduais-1024x484.jpg","type":"","width":"","height":""}],"twitter_card":"summary_large_image","twitter_misc":{"Est. tempo de leitura":"2 minutos"},"schema":{"@context":"https:\/\/schema.org","@graph":[{"@type":"WebPage","@id":"https:\/\/www.blogsoestado.com\/danielmatos\/braide-recebe-apoio-de-deputados-estaduais\/","url":"https:\/\/www.blogsoestado.com\/danielmatos\/braide-recebe-apoio-de-deputados-estaduais\/","name":"Braide recebe apoio de deputados estaduais - Daniel Matos","isPartOf":{"@id":"https:\/\/www.blogsoestado.com\/danielmatos\/#website"},"primaryImageOfPage":{"@id":"https:\/\/www.blogsoestado.com\/danielmatos\/braide-recebe-apoio-de-deputados-estaduais\/#primaryimage"},"image":{"@id":"https:\/\/www.blogsoestado.com\/danielmatos\/braide-recebe-apoio-de-deputados-estaduais\/#primaryimage"},"thumbnailUrl":"https:\/\/www.blogsoestado.com\/danielmatos\/files\/2020\/11\/Foto-1-Braide-recebe-apoio-de-deputados-estaduais-1024x484.jpg","datePublished":"2020-11-17T21:43:19+00:00","author":{"@id":""},"breadcrumb":{"@id":"https:\/\/www.blogsoestado.com\/danielmatos\/braide-recebe-apoio-de-deputados-estaduais\/#breadcrumb"},"inLanguage":"pt-BR","potentialAction":[{"@type":"ReadAction","target":["https:\/\/www.blogsoestado.com\/danielmatos\/braide-recebe-apoio-de-deputados-estaduais\/"]}]},{"@type":"ImageObject","inLanguage":"pt-BR","@id":"https:\/\/www.blogsoestado.com\/danielmatos\/braide-recebe-apoio-de-deputados-estaduais\/#primaryimage","url":"https:\/\/www.blogsoestado.com\/danielmatos\/files\/2020\/11\/Foto-1-Braide-recebe-apoio-de-deputados-estaduais-1024x484.jpg","contentUrl":"https:\/\/www.blogsoestado.com\/danielmatos\/files\/2020\/11\/Foto-1-Braide-recebe-apoio-de-deputados-estaduais-1024x484.jpg"},{"@type":"BreadcrumbList","@id":"https:\/\/www.blogsoestado.com\/danielmatos\/braide-recebe-apoio-de-deputados-estaduais\/#breadcrumb","itemListElement":[{"@type":"ListItem","position":1,"name":"In\u00edcio","item":"https:\/\/www.blogsoestado.com\/danielmatos\/"},{"@type":"ListItem","position":2,"name":"Braide recebe apoio de deputados estaduais"}]},{"@type":"WebSite","@id":"https:\/\/www.blogsoestado.com\/danielmatos\/#website","url":"https:\/\/www.blogsoestado.com\/danielmatos\/","name":"Daniel Matos","description":"","potentialAction":[{"@type":"SearchAction","target":{"@type":"EntryPoint","urlTemplate":"https:\/\/www.blogsoestado.com\/danielmatos\/?s={search_term_string}"},"query-input":{"@type":"PropertyValueSpecification","valueRequired":true,"valueName":"search_term_string"}}],"inLanguage":"pt-BR"}]}},"jetpack_featured_media_url":"","_links":{"self":[{"href":"https:\/\/www.blogsoestado.com\/danielmatos\/wp-json\/wp\/v2\/posts\/79981","targetHints":{"allow":["GET"]}}],"collection":[{"href":"https:\/\/www.blogsoestado.com\/danielmatos\/wp-json\/wp\/v2\/posts"}],"about":[{"href":"https:\/\/www.blogsoestado.com\/danielmatos\/wp-json\/wp\/v2\/types\/post"}],"replies":[{"embeddable":true,"href":"https:\/\/www.blogsoestado.com\/danielmatos\/wp-json\/wp\/v2\/comments?post=79981"}],"version-history":[{"count":0,"href":"https:\/\/www.blogsoestado.com\/danielmatos\/wp-json\/wp\/v2\/posts\/79981\/revisions"}],"wp:attachment":[{"href":"https:\/\/www.blogsoestado.com\/danielmatos\/wp-json\/wp\/v2\/media?parent=79981"}],"wp:term":[{"taxonomy":"category","embeddable":true,"href":"https:\/\/www.blogsoestado.com\/danielmatos\/wp-json\/wp\/v2\/categories?post=79981"},{"taxonomy":"post_tag","embeddable":true,"href":"https:\/\/www.blogsoestado.com\/danielmatos\/wp-json\/wp\/v2\/tags?post=79981"}],"curies":[{"name":"wp","href":"https:\/\/api.w.org\/{rel}","templated":true}]}}