{"id":80017,"date":"2020-11-18T18:00:50","date_gmt":"2020-11-18T21:00:50","guid":{"rendered":"https:\/\/www.blogsoestado.com\/danielmatos\/?p=80017"},"modified":"2020-11-18T18:00:50","modified_gmt":"2020-11-18T21:00:50","slug":"apoio-de-yglesio-a-braide-e-uma-questao-de-seguranca-a-populacao","status":"publish","type":"post","link":"https:\/\/www.blogsoestado.com\/danielmatos\/apoio-de-yglesio-a-braide-e-uma-questao-de-seguranca-a-populacao\/","title":{"rendered":"Apoio de Ygl\u00e9sio a Braide \u00e9 uma quest\u00e3o de seguran\u00e7a \u00e0 popula\u00e7\u00e3o"},"content":{"rendered":"\n<div class=\"wp-block-image\"><figure class=\"aligncenter size-large\"><img decoding=\"async\" src=\"https:\/\/www.blogsoestado.com\/danielmatos\/files\/2020\/11\/IMG-20201118-WA0330-1024x576.jpg\" alt=\"\" class=\"wp-image-80018\"\/><figcaption>Ygl\u00e9sio disse que uma eventual gest\u00e3o de Duarte Jr. poder\u00e1 afetar negativamente a popula\u00e7\u00e3o<\/figcaption><\/figure><\/div>\n\n\n\n<p>Em coletiva de imprensa realizada na manh\u00e3 desta quarta-feira (18), o ex-candidato a prefeito de S\u00e3o Lu\u00eds e deputado estadual, Ygl\u00e9sio Moyses (PROS), anunciou apoio \u00e0 candidatura de Eduardo Braide (Podemos).<\/p>\n\n\n\n<p>Apoiar Braide, segundo Ygl\u00e9sio, n\u00e3o \u00e9 uma das melhores alternativas, mas o atual contexto no qual se encontra a politica ludovicense se faz necess\u00e1rio confrontar o \u2018mal\u2019 evidentemente figurado pela candidatura do Duarte Jr. \u00e0 prefeitura de S\u00e3o Lu\u00eds.<\/p>\n\n\n\n<p>Diferente do que se esperava, a neutralidade do Ygl\u00e9sio n\u00e3o seria o melhor e mais seguro posicionamento a ser tomado neste momento, como ele mesmo explicou aos jornalistas.<\/p>\n\n\n\n<p>\u201cEu vejo que n\u00e3o \u00e9 poss\u00edvel um posicionamento de neutralidade porque h\u00e1 a representa\u00e7\u00e3o de uma coisa extremamente perigosa pra sociedade, um mal maior mesmo\u201d, disse Ygl\u00e9sio. \u201dEu acredito nisso, do fundo meu cora\u00e7\u00e3o, porque eu conhe\u00e7o o candidato desde 2013\u201d, concluiu.<\/p>\n\n\n\n<p>A preocupa\u00e7\u00e3o destacada pelo deputado se d\u00e1 em fun\u00e7\u00e3o das in\u00fameras atitudes do candidato do Republicanos em rela\u00e7\u00e3o aos cargos que j\u00e1 ocupou e ocupa, sendo acusado in\u00fameras vezes de copiar projetos de colegas parlamentares na Assembleia Legislativa e, principalmente, por praticar ass\u00e9dio moral contra os servidores comissionados do Procon, atitude comprovada, inclusive, por \u00e1udios vazados, al\u00e9m de ataques pessoais aos candidatos que tamb\u00e9m concorreram ao cargo de prefeito em S\u00e3o Lu\u00eds, como foi o caso do Rubens Pereira Jr.<\/p>\n\n\n\n<p>A posi\u00e7\u00e3o de Ygl\u00e9sio, hoje, n\u00e3o representa uma busca por interesses pol\u00edticos comumente praticados nessa fase da disputa eleitoral e nem destacar apoio ao vi\u00e9s bolsonarista associado ao Eduardo Braide, mas a prote\u00e7\u00e3o das pessoas de uma gest\u00e3o que poder\u00e1 afetar a todos negativamente, segundo ele.<\/p>\n","protected":false},"excerpt":{"rendered":"<p>Em coletiva de imprensa realizada na manh\u00e3 desta quarta-feira (18), o ex-candidato a prefeito de S\u00e3o Lu\u00eds e deputado estadual, [&hellip;]<\/p>\n","protected":false},"author":0,"featured_media":0,"comment_status":"open","ping_status":"open","sticky":false,"template":"","format":"standard","meta":{"site-sidebar-layout":"default","site-content-layout":"","ast-site-content-layout":"default","site-content-style":"default","site-sidebar-style":"default","ast-global-header-display":"","ast-banner-title-visibility":"","ast-main-header-display":"","ast-hfb-above-header-display":"","ast-hfb-below-header-display":"","ast-hfb-mobile-header-display":"","site-post-title":"","ast-breadcrumbs-content":"","ast-featured-img":"","footer-sml-layout":"","ast-disable-related-posts":"","theme-transparent-header-meta":"","adv-header-id-meta":"","stick-header-meta":"","header-above-stick-meta":"","header-main-stick-meta":"","header-below-stick-meta":"","astra-migrate-meta-layouts":"default","ast-page-background-enabled":"default","ast-page-background-meta":{"desktop":{"background-color":"var(--ast-global-color-5)","background-image":"","background-repeat":"repeat","background-position":"center center","background-size":"auto","background-attachment":"scroll","background-type":"","background-media":"","overlay-type":"","overlay-color":"","overlay-opacity":"","overlay-gradient":""},"tablet":{"background-color":"","background-image":"","background-repeat":"repeat","background-position":"center center","background-size":"auto","background-attachment":"scroll","background-type":"","background-media":"","overlay-type":"","overlay-color":"","overlay-opacity":"","overlay-gradient":""},"mobile":{"background-color":"","background-image":"","background-repeat":"repeat","background-position":"center center","background-size":"auto","background-attachment":"scroll","background-type":"","background-media":"","overlay-type":"","overlay-color":"","overlay-opacity":"","overlay-gradient":""}},"ast-content-background-meta":{"desktop":{"background-color":"var(--ast-global-color-4)","background-image":"","background-repeat":"repeat","background-position":"center center","background-size":"auto","background-attachment":"scroll","background-type":"","background-media":"","overlay-type":"","overlay-color":"","overlay-opacity":"","overlay-gradient":""},"tablet":{"background-color":"var(--ast-global-color-4)","background-image":"","background-repeat":"repeat","background-position":"center center","background-size":"auto","background-attachment":"scroll","background-type":"","background-media":"","overlay-type":"","overlay-color":"","overlay-opacity":"","overlay-gradient":""},"mobile":{"background-color":"var(--ast-global-color-4)","background-image":"","background-repeat":"repeat","background-position":"center center","background-size":"auto","background-attachment":"scroll","background-type":"","background-media":"","overlay-type":"","overlay-color":"","overlay-opacity":"","overlay-gradient":""}},"footnotes":""},"categories":[1],"tags":[],"class_list":["post-80017","post","type-post","status-publish","format-standard","hentry","category-sem-categoria"],"yoast_head":"<!-- This site is optimized with the Yoast SEO plugin v26.6 - https:\/\/yoast.com\/wordpress\/plugins\/seo\/ -->\n<title>Apoio de Ygl\u00e9sio a Braide \u00e9 uma quest\u00e3o de seguran\u00e7a \u00e0 popula\u00e7\u00e3o - Daniel Matos<\/title>\n<meta name=\"robots\" content=\"index, follow, max-snippet:-1, max-image-preview:large, max-video-preview:-1\" \/>\n<link rel=\"canonical\" href=\"https:\/\/www.blogsoestado.com\/danielmatos\/apoio-de-yglesio-a-braide-e-uma-questao-de-seguranca-a-populacao\/\" \/>\n<meta property=\"og:locale\" content=\"pt_BR\" \/>\n<meta property=\"og:type\" content=\"article\" \/>\n<meta property=\"og:title\" content=\"Apoio de Ygl\u00e9sio a Braide \u00e9 uma quest\u00e3o de seguran\u00e7a \u00e0 popula\u00e7\u00e3o - Daniel Matos\" \/>\n<meta property=\"og:description\" content=\"Em coletiva de imprensa realizada na manh\u00e3 desta quarta-feira (18), o ex-candidato a prefeito de S\u00e3o Lu\u00eds e deputado estadual, [&hellip;]\" \/>\n<meta property=\"og:url\" content=\"https:\/\/www.blogsoestado.com\/danielmatos\/apoio-de-yglesio-a-braide-e-uma-questao-de-seguranca-a-populacao\/\" \/>\n<meta property=\"og:site_name\" content=\"Daniel Matos\" \/>\n<meta property=\"article:published_time\" content=\"2020-11-18T21:00:50+00:00\" \/>\n<meta property=\"og:image\" content=\"https:\/\/www.blogsoestado.com\/danielmatos\/files\/2020\/11\/IMG-20201118-WA0330-1024x576.jpg\" \/>\n<meta name=\"twitter:card\" content=\"summary_large_image\" \/>\n<meta name=\"twitter:label1\" content=\"Est. tempo de leitura\" \/>\n\t<meta name=\"twitter:data1\" content=\"2 minutos\" \/>\n<script type=\"application\/ld+json\" class=\"yoast-schema-graph\">{\"@context\":\"https:\/\/schema.org\",\"@graph\":[{\"@type\":\"WebPage\",\"@id\":\"https:\/\/www.blogsoestado.com\/danielmatos\/apoio-de-yglesio-a-braide-e-uma-questao-de-seguranca-a-populacao\/\",\"url\":\"https:\/\/www.blogsoestado.com\/danielmatos\/apoio-de-yglesio-a-braide-e-uma-questao-de-seguranca-a-populacao\/\",\"name\":\"Apoio de Ygl\u00e9sio a Braide \u00e9 uma quest\u00e3o de seguran\u00e7a \u00e0 popula\u00e7\u00e3o - Daniel Matos\",\"isPartOf\":{\"@id\":\"https:\/\/www.blogsoestado.com\/danielmatos\/#website\"},\"primaryImageOfPage\":{\"@id\":\"https:\/\/www.blogsoestado.com\/danielmatos\/apoio-de-yglesio-a-braide-e-uma-questao-de-seguranca-a-populacao\/#primaryimage\"},\"image\":{\"@id\":\"https:\/\/www.blogsoestado.com\/danielmatos\/apoio-de-yglesio-a-braide-e-uma-questao-de-seguranca-a-populacao\/#primaryimage\"},\"thumbnailUrl\":\"https:\/\/www.blogsoestado.com\/danielmatos\/files\/2020\/11\/IMG-20201118-WA0330-1024x576.jpg\",\"datePublished\":\"2020-11-18T21:00:50+00:00\",\"author\":{\"@id\":\"\"},\"breadcrumb\":{\"@id\":\"https:\/\/www.blogsoestado.com\/danielmatos\/apoio-de-yglesio-a-braide-e-uma-questao-de-seguranca-a-populacao\/#breadcrumb\"},\"inLanguage\":\"pt-BR\",\"potentialAction\":[{\"@type\":\"ReadAction\",\"target\":[\"https:\/\/www.blogsoestado.com\/danielmatos\/apoio-de-yglesio-a-braide-e-uma-questao-de-seguranca-a-populacao\/\"]}]},{\"@type\":\"ImageObject\",\"inLanguage\":\"pt-BR\",\"@id\":\"https:\/\/www.blogsoestado.com\/danielmatos\/apoio-de-yglesio-a-braide-e-uma-questao-de-seguranca-a-populacao\/#primaryimage\",\"url\":\"https:\/\/www.blogsoestado.com\/danielmatos\/files\/2020\/11\/IMG-20201118-WA0330-1024x576.jpg\",\"contentUrl\":\"https:\/\/www.blogsoestado.com\/danielmatos\/files\/2020\/11\/IMG-20201118-WA0330-1024x576.jpg\"},{\"@type\":\"BreadcrumbList\",\"@id\":\"https:\/\/www.blogsoestado.com\/danielmatos\/apoio-de-yglesio-a-braide-e-uma-questao-de-seguranca-a-populacao\/#breadcrumb\",\"itemListElement\":[{\"@type\":\"ListItem\",\"position\":1,\"name\":\"In\u00edcio\",\"item\":\"https:\/\/www.blogsoestado.com\/danielmatos\/\"},{\"@type\":\"ListItem\",\"position\":2,\"name\":\"Apoio de Ygl\u00e9sio a Braide \u00e9 uma quest\u00e3o de seguran\u00e7a \u00e0 popula\u00e7\u00e3o\"}]},{\"@type\":\"WebSite\",\"@id\":\"https:\/\/www.blogsoestado.com\/danielmatos\/#website\",\"url\":\"https:\/\/www.blogsoestado.com\/danielmatos\/\",\"name\":\"Daniel Matos\",\"description\":\"\",\"potentialAction\":[{\"@type\":\"SearchAction\",\"target\":{\"@type\":\"EntryPoint\",\"urlTemplate\":\"https:\/\/www.blogsoestado.com\/danielmatos\/?s={search_term_string}\"},\"query-input\":{\"@type\":\"PropertyValueSpecification\",\"valueRequired\":true,\"valueName\":\"search_term_string\"}}],\"inLanguage\":\"pt-BR\"}]}<\/script>\n<!-- \/ Yoast SEO plugin. -->","yoast_head_json":{"title":"Apoio de Ygl\u00e9sio a Braide \u00e9 uma quest\u00e3o de seguran\u00e7a \u00e0 popula\u00e7\u00e3o - Daniel Matos","robots":{"index":"index","follow":"follow","max-snippet":"max-snippet:-1","max-image-preview":"max-image-preview:large","max-video-preview":"max-video-preview:-1"},"canonical":"https:\/\/www.blogsoestado.com\/danielmatos\/apoio-de-yglesio-a-braide-e-uma-questao-de-seguranca-a-populacao\/","og_locale":"pt_BR","og_type":"article","og_title":"Apoio de Ygl\u00e9sio a Braide \u00e9 uma quest\u00e3o de seguran\u00e7a \u00e0 popula\u00e7\u00e3o - Daniel Matos","og_description":"Em coletiva de imprensa realizada na manh\u00e3 desta quarta-feira (18), o ex-candidato a prefeito de S\u00e3o Lu\u00eds e deputado estadual, [&hellip;]","og_url":"https:\/\/www.blogsoestado.com\/danielmatos\/apoio-de-yglesio-a-braide-e-uma-questao-de-seguranca-a-populacao\/","og_site_name":"Daniel Matos","article_published_time":"2020-11-18T21:00:50+00:00","og_image":[{"url":"https:\/\/www.blogsoestado.com\/danielmatos\/files\/2020\/11\/IMG-20201118-WA0330-1024x576.jpg","type":"","width":"","height":""}],"twitter_card":"summary_large_image","twitter_misc":{"Est. tempo de leitura":"2 minutos"},"schema":{"@context":"https:\/\/schema.org","@graph":[{"@type":"WebPage","@id":"https:\/\/www.blogsoestado.com\/danielmatos\/apoio-de-yglesio-a-braide-e-uma-questao-de-seguranca-a-populacao\/","url":"https:\/\/www.blogsoestado.com\/danielmatos\/apoio-de-yglesio-a-braide-e-uma-questao-de-seguranca-a-populacao\/","name":"Apoio de Ygl\u00e9sio a Braide \u00e9 uma quest\u00e3o de seguran\u00e7a \u00e0 popula\u00e7\u00e3o - Daniel Matos","isPartOf":{"@id":"https:\/\/www.blogsoestado.com\/danielmatos\/#website"},"primaryImageOfPage":{"@id":"https:\/\/www.blogsoestado.com\/danielmatos\/apoio-de-yglesio-a-braide-e-uma-questao-de-seguranca-a-populacao\/#primaryimage"},"image":{"@id":"https:\/\/www.blogsoestado.com\/danielmatos\/apoio-de-yglesio-a-braide-e-uma-questao-de-seguranca-a-populacao\/#primaryimage"},"thumbnailUrl":"https:\/\/www.blogsoestado.com\/danielmatos\/files\/2020\/11\/IMG-20201118-WA0330-1024x576.jpg","datePublished":"2020-11-18T21:00:50+00:00","author":{"@id":""},"breadcrumb":{"@id":"https:\/\/www.blogsoestado.com\/danielmatos\/apoio-de-yglesio-a-braide-e-uma-questao-de-seguranca-a-populacao\/#breadcrumb"},"inLanguage":"pt-BR","potentialAction":[{"@type":"ReadAction","target":["https:\/\/www.blogsoestado.com\/danielmatos\/apoio-de-yglesio-a-braide-e-uma-questao-de-seguranca-a-populacao\/"]}]},{"@type":"ImageObject","inLanguage":"pt-BR","@id":"https:\/\/www.blogsoestado.com\/danielmatos\/apoio-de-yglesio-a-braide-e-uma-questao-de-seguranca-a-populacao\/#primaryimage","url":"https:\/\/www.blogsoestado.com\/danielmatos\/files\/2020\/11\/IMG-20201118-WA0330-1024x576.jpg","contentUrl":"https:\/\/www.blogsoestado.com\/danielmatos\/files\/2020\/11\/IMG-20201118-WA0330-1024x576.jpg"},{"@type":"BreadcrumbList","@id":"https:\/\/www.blogsoestado.com\/danielmatos\/apoio-de-yglesio-a-braide-e-uma-questao-de-seguranca-a-populacao\/#breadcrumb","itemListElement":[{"@type":"ListItem","position":1,"name":"In\u00edcio","item":"https:\/\/www.blogsoestado.com\/danielmatos\/"},{"@type":"ListItem","position":2,"name":"Apoio de Ygl\u00e9sio a Braide \u00e9 uma quest\u00e3o de seguran\u00e7a \u00e0 popula\u00e7\u00e3o"}]},{"@type":"WebSite","@id":"https:\/\/www.blogsoestado.com\/danielmatos\/#website","url":"https:\/\/www.blogsoestado.com\/danielmatos\/","name":"Daniel Matos","description":"","potentialAction":[{"@type":"SearchAction","target":{"@type":"EntryPoint","urlTemplate":"https:\/\/www.blogsoestado.com\/danielmatos\/?s={search_term_string}"},"query-input":{"@type":"PropertyValueSpecification","valueRequired":true,"valueName":"search_term_string"}}],"inLanguage":"pt-BR"}]}},"jetpack_featured_media_url":"","_links":{"self":[{"href":"https:\/\/www.blogsoestado.com\/danielmatos\/wp-json\/wp\/v2\/posts\/80017","targetHints":{"allow":["GET"]}}],"collection":[{"href":"https:\/\/www.blogsoestado.com\/danielmatos\/wp-json\/wp\/v2\/posts"}],"about":[{"href":"https:\/\/www.blogsoestado.com\/danielmatos\/wp-json\/wp\/v2\/types\/post"}],"replies":[{"embeddable":true,"href":"https:\/\/www.blogsoestado.com\/danielmatos\/wp-json\/wp\/v2\/comments?post=80017"}],"version-history":[{"count":0,"href":"https:\/\/www.blogsoestado.com\/danielmatos\/wp-json\/wp\/v2\/posts\/80017\/revisions"}],"wp:attachment":[{"href":"https:\/\/www.blogsoestado.com\/danielmatos\/wp-json\/wp\/v2\/media?parent=80017"}],"wp:term":[{"taxonomy":"category","embeddable":true,"href":"https:\/\/www.blogsoestado.com\/danielmatos\/wp-json\/wp\/v2\/categories?post=80017"},{"taxonomy":"post_tag","embeddable":true,"href":"https:\/\/www.blogsoestado.com\/danielmatos\/wp-json\/wp\/v2\/tags?post=80017"}],"curies":[{"name":"wp","href":"https:\/\/api.w.org\/{rel}","templated":true}]}}