{"id":80028,"date":"2020-11-19T09:40:55","date_gmt":"2020-11-19T12:40:55","guid":{"rendered":"https:\/\/www.blogsoestado.com\/danielmatos\/?p=80028"},"modified":"2020-11-19T09:40:55","modified_gmt":"2020-11-19T12:40:55","slug":"braide-mostra-a-forca-do-19-em-caminhada-na-rua-grande","status":"publish","type":"post","link":"https:\/\/www.blogsoestado.com\/danielmatos\/braide-mostra-a-forca-do-19-em-caminhada-na-rua-grande\/","title":{"rendered":"Braide mostra a for\u00e7a do 19 em caminhada na Rua Grande"},"content":{"rendered":"\n<div class=\"wp-block-image\"><figure class=\"aligncenter size-large\"><img decoding=\"async\" src=\"https:\/\/www.blogsoestado.com\/danielmatos\/files\/2020\/11\/Foto-1-Braide-mostra-a-for\u00e7a-do-19-em-caminhada-na-Rua-Grande-1024x683.jpg\" alt=\"\" class=\"wp-image-80029\"\/><figcaption>Braide, aliados e o povo em ato pol\u00edtico no Centro de S\u00e3o Lu\u00eds<\/figcaption><\/figure><\/div>\n\n\n\n<p>Milhares de pessoas caminharam na Rua Grande com o candidato a prefeito de S\u00e3o Lu\u00eds, Eduardo Braide (Podemos), em uma demonstra\u00e7\u00e3o clara da for\u00e7a da sua candidatura que tamb\u00e9m, nesta quarta-feira (18), recebeu apoios de lideran\u00e7as de diversas cores partid\u00e1rias. O centro comercial parou para acompanhar a movimenta\u00e7\u00e3o e quem fazia compras ou estava no trabalho deu um jeito de participar do ato.<\/p>\n\n\n\n<p>Com Braide estavam a sua esposa Graziela, a candidata a vice-prefeita, Professora Esm\u00eania, o deputado estadual Neto Evangelista (DEM), os vereadores Osmar Filho, presidente da C\u00e2mara e do diret\u00f3rio municipal do PDT; Dr. Gutemberg (PSC) e\u00a0Umbelino Junior (PRTB), ambos reeleitos, B\u00e1rbara Soeiro (PSC) e S\u00e1 Marques (Podemos), os vereadores eleitos Oct\u00e1vio Soeiro (Podemos) e Ribeiro Neto (PMN).<\/p>\n\n\n\n<div class=\"wp-block-image\"><figure class=\"aligncenter size-large\"><img decoding=\"async\" src=\"https:\/\/www.blogsoestado.com\/danielmatos\/files\/2020\/11\/Foto-2-Braide-mostra-a-for\u00e7a-do-19-em-caminhada-na-Rua-Grande-1024x683.jpg\" alt=\"\" class=\"wp-image-80030\"\/><figcaption>A presen\u00e7a do candidato a prefeito parou o Centro, literalmente<\/figcaption><\/figure><\/div>\n\n\n\n<p>\u201cAgrade\u00e7o a todos voc\u00eas que mais uma vez caminham comigo em S\u00e3o Lu\u00eds. Agrade\u00e7o ao Neto Evangelista, que hoje declarou apoio \u00e0 nossa candidatura. A todos que est\u00e3o no nosso time neste 2\u00ba turno, vereadores e vereadoras, e deputados estaduais\u201d, declarou Eduardo Braide, ao final da caminhada, j\u00e1 na Pra\u00e7a Jo\u00e3o Lisboa, lembrando tamb\u00e9m o apoio do deputado estadual Ygl\u00e9sio Moyses (Pros).<\/p>\n\n\n\n<p>Neto Evangelista reafirmou que Eduardo Braide \u00e9 a melhor op\u00e7\u00e3o para S\u00e3o Lu\u00eds. \u201cEsses 11 dias que faltam \u00e9 o momento de cada um de n\u00f3s fazermos o nosso dever de casa, de conversarmos um por um, fam\u00edlia, amigos, dizer que o destino da cidade est\u00e1 nas m\u00e3os de cada ludovicense. Viva Eduardo Braide! Viva o 19! E vamos \u00e0 vit\u00f3ria\u201d, enfatizou o deputado.<\/p>\n\n\n\n<p><strong>Lideran\u00e7as culturais e populares<\/strong><\/p>\n\n\n\n<div class=\"wp-block-image\"><figure class=\"aligncenter size-large\"><img decoding=\"async\" src=\"https:\/\/www.blogsoestado.com\/danielmatos\/files\/2020\/11\/Foto-3-Braide-mostra-a-for\u00e7a-do-19-em-caminhada-na-Rua-Grande-1024x683.jpg\" alt=\"\" class=\"wp-image-80031\"\/><figcaption>Eduardo Braide \u00e9 cumprimentado por cidad\u00e3o que participou espontaneamente da caminhada<\/figcaption><\/figure><\/div>\n\n\n\n<p>L\u00edderes da \u00e1rea cultural tamb\u00e9m participaram do ato declarando apoio a Braide. \u201cCaminhando com Braide, a gente mostra para quem ainda n\u00e3o est\u00e1 conscientizado que essa caminhada \u00e9 pelo nosso futuro, um futuro melhor, porque j\u00e1 chega da gente padecer, padecer e padecer. Braide \u00e9 o \u00fanico que tem propostas convincentes e reais para a nossa cultura\u201d, afirma Leila Naiva, do Boi de Axix\u00e1.<\/p>\n\n\n\n<p>Cileninha, do Boi de Sonhos, tamb\u00e9m refor\u00e7ou o coro em prol de Braide. \u201cA gente est\u00e1, infelizmente, h\u00e1 muito tempo sem valoriza\u00e7\u00e3o da nossa cultura. A gente acredita que Braide vai fazer a diferen\u00e7a, vai nos olhar com mais carinho, nos valorizar e, por isso, n\u00f3s estamos aqui para apoiar e levantar essa bandeira\u201d, afirmou a boieira.<\/p>\n\n\n\n<div class=\"wp-block-image\"><figure class=\"aligncenter size-large\"><img decoding=\"async\" src=\"https:\/\/www.blogsoestado.com\/danielmatos\/files\/2020\/11\/Foto-4-Braide-mostra-a-for\u00e7a-do-19-em-caminhada-na-Rua-Grande-1024x684.jpg\" alt=\"\" class=\"wp-image-80032\"\/><figcaption>Braide, seus aliados e a milit\u00e2ncia vibram com o sucesso da caminhada no Centro<\/figcaption><\/figure><\/div>\n\n\n\n<p>H\u00e1 10 anos trabalhando com venda de \u00e1gua e outros itens na Rua Grande, Ariane Silva fez quest\u00e3o de demonstrar que seu voto ser\u00e1 em Braide. \u201cGosto do trabalho dele e sempre estive com Braide, desde o tempo de deputado estadual\u201d, afirmou ela, segurando a bandeira do 19.<\/p>\n\n\n\n<p>Eliane Alves, que fazia compras com o marido Edilson, afirmou que tamb\u00e9m votar\u00e1 em Braide. \u201cAcredito que ele pode melhorar S\u00e3o Lu\u00eds e vou dar essa oportunidade para ele, que tem boas propostas\u201d, afirmou a dona de casa.<\/p>\n\n\n\n<div class=\"wp-block-image\"><figure class=\"aligncenter size-large\"><img decoding=\"async\" src=\"https:\/\/www.blogsoestado.com\/danielmatos\/files\/2020\/11\/Foto-5-Braide-mostra-a-for\u00e7a-do-19-em-caminhada-na-Rua-Grande-1024x684.jpg\" alt=\"\" class=\"wp-image-80033\"\/><figcaption>Braide retribui sauda\u00e7\u00e3o a populares que demonstraram apoio \u00e0 sua candidatura a prefeito<\/figcaption><\/figure><\/div>\n\n\n\n<p>\u201cVoto no Braide porque ele \u00e9 o cara da mudan\u00e7a em nossa S\u00e3o Lu\u00eds. Confio que ele vai trabalhar para melhorar a sa\u00fade e a educa\u00e7\u00e3o da cidade\u201d, assinalou a comerci\u00e1ria Samara Ferreira.<\/p>\n\n\n\n<p>Eduardo Braide, ao final do ato, fez uma convoca\u00e7\u00e3o aos apoiadores. \u201cConclamo todos voc\u00eas: vamos juntos, vamos dar as m\u00e3os e seguiremos conquistando mais pessoas para o nosso lado e, no domingo (29), bateremos no peito dizendo que a vit\u00f3ria n\u00e3o \u00e9 s\u00f3 nossa, mas de toda S\u00e3o Lu\u00eds\u201d, concluiu.<\/p>\n","protected":false},"excerpt":{"rendered":"<p>Milhares de pessoas caminharam na Rua Grande com o candidato a prefeito de S\u00e3o Lu\u00eds, Eduardo Braide (Podemos), em uma [&hellip;]<\/p>\n","protected":false},"author":0,"featured_media":0,"comment_status":"open","ping_status":"open","sticky":false,"template":"","format":"standard","meta":{"site-sidebar-layout":"default","site-content-layout":"","ast-site-content-layout":"default","site-content-style":"default","site-sidebar-style":"default","ast-global-header-display":"","ast-banner-title-visibility":"","ast-main-header-display":"","ast-hfb-above-header-display":"","ast-hfb-below-header-display":"","ast-hfb-mobile-header-display":"","site-post-title":"","ast-breadcrumbs-content":"","ast-featured-img":"","footer-sml-layout":"","ast-disable-related-posts":"","theme-transparent-header-meta":"","adv-header-id-meta":"","stick-header-meta":"","header-above-stick-meta":"","header-main-stick-meta":"","header-below-stick-meta":"","astra-migrate-meta-layouts":"default","ast-page-background-enabled":"default","ast-page-background-meta":{"desktop":{"background-color":"var(--ast-global-color-5)","background-image":"","background-repeat":"repeat","background-position":"center center","background-size":"auto","background-attachment":"scroll","background-type":"","background-media":"","overlay-type":"","overlay-color":"","overlay-opacity":"","overlay-gradient":""},"tablet":{"background-color":"","background-image":"","background-repeat":"repeat","background-position":"center center","background-size":"auto","background-attachment":"scroll","background-type":"","background-media":"","overlay-type":"","overlay-color":"","overlay-opacity":"","overlay-gradient":""},"mobile":{"background-color":"","background-image":"","background-repeat":"repeat","background-position":"center center","background-size":"auto","background-attachment":"scroll","background-type":"","background-media":"","overlay-type":"","overlay-color":"","overlay-opacity":"","overlay-gradient":""}},"ast-content-background-meta":{"desktop":{"background-color":"var(--ast-global-color-4)","background-image":"","background-repeat":"repeat","background-position":"center center","background-size":"auto","background-attachment":"scroll","background-type":"","background-media":"","overlay-type":"","overlay-color":"","overlay-opacity":"","overlay-gradient":""},"tablet":{"background-color":"var(--ast-global-color-4)","background-image":"","background-repeat":"repeat","background-position":"center center","background-size":"auto","background-attachment":"scroll","background-type":"","background-media":"","overlay-type":"","overlay-color":"","overlay-opacity":"","overlay-gradient":""},"mobile":{"background-color":"var(--ast-global-color-4)","background-image":"","background-repeat":"repeat","background-position":"center center","background-size":"auto","background-attachment":"scroll","background-type":"","background-media":"","overlay-type":"","overlay-color":"","overlay-opacity":"","overlay-gradient":""}},"footnotes":""},"categories":[1],"tags":[],"class_list":["post-80028","post","type-post","status-publish","format-standard","hentry","category-sem-categoria"],"yoast_head":"<!-- This site is optimized with the Yoast SEO plugin v26.6 - https:\/\/yoast.com\/wordpress\/plugins\/seo\/ -->\n<title>Braide mostra a for\u00e7a do 19 em caminhada na Rua Grande - Daniel Matos<\/title>\n<meta name=\"robots\" content=\"index, follow, max-snippet:-1, max-image-preview:large, max-video-preview:-1\" \/>\n<link rel=\"canonical\" href=\"https:\/\/www.blogsoestado.com\/danielmatos\/braide-mostra-a-forca-do-19-em-caminhada-na-rua-grande\/\" \/>\n<meta property=\"og:locale\" content=\"pt_BR\" \/>\n<meta property=\"og:type\" content=\"article\" \/>\n<meta property=\"og:title\" content=\"Braide mostra a for\u00e7a do 19 em caminhada na Rua Grande - Daniel Matos\" \/>\n<meta property=\"og:description\" content=\"Milhares de pessoas caminharam na Rua Grande com o candidato a prefeito de S\u00e3o Lu\u00eds, Eduardo Braide (Podemos), em uma [&hellip;]\" \/>\n<meta property=\"og:url\" content=\"https:\/\/www.blogsoestado.com\/danielmatos\/braide-mostra-a-forca-do-19-em-caminhada-na-rua-grande\/\" \/>\n<meta property=\"og:site_name\" content=\"Daniel Matos\" \/>\n<meta property=\"article:published_time\" content=\"2020-11-19T12:40:55+00:00\" \/>\n<meta name=\"twitter:card\" content=\"summary_large_image\" \/>\n<meta name=\"twitter:label1\" content=\"Est. tempo de leitura\" \/>\n\t<meta name=\"twitter:data1\" content=\"3 minutos\" \/>\n<script type=\"application\/ld+json\" class=\"yoast-schema-graph\">{\"@context\":\"https:\/\/schema.org\",\"@graph\":[{\"@type\":\"WebPage\",\"@id\":\"https:\/\/www.blogsoestado.com\/danielmatos\/braide-mostra-a-forca-do-19-em-caminhada-na-rua-grande\/\",\"url\":\"https:\/\/www.blogsoestado.com\/danielmatos\/braide-mostra-a-forca-do-19-em-caminhada-na-rua-grande\/\",\"name\":\"Braide mostra a for\u00e7a do 19 em caminhada na Rua Grande - Daniel Matos\",\"isPartOf\":{\"@id\":\"https:\/\/www.blogsoestado.com\/danielmatos\/#website\"},\"datePublished\":\"2020-11-19T12:40:55+00:00\",\"author\":{\"@id\":\"\"},\"breadcrumb\":{\"@id\":\"https:\/\/www.blogsoestado.com\/danielmatos\/braide-mostra-a-forca-do-19-em-caminhada-na-rua-grande\/#breadcrumb\"},\"inLanguage\":\"pt-BR\",\"potentialAction\":[{\"@type\":\"ReadAction\",\"target\":[\"https:\/\/www.blogsoestado.com\/danielmatos\/braide-mostra-a-forca-do-19-em-caminhada-na-rua-grande\/\"]}]},{\"@type\":\"BreadcrumbList\",\"@id\":\"https:\/\/www.blogsoestado.com\/danielmatos\/braide-mostra-a-forca-do-19-em-caminhada-na-rua-grande\/#breadcrumb\",\"itemListElement\":[{\"@type\":\"ListItem\",\"position\":1,\"name\":\"In\u00edcio\",\"item\":\"https:\/\/www.blogsoestado.com\/danielmatos\/\"},{\"@type\":\"ListItem\",\"position\":2,\"name\":\"Braide mostra a for\u00e7a do 19 em caminhada na Rua Grande\"}]},{\"@type\":\"WebSite\",\"@id\":\"https:\/\/www.blogsoestado.com\/danielmatos\/#website\",\"url\":\"https:\/\/www.blogsoestado.com\/danielmatos\/\",\"name\":\"Daniel Matos\",\"description\":\"\",\"potentialAction\":[{\"@type\":\"SearchAction\",\"target\":{\"@type\":\"EntryPoint\",\"urlTemplate\":\"https:\/\/www.blogsoestado.com\/danielmatos\/?s={search_term_string}\"},\"query-input\":{\"@type\":\"PropertyValueSpecification\",\"valueRequired\":true,\"valueName\":\"search_term_string\"}}],\"inLanguage\":\"pt-BR\"}]}<\/script>\n<!-- \/ Yoast SEO plugin. -->","yoast_head_json":{"title":"Braide mostra a for\u00e7a do 19 em caminhada na Rua Grande - Daniel Matos","robots":{"index":"index","follow":"follow","max-snippet":"max-snippet:-1","max-image-preview":"max-image-preview:large","max-video-preview":"max-video-preview:-1"},"canonical":"https:\/\/www.blogsoestado.com\/danielmatos\/braide-mostra-a-forca-do-19-em-caminhada-na-rua-grande\/","og_locale":"pt_BR","og_type":"article","og_title":"Braide mostra a for\u00e7a do 19 em caminhada na Rua Grande - Daniel Matos","og_description":"Milhares de pessoas caminharam na Rua Grande com o candidato a prefeito de S\u00e3o Lu\u00eds, Eduardo Braide (Podemos), em uma [&hellip;]","og_url":"https:\/\/www.blogsoestado.com\/danielmatos\/braide-mostra-a-forca-do-19-em-caminhada-na-rua-grande\/","og_site_name":"Daniel Matos","article_published_time":"2020-11-19T12:40:55+00:00","twitter_card":"summary_large_image","twitter_misc":{"Est. tempo de leitura":"3 minutos"},"schema":{"@context":"https:\/\/schema.org","@graph":[{"@type":"WebPage","@id":"https:\/\/www.blogsoestado.com\/danielmatos\/braide-mostra-a-forca-do-19-em-caminhada-na-rua-grande\/","url":"https:\/\/www.blogsoestado.com\/danielmatos\/braide-mostra-a-forca-do-19-em-caminhada-na-rua-grande\/","name":"Braide mostra a for\u00e7a do 19 em caminhada na Rua Grande - Daniel Matos","isPartOf":{"@id":"https:\/\/www.blogsoestado.com\/danielmatos\/#website"},"datePublished":"2020-11-19T12:40:55+00:00","author":{"@id":""},"breadcrumb":{"@id":"https:\/\/www.blogsoestado.com\/danielmatos\/braide-mostra-a-forca-do-19-em-caminhada-na-rua-grande\/#breadcrumb"},"inLanguage":"pt-BR","potentialAction":[{"@type":"ReadAction","target":["https:\/\/www.blogsoestado.com\/danielmatos\/braide-mostra-a-forca-do-19-em-caminhada-na-rua-grande\/"]}]},{"@type":"BreadcrumbList","@id":"https:\/\/www.blogsoestado.com\/danielmatos\/braide-mostra-a-forca-do-19-em-caminhada-na-rua-grande\/#breadcrumb","itemListElement":[{"@type":"ListItem","position":1,"name":"In\u00edcio","item":"https:\/\/www.blogsoestado.com\/danielmatos\/"},{"@type":"ListItem","position":2,"name":"Braide mostra a for\u00e7a do 19 em caminhada na Rua Grande"}]},{"@type":"WebSite","@id":"https:\/\/www.blogsoestado.com\/danielmatos\/#website","url":"https:\/\/www.blogsoestado.com\/danielmatos\/","name":"Daniel Matos","description":"","potentialAction":[{"@type":"SearchAction","target":{"@type":"EntryPoint","urlTemplate":"https:\/\/www.blogsoestado.com\/danielmatos\/?s={search_term_string}"},"query-input":{"@type":"PropertyValueSpecification","valueRequired":true,"valueName":"search_term_string"}}],"inLanguage":"pt-BR"}]}},"jetpack_featured_media_url":"","_links":{"self":[{"href":"https:\/\/www.blogsoestado.com\/danielmatos\/wp-json\/wp\/v2\/posts\/80028","targetHints":{"allow":["GET"]}}],"collection":[{"href":"https:\/\/www.blogsoestado.com\/danielmatos\/wp-json\/wp\/v2\/posts"}],"about":[{"href":"https:\/\/www.blogsoestado.com\/danielmatos\/wp-json\/wp\/v2\/types\/post"}],"replies":[{"embeddable":true,"href":"https:\/\/www.blogsoestado.com\/danielmatos\/wp-json\/wp\/v2\/comments?post=80028"}],"version-history":[{"count":0,"href":"https:\/\/www.blogsoestado.com\/danielmatos\/wp-json\/wp\/v2\/posts\/80028\/revisions"}],"wp:attachment":[{"href":"https:\/\/www.blogsoestado.com\/danielmatos\/wp-json\/wp\/v2\/media?parent=80028"}],"wp:term":[{"taxonomy":"category","embeddable":true,"href":"https:\/\/www.blogsoestado.com\/danielmatos\/wp-json\/wp\/v2\/categories?post=80028"},{"taxonomy":"post_tag","embeddable":true,"href":"https:\/\/www.blogsoestado.com\/danielmatos\/wp-json\/wp\/v2\/tags?post=80028"}],"curies":[{"name":"wp","href":"https:\/\/api.w.org\/{rel}","templated":true}]}}