{"id":80047,"date":"2020-11-19T19:10:17","date_gmt":"2020-11-19T22:10:17","guid":{"rendered":"https:\/\/www.blogsoestado.com\/danielmatos\/?p=80047"},"modified":"2020-11-19T19:10:17","modified_gmt":"2020-11-19T22:10:17","slug":"flavio-dino-quebra-silencio-apos-ser-desmoralizado-com-apoio-do-pdt-a-braide-no-2-turno","status":"publish","type":"post","link":"https:\/\/www.blogsoestado.com\/danielmatos\/flavio-dino-quebra-silencio-apos-ser-desmoralizado-com-apoio-do-pdt-a-braide-no-2-turno\/","title":{"rendered":"Fl\u00e1vio Dino quebra sil\u00eancio ap\u00f3s ser desmoralizado com apoio do PDT a Braide no 2\u00b0 turno"},"content":{"rendered":"\n<div class=\"wp-block-image\"><figure class=\"aligncenter size-large\"><img decoding=\"async\" src=\"https:\/\/www.blogsoestado.com\/danielmatos\/files\/2020\/11\/Screenshot_20201119-1908542.png\" alt=\"\" class=\"wp-image-80048\"\/><figcaption>Apoio de Rubens Jr. e Bira do Pindar\u00e9 a Duarte Jr. no 2\u00b0 turno foi exaltado por Fl\u00e1vio Dino<\/figcaption><\/figure><\/div>\n\n\n\n<p>Mais de 24 horas depois de ter sido desmoralizado pela declara\u00e7\u00e3o de apoio do deputado estadual e ex-secret\u00e1rio do seu governo Neto Evangelista e do PDT municipal ao candidato Eduardo Braide (Podemos) no 2\u00b0 turno da elei\u00e7\u00e3o de prefeito de S\u00e3o Lu\u00eds, Fl\u00e1vio Dino (PCdoB) finalmente quebrou o sil\u00eancio. Mas quem esperava uma rea\u00e7\u00e3o contundente do comunista ao que muitos est\u00e3o chamando de trairagem se decepcionou.<\/p>\n\n\n\n<p>Em postagem em seus perfis nas m\u00eddias sociais, na tarde desta quinta-feira (19), ap\u00f3s longos dois dias sem fazer qualquer men\u00e7\u00e3o nas redes \u00e0 pol\u00edtica partid\u00e1ria, o governador se limitou a apresentar os apoiadores de Duarte Jr. (Republicanos), seu candidato no embate final nas urnas, marcado para o dia 29 deste m\u00eas.<\/p>\n\n\n\n<p>Ao destacar as virtudes dos deputados federais Rubens Jr. (PCdoB) e Bira do Pindar\u00e9, Fl\u00e1vio Dino ressaltou que ambos mostraram lideran\u00e7a em S\u00e3o Lu\u00eds no 1\u00b0 turno.<\/p>\n\n\n\n<p>E, como n\u00e3o poderia ser diferente, o comunista recorreu \u00e0 ironia para manifestar, mesmo que sutilmente, o seu inconformismo com o rumo tomado pelo mais bem votado integrante do seu cons\u00f3rcio de candidatos, no \u00faltimo dia 15. &#8220;Campo progressista muito bem representado por eles&#8221;, escreveu Dino, referindo-se \u00e0s duas \u00fanicas ades\u00f5es que sobraram para Duarte Jr.<\/p>\n\n\n\n<p>Como se os aliados de outrora que aderiram ao palanque de Braide n\u00e3o fizessem falta ao seu projeto de poder na capital.<\/p>\n","protected":false},"excerpt":{"rendered":"<p>Mais de 24 horas depois de ter sido desmoralizado pela declara\u00e7\u00e3o de apoio do deputado estadual e ex-secret\u00e1rio do seu [&hellip;]<\/p>\n","protected":false},"author":0,"featured_media":0,"comment_status":"open","ping_status":"open","sticky":false,"template":"","format":"standard","meta":{"site-sidebar-layout":"default","site-content-layout":"","ast-site-content-layout":"default","site-content-style":"default","site-sidebar-style":"default","ast-global-header-display":"","ast-banner-title-visibility":"","ast-main-header-display":"","ast-hfb-above-header-display":"","ast-hfb-below-header-display":"","ast-hfb-mobile-header-display":"","site-post-title":"","ast-breadcrumbs-content":"","ast-featured-img":"","footer-sml-layout":"","ast-disable-related-posts":"","theme-transparent-header-meta":"","adv-header-id-meta":"","stick-header-meta":"","header-above-stick-meta":"","header-main-stick-meta":"","header-below-stick-meta":"","astra-migrate-meta-layouts":"default","ast-page-background-enabled":"default","ast-page-background-meta":{"desktop":{"background-color":"var(--ast-global-color-5)","background-image":"","background-repeat":"repeat","background-position":"center center","background-size":"auto","background-attachment":"scroll","background-type":"","background-media":"","overlay-type":"","overlay-color":"","overlay-opacity":"","overlay-gradient":""},"tablet":{"background-color":"","background-image":"","background-repeat":"repeat","background-position":"center center","background-size":"auto","background-attachment":"scroll","background-type":"","background-media":"","overlay-type":"","overlay-color":"","overlay-opacity":"","overlay-gradient":""},"mobile":{"background-color":"","background-image":"","background-repeat":"repeat","background-position":"center center","background-size":"auto","background-attachment":"scroll","background-type":"","background-media":"","overlay-type":"","overlay-color":"","overlay-opacity":"","overlay-gradient":""}},"ast-content-background-meta":{"desktop":{"background-color":"var(--ast-global-color-4)","background-image":"","background-repeat":"repeat","background-position":"center center","background-size":"auto","background-attachment":"scroll","background-type":"","background-media":"","overlay-type":"","overlay-color":"","overlay-opacity":"","overlay-gradient":""},"tablet":{"background-color":"var(--ast-global-color-4)","background-image":"","background-repeat":"repeat","background-position":"center center","background-size":"auto","background-attachment":"scroll","background-type":"","background-media":"","overlay-type":"","overlay-color":"","overlay-opacity":"","overlay-gradient":""},"mobile":{"background-color":"var(--ast-global-color-4)","background-image":"","background-repeat":"repeat","background-position":"center center","background-size":"auto","background-attachment":"scroll","background-type":"","background-media":"","overlay-type":"","overlay-color":"","overlay-opacity":"","overlay-gradient":""}},"footnotes":""},"categories":[1],"tags":[],"class_list":["post-80047","post","type-post","status-publish","format-standard","hentry","category-sem-categoria"],"yoast_head":"<!-- This site is optimized with the Yoast SEO plugin v26.6 - https:\/\/yoast.com\/wordpress\/plugins\/seo\/ -->\n<title>Fl\u00e1vio Dino quebra sil\u00eancio ap\u00f3s ser desmoralizado com apoio do PDT a Braide no 2\u00b0 turno - Daniel Matos<\/title>\n<meta name=\"robots\" content=\"index, follow, max-snippet:-1, max-image-preview:large, max-video-preview:-1\" \/>\n<link rel=\"canonical\" href=\"https:\/\/www.blogsoestado.com\/danielmatos\/flavio-dino-quebra-silencio-apos-ser-desmoralizado-com-apoio-do-pdt-a-braide-no-2-turno\/\" \/>\n<meta property=\"og:locale\" content=\"pt_BR\" \/>\n<meta property=\"og:type\" content=\"article\" \/>\n<meta property=\"og:title\" content=\"Fl\u00e1vio Dino quebra sil\u00eancio ap\u00f3s ser desmoralizado com apoio do PDT a Braide no 2\u00b0 turno - Daniel Matos\" \/>\n<meta property=\"og:description\" content=\"Mais de 24 horas depois de ter sido desmoralizado pela declara\u00e7\u00e3o de apoio do deputado estadual e ex-secret\u00e1rio do seu [&hellip;]\" \/>\n<meta property=\"og:url\" content=\"https:\/\/www.blogsoestado.com\/danielmatos\/flavio-dino-quebra-silencio-apos-ser-desmoralizado-com-apoio-do-pdt-a-braide-no-2-turno\/\" \/>\n<meta property=\"og:site_name\" content=\"Daniel Matos\" \/>\n<meta property=\"article:published_time\" content=\"2020-11-19T22:10:17+00:00\" \/>\n<meta property=\"og:image\" content=\"https:\/\/www.blogsoestado.com\/danielmatos\/files\/2020\/11\/Screenshot_20201119-1908542.png\" \/>\n<meta name=\"twitter:card\" content=\"summary_large_image\" \/>\n<meta name=\"twitter:label1\" content=\"Est. tempo de leitura\" \/>\n\t<meta name=\"twitter:data1\" content=\"1 minuto\" \/>\n<script type=\"application\/ld+json\" class=\"yoast-schema-graph\">{\"@context\":\"https:\/\/schema.org\",\"@graph\":[{\"@type\":\"WebPage\",\"@id\":\"https:\/\/www.blogsoestado.com\/danielmatos\/flavio-dino-quebra-silencio-apos-ser-desmoralizado-com-apoio-do-pdt-a-braide-no-2-turno\/\",\"url\":\"https:\/\/www.blogsoestado.com\/danielmatos\/flavio-dino-quebra-silencio-apos-ser-desmoralizado-com-apoio-do-pdt-a-braide-no-2-turno\/\",\"name\":\"Fl\u00e1vio Dino quebra sil\u00eancio ap\u00f3s ser desmoralizado com apoio do PDT a Braide no 2\u00b0 turno - Daniel Matos\",\"isPartOf\":{\"@id\":\"https:\/\/www.blogsoestado.com\/danielmatos\/#website\"},\"primaryImageOfPage\":{\"@id\":\"https:\/\/www.blogsoestado.com\/danielmatos\/flavio-dino-quebra-silencio-apos-ser-desmoralizado-com-apoio-do-pdt-a-braide-no-2-turno\/#primaryimage\"},\"image\":{\"@id\":\"https:\/\/www.blogsoestado.com\/danielmatos\/flavio-dino-quebra-silencio-apos-ser-desmoralizado-com-apoio-do-pdt-a-braide-no-2-turno\/#primaryimage\"},\"thumbnailUrl\":\"https:\/\/www.blogsoestado.com\/danielmatos\/files\/2020\/11\/Screenshot_20201119-1908542.png\",\"datePublished\":\"2020-11-19T22:10:17+00:00\",\"author\":{\"@id\":\"\"},\"breadcrumb\":{\"@id\":\"https:\/\/www.blogsoestado.com\/danielmatos\/flavio-dino-quebra-silencio-apos-ser-desmoralizado-com-apoio-do-pdt-a-braide-no-2-turno\/#breadcrumb\"},\"inLanguage\":\"pt-BR\",\"potentialAction\":[{\"@type\":\"ReadAction\",\"target\":[\"https:\/\/www.blogsoestado.com\/danielmatos\/flavio-dino-quebra-silencio-apos-ser-desmoralizado-com-apoio-do-pdt-a-braide-no-2-turno\/\"]}]},{\"@type\":\"ImageObject\",\"inLanguage\":\"pt-BR\",\"@id\":\"https:\/\/www.blogsoestado.com\/danielmatos\/flavio-dino-quebra-silencio-apos-ser-desmoralizado-com-apoio-do-pdt-a-braide-no-2-turno\/#primaryimage\",\"url\":\"https:\/\/www.blogsoestado.com\/danielmatos\/files\/2020\/11\/Screenshot_20201119-1908542.png\",\"contentUrl\":\"https:\/\/www.blogsoestado.com\/danielmatos\/files\/2020\/11\/Screenshot_20201119-1908542.png\"},{\"@type\":\"BreadcrumbList\",\"@id\":\"https:\/\/www.blogsoestado.com\/danielmatos\/flavio-dino-quebra-silencio-apos-ser-desmoralizado-com-apoio-do-pdt-a-braide-no-2-turno\/#breadcrumb\",\"itemListElement\":[{\"@type\":\"ListItem\",\"position\":1,\"name\":\"In\u00edcio\",\"item\":\"https:\/\/www.blogsoestado.com\/danielmatos\/\"},{\"@type\":\"ListItem\",\"position\":2,\"name\":\"Fl\u00e1vio Dino quebra sil\u00eancio ap\u00f3s ser desmoralizado com apoio do PDT a Braide no 2\u00b0 turno\"}]},{\"@type\":\"WebSite\",\"@id\":\"https:\/\/www.blogsoestado.com\/danielmatos\/#website\",\"url\":\"https:\/\/www.blogsoestado.com\/danielmatos\/\",\"name\":\"Daniel Matos\",\"description\":\"\",\"potentialAction\":[{\"@type\":\"SearchAction\",\"target\":{\"@type\":\"EntryPoint\",\"urlTemplate\":\"https:\/\/www.blogsoestado.com\/danielmatos\/?s={search_term_string}\"},\"query-input\":{\"@type\":\"PropertyValueSpecification\",\"valueRequired\":true,\"valueName\":\"search_term_string\"}}],\"inLanguage\":\"pt-BR\"}]}<\/script>\n<!-- \/ Yoast SEO plugin. -->","yoast_head_json":{"title":"Fl\u00e1vio Dino quebra sil\u00eancio ap\u00f3s ser desmoralizado com apoio do PDT a Braide no 2\u00b0 turno - Daniel Matos","robots":{"index":"index","follow":"follow","max-snippet":"max-snippet:-1","max-image-preview":"max-image-preview:large","max-video-preview":"max-video-preview:-1"},"canonical":"https:\/\/www.blogsoestado.com\/danielmatos\/flavio-dino-quebra-silencio-apos-ser-desmoralizado-com-apoio-do-pdt-a-braide-no-2-turno\/","og_locale":"pt_BR","og_type":"article","og_title":"Fl\u00e1vio Dino quebra sil\u00eancio ap\u00f3s ser desmoralizado com apoio do PDT a Braide no 2\u00b0 turno - Daniel Matos","og_description":"Mais de 24 horas depois de ter sido desmoralizado pela declara\u00e7\u00e3o de apoio do deputado estadual e ex-secret\u00e1rio do seu [&hellip;]","og_url":"https:\/\/www.blogsoestado.com\/danielmatos\/flavio-dino-quebra-silencio-apos-ser-desmoralizado-com-apoio-do-pdt-a-braide-no-2-turno\/","og_site_name":"Daniel Matos","article_published_time":"2020-11-19T22:10:17+00:00","og_image":[{"url":"https:\/\/www.blogsoestado.com\/danielmatos\/files\/2020\/11\/Screenshot_20201119-1908542.png","type":"","width":"","height":""}],"twitter_card":"summary_large_image","twitter_misc":{"Est. tempo de leitura":"1 minuto"},"schema":{"@context":"https:\/\/schema.org","@graph":[{"@type":"WebPage","@id":"https:\/\/www.blogsoestado.com\/danielmatos\/flavio-dino-quebra-silencio-apos-ser-desmoralizado-com-apoio-do-pdt-a-braide-no-2-turno\/","url":"https:\/\/www.blogsoestado.com\/danielmatos\/flavio-dino-quebra-silencio-apos-ser-desmoralizado-com-apoio-do-pdt-a-braide-no-2-turno\/","name":"Fl\u00e1vio Dino quebra sil\u00eancio ap\u00f3s ser desmoralizado com apoio do PDT a Braide no 2\u00b0 turno - Daniel Matos","isPartOf":{"@id":"https:\/\/www.blogsoestado.com\/danielmatos\/#website"},"primaryImageOfPage":{"@id":"https:\/\/www.blogsoestado.com\/danielmatos\/flavio-dino-quebra-silencio-apos-ser-desmoralizado-com-apoio-do-pdt-a-braide-no-2-turno\/#primaryimage"},"image":{"@id":"https:\/\/www.blogsoestado.com\/danielmatos\/flavio-dino-quebra-silencio-apos-ser-desmoralizado-com-apoio-do-pdt-a-braide-no-2-turno\/#primaryimage"},"thumbnailUrl":"https:\/\/www.blogsoestado.com\/danielmatos\/files\/2020\/11\/Screenshot_20201119-1908542.png","datePublished":"2020-11-19T22:10:17+00:00","author":{"@id":""},"breadcrumb":{"@id":"https:\/\/www.blogsoestado.com\/danielmatos\/flavio-dino-quebra-silencio-apos-ser-desmoralizado-com-apoio-do-pdt-a-braide-no-2-turno\/#breadcrumb"},"inLanguage":"pt-BR","potentialAction":[{"@type":"ReadAction","target":["https:\/\/www.blogsoestado.com\/danielmatos\/flavio-dino-quebra-silencio-apos-ser-desmoralizado-com-apoio-do-pdt-a-braide-no-2-turno\/"]}]},{"@type":"ImageObject","inLanguage":"pt-BR","@id":"https:\/\/www.blogsoestado.com\/danielmatos\/flavio-dino-quebra-silencio-apos-ser-desmoralizado-com-apoio-do-pdt-a-braide-no-2-turno\/#primaryimage","url":"https:\/\/www.blogsoestado.com\/danielmatos\/files\/2020\/11\/Screenshot_20201119-1908542.png","contentUrl":"https:\/\/www.blogsoestado.com\/danielmatos\/files\/2020\/11\/Screenshot_20201119-1908542.png"},{"@type":"BreadcrumbList","@id":"https:\/\/www.blogsoestado.com\/danielmatos\/flavio-dino-quebra-silencio-apos-ser-desmoralizado-com-apoio-do-pdt-a-braide-no-2-turno\/#breadcrumb","itemListElement":[{"@type":"ListItem","position":1,"name":"In\u00edcio","item":"https:\/\/www.blogsoestado.com\/danielmatos\/"},{"@type":"ListItem","position":2,"name":"Fl\u00e1vio Dino quebra sil\u00eancio ap\u00f3s ser desmoralizado com apoio do PDT a Braide no 2\u00b0 turno"}]},{"@type":"WebSite","@id":"https:\/\/www.blogsoestado.com\/danielmatos\/#website","url":"https:\/\/www.blogsoestado.com\/danielmatos\/","name":"Daniel Matos","description":"","potentialAction":[{"@type":"SearchAction","target":{"@type":"EntryPoint","urlTemplate":"https:\/\/www.blogsoestado.com\/danielmatos\/?s={search_term_string}"},"query-input":{"@type":"PropertyValueSpecification","valueRequired":true,"valueName":"search_term_string"}}],"inLanguage":"pt-BR"}]}},"jetpack_featured_media_url":"","_links":{"self":[{"href":"https:\/\/www.blogsoestado.com\/danielmatos\/wp-json\/wp\/v2\/posts\/80047","targetHints":{"allow":["GET"]}}],"collection":[{"href":"https:\/\/www.blogsoestado.com\/danielmatos\/wp-json\/wp\/v2\/posts"}],"about":[{"href":"https:\/\/www.blogsoestado.com\/danielmatos\/wp-json\/wp\/v2\/types\/post"}],"replies":[{"embeddable":true,"href":"https:\/\/www.blogsoestado.com\/danielmatos\/wp-json\/wp\/v2\/comments?post=80047"}],"version-history":[{"count":0,"href":"https:\/\/www.blogsoestado.com\/danielmatos\/wp-json\/wp\/v2\/posts\/80047\/revisions"}],"wp:attachment":[{"href":"https:\/\/www.blogsoestado.com\/danielmatos\/wp-json\/wp\/v2\/media?parent=80047"}],"wp:term":[{"taxonomy":"category","embeddable":true,"href":"https:\/\/www.blogsoestado.com\/danielmatos\/wp-json\/wp\/v2\/categories?post=80047"},{"taxonomy":"post_tag","embeddable":true,"href":"https:\/\/www.blogsoestado.com\/danielmatos\/wp-json\/wp\/v2\/tags?post=80047"}],"curies":[{"name":"wp","href":"https:\/\/api.w.org\/{rel}","templated":true}]}}