{"id":80060,"date":"2020-11-20T10:57:08","date_gmt":"2020-11-20T13:57:08","guid":{"rendered":"https:\/\/www.blogsoestado.com\/danielmatos\/?p=80060"},"modified":"2020-11-20T10:57:08","modified_gmt":"2020-11-20T13:57:08","slug":"projeto-de-lei-que-institui-a-semana-municipal-da-consciencia-negra-em-sao-luis-e-de-autoria-do-vereador-cezar-bombeiro","status":"publish","type":"post","link":"https:\/\/www.blogsoestado.com\/danielmatos\/projeto-de-lei-que-institui-a-semana-municipal-da-consciencia-negra-em-sao-luis-e-de-autoria-do-vereador-cezar-bombeiro\/","title":{"rendered":"Projeto de lei que institui a Semana Municipal da Consci\u00eancia Negra em S\u00e3o Lu\u00eds \u00e9 de autoria do vereador C\u00e9zar Bombeiro"},"content":{"rendered":"\n<div class=\"wp-block-image\"><figure class=\"aligncenter size-large\"><img decoding=\"async\" src=\"https:\/\/www.blogsoestado.com\/danielmatos\/files\/2020\/11\/bobeiro.jpeg\" alt=\"\" class=\"wp-image-80061\"\/><figcaption>C\u00e9zar Bombeiro cita a cria\u00e7\u00e3o da Semana Municipal da Consci\u00eancia Negra como uma das conquistas importantes do seu mandato<\/figcaption><\/figure><\/div>\n\n\n\n<p>O projeto de lei n\u00b0 301\/2019, que instituiu a semana municipal da Consci\u00eancia Negra, que ser\u00e1 comemorado anualmente, na semana que compreender todo dia 20 de novembro, no munic\u00edpio de S\u00e3o Lu\u00eds, e aprovado por unanimidade na c\u00e2mara de S\u00e3o Lu\u00eds \u00e9 de autoria do vereador do Cezar Bombeiro. A semana municipal da Consci\u00eancia Negra ser\u00e1 comemorada nas unidades municipal de ensino p\u00fablico com atividades destinadas a resgatar a import\u00e2ncia social, hist\u00f3rica e cultural do negro na forma\u00e7\u00e3o do Brasil contempor\u00e2neo.<\/p>\n\n\n\n<p>O Dia da Consci\u00eancia Negra \u00e9 celebrado anualmente em 20 de novembro. Em 2011, foi institu\u00eddo por meio da lei 12.519, o Dia Nacional de Zumbi e da Consci\u00eancia Negra como s\u00edmbolo da morte de Zumbi dos Palmares, um escravo que foi l\u00edder do quilombo, representando a luta do negro contra a escravid\u00e3o que assolava o pa\u00eds at\u00e9 o final do s\u00e9culo XIX. O vereador Cezar Bombeiro relembra e cita a frase c\u00e9lebre do abolicionista Lu\u00eds Gama.<\/p>\n\n\n\n<div class=\"wp-block-image\"><figure class=\"aligncenter size-large\"><img decoding=\"async\" src=\"https:\/\/www.blogsoestado.com\/danielmatos\/files\/2020\/11\/bimgo.jpeg\" alt=\"\" class=\"wp-image-80062\"\/><figcaption>Texto do projeto de lei, aprovado por unanimidade pela C\u00e2mara Municipal<\/figcaption><\/figure><\/div>\n\n\n\n<p>\u201cEm n\u00f3s, at\u00e9 a cor \u00e9 um defeito. Um imperdo\u00e1vel mal de nascen\u00e7a, o estigma de um crime. Mas nossos cr\u00edticos se esquecem que essa cor \u00e9 a origem da riqueza de milhares de ladr\u00f5es que nos insultam; que essa cor convencional da escravid\u00e3o t\u00e3o semelhante \u00e0 da terra, abriga sob sua superf\u00edcie escura, vulc\u00f5es, onde arde o fogo sagrado da liberdade\u201d. <\/p>\n\n\n\n<p>\u201cDigo a todos que n\u00f3s tivemos v\u00e1rias conquistas importantes ao longo do tempo. Celebrar o Dia da Consci\u00eancia Negra \u00e9 relembrar pessoas como Zumbi dos Palmares, que \u00e9 o nosso grande her\u00f3i. N\u00e3o existe essa conversa de consci\u00eancia humana, tem que existir \u00e9 consci\u00eancia negra mesmo. N\u00e3o tenho d\u00favida de que o problema da exclus\u00e3o, do racismo e da escravid\u00e3o n\u00e3o \u00e9 um problema dos negros, mas da sociedade&#8221;, afirmou C\u00e9zar Bombeiro.<\/p>\n","protected":false},"excerpt":{"rendered":"<p>O projeto de lei n\u00b0 301\/2019, que instituiu a semana municipal da Consci\u00eancia Negra, que ser\u00e1 comemorado anualmente, na semana [&hellip;]<\/p>\n","protected":false},"author":0,"featured_media":0,"comment_status":"open","ping_status":"open","sticky":false,"template":"","format":"standard","meta":{"site-sidebar-layout":"default","site-content-layout":"","ast-site-content-layout":"default","site-content-style":"default","site-sidebar-style":"default","ast-global-header-display":"","ast-banner-title-visibility":"","ast-main-header-display":"","ast-hfb-above-header-display":"","ast-hfb-below-header-display":"","ast-hfb-mobile-header-display":"","site-post-title":"","ast-breadcrumbs-content":"","ast-featured-img":"","footer-sml-layout":"","ast-disable-related-posts":"","theme-transparent-header-meta":"","adv-header-id-meta":"","stick-header-meta":"","header-above-stick-meta":"","header-main-stick-meta":"","header-below-stick-meta":"","astra-migrate-meta-layouts":"default","ast-page-background-enabled":"default","ast-page-background-meta":{"desktop":{"background-color":"var(--ast-global-color-5)","background-image":"","background-repeat":"repeat","background-position":"center center","background-size":"auto","background-attachment":"scroll","background-type":"","background-media":"","overlay-type":"","overlay-color":"","overlay-opacity":"","overlay-gradient":""},"tablet":{"background-color":"","background-image":"","background-repeat":"repeat","background-position":"center center","background-size":"auto","background-attachment":"scroll","background-type":"","background-media":"","overlay-type":"","overlay-color":"","overlay-opacity":"","overlay-gradient":""},"mobile":{"background-color":"","background-image":"","background-repeat":"repeat","background-position":"center center","background-size":"auto","background-attachment":"scroll","background-type":"","background-media":"","overlay-type":"","overlay-color":"","overlay-opacity":"","overlay-gradient":""}},"ast-content-background-meta":{"desktop":{"background-color":"var(--ast-global-color-4)","background-image":"","background-repeat":"repeat","background-position":"center center","background-size":"auto","background-attachment":"scroll","background-type":"","background-media":"","overlay-type":"","overlay-color":"","overlay-opacity":"","overlay-gradient":""},"tablet":{"background-color":"var(--ast-global-color-4)","background-image":"","background-repeat":"repeat","background-position":"center center","background-size":"auto","background-attachment":"scroll","background-type":"","background-media":"","overlay-type":"","overlay-color":"","overlay-opacity":"","overlay-gradient":""},"mobile":{"background-color":"var(--ast-global-color-4)","background-image":"","background-repeat":"repeat","background-position":"center center","background-size":"auto","background-attachment":"scroll","background-type":"","background-media":"","overlay-type":"","overlay-color":"","overlay-opacity":"","overlay-gradient":""}},"footnotes":""},"categories":[1],"tags":[],"class_list":["post-80060","post","type-post","status-publish","format-standard","hentry","category-sem-categoria"],"yoast_head":"<!-- This site is optimized with the Yoast SEO plugin v26.6 - https:\/\/yoast.com\/wordpress\/plugins\/seo\/ -->\n<title>Projeto de lei que institui a Semana Municipal da Consci\u00eancia Negra em S\u00e3o Lu\u00eds \u00e9 de autoria do vereador C\u00e9zar Bombeiro - Daniel Matos<\/title>\n<meta name=\"robots\" content=\"index, follow, max-snippet:-1, max-image-preview:large, max-video-preview:-1\" \/>\n<link rel=\"canonical\" href=\"https:\/\/www.blogsoestado.com\/danielmatos\/projeto-de-lei-que-institui-a-semana-municipal-da-consciencia-negra-em-sao-luis-e-de-autoria-do-vereador-cezar-bombeiro\/\" \/>\n<meta property=\"og:locale\" content=\"pt_BR\" \/>\n<meta property=\"og:type\" content=\"article\" \/>\n<meta property=\"og:title\" content=\"Projeto de lei que institui a Semana Municipal da Consci\u00eancia Negra em S\u00e3o Lu\u00eds \u00e9 de autoria do vereador C\u00e9zar Bombeiro - Daniel Matos\" \/>\n<meta property=\"og:description\" content=\"O projeto de lei n\u00b0 301\/2019, que instituiu a semana municipal da Consci\u00eancia Negra, que ser\u00e1 comemorado anualmente, na semana [&hellip;]\" \/>\n<meta property=\"og:url\" content=\"https:\/\/www.blogsoestado.com\/danielmatos\/projeto-de-lei-que-institui-a-semana-municipal-da-consciencia-negra-em-sao-luis-e-de-autoria-do-vereador-cezar-bombeiro\/\" \/>\n<meta property=\"og:site_name\" content=\"Daniel Matos\" \/>\n<meta property=\"article:published_time\" content=\"2020-11-20T13:57:08+00:00\" \/>\n<meta property=\"og:image\" content=\"https:\/\/www.blogsoestado.com\/danielmatos\/files\/2020\/11\/bobeiro.jpeg\" \/>\n<meta name=\"twitter:card\" content=\"summary_large_image\" \/>\n<meta name=\"twitter:label1\" content=\"Est. tempo de leitura\" \/>\n\t<meta name=\"twitter:data1\" content=\"2 minutos\" \/>\n<script type=\"application\/ld+json\" class=\"yoast-schema-graph\">{\"@context\":\"https:\/\/schema.org\",\"@graph\":[{\"@type\":\"WebPage\",\"@id\":\"https:\/\/www.blogsoestado.com\/danielmatos\/projeto-de-lei-que-institui-a-semana-municipal-da-consciencia-negra-em-sao-luis-e-de-autoria-do-vereador-cezar-bombeiro\/\",\"url\":\"https:\/\/www.blogsoestado.com\/danielmatos\/projeto-de-lei-que-institui-a-semana-municipal-da-consciencia-negra-em-sao-luis-e-de-autoria-do-vereador-cezar-bombeiro\/\",\"name\":\"Projeto de lei que institui a Semana Municipal da Consci\u00eancia Negra em S\u00e3o Lu\u00eds \u00e9 de autoria do vereador C\u00e9zar Bombeiro - Daniel Matos\",\"isPartOf\":{\"@id\":\"https:\/\/www.blogsoestado.com\/danielmatos\/#website\"},\"primaryImageOfPage\":{\"@id\":\"https:\/\/www.blogsoestado.com\/danielmatos\/projeto-de-lei-que-institui-a-semana-municipal-da-consciencia-negra-em-sao-luis-e-de-autoria-do-vereador-cezar-bombeiro\/#primaryimage\"},\"image\":{\"@id\":\"https:\/\/www.blogsoestado.com\/danielmatos\/projeto-de-lei-que-institui-a-semana-municipal-da-consciencia-negra-em-sao-luis-e-de-autoria-do-vereador-cezar-bombeiro\/#primaryimage\"},\"thumbnailUrl\":\"https:\/\/www.blogsoestado.com\/danielmatos\/files\/2020\/11\/bobeiro.jpeg\",\"datePublished\":\"2020-11-20T13:57:08+00:00\",\"author\":{\"@id\":\"\"},\"breadcrumb\":{\"@id\":\"https:\/\/www.blogsoestado.com\/danielmatos\/projeto-de-lei-que-institui-a-semana-municipal-da-consciencia-negra-em-sao-luis-e-de-autoria-do-vereador-cezar-bombeiro\/#breadcrumb\"},\"inLanguage\":\"pt-BR\",\"potentialAction\":[{\"@type\":\"ReadAction\",\"target\":[\"https:\/\/www.blogsoestado.com\/danielmatos\/projeto-de-lei-que-institui-a-semana-municipal-da-consciencia-negra-em-sao-luis-e-de-autoria-do-vereador-cezar-bombeiro\/\"]}]},{\"@type\":\"ImageObject\",\"inLanguage\":\"pt-BR\",\"@id\":\"https:\/\/www.blogsoestado.com\/danielmatos\/projeto-de-lei-que-institui-a-semana-municipal-da-consciencia-negra-em-sao-luis-e-de-autoria-do-vereador-cezar-bombeiro\/#primaryimage\",\"url\":\"https:\/\/www.blogsoestado.com\/danielmatos\/files\/2020\/11\/bobeiro.jpeg\",\"contentUrl\":\"https:\/\/www.blogsoestado.com\/danielmatos\/files\/2020\/11\/bobeiro.jpeg\"},{\"@type\":\"BreadcrumbList\",\"@id\":\"https:\/\/www.blogsoestado.com\/danielmatos\/projeto-de-lei-que-institui-a-semana-municipal-da-consciencia-negra-em-sao-luis-e-de-autoria-do-vereador-cezar-bombeiro\/#breadcrumb\",\"itemListElement\":[{\"@type\":\"ListItem\",\"position\":1,\"name\":\"In\u00edcio\",\"item\":\"https:\/\/www.blogsoestado.com\/danielmatos\/\"},{\"@type\":\"ListItem\",\"position\":2,\"name\":\"Projeto de lei que institui a Semana Municipal da Consci\u00eancia Negra em S\u00e3o Lu\u00eds \u00e9 de autoria do vereador C\u00e9zar Bombeiro\"}]},{\"@type\":\"WebSite\",\"@id\":\"https:\/\/www.blogsoestado.com\/danielmatos\/#website\",\"url\":\"https:\/\/www.blogsoestado.com\/danielmatos\/\",\"name\":\"Daniel Matos\",\"description\":\"\",\"potentialAction\":[{\"@type\":\"SearchAction\",\"target\":{\"@type\":\"EntryPoint\",\"urlTemplate\":\"https:\/\/www.blogsoestado.com\/danielmatos\/?s={search_term_string}\"},\"query-input\":{\"@type\":\"PropertyValueSpecification\",\"valueRequired\":true,\"valueName\":\"search_term_string\"}}],\"inLanguage\":\"pt-BR\"}]}<\/script>\n<!-- \/ Yoast SEO plugin. -->","yoast_head_json":{"title":"Projeto de lei que institui a Semana Municipal da Consci\u00eancia Negra em S\u00e3o Lu\u00eds \u00e9 de autoria do vereador C\u00e9zar Bombeiro - Daniel Matos","robots":{"index":"index","follow":"follow","max-snippet":"max-snippet:-1","max-image-preview":"max-image-preview:large","max-video-preview":"max-video-preview:-1"},"canonical":"https:\/\/www.blogsoestado.com\/danielmatos\/projeto-de-lei-que-institui-a-semana-municipal-da-consciencia-negra-em-sao-luis-e-de-autoria-do-vereador-cezar-bombeiro\/","og_locale":"pt_BR","og_type":"article","og_title":"Projeto de lei que institui a Semana Municipal da Consci\u00eancia Negra em S\u00e3o Lu\u00eds \u00e9 de autoria do vereador C\u00e9zar Bombeiro - Daniel Matos","og_description":"O projeto de lei n\u00b0 301\/2019, que instituiu a semana municipal da Consci\u00eancia Negra, que ser\u00e1 comemorado anualmente, na semana [&hellip;]","og_url":"https:\/\/www.blogsoestado.com\/danielmatos\/projeto-de-lei-que-institui-a-semana-municipal-da-consciencia-negra-em-sao-luis-e-de-autoria-do-vereador-cezar-bombeiro\/","og_site_name":"Daniel Matos","article_published_time":"2020-11-20T13:57:08+00:00","og_image":[{"url":"https:\/\/www.blogsoestado.com\/danielmatos\/files\/2020\/11\/bobeiro.jpeg","type":"","width":"","height":""}],"twitter_card":"summary_large_image","twitter_misc":{"Est. tempo de leitura":"2 minutos"},"schema":{"@context":"https:\/\/schema.org","@graph":[{"@type":"WebPage","@id":"https:\/\/www.blogsoestado.com\/danielmatos\/projeto-de-lei-que-institui-a-semana-municipal-da-consciencia-negra-em-sao-luis-e-de-autoria-do-vereador-cezar-bombeiro\/","url":"https:\/\/www.blogsoestado.com\/danielmatos\/projeto-de-lei-que-institui-a-semana-municipal-da-consciencia-negra-em-sao-luis-e-de-autoria-do-vereador-cezar-bombeiro\/","name":"Projeto de lei que institui a Semana Municipal da Consci\u00eancia Negra em S\u00e3o Lu\u00eds \u00e9 de autoria do vereador C\u00e9zar Bombeiro - Daniel Matos","isPartOf":{"@id":"https:\/\/www.blogsoestado.com\/danielmatos\/#website"},"primaryImageOfPage":{"@id":"https:\/\/www.blogsoestado.com\/danielmatos\/projeto-de-lei-que-institui-a-semana-municipal-da-consciencia-negra-em-sao-luis-e-de-autoria-do-vereador-cezar-bombeiro\/#primaryimage"},"image":{"@id":"https:\/\/www.blogsoestado.com\/danielmatos\/projeto-de-lei-que-institui-a-semana-municipal-da-consciencia-negra-em-sao-luis-e-de-autoria-do-vereador-cezar-bombeiro\/#primaryimage"},"thumbnailUrl":"https:\/\/www.blogsoestado.com\/danielmatos\/files\/2020\/11\/bobeiro.jpeg","datePublished":"2020-11-20T13:57:08+00:00","author":{"@id":""},"breadcrumb":{"@id":"https:\/\/www.blogsoestado.com\/danielmatos\/projeto-de-lei-que-institui-a-semana-municipal-da-consciencia-negra-em-sao-luis-e-de-autoria-do-vereador-cezar-bombeiro\/#breadcrumb"},"inLanguage":"pt-BR","potentialAction":[{"@type":"ReadAction","target":["https:\/\/www.blogsoestado.com\/danielmatos\/projeto-de-lei-que-institui-a-semana-municipal-da-consciencia-negra-em-sao-luis-e-de-autoria-do-vereador-cezar-bombeiro\/"]}]},{"@type":"ImageObject","inLanguage":"pt-BR","@id":"https:\/\/www.blogsoestado.com\/danielmatos\/projeto-de-lei-que-institui-a-semana-municipal-da-consciencia-negra-em-sao-luis-e-de-autoria-do-vereador-cezar-bombeiro\/#primaryimage","url":"https:\/\/www.blogsoestado.com\/danielmatos\/files\/2020\/11\/bobeiro.jpeg","contentUrl":"https:\/\/www.blogsoestado.com\/danielmatos\/files\/2020\/11\/bobeiro.jpeg"},{"@type":"BreadcrumbList","@id":"https:\/\/www.blogsoestado.com\/danielmatos\/projeto-de-lei-que-institui-a-semana-municipal-da-consciencia-negra-em-sao-luis-e-de-autoria-do-vereador-cezar-bombeiro\/#breadcrumb","itemListElement":[{"@type":"ListItem","position":1,"name":"In\u00edcio","item":"https:\/\/www.blogsoestado.com\/danielmatos\/"},{"@type":"ListItem","position":2,"name":"Projeto de lei que institui a Semana Municipal da Consci\u00eancia Negra em S\u00e3o Lu\u00eds \u00e9 de autoria do vereador C\u00e9zar Bombeiro"}]},{"@type":"WebSite","@id":"https:\/\/www.blogsoestado.com\/danielmatos\/#website","url":"https:\/\/www.blogsoestado.com\/danielmatos\/","name":"Daniel Matos","description":"","potentialAction":[{"@type":"SearchAction","target":{"@type":"EntryPoint","urlTemplate":"https:\/\/www.blogsoestado.com\/danielmatos\/?s={search_term_string}"},"query-input":{"@type":"PropertyValueSpecification","valueRequired":true,"valueName":"search_term_string"}}],"inLanguage":"pt-BR"}]}},"jetpack_featured_media_url":"","_links":{"self":[{"href":"https:\/\/www.blogsoestado.com\/danielmatos\/wp-json\/wp\/v2\/posts\/80060","targetHints":{"allow":["GET"]}}],"collection":[{"href":"https:\/\/www.blogsoestado.com\/danielmatos\/wp-json\/wp\/v2\/posts"}],"about":[{"href":"https:\/\/www.blogsoestado.com\/danielmatos\/wp-json\/wp\/v2\/types\/post"}],"replies":[{"embeddable":true,"href":"https:\/\/www.blogsoestado.com\/danielmatos\/wp-json\/wp\/v2\/comments?post=80060"}],"version-history":[{"count":0,"href":"https:\/\/www.blogsoestado.com\/danielmatos\/wp-json\/wp\/v2\/posts\/80060\/revisions"}],"wp:attachment":[{"href":"https:\/\/www.blogsoestado.com\/danielmatos\/wp-json\/wp\/v2\/media?parent=80060"}],"wp:term":[{"taxonomy":"category","embeddable":true,"href":"https:\/\/www.blogsoestado.com\/danielmatos\/wp-json\/wp\/v2\/categories?post=80060"},{"taxonomy":"post_tag","embeddable":true,"href":"https:\/\/www.blogsoestado.com\/danielmatos\/wp-json\/wp\/v2\/tags?post=80060"}],"curies":[{"name":"wp","href":"https:\/\/api.w.org\/{rel}","templated":true}]}}