{"id":80068,"date":"2020-11-20T12:10:29","date_gmt":"2020-11-20T15:10:29","guid":{"rendered":"https:\/\/www.blogsoestado.com\/danielmatos\/?p=80068"},"modified":"2020-11-20T12:10:29","modified_gmt":"2020-11-20T15:10:29","slug":"equiparacao-salarial-entre-procurador-e-delegado-no-maranhao-e-inconstitucional-decide-stf","status":"publish","type":"post","link":"https:\/\/www.blogsoestado.com\/danielmatos\/equiparacao-salarial-entre-procurador-e-delegado-no-maranhao-e-inconstitucional-decide-stf\/","title":{"rendered":"Equipara\u00e7\u00e3o salarial entre procurador e delegado no Maranh\u00e3o \u00e9 inconstitucional, decide STF"},"content":{"rendered":"\n<div class=\"wp-block-image\"><figure class=\"alignright size-large\"><img decoding=\"async\" src=\"https:\/\/www.blogsoestado.com\/danielmatos\/files\/2020\/11\/stf-brasilia.jpg\" alt=\"\" class=\"wp-image-80069\"\/><figcaption>Sede do Supremo Tribunal Federal, em Bras\u00edlia<\/figcaption><\/figure><\/div>\n\n\n\n<p>O Supremo Tribunal Federal (STF) declarou que s\u00e3o incompat\u00edveis com a Constitui\u00e7\u00e3o Federal os artigos 1\u00ba e 2\u00ba da Lei estadual 4.983\/1989, do Maranh\u00e3o, que estabelecem isonomia de vencimentos entre as carreiras de procurador do estado e delegado de pol\u00edcia. A decis\u00e3o, un\u00e2nime, ocorreu na sess\u00e3o virtual finalizada em 13\/11, no julgamento da Argui\u00e7\u00e3o de Descumprimento de Preceito Fundamental (ADPF) 328, ajuizada pela Associa\u00e7\u00e3o Nacional dos Procuradores dos Estados e do Distrito Federal (Anape).<\/p>\n\n\n\n<p>A entidade argumentou que a Emenda Constitucional (EC) 19\/1998, que deu nova reda\u00e7\u00e3o ao artigo 37, inciso XIII, da Constitui\u00e7\u00e3o Federal, vedou expressamente qualquer tipo de isonomia ou equipara\u00e7\u00e3o salarial entre servidores p\u00fablicos. Por esse motivo, esclareceu que os dispositivos legais questionados passaram a n\u00e3o mais ser aplicados. No entanto, uma decis\u00e3o do Tribunal de Justi\u00e7a do Maranh\u00e3o (TJ-MA) favor\u00e1vel \u00e0 Associa\u00e7\u00e3o dos Delegados de Pol\u00edcia (Adepol) restabeleceu a isonomia entre as carreiras de delegado e procurador do estado, com a volta da equipara\u00e7\u00e3o dos vencimentos.<\/p>\n\n\n\n<p>O relator da a\u00e7\u00e3o, ministro Marco Aur\u00e9lio, votou pela proced\u00eancia do pedido da Anape para declarar como n\u00e3o recepcionados pela Constitui\u00e7\u00e3o Federal os artigos 1\u00ba e 2\u00ba da Lei maranhense 4.983\/1989, pois o artigo 37, inciso XIII, da Constitui\u00e7\u00e3o Federal, na reda\u00e7\u00e3o dada pela EC19\/1998, impede a vincula\u00e7\u00e3o ou a equipara\u00e7\u00e3o de quaisquer esp\u00e9cies remunerat\u00f3rias no servi\u00e7o p\u00fablico. \u201cQuanto \u00e0 mat\u00e9ria de fundo, tem-se vincula\u00e7\u00e3o remunerat\u00f3ria vedada pela Lei Maior\u201d, concluiu. Os demais ministros acompanharam o relator, pela proced\u00eancia da ADPF 328.<\/p>\n\n\n\n<p><strong>Fonte:<\/strong> Supremo Tribunal Federal (STF)<\/p>\n","protected":false},"excerpt":{"rendered":"<p>O Supremo Tribunal Federal (STF) declarou que s\u00e3o incompat\u00edveis com a Constitui\u00e7\u00e3o Federal os artigos 1\u00ba e 2\u00ba da Lei [&hellip;]<\/p>\n","protected":false},"author":0,"featured_media":0,"comment_status":"open","ping_status":"open","sticky":false,"template":"","format":"standard","meta":{"site-sidebar-layout":"default","site-content-layout":"","ast-site-content-layout":"default","site-content-style":"default","site-sidebar-style":"default","ast-global-header-display":"","ast-banner-title-visibility":"","ast-main-header-display":"","ast-hfb-above-header-display":"","ast-hfb-below-header-display":"","ast-hfb-mobile-header-display":"","site-post-title":"","ast-breadcrumbs-content":"","ast-featured-img":"","footer-sml-layout":"","ast-disable-related-posts":"","theme-transparent-header-meta":"","adv-header-id-meta":"","stick-header-meta":"","header-above-stick-meta":"","header-main-stick-meta":"","header-below-stick-meta":"","astra-migrate-meta-layouts":"default","ast-page-background-enabled":"default","ast-page-background-meta":{"desktop":{"background-color":"var(--ast-global-color-5)","background-image":"","background-repeat":"repeat","background-position":"center center","background-size":"auto","background-attachment":"scroll","background-type":"","background-media":"","overlay-type":"","overlay-color":"","overlay-opacity":"","overlay-gradient":""},"tablet":{"background-color":"","background-image":"","background-repeat":"repeat","background-position":"center center","background-size":"auto","background-attachment":"scroll","background-type":"","background-media":"","overlay-type":"","overlay-color":"","overlay-opacity":"","overlay-gradient":""},"mobile":{"background-color":"","background-image":"","background-repeat":"repeat","background-position":"center center","background-size":"auto","background-attachment":"scroll","background-type":"","background-media":"","overlay-type":"","overlay-color":"","overlay-opacity":"","overlay-gradient":""}},"ast-content-background-meta":{"desktop":{"background-color":"var(--ast-global-color-4)","background-image":"","background-repeat":"repeat","background-position":"center center","background-size":"auto","background-attachment":"scroll","background-type":"","background-media":"","overlay-type":"","overlay-color":"","overlay-opacity":"","overlay-gradient":""},"tablet":{"background-color":"var(--ast-global-color-4)","background-image":"","background-repeat":"repeat","background-position":"center center","background-size":"auto","background-attachment":"scroll","background-type":"","background-media":"","overlay-type":"","overlay-color":"","overlay-opacity":"","overlay-gradient":""},"mobile":{"background-color":"var(--ast-global-color-4)","background-image":"","background-repeat":"repeat","background-position":"center center","background-size":"auto","background-attachment":"scroll","background-type":"","background-media":"","overlay-type":"","overlay-color":"","overlay-opacity":"","overlay-gradient":""}},"footnotes":""},"categories":[1],"tags":[],"class_list":["post-80068","post","type-post","status-publish","format-standard","hentry","category-sem-categoria"],"yoast_head":"<!-- This site is optimized with the Yoast SEO plugin v26.6 - https:\/\/yoast.com\/wordpress\/plugins\/seo\/ -->\n<title>Equipara\u00e7\u00e3o salarial entre procurador e delegado no Maranh\u00e3o \u00e9 inconstitucional, decide STF - Daniel Matos<\/title>\n<meta name=\"robots\" content=\"index, follow, max-snippet:-1, max-image-preview:large, max-video-preview:-1\" \/>\n<link rel=\"canonical\" href=\"https:\/\/www.blogsoestado.com\/danielmatos\/equiparacao-salarial-entre-procurador-e-delegado-no-maranhao-e-inconstitucional-decide-stf\/\" \/>\n<meta property=\"og:locale\" content=\"pt_BR\" \/>\n<meta property=\"og:type\" content=\"article\" \/>\n<meta property=\"og:title\" content=\"Equipara\u00e7\u00e3o salarial entre procurador e delegado no Maranh\u00e3o \u00e9 inconstitucional, decide STF - Daniel Matos\" \/>\n<meta property=\"og:description\" content=\"O Supremo Tribunal Federal (STF) declarou que s\u00e3o incompat\u00edveis com a Constitui\u00e7\u00e3o Federal os artigos 1\u00ba e 2\u00ba da Lei [&hellip;]\" \/>\n<meta property=\"og:url\" content=\"https:\/\/www.blogsoestado.com\/danielmatos\/equiparacao-salarial-entre-procurador-e-delegado-no-maranhao-e-inconstitucional-decide-stf\/\" \/>\n<meta property=\"og:site_name\" content=\"Daniel Matos\" \/>\n<meta property=\"article:published_time\" content=\"2020-11-20T15:10:29+00:00\" \/>\n<meta property=\"og:image\" content=\"https:\/\/www.blogsoestado.com\/danielmatos\/files\/2020\/11\/stf-brasilia.jpg\" \/>\n<meta name=\"twitter:card\" content=\"summary_large_image\" \/>\n<meta name=\"twitter:label1\" content=\"Est. tempo de leitura\" \/>\n\t<meta name=\"twitter:data1\" content=\"1 minuto\" \/>\n<script type=\"application\/ld+json\" class=\"yoast-schema-graph\">{\"@context\":\"https:\/\/schema.org\",\"@graph\":[{\"@type\":\"WebPage\",\"@id\":\"https:\/\/www.blogsoestado.com\/danielmatos\/equiparacao-salarial-entre-procurador-e-delegado-no-maranhao-e-inconstitucional-decide-stf\/\",\"url\":\"https:\/\/www.blogsoestado.com\/danielmatos\/equiparacao-salarial-entre-procurador-e-delegado-no-maranhao-e-inconstitucional-decide-stf\/\",\"name\":\"Equipara\u00e7\u00e3o salarial entre procurador e delegado no Maranh\u00e3o \u00e9 inconstitucional, decide STF - Daniel Matos\",\"isPartOf\":{\"@id\":\"https:\/\/www.blogsoestado.com\/danielmatos\/#website\"},\"primaryImageOfPage\":{\"@id\":\"https:\/\/www.blogsoestado.com\/danielmatos\/equiparacao-salarial-entre-procurador-e-delegado-no-maranhao-e-inconstitucional-decide-stf\/#primaryimage\"},\"image\":{\"@id\":\"https:\/\/www.blogsoestado.com\/danielmatos\/equiparacao-salarial-entre-procurador-e-delegado-no-maranhao-e-inconstitucional-decide-stf\/#primaryimage\"},\"thumbnailUrl\":\"https:\/\/www.blogsoestado.com\/danielmatos\/files\/2020\/11\/stf-brasilia.jpg\",\"datePublished\":\"2020-11-20T15:10:29+00:00\",\"author\":{\"@id\":\"\"},\"breadcrumb\":{\"@id\":\"https:\/\/www.blogsoestado.com\/danielmatos\/equiparacao-salarial-entre-procurador-e-delegado-no-maranhao-e-inconstitucional-decide-stf\/#breadcrumb\"},\"inLanguage\":\"pt-BR\",\"potentialAction\":[{\"@type\":\"ReadAction\",\"target\":[\"https:\/\/www.blogsoestado.com\/danielmatos\/equiparacao-salarial-entre-procurador-e-delegado-no-maranhao-e-inconstitucional-decide-stf\/\"]}]},{\"@type\":\"ImageObject\",\"inLanguage\":\"pt-BR\",\"@id\":\"https:\/\/www.blogsoestado.com\/danielmatos\/equiparacao-salarial-entre-procurador-e-delegado-no-maranhao-e-inconstitucional-decide-stf\/#primaryimage\",\"url\":\"https:\/\/www.blogsoestado.com\/danielmatos\/files\/2020\/11\/stf-brasilia.jpg\",\"contentUrl\":\"https:\/\/www.blogsoestado.com\/danielmatos\/files\/2020\/11\/stf-brasilia.jpg\"},{\"@type\":\"BreadcrumbList\",\"@id\":\"https:\/\/www.blogsoestado.com\/danielmatos\/equiparacao-salarial-entre-procurador-e-delegado-no-maranhao-e-inconstitucional-decide-stf\/#breadcrumb\",\"itemListElement\":[{\"@type\":\"ListItem\",\"position\":1,\"name\":\"In\u00edcio\",\"item\":\"https:\/\/www.blogsoestado.com\/danielmatos\/\"},{\"@type\":\"ListItem\",\"position\":2,\"name\":\"Equipara\u00e7\u00e3o salarial entre procurador e delegado no Maranh\u00e3o \u00e9 inconstitucional, decide STF\"}]},{\"@type\":\"WebSite\",\"@id\":\"https:\/\/www.blogsoestado.com\/danielmatos\/#website\",\"url\":\"https:\/\/www.blogsoestado.com\/danielmatos\/\",\"name\":\"Daniel Matos\",\"description\":\"\",\"potentialAction\":[{\"@type\":\"SearchAction\",\"target\":{\"@type\":\"EntryPoint\",\"urlTemplate\":\"https:\/\/www.blogsoestado.com\/danielmatos\/?s={search_term_string}\"},\"query-input\":{\"@type\":\"PropertyValueSpecification\",\"valueRequired\":true,\"valueName\":\"search_term_string\"}}],\"inLanguage\":\"pt-BR\"}]}<\/script>\n<!-- \/ Yoast SEO plugin. -->","yoast_head_json":{"title":"Equipara\u00e7\u00e3o salarial entre procurador e delegado no Maranh\u00e3o \u00e9 inconstitucional, decide STF - Daniel Matos","robots":{"index":"index","follow":"follow","max-snippet":"max-snippet:-1","max-image-preview":"max-image-preview:large","max-video-preview":"max-video-preview:-1"},"canonical":"https:\/\/www.blogsoestado.com\/danielmatos\/equiparacao-salarial-entre-procurador-e-delegado-no-maranhao-e-inconstitucional-decide-stf\/","og_locale":"pt_BR","og_type":"article","og_title":"Equipara\u00e7\u00e3o salarial entre procurador e delegado no Maranh\u00e3o \u00e9 inconstitucional, decide STF - Daniel Matos","og_description":"O Supremo Tribunal Federal (STF) declarou que s\u00e3o incompat\u00edveis com a Constitui\u00e7\u00e3o Federal os artigos 1\u00ba e 2\u00ba da Lei [&hellip;]","og_url":"https:\/\/www.blogsoestado.com\/danielmatos\/equiparacao-salarial-entre-procurador-e-delegado-no-maranhao-e-inconstitucional-decide-stf\/","og_site_name":"Daniel Matos","article_published_time":"2020-11-20T15:10:29+00:00","og_image":[{"url":"https:\/\/www.blogsoestado.com\/danielmatos\/files\/2020\/11\/stf-brasilia.jpg","type":"","width":"","height":""}],"twitter_card":"summary_large_image","twitter_misc":{"Est. tempo de leitura":"1 minuto"},"schema":{"@context":"https:\/\/schema.org","@graph":[{"@type":"WebPage","@id":"https:\/\/www.blogsoestado.com\/danielmatos\/equiparacao-salarial-entre-procurador-e-delegado-no-maranhao-e-inconstitucional-decide-stf\/","url":"https:\/\/www.blogsoestado.com\/danielmatos\/equiparacao-salarial-entre-procurador-e-delegado-no-maranhao-e-inconstitucional-decide-stf\/","name":"Equipara\u00e7\u00e3o salarial entre procurador e delegado no Maranh\u00e3o \u00e9 inconstitucional, decide STF - Daniel Matos","isPartOf":{"@id":"https:\/\/www.blogsoestado.com\/danielmatos\/#website"},"primaryImageOfPage":{"@id":"https:\/\/www.blogsoestado.com\/danielmatos\/equiparacao-salarial-entre-procurador-e-delegado-no-maranhao-e-inconstitucional-decide-stf\/#primaryimage"},"image":{"@id":"https:\/\/www.blogsoestado.com\/danielmatos\/equiparacao-salarial-entre-procurador-e-delegado-no-maranhao-e-inconstitucional-decide-stf\/#primaryimage"},"thumbnailUrl":"https:\/\/www.blogsoestado.com\/danielmatos\/files\/2020\/11\/stf-brasilia.jpg","datePublished":"2020-11-20T15:10:29+00:00","author":{"@id":""},"breadcrumb":{"@id":"https:\/\/www.blogsoestado.com\/danielmatos\/equiparacao-salarial-entre-procurador-e-delegado-no-maranhao-e-inconstitucional-decide-stf\/#breadcrumb"},"inLanguage":"pt-BR","potentialAction":[{"@type":"ReadAction","target":["https:\/\/www.blogsoestado.com\/danielmatos\/equiparacao-salarial-entre-procurador-e-delegado-no-maranhao-e-inconstitucional-decide-stf\/"]}]},{"@type":"ImageObject","inLanguage":"pt-BR","@id":"https:\/\/www.blogsoestado.com\/danielmatos\/equiparacao-salarial-entre-procurador-e-delegado-no-maranhao-e-inconstitucional-decide-stf\/#primaryimage","url":"https:\/\/www.blogsoestado.com\/danielmatos\/files\/2020\/11\/stf-brasilia.jpg","contentUrl":"https:\/\/www.blogsoestado.com\/danielmatos\/files\/2020\/11\/stf-brasilia.jpg"},{"@type":"BreadcrumbList","@id":"https:\/\/www.blogsoestado.com\/danielmatos\/equiparacao-salarial-entre-procurador-e-delegado-no-maranhao-e-inconstitucional-decide-stf\/#breadcrumb","itemListElement":[{"@type":"ListItem","position":1,"name":"In\u00edcio","item":"https:\/\/www.blogsoestado.com\/danielmatos\/"},{"@type":"ListItem","position":2,"name":"Equipara\u00e7\u00e3o salarial entre procurador e delegado no Maranh\u00e3o \u00e9 inconstitucional, decide STF"}]},{"@type":"WebSite","@id":"https:\/\/www.blogsoestado.com\/danielmatos\/#website","url":"https:\/\/www.blogsoestado.com\/danielmatos\/","name":"Daniel Matos","description":"","potentialAction":[{"@type":"SearchAction","target":{"@type":"EntryPoint","urlTemplate":"https:\/\/www.blogsoestado.com\/danielmatos\/?s={search_term_string}"},"query-input":{"@type":"PropertyValueSpecification","valueRequired":true,"valueName":"search_term_string"}}],"inLanguage":"pt-BR"}]}},"jetpack_featured_media_url":"","_links":{"self":[{"href":"https:\/\/www.blogsoestado.com\/danielmatos\/wp-json\/wp\/v2\/posts\/80068","targetHints":{"allow":["GET"]}}],"collection":[{"href":"https:\/\/www.blogsoestado.com\/danielmatos\/wp-json\/wp\/v2\/posts"}],"about":[{"href":"https:\/\/www.blogsoestado.com\/danielmatos\/wp-json\/wp\/v2\/types\/post"}],"replies":[{"embeddable":true,"href":"https:\/\/www.blogsoestado.com\/danielmatos\/wp-json\/wp\/v2\/comments?post=80068"}],"version-history":[{"count":0,"href":"https:\/\/www.blogsoestado.com\/danielmatos\/wp-json\/wp\/v2\/posts\/80068\/revisions"}],"wp:attachment":[{"href":"https:\/\/www.blogsoestado.com\/danielmatos\/wp-json\/wp\/v2\/media?parent=80068"}],"wp:term":[{"taxonomy":"category","embeddable":true,"href":"https:\/\/www.blogsoestado.com\/danielmatos\/wp-json\/wp\/v2\/categories?post=80068"},{"taxonomy":"post_tag","embeddable":true,"href":"https:\/\/www.blogsoestado.com\/danielmatos\/wp-json\/wp\/v2\/tags?post=80068"}],"curies":[{"name":"wp","href":"https:\/\/api.w.org\/{rel}","templated":true}]}}