{"id":80076,"date":"2020-11-20T17:53:32","date_gmt":"2020-11-20T20:53:32","guid":{"rendered":"https:\/\/www.blogsoestado.com\/danielmatos\/?p=80076"},"modified":"2020-11-20T17:53:32","modified_gmt":"2020-11-20T20:53:32","slug":"estado-do-maranhao-e-condenado-a-despoluir-terreno-em-paco-do-lumiar","status":"publish","type":"post","link":"https:\/\/www.blogsoestado.com\/danielmatos\/estado-do-maranhao-e-condenado-a-despoluir-terreno-em-paco-do-lumiar\/","title":{"rendered":"Estado do Maranh\u00e3o \u00e9 condenado a despoluir terreno em Pa\u00e7o do Lumiar"},"content":{"rendered":"\n<div class=\"wp-block-image\"><figure class=\"aligncenter size-large\"><img decoding=\"async\" src=\"https:\/\/www.blogsoestado.com\/danielmatos\/files\/2020\/11\/Senten\u00e7a-d\u00e1-30-dias-para-limpeza-do-terreno-e-seis-meses-para-constru\u00e7\u00e3o-de-muro-na-\u00e1rea.jpeg\" alt=\"\" class=\"wp-image-80077\"\/><\/figure><\/div>\n\n\n\n<p>O Vara de Interesses Difusos e Coletivos da Comarca da Ilha\u00a0condenou o Estado do Maranh\u00e3o a fazer, em 30 dias, a limpeza e retirada de todo lixo do terreno localizado na Vila Nazar\u00e9 (entre a Rua Calhau e Avenida Jos\u00e9 Buhatem), em Pa\u00e7o do Lumiar, que tem servido de local para descarte irregular de res\u00edduos s\u00f3lidos.<\/p>\n\n\n\n<p>No mesmo prazo, o Estado dever\u00e1 afixar placa alertando sobre a proibi\u00e7\u00e3o de despejo de lixo no local e construir, em seis meses, muro alto em volta da quadra, para evitar o mau uso da \u00e1rea por poluidores, enquanto n\u00e3o houver destina\u00e7\u00e3o social adequada ao im\u00f3vel.<\/p>\n\n\n\n<p>A senten\u00e7a, do juiz Douglas de Melo Martins, tamb\u00e9m obriga o Estado a tomar todas as medidas t\u00e9cnicas necess\u00e1rias para remediar qualquer eventual contamina\u00e7\u00e3o de solo e a pagar indeniza\u00e7\u00e3o pelos danos ambientais no valor de R$ 15 mil, a ser revertida ao Fundo Estadual de Direitos Difusos (FUNDIF).<\/p>\n\n\n\n<p>A decis\u00e3o judicial acolheu &#8211; em parte &#8211; pedidos formulados pelo Minist\u00e9rio P\u00fablico na A\u00e7\u00e3o Civil P\u00fablica contra o Estado do Maranh\u00e3o, que ter transferido o direito real de uso do im\u00f3vel para o Munic\u00edpio de Pa\u00e7o do Lumiar, por meio do Contrato de Concess\u00e3o de Direito Real de Uso, a fim de que no local fosse constru\u00edda uma Unidade B\u00e1sica de Sa\u00fade.&nbsp; Foi realizada audi\u00eancia de concilia\u00e7\u00e3o, mas n\u00e3o foi obtido acordo.<\/p>\n\n\n\n<p>No julgamento do processo, o juiz considerou que o Estado do Maranh\u00e3o \u00e9 o propriet\u00e1rio do im\u00f3vel, sendo irrelevante que tenha transferido ao Munic\u00edpio de Pa\u00e7o do Lumiar o direito real de uso.<\/p>\n\n\n\n<p><strong>MEIO AMBIENTE<\/strong><\/p>\n\n\n\n<p>O juiz fundamentou a senten\u00e7a na Constitui\u00e7\u00e3o Federal (artigo 225), que prev\u00ea o direito de todos a um meio ambiente equilibrado, essencial \u00e0 sadia qualidade de vida, e que deve ser preservado e assegura que as condutas e atividades consideradas lesivas \u00e0 natureza sujeitar\u00e3o os infratores, pessoas f\u00edsicas ou jur\u00eddicas, a san\u00e7\u00f5es penais e administrativas.<\/p>\n\n\n\n<p>A senten\u00e7a tamb\u00e9m menciona a Lei n\u00ba 12.205\/2010), artigo 47, que instituiu a Pol\u00edtica Nacional de Res\u00edduos S\u00f3lidos, que pro\u00edbe a destina\u00e7\u00e3o ou disposi\u00e7\u00e3o final de res\u00edduos s\u00f3lidos ou rejeitos a c\u00e9u aberto. Essa lei pro\u00edbe o lan\u00e7amento de res\u00edduos s\u00f3lidos ou rejeitos em praias, no mar ou em quaisquer corpos h\u00eddricos; a c\u00e9u aberto; queima a c\u00e9u aberto ou em recipientes, instala\u00e7\u00f5es e equipamentos n\u00e3o licenciados para essa finalidade e outras formas vedadas pelo poder p\u00fablico.<\/p>\n\n\n\n<p>Os documentos juntados nos autos e os que instru\u00edram a manifesta\u00e7\u00e3o do Estado do Maranh\u00e3o comprovaram a utiliza\u00e7\u00e3o inadequada de im\u00f3vel do r\u00e9u para despejo irregular de res\u00edduos s\u00f3lidos a c\u00e9u aberto.<\/p>\n\n\n\n<p>\u201cMesmo notificado extrajudicialmente pelo Minist\u00e9rio P\u00fablico para remediar a situa\u00e7\u00e3o, o Estado do Maranh\u00e3o permaneceu inerte, n\u00e3o adotando nenhuma medida para cessar o dep\u00f3sito irregular de res\u00edduos s\u00f3lidos em seu im\u00f3vel\u201d, afirmou o juiz na decis\u00e3o, concluindo que a conduta omissiva do Estado configura, nos termos da Lei n\u00ba 6.938\/1981, polui\u00e7\u00e3o ambiental, revelando-se lesiva ao direito ao meio ambiente equilibrado.<\/p>\n\n\n\n<p><strong>Fonte: <\/strong>Corregedoria Geral de Justi\u00e7a<\/p>\n","protected":false},"excerpt":{"rendered":"<p>O Vara de Interesses Difusos e Coletivos da Comarca da Ilha\u00a0condenou o Estado do Maranh\u00e3o a fazer, em 30 dias, [&hellip;]<\/p>\n","protected":false},"author":0,"featured_media":0,"comment_status":"open","ping_status":"open","sticky":false,"template":"","format":"standard","meta":{"site-sidebar-layout":"default","site-content-layout":"","ast-site-content-layout":"default","site-content-style":"default","site-sidebar-style":"default","ast-global-header-display":"","ast-banner-title-visibility":"","ast-main-header-display":"","ast-hfb-above-header-display":"","ast-hfb-below-header-display":"","ast-hfb-mobile-header-display":"","site-post-title":"","ast-breadcrumbs-content":"","ast-featured-img":"","footer-sml-layout":"","ast-disable-related-posts":"","theme-transparent-header-meta":"","adv-header-id-meta":"","stick-header-meta":"","header-above-stick-meta":"","header-main-stick-meta":"","header-below-stick-meta":"","astra-migrate-meta-layouts":"default","ast-page-background-enabled":"default","ast-page-background-meta":{"desktop":{"background-color":"var(--ast-global-color-5)","background-image":"","background-repeat":"repeat","background-position":"center center","background-size":"auto","background-attachment":"scroll","background-type":"","background-media":"","overlay-type":"","overlay-color":"","overlay-opacity":"","overlay-gradient":""},"tablet":{"background-color":"","background-image":"","background-repeat":"repeat","background-position":"center center","background-size":"auto","background-attachment":"scroll","background-type":"","background-media":"","overlay-type":"","overlay-color":"","overlay-opacity":"","overlay-gradient":""},"mobile":{"background-color":"","background-image":"","background-repeat":"repeat","background-position":"center center","background-size":"auto","background-attachment":"scroll","background-type":"","background-media":"","overlay-type":"","overlay-color":"","overlay-opacity":"","overlay-gradient":""}},"ast-content-background-meta":{"desktop":{"background-color":"var(--ast-global-color-4)","background-image":"","background-repeat":"repeat","background-position":"center center","background-size":"auto","background-attachment":"scroll","background-type":"","background-media":"","overlay-type":"","overlay-color":"","overlay-opacity":"","overlay-gradient":""},"tablet":{"background-color":"var(--ast-global-color-4)","background-image":"","background-repeat":"repeat","background-position":"center center","background-size":"auto","background-attachment":"scroll","background-type":"","background-media":"","overlay-type":"","overlay-color":"","overlay-opacity":"","overlay-gradient":""},"mobile":{"background-color":"var(--ast-global-color-4)","background-image":"","background-repeat":"repeat","background-position":"center center","background-size":"auto","background-attachment":"scroll","background-type":"","background-media":"","overlay-type":"","overlay-color":"","overlay-opacity":"","overlay-gradient":""}},"footnotes":""},"categories":[1],"tags":[],"class_list":["post-80076","post","type-post","status-publish","format-standard","hentry","category-sem-categoria"],"yoast_head":"<!-- This site is optimized with the Yoast SEO plugin v26.6 - https:\/\/yoast.com\/wordpress\/plugins\/seo\/ -->\n<title>Estado do Maranh\u00e3o \u00e9 condenado a despoluir terreno em Pa\u00e7o do Lumiar - Daniel Matos<\/title>\n<meta name=\"robots\" content=\"index, follow, max-snippet:-1, max-image-preview:large, max-video-preview:-1\" \/>\n<link rel=\"canonical\" href=\"https:\/\/www.blogsoestado.com\/danielmatos\/estado-do-maranhao-e-condenado-a-despoluir-terreno-em-paco-do-lumiar\/\" \/>\n<meta property=\"og:locale\" content=\"pt_BR\" \/>\n<meta property=\"og:type\" content=\"article\" \/>\n<meta property=\"og:title\" content=\"Estado do Maranh\u00e3o \u00e9 condenado a despoluir terreno em Pa\u00e7o do Lumiar - Daniel Matos\" \/>\n<meta property=\"og:description\" content=\"O Vara de Interesses Difusos e Coletivos da Comarca da Ilha\u00a0condenou o Estado do Maranh\u00e3o a fazer, em 30 dias, [&hellip;]\" \/>\n<meta property=\"og:url\" content=\"https:\/\/www.blogsoestado.com\/danielmatos\/estado-do-maranhao-e-condenado-a-despoluir-terreno-em-paco-do-lumiar\/\" \/>\n<meta property=\"og:site_name\" content=\"Daniel Matos\" \/>\n<meta property=\"article:published_time\" content=\"2020-11-20T20:53:32+00:00\" \/>\n<meta name=\"twitter:card\" content=\"summary_large_image\" \/>\n<meta name=\"twitter:label1\" content=\"Est. tempo de leitura\" \/>\n\t<meta name=\"twitter:data1\" content=\"3 minutos\" \/>\n<script type=\"application\/ld+json\" class=\"yoast-schema-graph\">{\"@context\":\"https:\/\/schema.org\",\"@graph\":[{\"@type\":\"WebPage\",\"@id\":\"https:\/\/www.blogsoestado.com\/danielmatos\/estado-do-maranhao-e-condenado-a-despoluir-terreno-em-paco-do-lumiar\/\",\"url\":\"https:\/\/www.blogsoestado.com\/danielmatos\/estado-do-maranhao-e-condenado-a-despoluir-terreno-em-paco-do-lumiar\/\",\"name\":\"Estado do Maranh\u00e3o \u00e9 condenado a despoluir terreno em Pa\u00e7o do Lumiar - Daniel Matos\",\"isPartOf\":{\"@id\":\"https:\/\/www.blogsoestado.com\/danielmatos\/#website\"},\"datePublished\":\"2020-11-20T20:53:32+00:00\",\"author\":{\"@id\":\"\"},\"breadcrumb\":{\"@id\":\"https:\/\/www.blogsoestado.com\/danielmatos\/estado-do-maranhao-e-condenado-a-despoluir-terreno-em-paco-do-lumiar\/#breadcrumb\"},\"inLanguage\":\"pt-BR\",\"potentialAction\":[{\"@type\":\"ReadAction\",\"target\":[\"https:\/\/www.blogsoestado.com\/danielmatos\/estado-do-maranhao-e-condenado-a-despoluir-terreno-em-paco-do-lumiar\/\"]}]},{\"@type\":\"BreadcrumbList\",\"@id\":\"https:\/\/www.blogsoestado.com\/danielmatos\/estado-do-maranhao-e-condenado-a-despoluir-terreno-em-paco-do-lumiar\/#breadcrumb\",\"itemListElement\":[{\"@type\":\"ListItem\",\"position\":1,\"name\":\"In\u00edcio\",\"item\":\"https:\/\/www.blogsoestado.com\/danielmatos\/\"},{\"@type\":\"ListItem\",\"position\":2,\"name\":\"Estado do Maranh\u00e3o \u00e9 condenado a despoluir terreno em Pa\u00e7o do Lumiar\"}]},{\"@type\":\"WebSite\",\"@id\":\"https:\/\/www.blogsoestado.com\/danielmatos\/#website\",\"url\":\"https:\/\/www.blogsoestado.com\/danielmatos\/\",\"name\":\"Daniel Matos\",\"description\":\"\",\"potentialAction\":[{\"@type\":\"SearchAction\",\"target\":{\"@type\":\"EntryPoint\",\"urlTemplate\":\"https:\/\/www.blogsoestado.com\/danielmatos\/?s={search_term_string}\"},\"query-input\":{\"@type\":\"PropertyValueSpecification\",\"valueRequired\":true,\"valueName\":\"search_term_string\"}}],\"inLanguage\":\"pt-BR\"}]}<\/script>\n<!-- \/ Yoast SEO plugin. -->","yoast_head_json":{"title":"Estado do Maranh\u00e3o \u00e9 condenado a despoluir terreno em Pa\u00e7o do Lumiar - Daniel Matos","robots":{"index":"index","follow":"follow","max-snippet":"max-snippet:-1","max-image-preview":"max-image-preview:large","max-video-preview":"max-video-preview:-1"},"canonical":"https:\/\/www.blogsoestado.com\/danielmatos\/estado-do-maranhao-e-condenado-a-despoluir-terreno-em-paco-do-lumiar\/","og_locale":"pt_BR","og_type":"article","og_title":"Estado do Maranh\u00e3o \u00e9 condenado a despoluir terreno em Pa\u00e7o do Lumiar - Daniel Matos","og_description":"O Vara de Interesses Difusos e Coletivos da Comarca da Ilha\u00a0condenou o Estado do Maranh\u00e3o a fazer, em 30 dias, [&hellip;]","og_url":"https:\/\/www.blogsoestado.com\/danielmatos\/estado-do-maranhao-e-condenado-a-despoluir-terreno-em-paco-do-lumiar\/","og_site_name":"Daniel Matos","article_published_time":"2020-11-20T20:53:32+00:00","twitter_card":"summary_large_image","twitter_misc":{"Est. tempo de leitura":"3 minutos"},"schema":{"@context":"https:\/\/schema.org","@graph":[{"@type":"WebPage","@id":"https:\/\/www.blogsoestado.com\/danielmatos\/estado-do-maranhao-e-condenado-a-despoluir-terreno-em-paco-do-lumiar\/","url":"https:\/\/www.blogsoestado.com\/danielmatos\/estado-do-maranhao-e-condenado-a-despoluir-terreno-em-paco-do-lumiar\/","name":"Estado do Maranh\u00e3o \u00e9 condenado a despoluir terreno em Pa\u00e7o do Lumiar - Daniel Matos","isPartOf":{"@id":"https:\/\/www.blogsoestado.com\/danielmatos\/#website"},"datePublished":"2020-11-20T20:53:32+00:00","author":{"@id":""},"breadcrumb":{"@id":"https:\/\/www.blogsoestado.com\/danielmatos\/estado-do-maranhao-e-condenado-a-despoluir-terreno-em-paco-do-lumiar\/#breadcrumb"},"inLanguage":"pt-BR","potentialAction":[{"@type":"ReadAction","target":["https:\/\/www.blogsoestado.com\/danielmatos\/estado-do-maranhao-e-condenado-a-despoluir-terreno-em-paco-do-lumiar\/"]}]},{"@type":"BreadcrumbList","@id":"https:\/\/www.blogsoestado.com\/danielmatos\/estado-do-maranhao-e-condenado-a-despoluir-terreno-em-paco-do-lumiar\/#breadcrumb","itemListElement":[{"@type":"ListItem","position":1,"name":"In\u00edcio","item":"https:\/\/www.blogsoestado.com\/danielmatos\/"},{"@type":"ListItem","position":2,"name":"Estado do Maranh\u00e3o \u00e9 condenado a despoluir terreno em Pa\u00e7o do Lumiar"}]},{"@type":"WebSite","@id":"https:\/\/www.blogsoestado.com\/danielmatos\/#website","url":"https:\/\/www.blogsoestado.com\/danielmatos\/","name":"Daniel Matos","description":"","potentialAction":[{"@type":"SearchAction","target":{"@type":"EntryPoint","urlTemplate":"https:\/\/www.blogsoestado.com\/danielmatos\/?s={search_term_string}"},"query-input":{"@type":"PropertyValueSpecification","valueRequired":true,"valueName":"search_term_string"}}],"inLanguage":"pt-BR"}]}},"jetpack_featured_media_url":"","_links":{"self":[{"href":"https:\/\/www.blogsoestado.com\/danielmatos\/wp-json\/wp\/v2\/posts\/80076","targetHints":{"allow":["GET"]}}],"collection":[{"href":"https:\/\/www.blogsoestado.com\/danielmatos\/wp-json\/wp\/v2\/posts"}],"about":[{"href":"https:\/\/www.blogsoestado.com\/danielmatos\/wp-json\/wp\/v2\/types\/post"}],"replies":[{"embeddable":true,"href":"https:\/\/www.blogsoestado.com\/danielmatos\/wp-json\/wp\/v2\/comments?post=80076"}],"version-history":[{"count":0,"href":"https:\/\/www.blogsoestado.com\/danielmatos\/wp-json\/wp\/v2\/posts\/80076\/revisions"}],"wp:attachment":[{"href":"https:\/\/www.blogsoestado.com\/danielmatos\/wp-json\/wp\/v2\/media?parent=80076"}],"wp:term":[{"taxonomy":"category","embeddable":true,"href":"https:\/\/www.blogsoestado.com\/danielmatos\/wp-json\/wp\/v2\/categories?post=80076"},{"taxonomy":"post_tag","embeddable":true,"href":"https:\/\/www.blogsoestado.com\/danielmatos\/wp-json\/wp\/v2\/tags?post=80076"}],"curies":[{"name":"wp","href":"https:\/\/api.w.org\/{rel}","templated":true}]}}