{"id":80095,"date":"2020-11-21T11:10:46","date_gmt":"2020-11-21T14:10:46","guid":{"rendered":"https:\/\/www.blogsoestado.com\/danielmatos\/?p=80095"},"modified":"2020-11-21T11:10:46","modified_gmt":"2020-11-21T14:10:46","slug":"dr-gutemberg-mantem-apoio-integral-ao-candidato-eduardo-braide-no-2o-turno","status":"publish","type":"post","link":"https:\/\/www.blogsoestado.com\/danielmatos\/dr-gutemberg-mantem-apoio-integral-ao-candidato-eduardo-braide-no-2o-turno\/","title":{"rendered":"Dr. Gutemberg mant\u00e9m apoio integral ao candidato Eduardo Braide no 2\u00ba turno"},"content":{"rendered":"\n<div class=\"wp-block-image\"><figure class=\"aligncenter size-large\"><img decoding=\"async\" src=\"https:\/\/www.blogsoestado.com\/danielmatos\/files\/2020\/11\/IMG-20201121-WA0046-1014x1024.jpg\" alt=\"\" class=\"wp-image-80096\"\/><figcaption>Vereador Dr. Gutemberg \u00e9 apoiador de linha de frente da campanha de Braide<\/figcaption><\/figure><\/div>\n\n\n\n<p>O vereador reeleito pelo PSC (Partido Social Crist\u00e3o), o m\u00e9dico e professor Dr. Gutemberg que esteve no 1\u00b0 turno com Eduardo Braide, fez quest\u00e3o de manter toda a estrutura de campanha para ajudar o candidato a prefeito de S\u00e3o Lu\u00eds nesse 2\u00ba turno.<\/p>\n\n\n\n<p>Reeleito para o quinto mandato e um dos pol\u00edticos mais experientes de S\u00e3o Lu\u00eds, Dr. Gutemberg tem convocado seus apoiadores e lideran\u00e7as para as caminhadas e outros compromissos de campanha de Braide (Podemos).<\/p>\n\n\n\n<div class=\"wp-block-image\"><figure class=\"aligncenter size-large\"><img decoding=\"async\" src=\"https:\/\/www.blogsoestado.com\/danielmatos\/files\/2020\/11\/IMG-20201121-WA0045-1024x682.jpg\" alt=\"\" class=\"wp-image-80097\"\/><figcaption>Vereador Dr. Gutemberg com a equipe que o ajudou a conquistar mais uma reelei\u00e7\u00e3o<\/figcaption><\/figure><\/div>\n\n\n\n<p>\u201cNosso ritmo de campanha continua. O time do Dr. Gutemberg segue forte em o apoio ao nosso candidato a Prefeito de S\u00e3o Lu\u00eds, Eduardo Braide. Convoquei nossas lideran\u00e7as e amigos para seguir com o Braide neste segundo turno. S\u00e3o Lu\u00eds merece um gestor experiente, comprometido com a sa\u00fade da nossa popula\u00e7\u00e3o. Dr. Gutemberg \u00e9 19\u201d, destaca o vereador.<\/p>\n\n\n\n<p>Dr. Gutemberg \u00e9 Presidente Municipal do PSC. O partido obteve mais de 16 mil votos na disputa proporcional e os suplentes da legenda v\u00e3o seguir engajados na campanha do candidato do Podemos \u00e0 Prefeitura de S\u00e3o Lu\u00eds.<\/p>\n\n\n\n<div class=\"wp-block-image\"><figure class=\"aligncenter size-large\"><img decoding=\"async\" src=\"https:\/\/www.blogsoestado.com\/danielmatos\/files\/2020\/11\/IMG-20201121-WA0043-1024x745.jpg\" alt=\"\" class=\"wp-image-80098\"\/><figcaption>Eduardo Braide e Dr. Gutemberg marcham juntos desde a campanha do 1\u00b0 turno<\/figcaption><\/figure><\/div>\n\n\n\n<p>Vereador com mais de 60 leis aprovadas na C\u00e2mara Municipal de S\u00e3o Lu\u00eds, Dr. Gutemberg tem importante atua\u00e7\u00e3o na C\u00e2mara de Vereadores, assim como m\u00e9dico e professor conceituado da Universidade Federal do Maranh\u00e3o.<\/p>\n\n\n\n<p>Reeleito para o quinto mandato, Dr. Gutemberg disse que vai continuar batalhando por mais servi\u00e7os de qualidade em S\u00e3o Lu\u00eds, sobretudo na \u00e1rea da sa\u00fade.<\/p>\n\n\n\n<div class=\"wp-block-image\"><figure class=\"aligncenter size-large\"><img decoding=\"async\" src=\"https:\/\/www.blogsoestado.com\/danielmatos\/files\/2020\/11\/IMG-20201121-WA0044-1024x771.jpg\" alt=\"\" class=\"wp-image-80099\"\/><figcaption>Dr. Gutemberg com o grupo engajado \u00e0 sua campanha a mais uma reelei\u00e7\u00e3o<\/figcaption><\/figure><\/div>\n\n\n\n<p>\u201cQuero agradecer a todos que nos acompanharam nessa caminhada, levando \u00e0s pessoas nossa mensagem de trabalho e compromisso. Essa vit\u00f3ria \u00e9 de todos n\u00f3s. Com muita dedica\u00e7\u00e3o e compromisso, vou honrar o seu voto. Vamos buscar mais a\u00e7\u00f5es pela nossa S\u00e3o Lu\u00eds\u201d, agradece Dr. Gutemberg.<\/p>\n","protected":false},"excerpt":{"rendered":"<p>O vereador reeleito pelo PSC (Partido Social Crist\u00e3o), o m\u00e9dico e professor Dr. Gutemberg que esteve no 1\u00b0 turno com [&hellip;]<\/p>\n","protected":false},"author":0,"featured_media":0,"comment_status":"open","ping_status":"open","sticky":false,"template":"","format":"standard","meta":{"site-sidebar-layout":"default","site-content-layout":"","ast-site-content-layout":"default","site-content-style":"default","site-sidebar-style":"default","ast-global-header-display":"","ast-banner-title-visibility":"","ast-main-header-display":"","ast-hfb-above-header-display":"","ast-hfb-below-header-display":"","ast-hfb-mobile-header-display":"","site-post-title":"","ast-breadcrumbs-content":"","ast-featured-img":"","footer-sml-layout":"","ast-disable-related-posts":"","theme-transparent-header-meta":"","adv-header-id-meta":"","stick-header-meta":"","header-above-stick-meta":"","header-main-stick-meta":"","header-below-stick-meta":"","astra-migrate-meta-layouts":"default","ast-page-background-enabled":"default","ast-page-background-meta":{"desktop":{"background-color":"var(--ast-global-color-5)","background-image":"","background-repeat":"repeat","background-position":"center center","background-size":"auto","background-attachment":"scroll","background-type":"","background-media":"","overlay-type":"","overlay-color":"","overlay-opacity":"","overlay-gradient":""},"tablet":{"background-color":"","background-image":"","background-repeat":"repeat","background-position":"center center","background-size":"auto","background-attachment":"scroll","background-type":"","background-media":"","overlay-type":"","overlay-color":"","overlay-opacity":"","overlay-gradient":""},"mobile":{"background-color":"","background-image":"","background-repeat":"repeat","background-position":"center center","background-size":"auto","background-attachment":"scroll","background-type":"","background-media":"","overlay-type":"","overlay-color":"","overlay-opacity":"","overlay-gradient":""}},"ast-content-background-meta":{"desktop":{"background-color":"var(--ast-global-color-4)","background-image":"","background-repeat":"repeat","background-position":"center center","background-size":"auto","background-attachment":"scroll","background-type":"","background-media":"","overlay-type":"","overlay-color":"","overlay-opacity":"","overlay-gradient":""},"tablet":{"background-color":"var(--ast-global-color-4)","background-image":"","background-repeat":"repeat","background-position":"center center","background-size":"auto","background-attachment":"scroll","background-type":"","background-media":"","overlay-type":"","overlay-color":"","overlay-opacity":"","overlay-gradient":""},"mobile":{"background-color":"var(--ast-global-color-4)","background-image":"","background-repeat":"repeat","background-position":"center center","background-size":"auto","background-attachment":"scroll","background-type":"","background-media":"","overlay-type":"","overlay-color":"","overlay-opacity":"","overlay-gradient":""}},"footnotes":""},"categories":[1],"tags":[],"class_list":["post-80095","post","type-post","status-publish","format-standard","hentry","category-sem-categoria"],"yoast_head":"<!-- This site is optimized with the Yoast SEO plugin v26.6 - https:\/\/yoast.com\/wordpress\/plugins\/seo\/ -->\n<title>Dr. Gutemberg mant\u00e9m apoio integral ao candidato Eduardo Braide no 2\u00ba turno - Daniel Matos<\/title>\n<meta name=\"robots\" content=\"index, follow, max-snippet:-1, max-image-preview:large, max-video-preview:-1\" \/>\n<link rel=\"canonical\" href=\"https:\/\/www.blogsoestado.com\/danielmatos\/dr-gutemberg-mantem-apoio-integral-ao-candidato-eduardo-braide-no-2o-turno\/\" \/>\n<meta property=\"og:locale\" content=\"pt_BR\" \/>\n<meta property=\"og:type\" content=\"article\" \/>\n<meta property=\"og:title\" content=\"Dr. Gutemberg mant\u00e9m apoio integral ao candidato Eduardo Braide no 2\u00ba turno - Daniel Matos\" \/>\n<meta property=\"og:description\" content=\"O vereador reeleito pelo PSC (Partido Social Crist\u00e3o), o m\u00e9dico e professor Dr. Gutemberg que esteve no 1\u00b0 turno com [&hellip;]\" \/>\n<meta property=\"og:url\" content=\"https:\/\/www.blogsoestado.com\/danielmatos\/dr-gutemberg-mantem-apoio-integral-ao-candidato-eduardo-braide-no-2o-turno\/\" \/>\n<meta property=\"og:site_name\" content=\"Daniel Matos\" \/>\n<meta property=\"article:published_time\" content=\"2020-11-21T14:10:46+00:00\" \/>\n<meta property=\"og:image\" content=\"https:\/\/www.blogsoestado.com\/danielmatos\/files\/2020\/11\/IMG-20201121-WA0046-1014x1024.jpg\" \/>\n<meta name=\"twitter:card\" content=\"summary_large_image\" \/>\n<meta name=\"twitter:label1\" content=\"Est. tempo de leitura\" \/>\n\t<meta name=\"twitter:data1\" content=\"2 minutos\" \/>\n<script type=\"application\/ld+json\" class=\"yoast-schema-graph\">{\"@context\":\"https:\/\/schema.org\",\"@graph\":[{\"@type\":\"WebPage\",\"@id\":\"https:\/\/www.blogsoestado.com\/danielmatos\/dr-gutemberg-mantem-apoio-integral-ao-candidato-eduardo-braide-no-2o-turno\/\",\"url\":\"https:\/\/www.blogsoestado.com\/danielmatos\/dr-gutemberg-mantem-apoio-integral-ao-candidato-eduardo-braide-no-2o-turno\/\",\"name\":\"Dr. Gutemberg mant\u00e9m apoio integral ao candidato Eduardo Braide no 2\u00ba turno - Daniel Matos\",\"isPartOf\":{\"@id\":\"https:\/\/www.blogsoestado.com\/danielmatos\/#website\"},\"primaryImageOfPage\":{\"@id\":\"https:\/\/www.blogsoestado.com\/danielmatos\/dr-gutemberg-mantem-apoio-integral-ao-candidato-eduardo-braide-no-2o-turno\/#primaryimage\"},\"image\":{\"@id\":\"https:\/\/www.blogsoestado.com\/danielmatos\/dr-gutemberg-mantem-apoio-integral-ao-candidato-eduardo-braide-no-2o-turno\/#primaryimage\"},\"thumbnailUrl\":\"https:\/\/www.blogsoestado.com\/danielmatos\/files\/2020\/11\/IMG-20201121-WA0046-1014x1024.jpg\",\"datePublished\":\"2020-11-21T14:10:46+00:00\",\"author\":{\"@id\":\"\"},\"breadcrumb\":{\"@id\":\"https:\/\/www.blogsoestado.com\/danielmatos\/dr-gutemberg-mantem-apoio-integral-ao-candidato-eduardo-braide-no-2o-turno\/#breadcrumb\"},\"inLanguage\":\"pt-BR\",\"potentialAction\":[{\"@type\":\"ReadAction\",\"target\":[\"https:\/\/www.blogsoestado.com\/danielmatos\/dr-gutemberg-mantem-apoio-integral-ao-candidato-eduardo-braide-no-2o-turno\/\"]}]},{\"@type\":\"ImageObject\",\"inLanguage\":\"pt-BR\",\"@id\":\"https:\/\/www.blogsoestado.com\/danielmatos\/dr-gutemberg-mantem-apoio-integral-ao-candidato-eduardo-braide-no-2o-turno\/#primaryimage\",\"url\":\"https:\/\/www.blogsoestado.com\/danielmatos\/files\/2020\/11\/IMG-20201121-WA0046-1014x1024.jpg\",\"contentUrl\":\"https:\/\/www.blogsoestado.com\/danielmatos\/files\/2020\/11\/IMG-20201121-WA0046-1014x1024.jpg\"},{\"@type\":\"BreadcrumbList\",\"@id\":\"https:\/\/www.blogsoestado.com\/danielmatos\/dr-gutemberg-mantem-apoio-integral-ao-candidato-eduardo-braide-no-2o-turno\/#breadcrumb\",\"itemListElement\":[{\"@type\":\"ListItem\",\"position\":1,\"name\":\"In\u00edcio\",\"item\":\"https:\/\/www.blogsoestado.com\/danielmatos\/\"},{\"@type\":\"ListItem\",\"position\":2,\"name\":\"Dr. Gutemberg mant\u00e9m apoio integral ao candidato Eduardo Braide no 2\u00ba turno\"}]},{\"@type\":\"WebSite\",\"@id\":\"https:\/\/www.blogsoestado.com\/danielmatos\/#website\",\"url\":\"https:\/\/www.blogsoestado.com\/danielmatos\/\",\"name\":\"Daniel Matos\",\"description\":\"\",\"potentialAction\":[{\"@type\":\"SearchAction\",\"target\":{\"@type\":\"EntryPoint\",\"urlTemplate\":\"https:\/\/www.blogsoestado.com\/danielmatos\/?s={search_term_string}\"},\"query-input\":{\"@type\":\"PropertyValueSpecification\",\"valueRequired\":true,\"valueName\":\"search_term_string\"}}],\"inLanguage\":\"pt-BR\"}]}<\/script>\n<!-- \/ Yoast SEO plugin. -->","yoast_head_json":{"title":"Dr. Gutemberg mant\u00e9m apoio integral ao candidato Eduardo Braide no 2\u00ba turno - Daniel Matos","robots":{"index":"index","follow":"follow","max-snippet":"max-snippet:-1","max-image-preview":"max-image-preview:large","max-video-preview":"max-video-preview:-1"},"canonical":"https:\/\/www.blogsoestado.com\/danielmatos\/dr-gutemberg-mantem-apoio-integral-ao-candidato-eduardo-braide-no-2o-turno\/","og_locale":"pt_BR","og_type":"article","og_title":"Dr. Gutemberg mant\u00e9m apoio integral ao candidato Eduardo Braide no 2\u00ba turno - Daniel Matos","og_description":"O vereador reeleito pelo PSC (Partido Social Crist\u00e3o), o m\u00e9dico e professor Dr. Gutemberg que esteve no 1\u00b0 turno com [&hellip;]","og_url":"https:\/\/www.blogsoestado.com\/danielmatos\/dr-gutemberg-mantem-apoio-integral-ao-candidato-eduardo-braide-no-2o-turno\/","og_site_name":"Daniel Matos","article_published_time":"2020-11-21T14:10:46+00:00","og_image":[{"url":"https:\/\/www.blogsoestado.com\/danielmatos\/files\/2020\/11\/IMG-20201121-WA0046-1014x1024.jpg","type":"","width":"","height":""}],"twitter_card":"summary_large_image","twitter_misc":{"Est. tempo de leitura":"2 minutos"},"schema":{"@context":"https:\/\/schema.org","@graph":[{"@type":"WebPage","@id":"https:\/\/www.blogsoestado.com\/danielmatos\/dr-gutemberg-mantem-apoio-integral-ao-candidato-eduardo-braide-no-2o-turno\/","url":"https:\/\/www.blogsoestado.com\/danielmatos\/dr-gutemberg-mantem-apoio-integral-ao-candidato-eduardo-braide-no-2o-turno\/","name":"Dr. Gutemberg mant\u00e9m apoio integral ao candidato Eduardo Braide no 2\u00ba turno - Daniel Matos","isPartOf":{"@id":"https:\/\/www.blogsoestado.com\/danielmatos\/#website"},"primaryImageOfPage":{"@id":"https:\/\/www.blogsoestado.com\/danielmatos\/dr-gutemberg-mantem-apoio-integral-ao-candidato-eduardo-braide-no-2o-turno\/#primaryimage"},"image":{"@id":"https:\/\/www.blogsoestado.com\/danielmatos\/dr-gutemberg-mantem-apoio-integral-ao-candidato-eduardo-braide-no-2o-turno\/#primaryimage"},"thumbnailUrl":"https:\/\/www.blogsoestado.com\/danielmatos\/files\/2020\/11\/IMG-20201121-WA0046-1014x1024.jpg","datePublished":"2020-11-21T14:10:46+00:00","author":{"@id":""},"breadcrumb":{"@id":"https:\/\/www.blogsoestado.com\/danielmatos\/dr-gutemberg-mantem-apoio-integral-ao-candidato-eduardo-braide-no-2o-turno\/#breadcrumb"},"inLanguage":"pt-BR","potentialAction":[{"@type":"ReadAction","target":["https:\/\/www.blogsoestado.com\/danielmatos\/dr-gutemberg-mantem-apoio-integral-ao-candidato-eduardo-braide-no-2o-turno\/"]}]},{"@type":"ImageObject","inLanguage":"pt-BR","@id":"https:\/\/www.blogsoestado.com\/danielmatos\/dr-gutemberg-mantem-apoio-integral-ao-candidato-eduardo-braide-no-2o-turno\/#primaryimage","url":"https:\/\/www.blogsoestado.com\/danielmatos\/files\/2020\/11\/IMG-20201121-WA0046-1014x1024.jpg","contentUrl":"https:\/\/www.blogsoestado.com\/danielmatos\/files\/2020\/11\/IMG-20201121-WA0046-1014x1024.jpg"},{"@type":"BreadcrumbList","@id":"https:\/\/www.blogsoestado.com\/danielmatos\/dr-gutemberg-mantem-apoio-integral-ao-candidato-eduardo-braide-no-2o-turno\/#breadcrumb","itemListElement":[{"@type":"ListItem","position":1,"name":"In\u00edcio","item":"https:\/\/www.blogsoestado.com\/danielmatos\/"},{"@type":"ListItem","position":2,"name":"Dr. Gutemberg mant\u00e9m apoio integral ao candidato Eduardo Braide no 2\u00ba turno"}]},{"@type":"WebSite","@id":"https:\/\/www.blogsoestado.com\/danielmatos\/#website","url":"https:\/\/www.blogsoestado.com\/danielmatos\/","name":"Daniel Matos","description":"","potentialAction":[{"@type":"SearchAction","target":{"@type":"EntryPoint","urlTemplate":"https:\/\/www.blogsoestado.com\/danielmatos\/?s={search_term_string}"},"query-input":{"@type":"PropertyValueSpecification","valueRequired":true,"valueName":"search_term_string"}}],"inLanguage":"pt-BR"}]}},"jetpack_featured_media_url":"","_links":{"self":[{"href":"https:\/\/www.blogsoestado.com\/danielmatos\/wp-json\/wp\/v2\/posts\/80095","targetHints":{"allow":["GET"]}}],"collection":[{"href":"https:\/\/www.blogsoestado.com\/danielmatos\/wp-json\/wp\/v2\/posts"}],"about":[{"href":"https:\/\/www.blogsoestado.com\/danielmatos\/wp-json\/wp\/v2\/types\/post"}],"replies":[{"embeddable":true,"href":"https:\/\/www.blogsoestado.com\/danielmatos\/wp-json\/wp\/v2\/comments?post=80095"}],"version-history":[{"count":0,"href":"https:\/\/www.blogsoestado.com\/danielmatos\/wp-json\/wp\/v2\/posts\/80095\/revisions"}],"wp:attachment":[{"href":"https:\/\/www.blogsoestado.com\/danielmatos\/wp-json\/wp\/v2\/media?parent=80095"}],"wp:term":[{"taxonomy":"category","embeddable":true,"href":"https:\/\/www.blogsoestado.com\/danielmatos\/wp-json\/wp\/v2\/categories?post=80095"},{"taxonomy":"post_tag","embeddable":true,"href":"https:\/\/www.blogsoestado.com\/danielmatos\/wp-json\/wp\/v2\/tags?post=80095"}],"curies":[{"name":"wp","href":"https:\/\/api.w.org\/{rel}","templated":true}]}}