{"id":80318,"date":"2020-11-26T10:42:42","date_gmt":"2020-11-26T13:42:42","guid":{"rendered":"https:\/\/www.blogsoestado.com\/danielmatos\/?p=80318"},"modified":"2020-11-26T10:42:42","modified_gmt":"2020-11-26T13:42:42","slug":"vereador-alvaro-pires-prestigia-iv-semana-estadual-de-combate-ao-feminicidio-na-casa-da-mulher-brasileira","status":"publish","type":"post","link":"https:\/\/www.blogsoestado.com\/danielmatos\/vereador-alvaro-pires-prestigia-iv-semana-estadual-de-combate-ao-feminicidio-na-casa-da-mulher-brasileira\/","title":{"rendered":"Vereador \u00c1lvaro Pires prestigia IV Semana Estadual de Combate ao Feminic\u00eddio na Casa da Mulher Brasileira"},"content":{"rendered":"\n<div class=\"wp-block-image\"><figure class=\"aligncenter size-large\"><img decoding=\"async\" src=\"https:\/\/www.blogsoestado.com\/danielmatos\/files\/2020\/11\/SUGEST\u00c3O-DELEGENDA-FOTO-1-Com-a-delegada-Viviane-Fontenelle-chefe-do-Departamento-deFeminic\u00eddio-e-a-diretora-da-Casa-daMulher-Brasileira-CMB-Susan-Lucena.jpg\" alt=\"\" class=\"wp-image-80319\"\/><figcaption>Com a delegada Viviane Fontenelle, chefe do Departamento de Feminic\u00eddio e a diretora\u00a0da Casa da Mulher Brasileira (CMB), Susan Lucena<br>\u00a0\u00a0<\/figcaption><\/figure><\/div>\n\n\n\n<p>O vereador eleito \u00c1lvaro Pires (PMN)\u00a0 prestigiou na tarde da \u00faltima ter\u00e7a-feira (24) o encerramento da IV Semana Estadual de Combate ao Feminic\u00eddio, agenda conjunta do Departamento de Feminic\u00eddio, Delegacia Especial da Mulher, Somos todos Marianas e Casa da Mulher Brasileira.<\/p>\n\n\n\n<p>A programa\u00e7\u00e3o que aconteceu na Casa da Mulher Brasileira no Jaracaty, contou com um ato show em&nbsp; homenagem \u00e0s v\u00edtimas do crime de g\u00eanero no estado, e um Passeio Cicl\u00edstico de Combate ao Feminic\u00eddio.<\/p>\n\n\n\n<p>O evento contou ainda com a participa\u00e7\u00e3o dos artistas: Guilherme J\u00fanior, D\u00e9bora Nascimento, Lene Marques, Neto Peperi, Andressa Sipa\u00fabada e a cantora Fl\u00e1via Bittencourt, que lan\u00e7ou uma nova m\u00fasica durante o evento. Para o vereador eleito \u00c1lvaro Pires, o tema \u00e9 uma das causas que pretende defender na C\u00e2mara Municipal, a trav\u00e9s de pol\u00edticas p\u00fablicas que venham promover a independ\u00eancia financeira das mulher, segundo o vereador, uma das principais armas contra a viol\u00eancia sofrida por elas.<\/p>\n\n\n\n<div class=\"wp-block-image\"><figure class=\"aligncenter size-large\"><img decoding=\"async\" src=\"https:\/\/www.blogsoestado.com\/danielmatos\/files\/2020\/11\/SUGEST\u00c3O-DELEGENDA-FOTO-2-Com-a-delegada-de-Pol\u00edcia-Civil-e-coordenadora-das-Delegacias-de-Mulheres-no-Estado-KazumiTanaka.jpg\" alt=\"\" class=\"wp-image-80320\"\/><figcaption>Com a delegada de Pol\u00edcia Civil e coordenadora das \u00a0Delegacias de Mulheres no Estado, Kazumi Tanaka<\/figcaption><\/figure><\/div>\n\n\n\n<p>&nbsp;&#8220;A mulher v\u00edtima da viol\u00eancia na maioria das vezes \u00e9 fragilizada porque depende financeiramente do seu parceiro e agressor. Na C\u00e2mara, irei defender a autonomia financeira das mulheres atrav\u00e9s de pol\u00edticas p\u00fablicas e projetos que atendam essa necessidade urgente, da nossa sociedade. Quando uma mulher \u00e9 agredida ou v\u00edtima de feminic\u00eddio, n\u00e3o \u00e9 s\u00f3 ela, que \u00e9 covardemente acometida. Mas todo o conjunto da sociedade&#8221;, pontuou \u00c1lvaro.<\/p>\n","protected":false},"excerpt":{"rendered":"<p>O vereador eleito \u00c1lvaro Pires (PMN)\u00a0 prestigiou na tarde da \u00faltima ter\u00e7a-feira (24) o encerramento da IV Semana Estadual de [&hellip;]<\/p>\n","protected":false},"author":0,"featured_media":0,"comment_status":"open","ping_status":"open","sticky":false,"template":"","format":"standard","meta":{"site-sidebar-layout":"default","site-content-layout":"","ast-site-content-layout":"default","site-content-style":"default","site-sidebar-style":"default","ast-global-header-display":"","ast-banner-title-visibility":"","ast-main-header-display":"","ast-hfb-above-header-display":"","ast-hfb-below-header-display":"","ast-hfb-mobile-header-display":"","site-post-title":"","ast-breadcrumbs-content":"","ast-featured-img":"","footer-sml-layout":"","ast-disable-related-posts":"","theme-transparent-header-meta":"","adv-header-id-meta":"","stick-header-meta":"","header-above-stick-meta":"","header-main-stick-meta":"","header-below-stick-meta":"","astra-migrate-meta-layouts":"default","ast-page-background-enabled":"default","ast-page-background-meta":{"desktop":{"background-color":"var(--ast-global-color-5)","background-image":"","background-repeat":"repeat","background-position":"center center","background-size":"auto","background-attachment":"scroll","background-type":"","background-media":"","overlay-type":"","overlay-color":"","overlay-opacity":"","overlay-gradient":""},"tablet":{"background-color":"","background-image":"","background-repeat":"repeat","background-position":"center center","background-size":"auto","background-attachment":"scroll","background-type":"","background-media":"","overlay-type":"","overlay-color":"","overlay-opacity":"","overlay-gradient":""},"mobile":{"background-color":"","background-image":"","background-repeat":"repeat","background-position":"center center","background-size":"auto","background-attachment":"scroll","background-type":"","background-media":"","overlay-type":"","overlay-color":"","overlay-opacity":"","overlay-gradient":""}},"ast-content-background-meta":{"desktop":{"background-color":"var(--ast-global-color-4)","background-image":"","background-repeat":"repeat","background-position":"center center","background-size":"auto","background-attachment":"scroll","background-type":"","background-media":"","overlay-type":"","overlay-color":"","overlay-opacity":"","overlay-gradient":""},"tablet":{"background-color":"var(--ast-global-color-4)","background-image":"","background-repeat":"repeat","background-position":"center center","background-size":"auto","background-attachment":"scroll","background-type":"","background-media":"","overlay-type":"","overlay-color":"","overlay-opacity":"","overlay-gradient":""},"mobile":{"background-color":"var(--ast-global-color-4)","background-image":"","background-repeat":"repeat","background-position":"center center","background-size":"auto","background-attachment":"scroll","background-type":"","background-media":"","overlay-type":"","overlay-color":"","overlay-opacity":"","overlay-gradient":""}},"footnotes":""},"categories":[1],"tags":[],"class_list":["post-80318","post","type-post","status-publish","format-standard","hentry","category-sem-categoria"],"yoast_head":"<!-- This site is optimized with the Yoast SEO plugin v26.6 - https:\/\/yoast.com\/wordpress\/plugins\/seo\/ -->\n<title>Vereador \u00c1lvaro Pires prestigia IV Semana Estadual de Combate ao Feminic\u00eddio na Casa da Mulher Brasileira - Daniel Matos<\/title>\n<meta name=\"robots\" content=\"index, follow, max-snippet:-1, max-image-preview:large, max-video-preview:-1\" \/>\n<link rel=\"canonical\" href=\"https:\/\/www.blogsoestado.com\/danielmatos\/vereador-alvaro-pires-prestigia-iv-semana-estadual-de-combate-ao-feminicidio-na-casa-da-mulher-brasileira\/\" \/>\n<meta property=\"og:locale\" content=\"pt_BR\" \/>\n<meta property=\"og:type\" content=\"article\" \/>\n<meta property=\"og:title\" content=\"Vereador \u00c1lvaro Pires prestigia IV Semana Estadual de Combate ao Feminic\u00eddio na Casa da Mulher Brasileira - Daniel Matos\" \/>\n<meta property=\"og:description\" content=\"O vereador eleito \u00c1lvaro Pires (PMN)\u00a0 prestigiou na tarde da \u00faltima ter\u00e7a-feira (24) o encerramento da IV Semana Estadual de [&hellip;]\" \/>\n<meta property=\"og:url\" content=\"https:\/\/www.blogsoestado.com\/danielmatos\/vereador-alvaro-pires-prestigia-iv-semana-estadual-de-combate-ao-feminicidio-na-casa-da-mulher-brasileira\/\" \/>\n<meta property=\"og:site_name\" content=\"Daniel Matos\" \/>\n<meta property=\"article:published_time\" content=\"2020-11-26T13:42:42+00:00\" \/>\n<meta name=\"twitter:card\" content=\"summary_large_image\" \/>\n<meta name=\"twitter:label1\" content=\"Est. tempo de leitura\" \/>\n\t<meta name=\"twitter:data1\" content=\"1 minuto\" \/>\n<script type=\"application\/ld+json\" class=\"yoast-schema-graph\">{\"@context\":\"https:\/\/schema.org\",\"@graph\":[{\"@type\":\"WebPage\",\"@id\":\"https:\/\/www.blogsoestado.com\/danielmatos\/vereador-alvaro-pires-prestigia-iv-semana-estadual-de-combate-ao-feminicidio-na-casa-da-mulher-brasileira\/\",\"url\":\"https:\/\/www.blogsoestado.com\/danielmatos\/vereador-alvaro-pires-prestigia-iv-semana-estadual-de-combate-ao-feminicidio-na-casa-da-mulher-brasileira\/\",\"name\":\"Vereador \u00c1lvaro Pires prestigia IV Semana Estadual de Combate ao Feminic\u00eddio na Casa da Mulher Brasileira - Daniel Matos\",\"isPartOf\":{\"@id\":\"https:\/\/www.blogsoestado.com\/danielmatos\/#website\"},\"datePublished\":\"2020-11-26T13:42:42+00:00\",\"author\":{\"@id\":\"\"},\"breadcrumb\":{\"@id\":\"https:\/\/www.blogsoestado.com\/danielmatos\/vereador-alvaro-pires-prestigia-iv-semana-estadual-de-combate-ao-feminicidio-na-casa-da-mulher-brasileira\/#breadcrumb\"},\"inLanguage\":\"pt-BR\",\"potentialAction\":[{\"@type\":\"ReadAction\",\"target\":[\"https:\/\/www.blogsoestado.com\/danielmatos\/vereador-alvaro-pires-prestigia-iv-semana-estadual-de-combate-ao-feminicidio-na-casa-da-mulher-brasileira\/\"]}]},{\"@type\":\"BreadcrumbList\",\"@id\":\"https:\/\/www.blogsoestado.com\/danielmatos\/vereador-alvaro-pires-prestigia-iv-semana-estadual-de-combate-ao-feminicidio-na-casa-da-mulher-brasileira\/#breadcrumb\",\"itemListElement\":[{\"@type\":\"ListItem\",\"position\":1,\"name\":\"In\u00edcio\",\"item\":\"https:\/\/www.blogsoestado.com\/danielmatos\/\"},{\"@type\":\"ListItem\",\"position\":2,\"name\":\"Vereador \u00c1lvaro Pires prestigia IV Semana Estadual de Combate ao Feminic\u00eddio na Casa da Mulher Brasileira\"}]},{\"@type\":\"WebSite\",\"@id\":\"https:\/\/www.blogsoestado.com\/danielmatos\/#website\",\"url\":\"https:\/\/www.blogsoestado.com\/danielmatos\/\",\"name\":\"Daniel Matos\",\"description\":\"\",\"potentialAction\":[{\"@type\":\"SearchAction\",\"target\":{\"@type\":\"EntryPoint\",\"urlTemplate\":\"https:\/\/www.blogsoestado.com\/danielmatos\/?s={search_term_string}\"},\"query-input\":{\"@type\":\"PropertyValueSpecification\",\"valueRequired\":true,\"valueName\":\"search_term_string\"}}],\"inLanguage\":\"pt-BR\"}]}<\/script>\n<!-- \/ Yoast SEO plugin. -->","yoast_head_json":{"title":"Vereador \u00c1lvaro Pires prestigia IV Semana Estadual de Combate ao Feminic\u00eddio na Casa da Mulher Brasileira - Daniel Matos","robots":{"index":"index","follow":"follow","max-snippet":"max-snippet:-1","max-image-preview":"max-image-preview:large","max-video-preview":"max-video-preview:-1"},"canonical":"https:\/\/www.blogsoestado.com\/danielmatos\/vereador-alvaro-pires-prestigia-iv-semana-estadual-de-combate-ao-feminicidio-na-casa-da-mulher-brasileira\/","og_locale":"pt_BR","og_type":"article","og_title":"Vereador \u00c1lvaro Pires prestigia IV Semana Estadual de Combate ao Feminic\u00eddio na Casa da Mulher Brasileira - Daniel Matos","og_description":"O vereador eleito \u00c1lvaro Pires (PMN)\u00a0 prestigiou na tarde da \u00faltima ter\u00e7a-feira (24) o encerramento da IV Semana Estadual de [&hellip;]","og_url":"https:\/\/www.blogsoestado.com\/danielmatos\/vereador-alvaro-pires-prestigia-iv-semana-estadual-de-combate-ao-feminicidio-na-casa-da-mulher-brasileira\/","og_site_name":"Daniel Matos","article_published_time":"2020-11-26T13:42:42+00:00","twitter_card":"summary_large_image","twitter_misc":{"Est. tempo de leitura":"1 minuto"},"schema":{"@context":"https:\/\/schema.org","@graph":[{"@type":"WebPage","@id":"https:\/\/www.blogsoestado.com\/danielmatos\/vereador-alvaro-pires-prestigia-iv-semana-estadual-de-combate-ao-feminicidio-na-casa-da-mulher-brasileira\/","url":"https:\/\/www.blogsoestado.com\/danielmatos\/vereador-alvaro-pires-prestigia-iv-semana-estadual-de-combate-ao-feminicidio-na-casa-da-mulher-brasileira\/","name":"Vereador \u00c1lvaro Pires prestigia IV Semana Estadual de Combate ao Feminic\u00eddio na Casa da Mulher Brasileira - Daniel Matos","isPartOf":{"@id":"https:\/\/www.blogsoestado.com\/danielmatos\/#website"},"datePublished":"2020-11-26T13:42:42+00:00","author":{"@id":""},"breadcrumb":{"@id":"https:\/\/www.blogsoestado.com\/danielmatos\/vereador-alvaro-pires-prestigia-iv-semana-estadual-de-combate-ao-feminicidio-na-casa-da-mulher-brasileira\/#breadcrumb"},"inLanguage":"pt-BR","potentialAction":[{"@type":"ReadAction","target":["https:\/\/www.blogsoestado.com\/danielmatos\/vereador-alvaro-pires-prestigia-iv-semana-estadual-de-combate-ao-feminicidio-na-casa-da-mulher-brasileira\/"]}]},{"@type":"BreadcrumbList","@id":"https:\/\/www.blogsoestado.com\/danielmatos\/vereador-alvaro-pires-prestigia-iv-semana-estadual-de-combate-ao-feminicidio-na-casa-da-mulher-brasileira\/#breadcrumb","itemListElement":[{"@type":"ListItem","position":1,"name":"In\u00edcio","item":"https:\/\/www.blogsoestado.com\/danielmatos\/"},{"@type":"ListItem","position":2,"name":"Vereador \u00c1lvaro Pires prestigia IV Semana Estadual de Combate ao Feminic\u00eddio na Casa da Mulher Brasileira"}]},{"@type":"WebSite","@id":"https:\/\/www.blogsoestado.com\/danielmatos\/#website","url":"https:\/\/www.blogsoestado.com\/danielmatos\/","name":"Daniel Matos","description":"","potentialAction":[{"@type":"SearchAction","target":{"@type":"EntryPoint","urlTemplate":"https:\/\/www.blogsoestado.com\/danielmatos\/?s={search_term_string}"},"query-input":{"@type":"PropertyValueSpecification","valueRequired":true,"valueName":"search_term_string"}}],"inLanguage":"pt-BR"}]}},"jetpack_featured_media_url":"","_links":{"self":[{"href":"https:\/\/www.blogsoestado.com\/danielmatos\/wp-json\/wp\/v2\/posts\/80318","targetHints":{"allow":["GET"]}}],"collection":[{"href":"https:\/\/www.blogsoestado.com\/danielmatos\/wp-json\/wp\/v2\/posts"}],"about":[{"href":"https:\/\/www.blogsoestado.com\/danielmatos\/wp-json\/wp\/v2\/types\/post"}],"replies":[{"embeddable":true,"href":"https:\/\/www.blogsoestado.com\/danielmatos\/wp-json\/wp\/v2\/comments?post=80318"}],"version-history":[{"count":0,"href":"https:\/\/www.blogsoestado.com\/danielmatos\/wp-json\/wp\/v2\/posts\/80318\/revisions"}],"wp:attachment":[{"href":"https:\/\/www.blogsoestado.com\/danielmatos\/wp-json\/wp\/v2\/media?parent=80318"}],"wp:term":[{"taxonomy":"category","embeddable":true,"href":"https:\/\/www.blogsoestado.com\/danielmatos\/wp-json\/wp\/v2\/categories?post=80318"},{"taxonomy":"post_tag","embeddable":true,"href":"https:\/\/www.blogsoestado.com\/danielmatos\/wp-json\/wp\/v2\/tags?post=80318"}],"curies":[{"name":"wp","href":"https:\/\/api.w.org\/{rel}","templated":true}]}}