{"id":80353,"date":"2020-11-26T20:40:20","date_gmt":"2020-11-26T23:40:20","guid":{"rendered":"https:\/\/www.blogsoestado.com\/danielmatos\/?p=80353"},"modified":"2020-11-26T20:40:20","modified_gmt":"2020-11-26T23:40:20","slug":"alucinado-pelo-segundo-turno-flavio-dino-ignora-risco-de-segunda-onda-da-covid-19-e-comera-aglomeracao-em-ato-de-campanha-de-duarte","status":"publish","type":"post","link":"https:\/\/www.blogsoestado.com\/danielmatos\/alucinado-pelo-segundo-turno-flavio-dino-ignora-risco-de-segunda-onda-da-covid-19-e-comera-aglomeracao-em-ato-de-campanha-de-duarte\/","title":{"rendered":"Alucinado no segundo turno, Fl\u00e1vio Dino ignora risco de segunda onda da Covid-19 e comemora aglomera\u00e7\u00e3o em ato de campanha de Duarte"},"content":{"rendered":"\n<p class=\"has-text-color has-huge-font-size has-vivid-red-color\">Internautas criticaram duramente o comportamento insano do governador comunista<\/p>\n\n\n\n<div class=\"wp-block-image\"><figure class=\"aligncenter size-large\"><img decoding=\"async\" src=\"https:\/\/www.blogsoestado.com\/danielmatos\/files\/2020\/11\/Screenshot_20201126-2040302.png\" alt=\"\" class=\"wp-image-80356\"\/><figcaption>Postagem de Fl\u00e1vio Dino durante o ato de campanha com perigosa aglomera\u00e7\u00e3o promovido po aliado Duarte Jr.<\/figcaption><\/figure><\/div>\n\n\n\n<p>O governador Fl\u00e1vio Dino (PCdoB) extrapolou todos os limites do bom senso e da sanidade ao repercutir e comemorar uma aglomera\u00e7\u00e3o durante um ato de campanha do aliado Duarte Jr. (Republicanos) em plena pandemia do novo coronav\u00edrus, que no Maranh\u00e3o j\u00e1 registrou mais de 192 mil casos e j\u00e1 matou 4.256 pessoas.<\/p>\n\n\n\n<p>O evento de campanha de Duarte Jr. aconteceu na noite dessa quarta-feira (25), na Pra\u00e7a Deodoro, e reuniu uma multid\u00e3o de militantes e apoiadores do candidato palaciano \u00e0 Prefeitura de S\u00e3o Lu\u00eds, al\u00e9m de um numeroso contingente de pessoas contratadas para aumentar a claque. A maioria dos participantes n\u00e3o usava m\u00e1scara nem adotou outras medidas de preven\u00e7\u00e3o \u00e0 Covid-19.<\/p>\n\n\n\n<p>Mesmo com o perigo cada vez mais real de uma segunda onda de cont\u00e1gio pelo novo coronav\u00edrus na capital e nos demais munic\u00edpios do estado, o grupo liderado pelo governador, que deveria dar exemplo e evitar a exposi\u00e7\u00e3o da popula\u00e7\u00e3o \u00e0 doen\u00e7a, protagonizou momentos de extrema irresponsabilidade com a sa\u00fade p\u00fablica e a vida.<\/p>\n\n\n\n<p>Coube ao pr\u00f3prio Fl\u00e1vio Dino uma das re\u00e7\u00f5es mais empolgadas ao ato de campanha, ignorando a amea\u00e7a coletiva perpetrada em pra\u00e7a p\u00fablica. Tamanho absurdo poder\u00e1 render ao comunista m\u00faltiplas puni\u00e7\u00f5es: a derrota nas urnas, o desgaste popular e, quem sabe, nos tribunais, se o rigor da lei for verdadeiramente aplicado.<\/p>\n\n\n\n<p><strong>Internautas repudiam<\/strong><\/p>\n\n\n\n<div class=\"wp-block-image\"><figure class=\"aligncenter size-large\"><img decoding=\"async\" src=\"https:\/\/www.blogsoestado.com\/danielmatos\/files\/2020\/11\/Screenshot_20201126-2114422-586x1024.png\" alt=\"\" class=\"wp-image-80357\"\/><figcaption>Internautas manifestam rep\u00fadio \u00e0 atitude de Fl\u00e1vio Dino de comemorar a aglomera\u00e7\u00e3o<\/figcaption><\/figure><\/div>\n\n\n\n<p>A m\u00e1 repercuss\u00e3o \u00e0 aglomera\u00e7\u00e3o promovida pelo candidato Duarte Jr., com total aprova\u00e7\u00e3o e patroc\u00ednio do governador, foi maci\u00e7a nas redes sociais. Centenas de cidad\u00e3os manifestaram reprova\u00e7\u00e3o ao ato tresloucado, inclusive com insultos e ofensas.<\/p>\n\n\n\n<p>A maioria condenou tanto o evento, quanto a postagem do comunista, alertando para o grave risco ao qual todos os presentes foram expostos durante a concentra\u00e7\u00e3o pol\u00edtica, que da forma como ocorreu, n\u00e3o passou de mais um foco de contamina\u00e7\u00e3o.<\/p>\n\n\n\n<p>Houve quem chamasse Fl\u00e1vio Dino de hip\u00f3crita e at\u00e9 mesmo quem outrora demonstrava total devo\u00e7\u00e3o ao governador trocou o discurso pr\u00f3-governo por desabafos. De fato, assim fica dif\u00edcil defender.<\/p>\n","protected":false},"excerpt":{"rendered":"<p>Internautas criticaram duramente o comportamento insano do governador comunista O governador Fl\u00e1vio Dino (PCdoB) extrapolou todos os limites do bom [&hellip;]<\/p>\n","protected":false},"author":0,"featured_media":0,"comment_status":"open","ping_status":"open","sticky":false,"template":"","format":"standard","meta":{"site-sidebar-layout":"default","site-content-layout":"","ast-site-content-layout":"default","site-content-style":"default","site-sidebar-style":"default","ast-global-header-display":"","ast-banner-title-visibility":"","ast-main-header-display":"","ast-hfb-above-header-display":"","ast-hfb-below-header-display":"","ast-hfb-mobile-header-display":"","site-post-title":"","ast-breadcrumbs-content":"","ast-featured-img":"","footer-sml-layout":"","ast-disable-related-posts":"","theme-transparent-header-meta":"","adv-header-id-meta":"","stick-header-meta":"","header-above-stick-meta":"","header-main-stick-meta":"","header-below-stick-meta":"","astra-migrate-meta-layouts":"default","ast-page-background-enabled":"default","ast-page-background-meta":{"desktop":{"background-color":"var(--ast-global-color-5)","background-image":"","background-repeat":"repeat","background-position":"center center","background-size":"auto","background-attachment":"scroll","background-type":"","background-media":"","overlay-type":"","overlay-color":"","overlay-opacity":"","overlay-gradient":""},"tablet":{"background-color":"","background-image":"","background-repeat":"repeat","background-position":"center center","background-size":"auto","background-attachment":"scroll","background-type":"","background-media":"","overlay-type":"","overlay-color":"","overlay-opacity":"","overlay-gradient":""},"mobile":{"background-color":"","background-image":"","background-repeat":"repeat","background-position":"center center","background-size":"auto","background-attachment":"scroll","background-type":"","background-media":"","overlay-type":"","overlay-color":"","overlay-opacity":"","overlay-gradient":""}},"ast-content-background-meta":{"desktop":{"background-color":"var(--ast-global-color-4)","background-image":"","background-repeat":"repeat","background-position":"center center","background-size":"auto","background-attachment":"scroll","background-type":"","background-media":"","overlay-type":"","overlay-color":"","overlay-opacity":"","overlay-gradient":""},"tablet":{"background-color":"var(--ast-global-color-4)","background-image":"","background-repeat":"repeat","background-position":"center center","background-size":"auto","background-attachment":"scroll","background-type":"","background-media":"","overlay-type":"","overlay-color":"","overlay-opacity":"","overlay-gradient":""},"mobile":{"background-color":"var(--ast-global-color-4)","background-image":"","background-repeat":"repeat","background-position":"center center","background-size":"auto","background-attachment":"scroll","background-type":"","background-media":"","overlay-type":"","overlay-color":"","overlay-opacity":"","overlay-gradient":""}},"footnotes":""},"categories":[1],"tags":[],"class_list":["post-80353","post","type-post","status-publish","format-standard","hentry","category-sem-categoria"],"yoast_head":"<!-- This site is optimized with the Yoast SEO plugin v26.6 - https:\/\/yoast.com\/wordpress\/plugins\/seo\/ -->\n<title>Alucinado no segundo turno, Fl\u00e1vio Dino ignora risco de segunda onda da Covid-19 e comemora aglomera\u00e7\u00e3o em ato de campanha de Duarte - Daniel Matos<\/title>\n<meta name=\"robots\" content=\"index, follow, max-snippet:-1, max-image-preview:large, max-video-preview:-1\" \/>\n<link rel=\"canonical\" href=\"https:\/\/www.blogsoestado.com\/danielmatos\/alucinado-pelo-segundo-turno-flavio-dino-ignora-risco-de-segunda-onda-da-covid-19-e-comera-aglomeracao-em-ato-de-campanha-de-duarte\/\" \/>\n<meta property=\"og:locale\" content=\"pt_BR\" \/>\n<meta property=\"og:type\" content=\"article\" \/>\n<meta property=\"og:title\" content=\"Alucinado no segundo turno, Fl\u00e1vio Dino ignora risco de segunda onda da Covid-19 e comemora aglomera\u00e7\u00e3o em ato de campanha de Duarte - Daniel Matos\" \/>\n<meta property=\"og:description\" content=\"Internautas criticaram duramente o comportamento insano do governador comunista O governador Fl\u00e1vio Dino (PCdoB) extrapolou todos os limites do bom [&hellip;]\" \/>\n<meta property=\"og:url\" content=\"https:\/\/www.blogsoestado.com\/danielmatos\/alucinado-pelo-segundo-turno-flavio-dino-ignora-risco-de-segunda-onda-da-covid-19-e-comera-aglomeracao-em-ato-de-campanha-de-duarte\/\" \/>\n<meta property=\"og:site_name\" content=\"Daniel Matos\" \/>\n<meta property=\"article:published_time\" content=\"2020-11-26T23:40:20+00:00\" \/>\n<meta property=\"og:image\" content=\"https:\/\/www.blogsoestado.com\/danielmatos\/files\/2020\/11\/Screenshot_20201126-2040302.png\" \/>\n<meta name=\"twitter:card\" content=\"summary_large_image\" \/>\n<meta name=\"twitter:label1\" content=\"Est. tempo de leitura\" \/>\n\t<meta name=\"twitter:data1\" content=\"2 minutos\" \/>\n<script type=\"application\/ld+json\" class=\"yoast-schema-graph\">{\"@context\":\"https:\/\/schema.org\",\"@graph\":[{\"@type\":\"WebPage\",\"@id\":\"https:\/\/www.blogsoestado.com\/danielmatos\/alucinado-pelo-segundo-turno-flavio-dino-ignora-risco-de-segunda-onda-da-covid-19-e-comera-aglomeracao-em-ato-de-campanha-de-duarte\/\",\"url\":\"https:\/\/www.blogsoestado.com\/danielmatos\/alucinado-pelo-segundo-turno-flavio-dino-ignora-risco-de-segunda-onda-da-covid-19-e-comera-aglomeracao-em-ato-de-campanha-de-duarte\/\",\"name\":\"Alucinado no segundo turno, Fl\u00e1vio Dino ignora risco de segunda onda da Covid-19 e comemora aglomera\u00e7\u00e3o em ato de campanha de Duarte - Daniel Matos\",\"isPartOf\":{\"@id\":\"https:\/\/www.blogsoestado.com\/danielmatos\/#website\"},\"primaryImageOfPage\":{\"@id\":\"https:\/\/www.blogsoestado.com\/danielmatos\/alucinado-pelo-segundo-turno-flavio-dino-ignora-risco-de-segunda-onda-da-covid-19-e-comera-aglomeracao-em-ato-de-campanha-de-duarte\/#primaryimage\"},\"image\":{\"@id\":\"https:\/\/www.blogsoestado.com\/danielmatos\/alucinado-pelo-segundo-turno-flavio-dino-ignora-risco-de-segunda-onda-da-covid-19-e-comera-aglomeracao-em-ato-de-campanha-de-duarte\/#primaryimage\"},\"thumbnailUrl\":\"https:\/\/www.blogsoestado.com\/danielmatos\/files\/2020\/11\/Screenshot_20201126-2040302.png\",\"datePublished\":\"2020-11-26T23:40:20+00:00\",\"author\":{\"@id\":\"\"},\"breadcrumb\":{\"@id\":\"https:\/\/www.blogsoestado.com\/danielmatos\/alucinado-pelo-segundo-turno-flavio-dino-ignora-risco-de-segunda-onda-da-covid-19-e-comera-aglomeracao-em-ato-de-campanha-de-duarte\/#breadcrumb\"},\"inLanguage\":\"pt-BR\",\"potentialAction\":[{\"@type\":\"ReadAction\",\"target\":[\"https:\/\/www.blogsoestado.com\/danielmatos\/alucinado-pelo-segundo-turno-flavio-dino-ignora-risco-de-segunda-onda-da-covid-19-e-comera-aglomeracao-em-ato-de-campanha-de-duarte\/\"]}]},{\"@type\":\"ImageObject\",\"inLanguage\":\"pt-BR\",\"@id\":\"https:\/\/www.blogsoestado.com\/danielmatos\/alucinado-pelo-segundo-turno-flavio-dino-ignora-risco-de-segunda-onda-da-covid-19-e-comera-aglomeracao-em-ato-de-campanha-de-duarte\/#primaryimage\",\"url\":\"https:\/\/www.blogsoestado.com\/danielmatos\/files\/2020\/11\/Screenshot_20201126-2040302.png\",\"contentUrl\":\"https:\/\/www.blogsoestado.com\/danielmatos\/files\/2020\/11\/Screenshot_20201126-2040302.png\"},{\"@type\":\"BreadcrumbList\",\"@id\":\"https:\/\/www.blogsoestado.com\/danielmatos\/alucinado-pelo-segundo-turno-flavio-dino-ignora-risco-de-segunda-onda-da-covid-19-e-comera-aglomeracao-em-ato-de-campanha-de-duarte\/#breadcrumb\",\"itemListElement\":[{\"@type\":\"ListItem\",\"position\":1,\"name\":\"In\u00edcio\",\"item\":\"https:\/\/www.blogsoestado.com\/danielmatos\/\"},{\"@type\":\"ListItem\",\"position\":2,\"name\":\"Alucinado no segundo turno, Fl\u00e1vio Dino ignora risco de segunda onda da Covid-19 e comemora aglomera\u00e7\u00e3o em ato de campanha de Duarte\"}]},{\"@type\":\"WebSite\",\"@id\":\"https:\/\/www.blogsoestado.com\/danielmatos\/#website\",\"url\":\"https:\/\/www.blogsoestado.com\/danielmatos\/\",\"name\":\"Daniel Matos\",\"description\":\"\",\"potentialAction\":[{\"@type\":\"SearchAction\",\"target\":{\"@type\":\"EntryPoint\",\"urlTemplate\":\"https:\/\/www.blogsoestado.com\/danielmatos\/?s={search_term_string}\"},\"query-input\":{\"@type\":\"PropertyValueSpecification\",\"valueRequired\":true,\"valueName\":\"search_term_string\"}}],\"inLanguage\":\"pt-BR\"}]}<\/script>\n<!-- \/ Yoast SEO plugin. -->","yoast_head_json":{"title":"Alucinado no segundo turno, Fl\u00e1vio Dino ignora risco de segunda onda da Covid-19 e comemora aglomera\u00e7\u00e3o em ato de campanha de Duarte - Daniel Matos","robots":{"index":"index","follow":"follow","max-snippet":"max-snippet:-1","max-image-preview":"max-image-preview:large","max-video-preview":"max-video-preview:-1"},"canonical":"https:\/\/www.blogsoestado.com\/danielmatos\/alucinado-pelo-segundo-turno-flavio-dino-ignora-risco-de-segunda-onda-da-covid-19-e-comera-aglomeracao-em-ato-de-campanha-de-duarte\/","og_locale":"pt_BR","og_type":"article","og_title":"Alucinado no segundo turno, Fl\u00e1vio Dino ignora risco de segunda onda da Covid-19 e comemora aglomera\u00e7\u00e3o em ato de campanha de Duarte - Daniel Matos","og_description":"Internautas criticaram duramente o comportamento insano do governador comunista O governador Fl\u00e1vio Dino (PCdoB) extrapolou todos os limites do bom [&hellip;]","og_url":"https:\/\/www.blogsoestado.com\/danielmatos\/alucinado-pelo-segundo-turno-flavio-dino-ignora-risco-de-segunda-onda-da-covid-19-e-comera-aglomeracao-em-ato-de-campanha-de-duarte\/","og_site_name":"Daniel Matos","article_published_time":"2020-11-26T23:40:20+00:00","og_image":[{"url":"https:\/\/www.blogsoestado.com\/danielmatos\/files\/2020\/11\/Screenshot_20201126-2040302.png","type":"","width":"","height":""}],"twitter_card":"summary_large_image","twitter_misc":{"Est. tempo de leitura":"2 minutos"},"schema":{"@context":"https:\/\/schema.org","@graph":[{"@type":"WebPage","@id":"https:\/\/www.blogsoestado.com\/danielmatos\/alucinado-pelo-segundo-turno-flavio-dino-ignora-risco-de-segunda-onda-da-covid-19-e-comera-aglomeracao-em-ato-de-campanha-de-duarte\/","url":"https:\/\/www.blogsoestado.com\/danielmatos\/alucinado-pelo-segundo-turno-flavio-dino-ignora-risco-de-segunda-onda-da-covid-19-e-comera-aglomeracao-em-ato-de-campanha-de-duarte\/","name":"Alucinado no segundo turno, Fl\u00e1vio Dino ignora risco de segunda onda da Covid-19 e comemora aglomera\u00e7\u00e3o em ato de campanha de Duarte - Daniel Matos","isPartOf":{"@id":"https:\/\/www.blogsoestado.com\/danielmatos\/#website"},"primaryImageOfPage":{"@id":"https:\/\/www.blogsoestado.com\/danielmatos\/alucinado-pelo-segundo-turno-flavio-dino-ignora-risco-de-segunda-onda-da-covid-19-e-comera-aglomeracao-em-ato-de-campanha-de-duarte\/#primaryimage"},"image":{"@id":"https:\/\/www.blogsoestado.com\/danielmatos\/alucinado-pelo-segundo-turno-flavio-dino-ignora-risco-de-segunda-onda-da-covid-19-e-comera-aglomeracao-em-ato-de-campanha-de-duarte\/#primaryimage"},"thumbnailUrl":"https:\/\/www.blogsoestado.com\/danielmatos\/files\/2020\/11\/Screenshot_20201126-2040302.png","datePublished":"2020-11-26T23:40:20+00:00","author":{"@id":""},"breadcrumb":{"@id":"https:\/\/www.blogsoestado.com\/danielmatos\/alucinado-pelo-segundo-turno-flavio-dino-ignora-risco-de-segunda-onda-da-covid-19-e-comera-aglomeracao-em-ato-de-campanha-de-duarte\/#breadcrumb"},"inLanguage":"pt-BR","potentialAction":[{"@type":"ReadAction","target":["https:\/\/www.blogsoestado.com\/danielmatos\/alucinado-pelo-segundo-turno-flavio-dino-ignora-risco-de-segunda-onda-da-covid-19-e-comera-aglomeracao-em-ato-de-campanha-de-duarte\/"]}]},{"@type":"ImageObject","inLanguage":"pt-BR","@id":"https:\/\/www.blogsoestado.com\/danielmatos\/alucinado-pelo-segundo-turno-flavio-dino-ignora-risco-de-segunda-onda-da-covid-19-e-comera-aglomeracao-em-ato-de-campanha-de-duarte\/#primaryimage","url":"https:\/\/www.blogsoestado.com\/danielmatos\/files\/2020\/11\/Screenshot_20201126-2040302.png","contentUrl":"https:\/\/www.blogsoestado.com\/danielmatos\/files\/2020\/11\/Screenshot_20201126-2040302.png"},{"@type":"BreadcrumbList","@id":"https:\/\/www.blogsoestado.com\/danielmatos\/alucinado-pelo-segundo-turno-flavio-dino-ignora-risco-de-segunda-onda-da-covid-19-e-comera-aglomeracao-em-ato-de-campanha-de-duarte\/#breadcrumb","itemListElement":[{"@type":"ListItem","position":1,"name":"In\u00edcio","item":"https:\/\/www.blogsoestado.com\/danielmatos\/"},{"@type":"ListItem","position":2,"name":"Alucinado no segundo turno, Fl\u00e1vio Dino ignora risco de segunda onda da Covid-19 e comemora aglomera\u00e7\u00e3o em ato de campanha de Duarte"}]},{"@type":"WebSite","@id":"https:\/\/www.blogsoestado.com\/danielmatos\/#website","url":"https:\/\/www.blogsoestado.com\/danielmatos\/","name":"Daniel Matos","description":"","potentialAction":[{"@type":"SearchAction","target":{"@type":"EntryPoint","urlTemplate":"https:\/\/www.blogsoestado.com\/danielmatos\/?s={search_term_string}"},"query-input":{"@type":"PropertyValueSpecification","valueRequired":true,"valueName":"search_term_string"}}],"inLanguage":"pt-BR"}]}},"jetpack_featured_media_url":"","_links":{"self":[{"href":"https:\/\/www.blogsoestado.com\/danielmatos\/wp-json\/wp\/v2\/posts\/80353","targetHints":{"allow":["GET"]}}],"collection":[{"href":"https:\/\/www.blogsoestado.com\/danielmatos\/wp-json\/wp\/v2\/posts"}],"about":[{"href":"https:\/\/www.blogsoestado.com\/danielmatos\/wp-json\/wp\/v2\/types\/post"}],"replies":[{"embeddable":true,"href":"https:\/\/www.blogsoestado.com\/danielmatos\/wp-json\/wp\/v2\/comments?post=80353"}],"version-history":[{"count":0,"href":"https:\/\/www.blogsoestado.com\/danielmatos\/wp-json\/wp\/v2\/posts\/80353\/revisions"}],"wp:attachment":[{"href":"https:\/\/www.blogsoestado.com\/danielmatos\/wp-json\/wp\/v2\/media?parent=80353"}],"wp:term":[{"taxonomy":"category","embeddable":true,"href":"https:\/\/www.blogsoestado.com\/danielmatos\/wp-json\/wp\/v2\/categories?post=80353"},{"taxonomy":"post_tag","embeddable":true,"href":"https:\/\/www.blogsoestado.com\/danielmatos\/wp-json\/wp\/v2\/tags?post=80353"}],"curies":[{"name":"wp","href":"https:\/\/api.w.org\/{rel}","templated":true}]}}