{"id":80504,"date":"2020-12-01T01:08:28","date_gmt":"2020-12-01T04:08:28","guid":{"rendered":"https:\/\/www.blogsoestado.com\/danielmatos\/?p=80504"},"modified":"2020-12-01T01:08:28","modified_gmt":"2020-12-01T04:08:28","slug":"xii-semana-cientifica-e-ii-coloquio-internacional-movimentam-fai-isec-em-caxias","status":"publish","type":"post","link":"https:\/\/www.blogsoestado.com\/danielmatos\/xii-semana-cientifica-e-ii-coloquio-internacional-movimentam-fai-isec-em-caxias\/","title":{"rendered":"XII Semana Cient\u00edfica e II Col\u00f3quio Internacional movimentam FAI-ISEC, em Caxias"},"content":{"rendered":"\n<div class=\"wp-block-image\"><figure class=\"aligncenter size-large\"><img decoding=\"async\" src=\"https:\/\/www.blogsoestado.com\/danielmatos\/files\/2020\/12\/IMG-20201127-WA0307.jpg\" alt=\"\" class=\"wp-image-80505\"\/><\/figure><\/div>\n\n\n\n<p>A Faculdade do Fale do Itapecuru e Instituto Superior de Educa\u00e7\u00e3o (FAI-ISEC) realizou, entre os dias 25 e 27 de novembro, a XII Semana Cient\u00edfica e o II Col\u00f3quio Internacional, que movimentaram a institui\u00e7\u00e3o, localizada em Caxias. O evento acad\u00e9mico teve como objetivo promover a culmin\u00e2ncia da pesquisa, do ensino e da extens\u00e3o por meio da produ\u00e7\u00e3o cient\u00edfica e do debate cr\u00edtico, metas priorit\u00e1rias da institui\u00e7\u00e3o de ensino superior junto \u00e0 sociedade.<\/p>\n\n\n\n<div class=\"wp-block-image\"><figure class=\"aligncenter size-large\"><img decoding=\"async\" src=\"https:\/\/www.blogsoestado.com\/danielmatos\/files\/2020\/12\/IMG-20201127-WA0306.jpg\" alt=\"\" class=\"wp-image-80506\"\/><\/figure><\/div>\n\n\n\n<p>Em tr\u00eas dias de programa\u00e7\u00e3o, a XII Semana Cient\u00edfica e o II Col\u00f3quio Internacional da FAI-ISEC repetiram o sucesso das edi\u00e7\u00f5es anteriores e novamente entraram para a hist\u00f3ria pelo legado de aprendizado compartilhado pelos estudantes, gra\u00e7as \u00e0 compet\u00eancia t\u00e9cnica e cient\u00edfica dos professores e de toda a equipe envolvida.<\/p>\n\n\n\n<div class=\"wp-block-image\"><figure class=\"aligncenter size-large\"><img decoding=\"async\" src=\"https:\/\/www.blogsoestado.com\/danielmatos\/files\/2020\/12\/IMG-20201127-WA0304.jpg\" alt=\"\" class=\"wp-image-80507\"\/><\/figure><\/div>\n\n\n\n<p><div><div>Durante o evento, o foco foi promover a pesquisa cient\u00edfica, divulgando seus resultados e estimulando o debate interativo entre docentes, graduandos e p\u00f3s-graduandos (lato sensu e stricto sensu) e demais membros com interesses afins.<\/div><\/div><\/p>\n\n\n\n<p><strong>Magnitude<\/strong><\/p>\n\n\n\n<div class=\"wp-block-image\"><figure class=\"aligncenter size-large\"><img decoding=\"async\" src=\"https:\/\/www.blogsoestado.com\/danielmatos\/files\/2020\/12\/IMG-20201127-WA0305.jpg\" alt=\"\" class=\"wp-image-80508\"\/><\/figure><\/div>\n\n\n\n<p><div><div>Considerado o maior evento cient\u00edfico da Regi\u00e3o dos Cocais, a semana acad\u00eamica e o col\u00f3quio internacional t\u00eam proje\u00e7\u00e3o crescente a cada ano por incentivar, compartilhar e divulgar a produ\u00e7\u00e3o cient\u00edfica, por meio de palestras, minicursos, mesas redondas e apresenta\u00e7\u00e3o de trabalhos acad\u00e9micos produzidos por alunos e professores de todas as institui\u00e7\u00f5es de Caxias e regi\u00e3o.<\/div><\/div><\/p>\n\n\n\n<div class=\"wp-block-image\"><figure class=\"aligncenter size-large\"><img decoding=\"async\" src=\"https:\/\/www.blogsoestado.com\/danielmatos\/files\/2020\/12\/IMG-20201127-WA0303-1024x768.jpg\" alt=\"\" class=\"wp-image-80509\"\/><figcaption>Coordenador de Marketing da FAI-ISEC, Manlio Jordan, destaca os 19 anos de atua\u00e7\u00e3o da institui\u00e7\u00e3o no mercado de ensino superior de Caxias<\/figcaption><\/figure><\/div>\n\n\n\n<p><div><div>O coordenador de Marketing da FAI-ISEC, Manlio Jordan, afirma que a cidade de Caxias, sendo um polo universit\u00e1rio como \u00e9, s\u00f3 tem a ganhar com o trabalho  em prol da ci\u00eancia realizado pela institui\u00e7\u00e3o educacional, que atua h\u00e1 19 anos no mercado de ensino superior. <\/div><\/div><\/p>\n\n\n\n<p>Manlio Jordan informou que nessa segunda-feira (30) come\u00e7aram os preparativos para o novo vestibular 2021.1 e para o ingresso nas p\u00f3s-gradua\u00e7\u00f5es.<\/p>\n","protected":false},"excerpt":{"rendered":"<p>A Faculdade do Fale do Itapecuru e Instituto Superior de Educa\u00e7\u00e3o (FAI-ISEC) realizou, entre os dias 25 e 27 de [&hellip;]<\/p>\n","protected":false},"author":0,"featured_media":0,"comment_status":"open","ping_status":"open","sticky":false,"template":"","format":"standard","meta":{"site-sidebar-layout":"default","site-content-layout":"","ast-site-content-layout":"default","site-content-style":"default","site-sidebar-style":"default","ast-global-header-display":"","ast-banner-title-visibility":"","ast-main-header-display":"","ast-hfb-above-header-display":"","ast-hfb-below-header-display":"","ast-hfb-mobile-header-display":"","site-post-title":"","ast-breadcrumbs-content":"","ast-featured-img":"","footer-sml-layout":"","ast-disable-related-posts":"","theme-transparent-header-meta":"","adv-header-id-meta":"","stick-header-meta":"","header-above-stick-meta":"","header-main-stick-meta":"","header-below-stick-meta":"","astra-migrate-meta-layouts":"default","ast-page-background-enabled":"default","ast-page-background-meta":{"desktop":{"background-color":"var(--ast-global-color-5)","background-image":"","background-repeat":"repeat","background-position":"center center","background-size":"auto","background-attachment":"scroll","background-type":"","background-media":"","overlay-type":"","overlay-color":"","overlay-opacity":"","overlay-gradient":""},"tablet":{"background-color":"","background-image":"","background-repeat":"repeat","background-position":"center center","background-size":"auto","background-attachment":"scroll","background-type":"","background-media":"","overlay-type":"","overlay-color":"","overlay-opacity":"","overlay-gradient":""},"mobile":{"background-color":"","background-image":"","background-repeat":"repeat","background-position":"center center","background-size":"auto","background-attachment":"scroll","background-type":"","background-media":"","overlay-type":"","overlay-color":"","overlay-opacity":"","overlay-gradient":""}},"ast-content-background-meta":{"desktop":{"background-color":"var(--ast-global-color-4)","background-image":"","background-repeat":"repeat","background-position":"center center","background-size":"auto","background-attachment":"scroll","background-type":"","background-media":"","overlay-type":"","overlay-color":"","overlay-opacity":"","overlay-gradient":""},"tablet":{"background-color":"var(--ast-global-color-4)","background-image":"","background-repeat":"repeat","background-position":"center center","background-size":"auto","background-attachment":"scroll","background-type":"","background-media":"","overlay-type":"","overlay-color":"","overlay-opacity":"","overlay-gradient":""},"mobile":{"background-color":"var(--ast-global-color-4)","background-image":"","background-repeat":"repeat","background-position":"center center","background-size":"auto","background-attachment":"scroll","background-type":"","background-media":"","overlay-type":"","overlay-color":"","overlay-opacity":"","overlay-gradient":""}},"footnotes":""},"categories":[1],"tags":[],"class_list":["post-80504","post","type-post","status-publish","format-standard","hentry","category-sem-categoria"],"yoast_head":"<!-- This site is optimized with the Yoast SEO plugin v26.6 - https:\/\/yoast.com\/wordpress\/plugins\/seo\/ -->\n<title>XII Semana Cient\u00edfica e II Col\u00f3quio Internacional movimentam FAI-ISEC, em Caxias - Daniel Matos<\/title>\n<meta name=\"robots\" content=\"index, follow, max-snippet:-1, max-image-preview:large, max-video-preview:-1\" \/>\n<link rel=\"canonical\" href=\"https:\/\/www.blogsoestado.com\/danielmatos\/xii-semana-cientifica-e-ii-coloquio-internacional-movimentam-fai-isec-em-caxias\/\" \/>\n<meta property=\"og:locale\" content=\"pt_BR\" \/>\n<meta property=\"og:type\" content=\"article\" \/>\n<meta property=\"og:title\" content=\"XII Semana Cient\u00edfica e II Col\u00f3quio Internacional movimentam FAI-ISEC, em Caxias - Daniel Matos\" \/>\n<meta property=\"og:description\" content=\"A Faculdade do Fale do Itapecuru e Instituto Superior de Educa\u00e7\u00e3o (FAI-ISEC) realizou, entre os dias 25 e 27 de [&hellip;]\" \/>\n<meta property=\"og:url\" content=\"https:\/\/www.blogsoestado.com\/danielmatos\/xii-semana-cientifica-e-ii-coloquio-internacional-movimentam-fai-isec-em-caxias\/\" \/>\n<meta property=\"og:site_name\" content=\"Daniel Matos\" \/>\n<meta property=\"article:published_time\" content=\"2020-12-01T04:08:28+00:00\" \/>\n<meta property=\"og:image\" content=\"https:\/\/www.blogsoestado.com\/danielmatos\/files\/2020\/12\/IMG-20201127-WA0307.jpg\" \/>\n<meta name=\"twitter:card\" content=\"summary_large_image\" \/>\n<meta name=\"twitter:label1\" content=\"Est. tempo de leitura\" \/>\n\t<meta name=\"twitter:data1\" content=\"2 minutos\" \/>\n<script type=\"application\/ld+json\" class=\"yoast-schema-graph\">{\"@context\":\"https:\/\/schema.org\",\"@graph\":[{\"@type\":\"WebPage\",\"@id\":\"https:\/\/www.blogsoestado.com\/danielmatos\/xii-semana-cientifica-e-ii-coloquio-internacional-movimentam-fai-isec-em-caxias\/\",\"url\":\"https:\/\/www.blogsoestado.com\/danielmatos\/xii-semana-cientifica-e-ii-coloquio-internacional-movimentam-fai-isec-em-caxias\/\",\"name\":\"XII Semana Cient\u00edfica e II Col\u00f3quio Internacional movimentam FAI-ISEC, em Caxias - Daniel Matos\",\"isPartOf\":{\"@id\":\"https:\/\/www.blogsoestado.com\/danielmatos\/#website\"},\"primaryImageOfPage\":{\"@id\":\"https:\/\/www.blogsoestado.com\/danielmatos\/xii-semana-cientifica-e-ii-coloquio-internacional-movimentam-fai-isec-em-caxias\/#primaryimage\"},\"image\":{\"@id\":\"https:\/\/www.blogsoestado.com\/danielmatos\/xii-semana-cientifica-e-ii-coloquio-internacional-movimentam-fai-isec-em-caxias\/#primaryimage\"},\"thumbnailUrl\":\"https:\/\/www.blogsoestado.com\/danielmatos\/files\/2020\/12\/IMG-20201127-WA0307.jpg\",\"datePublished\":\"2020-12-01T04:08:28+00:00\",\"author\":{\"@id\":\"\"},\"breadcrumb\":{\"@id\":\"https:\/\/www.blogsoestado.com\/danielmatos\/xii-semana-cientifica-e-ii-coloquio-internacional-movimentam-fai-isec-em-caxias\/#breadcrumb\"},\"inLanguage\":\"pt-BR\",\"potentialAction\":[{\"@type\":\"ReadAction\",\"target\":[\"https:\/\/www.blogsoestado.com\/danielmatos\/xii-semana-cientifica-e-ii-coloquio-internacional-movimentam-fai-isec-em-caxias\/\"]}]},{\"@type\":\"ImageObject\",\"inLanguage\":\"pt-BR\",\"@id\":\"https:\/\/www.blogsoestado.com\/danielmatos\/xii-semana-cientifica-e-ii-coloquio-internacional-movimentam-fai-isec-em-caxias\/#primaryimage\",\"url\":\"https:\/\/www.blogsoestado.com\/danielmatos\/files\/2020\/12\/IMG-20201127-WA0307.jpg\",\"contentUrl\":\"https:\/\/www.blogsoestado.com\/danielmatos\/files\/2020\/12\/IMG-20201127-WA0307.jpg\"},{\"@type\":\"BreadcrumbList\",\"@id\":\"https:\/\/www.blogsoestado.com\/danielmatos\/xii-semana-cientifica-e-ii-coloquio-internacional-movimentam-fai-isec-em-caxias\/#breadcrumb\",\"itemListElement\":[{\"@type\":\"ListItem\",\"position\":1,\"name\":\"In\u00edcio\",\"item\":\"https:\/\/www.blogsoestado.com\/danielmatos\/\"},{\"@type\":\"ListItem\",\"position\":2,\"name\":\"XII Semana Cient\u00edfica e II Col\u00f3quio Internacional movimentam FAI-ISEC, em Caxias\"}]},{\"@type\":\"WebSite\",\"@id\":\"https:\/\/www.blogsoestado.com\/danielmatos\/#website\",\"url\":\"https:\/\/www.blogsoestado.com\/danielmatos\/\",\"name\":\"Daniel Matos\",\"description\":\"\",\"potentialAction\":[{\"@type\":\"SearchAction\",\"target\":{\"@type\":\"EntryPoint\",\"urlTemplate\":\"https:\/\/www.blogsoestado.com\/danielmatos\/?s={search_term_string}\"},\"query-input\":{\"@type\":\"PropertyValueSpecification\",\"valueRequired\":true,\"valueName\":\"search_term_string\"}}],\"inLanguage\":\"pt-BR\"}]}<\/script>\n<!-- \/ Yoast SEO plugin. -->","yoast_head_json":{"title":"XII Semana Cient\u00edfica e II Col\u00f3quio Internacional movimentam FAI-ISEC, em Caxias - Daniel Matos","robots":{"index":"index","follow":"follow","max-snippet":"max-snippet:-1","max-image-preview":"max-image-preview:large","max-video-preview":"max-video-preview:-1"},"canonical":"https:\/\/www.blogsoestado.com\/danielmatos\/xii-semana-cientifica-e-ii-coloquio-internacional-movimentam-fai-isec-em-caxias\/","og_locale":"pt_BR","og_type":"article","og_title":"XII Semana Cient\u00edfica e II Col\u00f3quio Internacional movimentam FAI-ISEC, em Caxias - Daniel Matos","og_description":"A Faculdade do Fale do Itapecuru e Instituto Superior de Educa\u00e7\u00e3o (FAI-ISEC) realizou, entre os dias 25 e 27 de [&hellip;]","og_url":"https:\/\/www.blogsoestado.com\/danielmatos\/xii-semana-cientifica-e-ii-coloquio-internacional-movimentam-fai-isec-em-caxias\/","og_site_name":"Daniel Matos","article_published_time":"2020-12-01T04:08:28+00:00","og_image":[{"url":"https:\/\/www.blogsoestado.com\/danielmatos\/files\/2020\/12\/IMG-20201127-WA0307.jpg","type":"","width":"","height":""}],"twitter_card":"summary_large_image","twitter_misc":{"Est. tempo de leitura":"2 minutos"},"schema":{"@context":"https:\/\/schema.org","@graph":[{"@type":"WebPage","@id":"https:\/\/www.blogsoestado.com\/danielmatos\/xii-semana-cientifica-e-ii-coloquio-internacional-movimentam-fai-isec-em-caxias\/","url":"https:\/\/www.blogsoestado.com\/danielmatos\/xii-semana-cientifica-e-ii-coloquio-internacional-movimentam-fai-isec-em-caxias\/","name":"XII Semana Cient\u00edfica e II Col\u00f3quio Internacional movimentam FAI-ISEC, em Caxias - Daniel Matos","isPartOf":{"@id":"https:\/\/www.blogsoestado.com\/danielmatos\/#website"},"primaryImageOfPage":{"@id":"https:\/\/www.blogsoestado.com\/danielmatos\/xii-semana-cientifica-e-ii-coloquio-internacional-movimentam-fai-isec-em-caxias\/#primaryimage"},"image":{"@id":"https:\/\/www.blogsoestado.com\/danielmatos\/xii-semana-cientifica-e-ii-coloquio-internacional-movimentam-fai-isec-em-caxias\/#primaryimage"},"thumbnailUrl":"https:\/\/www.blogsoestado.com\/danielmatos\/files\/2020\/12\/IMG-20201127-WA0307.jpg","datePublished":"2020-12-01T04:08:28+00:00","author":{"@id":""},"breadcrumb":{"@id":"https:\/\/www.blogsoestado.com\/danielmatos\/xii-semana-cientifica-e-ii-coloquio-internacional-movimentam-fai-isec-em-caxias\/#breadcrumb"},"inLanguage":"pt-BR","potentialAction":[{"@type":"ReadAction","target":["https:\/\/www.blogsoestado.com\/danielmatos\/xii-semana-cientifica-e-ii-coloquio-internacional-movimentam-fai-isec-em-caxias\/"]}]},{"@type":"ImageObject","inLanguage":"pt-BR","@id":"https:\/\/www.blogsoestado.com\/danielmatos\/xii-semana-cientifica-e-ii-coloquio-internacional-movimentam-fai-isec-em-caxias\/#primaryimage","url":"https:\/\/www.blogsoestado.com\/danielmatos\/files\/2020\/12\/IMG-20201127-WA0307.jpg","contentUrl":"https:\/\/www.blogsoestado.com\/danielmatos\/files\/2020\/12\/IMG-20201127-WA0307.jpg"},{"@type":"BreadcrumbList","@id":"https:\/\/www.blogsoestado.com\/danielmatos\/xii-semana-cientifica-e-ii-coloquio-internacional-movimentam-fai-isec-em-caxias\/#breadcrumb","itemListElement":[{"@type":"ListItem","position":1,"name":"In\u00edcio","item":"https:\/\/www.blogsoestado.com\/danielmatos\/"},{"@type":"ListItem","position":2,"name":"XII Semana Cient\u00edfica e II Col\u00f3quio Internacional movimentam FAI-ISEC, em Caxias"}]},{"@type":"WebSite","@id":"https:\/\/www.blogsoestado.com\/danielmatos\/#website","url":"https:\/\/www.blogsoestado.com\/danielmatos\/","name":"Daniel Matos","description":"","potentialAction":[{"@type":"SearchAction","target":{"@type":"EntryPoint","urlTemplate":"https:\/\/www.blogsoestado.com\/danielmatos\/?s={search_term_string}"},"query-input":{"@type":"PropertyValueSpecification","valueRequired":true,"valueName":"search_term_string"}}],"inLanguage":"pt-BR"}]}},"jetpack_featured_media_url":"","_links":{"self":[{"href":"https:\/\/www.blogsoestado.com\/danielmatos\/wp-json\/wp\/v2\/posts\/80504","targetHints":{"allow":["GET"]}}],"collection":[{"href":"https:\/\/www.blogsoestado.com\/danielmatos\/wp-json\/wp\/v2\/posts"}],"about":[{"href":"https:\/\/www.blogsoestado.com\/danielmatos\/wp-json\/wp\/v2\/types\/post"}],"replies":[{"embeddable":true,"href":"https:\/\/www.blogsoestado.com\/danielmatos\/wp-json\/wp\/v2\/comments?post=80504"}],"version-history":[{"count":0,"href":"https:\/\/www.blogsoestado.com\/danielmatos\/wp-json\/wp\/v2\/posts\/80504\/revisions"}],"wp:attachment":[{"href":"https:\/\/www.blogsoestado.com\/danielmatos\/wp-json\/wp\/v2\/media?parent=80504"}],"wp:term":[{"taxonomy":"category","embeddable":true,"href":"https:\/\/www.blogsoestado.com\/danielmatos\/wp-json\/wp\/v2\/categories?post=80504"},{"taxonomy":"post_tag","embeddable":true,"href":"https:\/\/www.blogsoestado.com\/danielmatos\/wp-json\/wp\/v2\/tags?post=80504"}],"curies":[{"name":"wp","href":"https:\/\/api.w.org\/{rel}","templated":true}]}}