{"id":80516,"date":"2020-12-01T09:44:52","date_gmt":"2020-12-01T12:44:52","guid":{"rendered":"https:\/\/www.blogsoestado.com\/danielmatos\/?p=80516"},"modified":"2020-12-01T09:44:52","modified_gmt":"2020-12-01T12:44:52","slug":"presidente-do-gedema-acompanha-montagem-da-decoracao-natalina-da-alema","status":"publish","type":"post","link":"https:\/\/www.blogsoestado.com\/danielmatos\/presidente-do-gedema-acompanha-montagem-da-decoracao-natalina-da-alema\/","title":{"rendered":"Presidente do Gedema acompanha montagem da decora\u00e7\u00e3o natalina da Alema"},"content":{"rendered":"\n<div class=\"wp-block-image\"><figure class=\"aligncenter size-large\"><img decoding=\"async\" src=\"https:\/\/www.blogsoestado.com\/danielmatos\/files\/2020\/12\/anap1-1024x682.jpg\" alt=\"\" class=\"wp-image-80517\"\/><figcaption>Ana Paula Lobato conferiu detalhes da decora\u00e7\u00e3o de Natal da Assembleia Legislativa<\/figcaption><\/figure><\/div>\n\n\n\n<p>A presidente do Grupo de Esposas de Deputados do Maranh\u00e3o (Gedema), Ana Paula Lobato, acompanhou, na tarde de segunda-feira (30), a instala\u00e7\u00e3o da decora\u00e7\u00e3o natalina na Assembleia Legislativa para acertar os \u00faltimos detalhes da ornamenta\u00e7\u00e3o que propiciar\u00e1 luz e todo o encanto do Natal aos ambientes da Casa.<\/p>\n\n\n\n<p>No hall de entrada, j\u00e1 est\u00e3o sendo montados o tradicional pres\u00e9pio, a casinha do Papai Noel e a grande \u00e1rvore de Natal.<\/p>\n\n\n\n<div class=\"wp-block-image\"><figure class=\"aligncenter size-large\"><img decoding=\"async\" src=\"https:\/\/www.blogsoestado.com\/danielmatos\/files\/2020\/12\/anap2-1024x682.jpg\" alt=\"\" class=\"wp-image-80518\"\/><figcaption>A presidente do Gedema elogiou o capricho da montagem do pres\u00e9pio<\/figcaption><\/figure><\/div>\n\n\n\n<p>Ana Paula disse que sempre faz quest\u00e3o de acompanhar de perto a montagem feita pela equipe do Gedema. \u201cHoje, acertamos os \u00faltimos detalhes para finalizar a decora\u00e7\u00e3o natalina nas depend\u00eancias do Parlamento. Amo esse per\u00edodo natalino, momento de confraterniza\u00e7\u00e3o e que ficamos mais pr\u00f3ximos das nossas fam\u00edlias\u201d, frisou.<\/p>\n\n\n\n<p>A presidente agradeceu \u00e0 sua equipe pelo empenho. \u201cObrigada, especialmente, \u00e0 equipe do Gedema, que n\u00e3o mede esfor\u00e7os e sempre prepara uma decora\u00e7\u00e3o linda e encantadora para os nossos servidores e visitantes\u201d, acrescentou.<\/p>\n\n\n\n<div class=\"wp-block-image\"><figure class=\"aligncenter size-large\"><img decoding=\"async\" src=\"https:\/\/www.blogsoestado.com\/danielmatos\/files\/2020\/12\/anap3-1024x683.jpg\" alt=\"\" class=\"wp-image-80519\"\/><figcaption>Ana Paula Lobato manuseia manuseia um dos itens da decora\u00e7\u00e3o natalina<\/figcaption><\/figure><\/div>\n\n\n\n<p>Ana Paula Lobato estava licenciada do Gedema no per\u00edodo em que disputou as elei\u00e7\u00f5es em Pinheiro, como vice na chapa do prefeito Luciano Gen\u00e9sio, reeleito no pleito. \u201cJ\u00e1 estava com saudades daqui e estou muito feliz por estar de volta\u201d, concluiu.<\/p>\n","protected":false},"excerpt":{"rendered":"<p>A presidente do Grupo de Esposas de Deputados do Maranh\u00e3o (Gedema), Ana Paula Lobato, acompanhou, na tarde de segunda-feira (30), [&hellip;]<\/p>\n","protected":false},"author":0,"featured_media":0,"comment_status":"open","ping_status":"open","sticky":false,"template":"","format":"standard","meta":{"site-sidebar-layout":"default","site-content-layout":"","ast-site-content-layout":"default","site-content-style":"default","site-sidebar-style":"default","ast-global-header-display":"","ast-banner-title-visibility":"","ast-main-header-display":"","ast-hfb-above-header-display":"","ast-hfb-below-header-display":"","ast-hfb-mobile-header-display":"","site-post-title":"","ast-breadcrumbs-content":"","ast-featured-img":"","footer-sml-layout":"","ast-disable-related-posts":"","theme-transparent-header-meta":"","adv-header-id-meta":"","stick-header-meta":"","header-above-stick-meta":"","header-main-stick-meta":"","header-below-stick-meta":"","astra-migrate-meta-layouts":"default","ast-page-background-enabled":"default","ast-page-background-meta":{"desktop":{"background-color":"var(--ast-global-color-5)","background-image":"","background-repeat":"repeat","background-position":"center center","background-size":"auto","background-attachment":"scroll","background-type":"","background-media":"","overlay-type":"","overlay-color":"","overlay-opacity":"","overlay-gradient":""},"tablet":{"background-color":"","background-image":"","background-repeat":"repeat","background-position":"center center","background-size":"auto","background-attachment":"scroll","background-type":"","background-media":"","overlay-type":"","overlay-color":"","overlay-opacity":"","overlay-gradient":""},"mobile":{"background-color":"","background-image":"","background-repeat":"repeat","background-position":"center center","background-size":"auto","background-attachment":"scroll","background-type":"","background-media":"","overlay-type":"","overlay-color":"","overlay-opacity":"","overlay-gradient":""}},"ast-content-background-meta":{"desktop":{"background-color":"var(--ast-global-color-4)","background-image":"","background-repeat":"repeat","background-position":"center center","background-size":"auto","background-attachment":"scroll","background-type":"","background-media":"","overlay-type":"","overlay-color":"","overlay-opacity":"","overlay-gradient":""},"tablet":{"background-color":"var(--ast-global-color-4)","background-image":"","background-repeat":"repeat","background-position":"center center","background-size":"auto","background-attachment":"scroll","background-type":"","background-media":"","overlay-type":"","overlay-color":"","overlay-opacity":"","overlay-gradient":""},"mobile":{"background-color":"var(--ast-global-color-4)","background-image":"","background-repeat":"repeat","background-position":"center center","background-size":"auto","background-attachment":"scroll","background-type":"","background-media":"","overlay-type":"","overlay-color":"","overlay-opacity":"","overlay-gradient":""}},"footnotes":""},"categories":[1],"tags":[],"class_list":["post-80516","post","type-post","status-publish","format-standard","hentry","category-sem-categoria"],"yoast_head":"<!-- This site is optimized with the Yoast SEO plugin v26.6 - https:\/\/yoast.com\/wordpress\/plugins\/seo\/ -->\n<title>Presidente do Gedema acompanha montagem da decora\u00e7\u00e3o natalina da Alema - Daniel Matos<\/title>\n<meta name=\"robots\" content=\"index, follow, max-snippet:-1, max-image-preview:large, max-video-preview:-1\" \/>\n<link rel=\"canonical\" href=\"https:\/\/www.blogsoestado.com\/danielmatos\/presidente-do-gedema-acompanha-montagem-da-decoracao-natalina-da-alema\/\" \/>\n<meta property=\"og:locale\" content=\"pt_BR\" \/>\n<meta property=\"og:type\" content=\"article\" \/>\n<meta property=\"og:title\" content=\"Presidente do Gedema acompanha montagem da decora\u00e7\u00e3o natalina da Alema - Daniel Matos\" \/>\n<meta property=\"og:description\" content=\"A presidente do Grupo de Esposas de Deputados do Maranh\u00e3o (Gedema), Ana Paula Lobato, acompanhou, na tarde de segunda-feira (30), [&hellip;]\" \/>\n<meta property=\"og:url\" content=\"https:\/\/www.blogsoestado.com\/danielmatos\/presidente-do-gedema-acompanha-montagem-da-decoracao-natalina-da-alema\/\" \/>\n<meta property=\"og:site_name\" content=\"Daniel Matos\" \/>\n<meta property=\"article:published_time\" content=\"2020-12-01T12:44:52+00:00\" \/>\n<meta property=\"og:image\" content=\"https:\/\/www.blogsoestado.com\/danielmatos\/files\/2020\/12\/anap1-1024x682.jpg\" \/>\n<meta name=\"twitter:card\" content=\"summary_large_image\" \/>\n<meta name=\"twitter:label1\" content=\"Est. tempo de leitura\" \/>\n\t<meta name=\"twitter:data1\" content=\"1 minuto\" \/>\n<script type=\"application\/ld+json\" class=\"yoast-schema-graph\">{\"@context\":\"https:\/\/schema.org\",\"@graph\":[{\"@type\":\"WebPage\",\"@id\":\"https:\/\/www.blogsoestado.com\/danielmatos\/presidente-do-gedema-acompanha-montagem-da-decoracao-natalina-da-alema\/\",\"url\":\"https:\/\/www.blogsoestado.com\/danielmatos\/presidente-do-gedema-acompanha-montagem-da-decoracao-natalina-da-alema\/\",\"name\":\"Presidente do Gedema acompanha montagem da decora\u00e7\u00e3o natalina da Alema - Daniel Matos\",\"isPartOf\":{\"@id\":\"https:\/\/www.blogsoestado.com\/danielmatos\/#website\"},\"primaryImageOfPage\":{\"@id\":\"https:\/\/www.blogsoestado.com\/danielmatos\/presidente-do-gedema-acompanha-montagem-da-decoracao-natalina-da-alema\/#primaryimage\"},\"image\":{\"@id\":\"https:\/\/www.blogsoestado.com\/danielmatos\/presidente-do-gedema-acompanha-montagem-da-decoracao-natalina-da-alema\/#primaryimage\"},\"thumbnailUrl\":\"https:\/\/www.blogsoestado.com\/danielmatos\/files\/2020\/12\/anap1-1024x682.jpg\",\"datePublished\":\"2020-12-01T12:44:52+00:00\",\"author\":{\"@id\":\"\"},\"breadcrumb\":{\"@id\":\"https:\/\/www.blogsoestado.com\/danielmatos\/presidente-do-gedema-acompanha-montagem-da-decoracao-natalina-da-alema\/#breadcrumb\"},\"inLanguage\":\"pt-BR\",\"potentialAction\":[{\"@type\":\"ReadAction\",\"target\":[\"https:\/\/www.blogsoestado.com\/danielmatos\/presidente-do-gedema-acompanha-montagem-da-decoracao-natalina-da-alema\/\"]}]},{\"@type\":\"ImageObject\",\"inLanguage\":\"pt-BR\",\"@id\":\"https:\/\/www.blogsoestado.com\/danielmatos\/presidente-do-gedema-acompanha-montagem-da-decoracao-natalina-da-alema\/#primaryimage\",\"url\":\"https:\/\/www.blogsoestado.com\/danielmatos\/files\/2020\/12\/anap1-1024x682.jpg\",\"contentUrl\":\"https:\/\/www.blogsoestado.com\/danielmatos\/files\/2020\/12\/anap1-1024x682.jpg\"},{\"@type\":\"BreadcrumbList\",\"@id\":\"https:\/\/www.blogsoestado.com\/danielmatos\/presidente-do-gedema-acompanha-montagem-da-decoracao-natalina-da-alema\/#breadcrumb\",\"itemListElement\":[{\"@type\":\"ListItem\",\"position\":1,\"name\":\"In\u00edcio\",\"item\":\"https:\/\/www.blogsoestado.com\/danielmatos\/\"},{\"@type\":\"ListItem\",\"position\":2,\"name\":\"Presidente do Gedema acompanha montagem da decora\u00e7\u00e3o natalina da Alema\"}]},{\"@type\":\"WebSite\",\"@id\":\"https:\/\/www.blogsoestado.com\/danielmatos\/#website\",\"url\":\"https:\/\/www.blogsoestado.com\/danielmatos\/\",\"name\":\"Daniel Matos\",\"description\":\"\",\"potentialAction\":[{\"@type\":\"SearchAction\",\"target\":{\"@type\":\"EntryPoint\",\"urlTemplate\":\"https:\/\/www.blogsoestado.com\/danielmatos\/?s={search_term_string}\"},\"query-input\":{\"@type\":\"PropertyValueSpecification\",\"valueRequired\":true,\"valueName\":\"search_term_string\"}}],\"inLanguage\":\"pt-BR\"}]}<\/script>\n<!-- \/ Yoast SEO plugin. -->","yoast_head_json":{"title":"Presidente do Gedema acompanha montagem da decora\u00e7\u00e3o natalina da Alema - Daniel Matos","robots":{"index":"index","follow":"follow","max-snippet":"max-snippet:-1","max-image-preview":"max-image-preview:large","max-video-preview":"max-video-preview:-1"},"canonical":"https:\/\/www.blogsoestado.com\/danielmatos\/presidente-do-gedema-acompanha-montagem-da-decoracao-natalina-da-alema\/","og_locale":"pt_BR","og_type":"article","og_title":"Presidente do Gedema acompanha montagem da decora\u00e7\u00e3o natalina da Alema - Daniel Matos","og_description":"A presidente do Grupo de Esposas de Deputados do Maranh\u00e3o (Gedema), Ana Paula Lobato, acompanhou, na tarde de segunda-feira (30), [&hellip;]","og_url":"https:\/\/www.blogsoestado.com\/danielmatos\/presidente-do-gedema-acompanha-montagem-da-decoracao-natalina-da-alema\/","og_site_name":"Daniel Matos","article_published_time":"2020-12-01T12:44:52+00:00","og_image":[{"url":"https:\/\/www.blogsoestado.com\/danielmatos\/files\/2020\/12\/anap1-1024x682.jpg","type":"","width":"","height":""}],"twitter_card":"summary_large_image","twitter_misc":{"Est. tempo de leitura":"1 minuto"},"schema":{"@context":"https:\/\/schema.org","@graph":[{"@type":"WebPage","@id":"https:\/\/www.blogsoestado.com\/danielmatos\/presidente-do-gedema-acompanha-montagem-da-decoracao-natalina-da-alema\/","url":"https:\/\/www.blogsoestado.com\/danielmatos\/presidente-do-gedema-acompanha-montagem-da-decoracao-natalina-da-alema\/","name":"Presidente do Gedema acompanha montagem da decora\u00e7\u00e3o natalina da Alema - Daniel Matos","isPartOf":{"@id":"https:\/\/www.blogsoestado.com\/danielmatos\/#website"},"primaryImageOfPage":{"@id":"https:\/\/www.blogsoestado.com\/danielmatos\/presidente-do-gedema-acompanha-montagem-da-decoracao-natalina-da-alema\/#primaryimage"},"image":{"@id":"https:\/\/www.blogsoestado.com\/danielmatos\/presidente-do-gedema-acompanha-montagem-da-decoracao-natalina-da-alema\/#primaryimage"},"thumbnailUrl":"https:\/\/www.blogsoestado.com\/danielmatos\/files\/2020\/12\/anap1-1024x682.jpg","datePublished":"2020-12-01T12:44:52+00:00","author":{"@id":""},"breadcrumb":{"@id":"https:\/\/www.blogsoestado.com\/danielmatos\/presidente-do-gedema-acompanha-montagem-da-decoracao-natalina-da-alema\/#breadcrumb"},"inLanguage":"pt-BR","potentialAction":[{"@type":"ReadAction","target":["https:\/\/www.blogsoestado.com\/danielmatos\/presidente-do-gedema-acompanha-montagem-da-decoracao-natalina-da-alema\/"]}]},{"@type":"ImageObject","inLanguage":"pt-BR","@id":"https:\/\/www.blogsoestado.com\/danielmatos\/presidente-do-gedema-acompanha-montagem-da-decoracao-natalina-da-alema\/#primaryimage","url":"https:\/\/www.blogsoestado.com\/danielmatos\/files\/2020\/12\/anap1-1024x682.jpg","contentUrl":"https:\/\/www.blogsoestado.com\/danielmatos\/files\/2020\/12\/anap1-1024x682.jpg"},{"@type":"BreadcrumbList","@id":"https:\/\/www.blogsoestado.com\/danielmatos\/presidente-do-gedema-acompanha-montagem-da-decoracao-natalina-da-alema\/#breadcrumb","itemListElement":[{"@type":"ListItem","position":1,"name":"In\u00edcio","item":"https:\/\/www.blogsoestado.com\/danielmatos\/"},{"@type":"ListItem","position":2,"name":"Presidente do Gedema acompanha montagem da decora\u00e7\u00e3o natalina da Alema"}]},{"@type":"WebSite","@id":"https:\/\/www.blogsoestado.com\/danielmatos\/#website","url":"https:\/\/www.blogsoestado.com\/danielmatos\/","name":"Daniel Matos","description":"","potentialAction":[{"@type":"SearchAction","target":{"@type":"EntryPoint","urlTemplate":"https:\/\/www.blogsoestado.com\/danielmatos\/?s={search_term_string}"},"query-input":{"@type":"PropertyValueSpecification","valueRequired":true,"valueName":"search_term_string"}}],"inLanguage":"pt-BR"}]}},"jetpack_featured_media_url":"","_links":{"self":[{"href":"https:\/\/www.blogsoestado.com\/danielmatos\/wp-json\/wp\/v2\/posts\/80516","targetHints":{"allow":["GET"]}}],"collection":[{"href":"https:\/\/www.blogsoestado.com\/danielmatos\/wp-json\/wp\/v2\/posts"}],"about":[{"href":"https:\/\/www.blogsoestado.com\/danielmatos\/wp-json\/wp\/v2\/types\/post"}],"replies":[{"embeddable":true,"href":"https:\/\/www.blogsoestado.com\/danielmatos\/wp-json\/wp\/v2\/comments?post=80516"}],"version-history":[{"count":0,"href":"https:\/\/www.blogsoestado.com\/danielmatos\/wp-json\/wp\/v2\/posts\/80516\/revisions"}],"wp:attachment":[{"href":"https:\/\/www.blogsoestado.com\/danielmatos\/wp-json\/wp\/v2\/media?parent=80516"}],"wp:term":[{"taxonomy":"category","embeddable":true,"href":"https:\/\/www.blogsoestado.com\/danielmatos\/wp-json\/wp\/v2\/categories?post=80516"},{"taxonomy":"post_tag","embeddable":true,"href":"https:\/\/www.blogsoestado.com\/danielmatos\/wp-json\/wp\/v2\/tags?post=80516"}],"curies":[{"name":"wp","href":"https:\/\/api.w.org\/{rel}","templated":true}]}}