{"id":80521,"date":"2020-12-01T10:44:12","date_gmt":"2020-12-01T13:44:12","guid":{"rendered":"https:\/\/www.blogsoestado.com\/danielmatos\/?p=80521"},"modified":"2020-12-01T10:44:12","modified_gmt":"2020-12-01T13:44:12","slug":"heranca-maldita-de-edivaldo-para-braide","status":"publish","type":"post","link":"https:\/\/www.blogsoestado.com\/danielmatos\/heranca-maldita-de-edivaldo-para-braide\/","title":{"rendered":"Heran\u00e7a maldita de Edivaldo para Braide?"},"content":{"rendered":"\n<div class=\"wp-block-image\"><figure class=\"aligncenter size-large\"><img decoding=\"async\" src=\"https:\/\/www.blogsoestado.com\/danielmatos\/files\/2020\/12\/IMG-20201129-WA0488-768x1024.jpg\" alt=\"\" class=\"wp-image-80522\"\/><figcaption>Carro caiu no bueiro na noite de domingo quando trafegava na rua destru\u00edda<\/figcaption><\/figure><\/div>\n\n\n\n<p>Faltando exatamente um m\u00eas para tomar posse, o prefeito eleito de S\u00e3o Lu\u00eds, Eduardo Braide (Podemos), j\u00e1 pode ir se preparando para resolver uma grave pend\u00eancia da atual gest\u00e3o na \u00e1rea de infraestrutura. A heran\u00e7a maldita deixada pelo antecessor, Edivaldo Holanda Jr. (PDT), refere-se a uma obra abandonada que vem atormentando a vida de moradores da Rua Santo Ant\u00f4nio e arredores, no bairro Jardim S\u00e3o Crist\u00f3v\u00e3o I.<\/p>\n\n\n\n<p>O transtorno, que dificilmente ser\u00e1 sanado pelo prefeito em final de mandato, come\u00e7ou em outubro, depois que uma construtora contratada pela administra\u00e7\u00e3o municipal para executar uma obra de drenagem e pavimenta\u00e7\u00e3o na regi\u00e3o, abandonou o servi\u00e7o alegando ter sofrido calote. Com a interrup\u00e7\u00e3o do servi\u00e7o, a camada asf\u00e1ltica removida n\u00e3o foi refeita e as galerias ficaram abertas. Resultado: risco e preju\u00edzo \u00e0 mobilidade dos moradores, que ficaram com seus carros presos nas garagens porque a via ficou intrafeg\u00e1vel.<\/p>\n\n\n\n<p>Para piorar, com a rua inteiramente arrasada, a estrutura das casas amea\u00e7a ruir, o que pode resultar em trag\u00e9dia, al\u00e9m de preju\u00edzo financeiro incalcul\u00e1vel. Com o in\u00edcio do per\u00edodo chuvoso, que est\u00e1 pr\u00f3ximo, o risco aumenta a cada dia, deixando a comunidade em p\u00e2nico.<\/p>\n\n\n\n<div class=\"wp-block-image\"><figure class=\"aligncenter size-large\"><img decoding=\"async\" src=\"https:\/\/www.blogsoestado.com\/danielmatos\/files\/2020\/12\/IMG-20201129-WA0487-576x1024.jpg\" alt=\"\" class=\"wp-image-80523\"\/><figcaption>Populares se mobilizaram para retirar o ve\u00edculo do buraco<\/figcaption><\/figure><\/div>\n\n\n\n<p>A construtora em quest\u00e3o \u00e9 a CLC, de Mossor\u00f3, no Rio Grande do Norte. A obra, inclu\u00edda no programa \u201cS\u00e3o Lu\u00eds em Obras\u201d, avan\u00e7ou at\u00e9 a etapa de retirada do asfalto para a instala\u00e7\u00e3o de galerias. Mas depois de quebrar e escavar a rua, a empreiteira suspendeu os trabalhos, dispensou os oper\u00e1rios e recolheu todo o seu maquin\u00e1rio.<\/p>\n\n\n\n<p><strong>Calote<\/strong><\/p>\n\n\n\n<p>A justificativa apresentada \u00e0 comunidade para a interrup\u00e7\u00e3o foi de que a Prefeitura de S\u00e3o Lu\u00eds estava devendo duas parcelas do contrato firmado para a execu\u00e7\u00e3o da obra. Indignados, mas impotentes diante da situa\u00e7\u00e3o, populares passaram a fazer sucessivos apelos \u00e0 imprensa, \u00e0 blogosfera e nas redes sociais, com direito a fotos e v\u00eddeos que mostram o grave transtorno para as suas vidas provocado pelo que chamam de falta de compromisso da administra\u00e7\u00e3o municipal da capital.<\/p>\n\n\n\n<div class=\"wp-block-image\"><figure class=\"aligncenter size-large\"><img decoding=\"async\" src=\"https:\/\/www.blogsoestado.com\/danielmatos\/files\/2020\/12\/IMG-20201031-WA0231-1024x768.jpg\" alt=\"\" class=\"wp-image-80525\"\/><figcaption>Na rua onde o servi\u00e7o foi abandono s\u00f3 restaram crateras e a placa do programa &#8220;S\u00e3o Lu\u00eds em Obras&#8221;<\/figcaption><\/figure><\/div>\n\n\n\n<p>As cenas vistas na Rua Santo Ant\u00f4nio s\u00e3o realmente deprimentes. Ap\u00f3s o abandono da obra, s\u00f3 restaram no local crateras, tubos n\u00e3o inalados da rede de drenagem e placas do programa \u201cS\u00e3o Lu\u00eds em Obras\u201d, com a mensagem \u201cPrefeitura Presente\u201d, um verdadeiro deboche \u00e0s v\u00edtimas do descaso.<\/p>\n\n\n\n<p>Assista:<\/p>\n\n\n\n<figure class=\"wp-block-embed-youtube aligncenter wp-block-embed is-type-video is-provider-youtube wp-embed-aspect-16-9 wp-has-aspect-ratio\"><div class=\"wp-block-embed__wrapper\">\n<iframe title=\"Carro cai em bueiro em rua do S\u00e3o Crist\u00f3v\u00e3o com obra abandonada pela prefeitura\" width=\"500\" height=\"281\" src=\"https:\/\/www.youtube.com\/embed\/FMvTs5mr_yM?feature=oembed\" frameborder=\"0\" allow=\"accelerometer; autoplay; clipboard-write; encrypted-media; gyroscope; picture-in-picture; web-share\" referrerpolicy=\"strict-origin-when-cross-origin\" allowfullscreen><\/iframe>\n<\/div><\/figure>\n","protected":false},"excerpt":{"rendered":"<p>Faltando exatamente um m\u00eas para tomar posse, o prefeito eleito de S\u00e3o Lu\u00eds, Eduardo Braide (Podemos), j\u00e1 pode ir se [&hellip;]<\/p>\n","protected":false},"author":0,"featured_media":0,"comment_status":"open","ping_status":"open","sticky":false,"template":"","format":"standard","meta":{"site-sidebar-layout":"default","site-content-layout":"","ast-site-content-layout":"default","site-content-style":"default","site-sidebar-style":"default","ast-global-header-display":"","ast-banner-title-visibility":"","ast-main-header-display":"","ast-hfb-above-header-display":"","ast-hfb-below-header-display":"","ast-hfb-mobile-header-display":"","site-post-title":"","ast-breadcrumbs-content":"","ast-featured-img":"","footer-sml-layout":"","ast-disable-related-posts":"","theme-transparent-header-meta":"","adv-header-id-meta":"","stick-header-meta":"","header-above-stick-meta":"","header-main-stick-meta":"","header-below-stick-meta":"","astra-migrate-meta-layouts":"default","ast-page-background-enabled":"default","ast-page-background-meta":{"desktop":{"background-color":"var(--ast-global-color-5)","background-image":"","background-repeat":"repeat","background-position":"center center","background-size":"auto","background-attachment":"scroll","background-type":"","background-media":"","overlay-type":"","overlay-color":"","overlay-opacity":"","overlay-gradient":""},"tablet":{"background-color":"","background-image":"","background-repeat":"repeat","background-position":"center center","background-size":"auto","background-attachment":"scroll","background-type":"","background-media":"","overlay-type":"","overlay-color":"","overlay-opacity":"","overlay-gradient":""},"mobile":{"background-color":"","background-image":"","background-repeat":"repeat","background-position":"center center","background-size":"auto","background-attachment":"scroll","background-type":"","background-media":"","overlay-type":"","overlay-color":"","overlay-opacity":"","overlay-gradient":""}},"ast-content-background-meta":{"desktop":{"background-color":"var(--ast-global-color-4)","background-image":"","background-repeat":"repeat","background-position":"center center","background-size":"auto","background-attachment":"scroll","background-type":"","background-media":"","overlay-type":"","overlay-color":"","overlay-opacity":"","overlay-gradient":""},"tablet":{"background-color":"var(--ast-global-color-4)","background-image":"","background-repeat":"repeat","background-position":"center center","background-size":"auto","background-attachment":"scroll","background-type":"","background-media":"","overlay-type":"","overlay-color":"","overlay-opacity":"","overlay-gradient":""},"mobile":{"background-color":"var(--ast-global-color-4)","background-image":"","background-repeat":"repeat","background-position":"center center","background-size":"auto","background-attachment":"scroll","background-type":"","background-media":"","overlay-type":"","overlay-color":"","overlay-opacity":"","overlay-gradient":""}},"footnotes":""},"categories":[1],"tags":[],"class_list":["post-80521","post","type-post","status-publish","format-standard","hentry","category-sem-categoria"],"yoast_head":"<!-- This site is optimized with the Yoast SEO plugin v26.6 - https:\/\/yoast.com\/wordpress\/plugins\/seo\/ -->\n<title>Heran\u00e7a maldita de Edivaldo para Braide? - Daniel Matos<\/title>\n<meta name=\"robots\" content=\"index, follow, max-snippet:-1, max-image-preview:large, max-video-preview:-1\" \/>\n<link rel=\"canonical\" href=\"https:\/\/www.blogsoestado.com\/danielmatos\/heranca-maldita-de-edivaldo-para-braide\/\" \/>\n<meta property=\"og:locale\" content=\"pt_BR\" \/>\n<meta property=\"og:type\" content=\"article\" \/>\n<meta property=\"og:title\" content=\"Heran\u00e7a maldita de Edivaldo para Braide? - Daniel Matos\" \/>\n<meta property=\"og:description\" content=\"Faltando exatamente um m\u00eas para tomar posse, o prefeito eleito de S\u00e3o Lu\u00eds, Eduardo Braide (Podemos), j\u00e1 pode ir se [&hellip;]\" \/>\n<meta property=\"og:url\" content=\"https:\/\/www.blogsoestado.com\/danielmatos\/heranca-maldita-de-edivaldo-para-braide\/\" \/>\n<meta property=\"og:site_name\" content=\"Daniel Matos\" \/>\n<meta property=\"article:published_time\" content=\"2020-12-01T13:44:12+00:00\" \/>\n<meta property=\"og:image\" content=\"https:\/\/www.blogsoestado.com\/danielmatos\/files\/2020\/12\/IMG-20201129-WA0488-768x1024.jpg\" \/>\n<meta name=\"twitter:card\" content=\"summary_large_image\" \/>\n<meta name=\"twitter:label1\" content=\"Est. tempo de leitura\" \/>\n\t<meta name=\"twitter:data1\" content=\"2 minutos\" \/>\n<script type=\"application\/ld+json\" class=\"yoast-schema-graph\">{\"@context\":\"https:\/\/schema.org\",\"@graph\":[{\"@type\":\"WebPage\",\"@id\":\"https:\/\/www.blogsoestado.com\/danielmatos\/heranca-maldita-de-edivaldo-para-braide\/\",\"url\":\"https:\/\/www.blogsoestado.com\/danielmatos\/heranca-maldita-de-edivaldo-para-braide\/\",\"name\":\"Heran\u00e7a maldita de Edivaldo para Braide? - Daniel Matos\",\"isPartOf\":{\"@id\":\"https:\/\/www.blogsoestado.com\/danielmatos\/#website\"},\"primaryImageOfPage\":{\"@id\":\"https:\/\/www.blogsoestado.com\/danielmatos\/heranca-maldita-de-edivaldo-para-braide\/#primaryimage\"},\"image\":{\"@id\":\"https:\/\/www.blogsoestado.com\/danielmatos\/heranca-maldita-de-edivaldo-para-braide\/#primaryimage\"},\"thumbnailUrl\":\"https:\/\/www.blogsoestado.com\/danielmatos\/files\/2020\/12\/IMG-20201129-WA0488-768x1024.jpg\",\"datePublished\":\"2020-12-01T13:44:12+00:00\",\"author\":{\"@id\":\"\"},\"breadcrumb\":{\"@id\":\"https:\/\/www.blogsoestado.com\/danielmatos\/heranca-maldita-de-edivaldo-para-braide\/#breadcrumb\"},\"inLanguage\":\"pt-BR\",\"potentialAction\":[{\"@type\":\"ReadAction\",\"target\":[\"https:\/\/www.blogsoestado.com\/danielmatos\/heranca-maldita-de-edivaldo-para-braide\/\"]}]},{\"@type\":\"ImageObject\",\"inLanguage\":\"pt-BR\",\"@id\":\"https:\/\/www.blogsoestado.com\/danielmatos\/heranca-maldita-de-edivaldo-para-braide\/#primaryimage\",\"url\":\"https:\/\/www.blogsoestado.com\/danielmatos\/files\/2020\/12\/IMG-20201129-WA0488-768x1024.jpg\",\"contentUrl\":\"https:\/\/www.blogsoestado.com\/danielmatos\/files\/2020\/12\/IMG-20201129-WA0488-768x1024.jpg\"},{\"@type\":\"BreadcrumbList\",\"@id\":\"https:\/\/www.blogsoestado.com\/danielmatos\/heranca-maldita-de-edivaldo-para-braide\/#breadcrumb\",\"itemListElement\":[{\"@type\":\"ListItem\",\"position\":1,\"name\":\"In\u00edcio\",\"item\":\"https:\/\/www.blogsoestado.com\/danielmatos\/\"},{\"@type\":\"ListItem\",\"position\":2,\"name\":\"Heran\u00e7a maldita de Edivaldo para Braide?\"}]},{\"@type\":\"WebSite\",\"@id\":\"https:\/\/www.blogsoestado.com\/danielmatos\/#website\",\"url\":\"https:\/\/www.blogsoestado.com\/danielmatos\/\",\"name\":\"Daniel Matos\",\"description\":\"\",\"potentialAction\":[{\"@type\":\"SearchAction\",\"target\":{\"@type\":\"EntryPoint\",\"urlTemplate\":\"https:\/\/www.blogsoestado.com\/danielmatos\/?s={search_term_string}\"},\"query-input\":{\"@type\":\"PropertyValueSpecification\",\"valueRequired\":true,\"valueName\":\"search_term_string\"}}],\"inLanguage\":\"pt-BR\"}]}<\/script>\n<!-- \/ Yoast SEO plugin. -->","yoast_head_json":{"title":"Heran\u00e7a maldita de Edivaldo para Braide? - Daniel Matos","robots":{"index":"index","follow":"follow","max-snippet":"max-snippet:-1","max-image-preview":"max-image-preview:large","max-video-preview":"max-video-preview:-1"},"canonical":"https:\/\/www.blogsoestado.com\/danielmatos\/heranca-maldita-de-edivaldo-para-braide\/","og_locale":"pt_BR","og_type":"article","og_title":"Heran\u00e7a maldita de Edivaldo para Braide? - Daniel Matos","og_description":"Faltando exatamente um m\u00eas para tomar posse, o prefeito eleito de S\u00e3o Lu\u00eds, Eduardo Braide (Podemos), j\u00e1 pode ir se [&hellip;]","og_url":"https:\/\/www.blogsoestado.com\/danielmatos\/heranca-maldita-de-edivaldo-para-braide\/","og_site_name":"Daniel Matos","article_published_time":"2020-12-01T13:44:12+00:00","og_image":[{"url":"https:\/\/www.blogsoestado.com\/danielmatos\/files\/2020\/12\/IMG-20201129-WA0488-768x1024.jpg","type":"","width":"","height":""}],"twitter_card":"summary_large_image","twitter_misc":{"Est. tempo de leitura":"2 minutos"},"schema":{"@context":"https:\/\/schema.org","@graph":[{"@type":"WebPage","@id":"https:\/\/www.blogsoestado.com\/danielmatos\/heranca-maldita-de-edivaldo-para-braide\/","url":"https:\/\/www.blogsoestado.com\/danielmatos\/heranca-maldita-de-edivaldo-para-braide\/","name":"Heran\u00e7a maldita de Edivaldo para Braide? - Daniel Matos","isPartOf":{"@id":"https:\/\/www.blogsoestado.com\/danielmatos\/#website"},"primaryImageOfPage":{"@id":"https:\/\/www.blogsoestado.com\/danielmatos\/heranca-maldita-de-edivaldo-para-braide\/#primaryimage"},"image":{"@id":"https:\/\/www.blogsoestado.com\/danielmatos\/heranca-maldita-de-edivaldo-para-braide\/#primaryimage"},"thumbnailUrl":"https:\/\/www.blogsoestado.com\/danielmatos\/files\/2020\/12\/IMG-20201129-WA0488-768x1024.jpg","datePublished":"2020-12-01T13:44:12+00:00","author":{"@id":""},"breadcrumb":{"@id":"https:\/\/www.blogsoestado.com\/danielmatos\/heranca-maldita-de-edivaldo-para-braide\/#breadcrumb"},"inLanguage":"pt-BR","potentialAction":[{"@type":"ReadAction","target":["https:\/\/www.blogsoestado.com\/danielmatos\/heranca-maldita-de-edivaldo-para-braide\/"]}]},{"@type":"ImageObject","inLanguage":"pt-BR","@id":"https:\/\/www.blogsoestado.com\/danielmatos\/heranca-maldita-de-edivaldo-para-braide\/#primaryimage","url":"https:\/\/www.blogsoestado.com\/danielmatos\/files\/2020\/12\/IMG-20201129-WA0488-768x1024.jpg","contentUrl":"https:\/\/www.blogsoestado.com\/danielmatos\/files\/2020\/12\/IMG-20201129-WA0488-768x1024.jpg"},{"@type":"BreadcrumbList","@id":"https:\/\/www.blogsoestado.com\/danielmatos\/heranca-maldita-de-edivaldo-para-braide\/#breadcrumb","itemListElement":[{"@type":"ListItem","position":1,"name":"In\u00edcio","item":"https:\/\/www.blogsoestado.com\/danielmatos\/"},{"@type":"ListItem","position":2,"name":"Heran\u00e7a maldita de Edivaldo para Braide?"}]},{"@type":"WebSite","@id":"https:\/\/www.blogsoestado.com\/danielmatos\/#website","url":"https:\/\/www.blogsoestado.com\/danielmatos\/","name":"Daniel Matos","description":"","potentialAction":[{"@type":"SearchAction","target":{"@type":"EntryPoint","urlTemplate":"https:\/\/www.blogsoestado.com\/danielmatos\/?s={search_term_string}"},"query-input":{"@type":"PropertyValueSpecification","valueRequired":true,"valueName":"search_term_string"}}],"inLanguage":"pt-BR"}]}},"jetpack_featured_media_url":"","_links":{"self":[{"href":"https:\/\/www.blogsoestado.com\/danielmatos\/wp-json\/wp\/v2\/posts\/80521","targetHints":{"allow":["GET"]}}],"collection":[{"href":"https:\/\/www.blogsoestado.com\/danielmatos\/wp-json\/wp\/v2\/posts"}],"about":[{"href":"https:\/\/www.blogsoestado.com\/danielmatos\/wp-json\/wp\/v2\/types\/post"}],"replies":[{"embeddable":true,"href":"https:\/\/www.blogsoestado.com\/danielmatos\/wp-json\/wp\/v2\/comments?post=80521"}],"version-history":[{"count":0,"href":"https:\/\/www.blogsoestado.com\/danielmatos\/wp-json\/wp\/v2\/posts\/80521\/revisions"}],"wp:attachment":[{"href":"https:\/\/www.blogsoestado.com\/danielmatos\/wp-json\/wp\/v2\/media?parent=80521"}],"wp:term":[{"taxonomy":"category","embeddable":true,"href":"https:\/\/www.blogsoestado.com\/danielmatos\/wp-json\/wp\/v2\/categories?post=80521"},{"taxonomy":"post_tag","embeddable":true,"href":"https:\/\/www.blogsoestado.com\/danielmatos\/wp-json\/wp\/v2\/tags?post=80521"}],"curies":[{"name":"wp","href":"https:\/\/api.w.org\/{rel}","templated":true}]}}