{"id":80546,"date":"2020-12-02T21:59:05","date_gmt":"2020-12-03T00:59:05","guid":{"rendered":"https:\/\/www.blogsoestado.com\/danielmatos\/?p=80546"},"modified":"2020-12-02T21:59:05","modified_gmt":"2020-12-03T00:59:05","slug":"sao-luis-diplomacao-dos-eleitos-em-2020-ocorrera-dia-17-12-as-16h","status":"publish","type":"post","link":"https:\/\/www.blogsoestado.com\/danielmatos\/sao-luis-diplomacao-dos-eleitos-em-2020-ocorrera-dia-17-12-as-16h\/","title":{"rendered":"S\u00e3o Lu\u00eds: diploma\u00e7\u00e3o dos eleitos em 2020 ocorrer\u00e1 dia 17\/12, \u00e0s 16h"},"content":{"rendered":"\n<div class=\"wp-block-image\"><figure class=\"aligncenter size-large\"><img decoding=\"async\" src=\"https:\/\/www.blogsoestado.com\/danielmatos\/files\/2020\/12\/TRE-MA-visita-Braide-destaque1.jpg\" alt=\"\" class=\"wp-image-80547\"\/><figcaption>Prefeito eleito de S\u00e3o Lu\u00eds, Eduardo Braide, em reuni\u00e3o com a c\u00fapula do TRE-MA<\/figcaption><\/figure><\/div>\n\n\n\n<p>Os candidatos eleitos em S\u00e3o Lu\u00eds j\u00e1 t\u00eam a data em que ser\u00e3o diplomados: 17 de dezembro, \u00e0s 16h, em cerim\u00f4nia que ser\u00e1 realizada no audit\u00f3rio Madalena Serejo do F\u00f3rum Desembargador Sarney Costa (Calhau), com transmiss\u00e3o ao vivo pelo canal TRE-MA do Youtube.<\/p>\n\n\n\n<p>A data foi anunciada na tarde desta ter\u00e7a, 1\u00ba, pelo presidente do Tribunal Regional Eleitoral do Maranh\u00e3o, desembargador Tyrone Silva, durante visita do prefeito eleito Eduardo Braide.<\/p>\n\n\n\n<p>Na pauta da visita, a seguran\u00e7a do processo eletr\u00f4nico de vota\u00e7\u00e3o, celeridade na oficializa\u00e7\u00e3o dos resultados, compromisso da Justi\u00e7a Eleitoral com a transpar\u00eancia de seus atos e o fortalecimento da democracia.<\/p>\n\n\n\n<p>\u201cAgrade\u00e7o a visita e informo que a diploma\u00e7\u00e3o ser\u00e1 mais restrita, com obedi\u00eancia \u00e0s regras sanit\u00e1rias, visando garantir a seguran\u00e7a dos envolvidos\u201d, destacou o presidente.<\/p>\n\n\n\n<p>\u201cFiz quest\u00e3o de vim presencialmente parabenizar todo o trabalho feito pela Justi\u00e7a Eleitoral nestas elei\u00e7\u00f5es 2020, estendendo esses cumprimentos a todos os servidores e colaboradores. Tivemos elei\u00e7\u00f5es limpas, transparentes, r\u00e1pidas. O Maranh\u00e3o deu exemplo na efici\u00eancia em rela\u00e7\u00e3o a outros estados do pa\u00eds\u201d, resumiu Braide.<\/p>\n\n\n\n<p>Participaram da visita o diretor-geral Gustavo Vila Boas, o secret\u00e1rio de Tecnologia da Informa\u00e7\u00e3o Gualter Lopes, o promotor Pablo Bog\u00e9a, o advogado En\u00e9as Fernandes, assessores do presidente e do candidato, al\u00e9m da imprensa.<\/p>\n\n\n\n<p><strong>Cerim\u00f4nia de Diploma\u00e7\u00e3o<\/strong><\/p>\n\n\n\n<p>Diplomar \u00e9 o ato em que a Justi\u00e7a Eleitoral certifica que o candidato alcan\u00e7ou o n\u00famero de votos capaz de eleg\u00ea-lo no cargo pretendido, permitindo que ele assuma no executivo ou legislativo.<\/p>\n","protected":false},"excerpt":{"rendered":"<p>Os candidatos eleitos em S\u00e3o Lu\u00eds j\u00e1 t\u00eam a data em que ser\u00e3o diplomados: 17 de dezembro, \u00e0s 16h, em [&hellip;]<\/p>\n","protected":false},"author":0,"featured_media":0,"comment_status":"open","ping_status":"open","sticky":false,"template":"","format":"standard","meta":{"site-sidebar-layout":"default","site-content-layout":"","ast-site-content-layout":"default","site-content-style":"default","site-sidebar-style":"default","ast-global-header-display":"","ast-banner-title-visibility":"","ast-main-header-display":"","ast-hfb-above-header-display":"","ast-hfb-below-header-display":"","ast-hfb-mobile-header-display":"","site-post-title":"","ast-breadcrumbs-content":"","ast-featured-img":"","footer-sml-layout":"","ast-disable-related-posts":"","theme-transparent-header-meta":"","adv-header-id-meta":"","stick-header-meta":"","header-above-stick-meta":"","header-main-stick-meta":"","header-below-stick-meta":"","astra-migrate-meta-layouts":"default","ast-page-background-enabled":"default","ast-page-background-meta":{"desktop":{"background-color":"var(--ast-global-color-5)","background-image":"","background-repeat":"repeat","background-position":"center center","background-size":"auto","background-attachment":"scroll","background-type":"","background-media":"","overlay-type":"","overlay-color":"","overlay-opacity":"","overlay-gradient":""},"tablet":{"background-color":"","background-image":"","background-repeat":"repeat","background-position":"center center","background-size":"auto","background-attachment":"scroll","background-type":"","background-media":"","overlay-type":"","overlay-color":"","overlay-opacity":"","overlay-gradient":""},"mobile":{"background-color":"","background-image":"","background-repeat":"repeat","background-position":"center center","background-size":"auto","background-attachment":"scroll","background-type":"","background-media":"","overlay-type":"","overlay-color":"","overlay-opacity":"","overlay-gradient":""}},"ast-content-background-meta":{"desktop":{"background-color":"var(--ast-global-color-4)","background-image":"","background-repeat":"repeat","background-position":"center center","background-size":"auto","background-attachment":"scroll","background-type":"","background-media":"","overlay-type":"","overlay-color":"","overlay-opacity":"","overlay-gradient":""},"tablet":{"background-color":"var(--ast-global-color-4)","background-image":"","background-repeat":"repeat","background-position":"center center","background-size":"auto","background-attachment":"scroll","background-type":"","background-media":"","overlay-type":"","overlay-color":"","overlay-opacity":"","overlay-gradient":""},"mobile":{"background-color":"var(--ast-global-color-4)","background-image":"","background-repeat":"repeat","background-position":"center center","background-size":"auto","background-attachment":"scroll","background-type":"","background-media":"","overlay-type":"","overlay-color":"","overlay-opacity":"","overlay-gradient":""}},"footnotes":""},"categories":[1],"tags":[],"class_list":["post-80546","post","type-post","status-publish","format-standard","hentry","category-sem-categoria"],"yoast_head":"<!-- This site is optimized with the Yoast SEO plugin v26.6 - https:\/\/yoast.com\/wordpress\/plugins\/seo\/ -->\n<title>S\u00e3o Lu\u00eds: diploma\u00e7\u00e3o dos eleitos em 2020 ocorrer\u00e1 dia 17\/12, \u00e0s 16h - Daniel Matos<\/title>\n<meta name=\"robots\" content=\"index, follow, max-snippet:-1, max-image-preview:large, max-video-preview:-1\" \/>\n<link rel=\"canonical\" href=\"https:\/\/www.blogsoestado.com\/danielmatos\/sao-luis-diplomacao-dos-eleitos-em-2020-ocorrera-dia-17-12-as-16h\/\" \/>\n<meta property=\"og:locale\" content=\"pt_BR\" \/>\n<meta property=\"og:type\" content=\"article\" \/>\n<meta property=\"og:title\" content=\"S\u00e3o Lu\u00eds: diploma\u00e7\u00e3o dos eleitos em 2020 ocorrer\u00e1 dia 17\/12, \u00e0s 16h - Daniel Matos\" \/>\n<meta property=\"og:description\" content=\"Os candidatos eleitos em S\u00e3o Lu\u00eds j\u00e1 t\u00eam a data em que ser\u00e3o diplomados: 17 de dezembro, \u00e0s 16h, em [&hellip;]\" \/>\n<meta property=\"og:url\" content=\"https:\/\/www.blogsoestado.com\/danielmatos\/sao-luis-diplomacao-dos-eleitos-em-2020-ocorrera-dia-17-12-as-16h\/\" \/>\n<meta property=\"og:site_name\" content=\"Daniel Matos\" \/>\n<meta property=\"article:published_time\" content=\"2020-12-03T00:59:05+00:00\" \/>\n<meta property=\"og:image\" content=\"https:\/\/www.blogsoestado.com\/danielmatos\/files\/2020\/12\/TRE-MA-visita-Braide-destaque1.jpg\" \/>\n<meta name=\"twitter:card\" content=\"summary_large_image\" \/>\n<meta name=\"twitter:label1\" content=\"Est. tempo de leitura\" \/>\n\t<meta name=\"twitter:data1\" content=\"1 minuto\" \/>\n<script type=\"application\/ld+json\" class=\"yoast-schema-graph\">{\"@context\":\"https:\/\/schema.org\",\"@graph\":[{\"@type\":\"WebPage\",\"@id\":\"https:\/\/www.blogsoestado.com\/danielmatos\/sao-luis-diplomacao-dos-eleitos-em-2020-ocorrera-dia-17-12-as-16h\/\",\"url\":\"https:\/\/www.blogsoestado.com\/danielmatos\/sao-luis-diplomacao-dos-eleitos-em-2020-ocorrera-dia-17-12-as-16h\/\",\"name\":\"S\u00e3o Lu\u00eds: diploma\u00e7\u00e3o dos eleitos em 2020 ocorrer\u00e1 dia 17\/12, \u00e0s 16h - Daniel Matos\",\"isPartOf\":{\"@id\":\"https:\/\/www.blogsoestado.com\/danielmatos\/#website\"},\"primaryImageOfPage\":{\"@id\":\"https:\/\/www.blogsoestado.com\/danielmatos\/sao-luis-diplomacao-dos-eleitos-em-2020-ocorrera-dia-17-12-as-16h\/#primaryimage\"},\"image\":{\"@id\":\"https:\/\/www.blogsoestado.com\/danielmatos\/sao-luis-diplomacao-dos-eleitos-em-2020-ocorrera-dia-17-12-as-16h\/#primaryimage\"},\"thumbnailUrl\":\"https:\/\/www.blogsoestado.com\/danielmatos\/files\/2020\/12\/TRE-MA-visita-Braide-destaque1.jpg\",\"datePublished\":\"2020-12-03T00:59:05+00:00\",\"author\":{\"@id\":\"\"},\"breadcrumb\":{\"@id\":\"https:\/\/www.blogsoestado.com\/danielmatos\/sao-luis-diplomacao-dos-eleitos-em-2020-ocorrera-dia-17-12-as-16h\/#breadcrumb\"},\"inLanguage\":\"pt-BR\",\"potentialAction\":[{\"@type\":\"ReadAction\",\"target\":[\"https:\/\/www.blogsoestado.com\/danielmatos\/sao-luis-diplomacao-dos-eleitos-em-2020-ocorrera-dia-17-12-as-16h\/\"]}]},{\"@type\":\"ImageObject\",\"inLanguage\":\"pt-BR\",\"@id\":\"https:\/\/www.blogsoestado.com\/danielmatos\/sao-luis-diplomacao-dos-eleitos-em-2020-ocorrera-dia-17-12-as-16h\/#primaryimage\",\"url\":\"https:\/\/www.blogsoestado.com\/danielmatos\/files\/2020\/12\/TRE-MA-visita-Braide-destaque1.jpg\",\"contentUrl\":\"https:\/\/www.blogsoestado.com\/danielmatos\/files\/2020\/12\/TRE-MA-visita-Braide-destaque1.jpg\"},{\"@type\":\"BreadcrumbList\",\"@id\":\"https:\/\/www.blogsoestado.com\/danielmatos\/sao-luis-diplomacao-dos-eleitos-em-2020-ocorrera-dia-17-12-as-16h\/#breadcrumb\",\"itemListElement\":[{\"@type\":\"ListItem\",\"position\":1,\"name\":\"In\u00edcio\",\"item\":\"https:\/\/www.blogsoestado.com\/danielmatos\/\"},{\"@type\":\"ListItem\",\"position\":2,\"name\":\"S\u00e3o Lu\u00eds: diploma\u00e7\u00e3o dos eleitos em 2020 ocorrer\u00e1 dia 17\/12, \u00e0s 16h\"}]},{\"@type\":\"WebSite\",\"@id\":\"https:\/\/www.blogsoestado.com\/danielmatos\/#website\",\"url\":\"https:\/\/www.blogsoestado.com\/danielmatos\/\",\"name\":\"Daniel Matos\",\"description\":\"\",\"potentialAction\":[{\"@type\":\"SearchAction\",\"target\":{\"@type\":\"EntryPoint\",\"urlTemplate\":\"https:\/\/www.blogsoestado.com\/danielmatos\/?s={search_term_string}\"},\"query-input\":{\"@type\":\"PropertyValueSpecification\",\"valueRequired\":true,\"valueName\":\"search_term_string\"}}],\"inLanguage\":\"pt-BR\"}]}<\/script>\n<!-- \/ Yoast SEO plugin. -->","yoast_head_json":{"title":"S\u00e3o Lu\u00eds: diploma\u00e7\u00e3o dos eleitos em 2020 ocorrer\u00e1 dia 17\/12, \u00e0s 16h - Daniel Matos","robots":{"index":"index","follow":"follow","max-snippet":"max-snippet:-1","max-image-preview":"max-image-preview:large","max-video-preview":"max-video-preview:-1"},"canonical":"https:\/\/www.blogsoestado.com\/danielmatos\/sao-luis-diplomacao-dos-eleitos-em-2020-ocorrera-dia-17-12-as-16h\/","og_locale":"pt_BR","og_type":"article","og_title":"S\u00e3o Lu\u00eds: diploma\u00e7\u00e3o dos eleitos em 2020 ocorrer\u00e1 dia 17\/12, \u00e0s 16h - Daniel Matos","og_description":"Os candidatos eleitos em S\u00e3o Lu\u00eds j\u00e1 t\u00eam a data em que ser\u00e3o diplomados: 17 de dezembro, \u00e0s 16h, em [&hellip;]","og_url":"https:\/\/www.blogsoestado.com\/danielmatos\/sao-luis-diplomacao-dos-eleitos-em-2020-ocorrera-dia-17-12-as-16h\/","og_site_name":"Daniel Matos","article_published_time":"2020-12-03T00:59:05+00:00","og_image":[{"url":"https:\/\/www.blogsoestado.com\/danielmatos\/files\/2020\/12\/TRE-MA-visita-Braide-destaque1.jpg","type":"","width":"","height":""}],"twitter_card":"summary_large_image","twitter_misc":{"Est. tempo de leitura":"1 minuto"},"schema":{"@context":"https:\/\/schema.org","@graph":[{"@type":"WebPage","@id":"https:\/\/www.blogsoestado.com\/danielmatos\/sao-luis-diplomacao-dos-eleitos-em-2020-ocorrera-dia-17-12-as-16h\/","url":"https:\/\/www.blogsoestado.com\/danielmatos\/sao-luis-diplomacao-dos-eleitos-em-2020-ocorrera-dia-17-12-as-16h\/","name":"S\u00e3o Lu\u00eds: diploma\u00e7\u00e3o dos eleitos em 2020 ocorrer\u00e1 dia 17\/12, \u00e0s 16h - Daniel Matos","isPartOf":{"@id":"https:\/\/www.blogsoestado.com\/danielmatos\/#website"},"primaryImageOfPage":{"@id":"https:\/\/www.blogsoestado.com\/danielmatos\/sao-luis-diplomacao-dos-eleitos-em-2020-ocorrera-dia-17-12-as-16h\/#primaryimage"},"image":{"@id":"https:\/\/www.blogsoestado.com\/danielmatos\/sao-luis-diplomacao-dos-eleitos-em-2020-ocorrera-dia-17-12-as-16h\/#primaryimage"},"thumbnailUrl":"https:\/\/www.blogsoestado.com\/danielmatos\/files\/2020\/12\/TRE-MA-visita-Braide-destaque1.jpg","datePublished":"2020-12-03T00:59:05+00:00","author":{"@id":""},"breadcrumb":{"@id":"https:\/\/www.blogsoestado.com\/danielmatos\/sao-luis-diplomacao-dos-eleitos-em-2020-ocorrera-dia-17-12-as-16h\/#breadcrumb"},"inLanguage":"pt-BR","potentialAction":[{"@type":"ReadAction","target":["https:\/\/www.blogsoestado.com\/danielmatos\/sao-luis-diplomacao-dos-eleitos-em-2020-ocorrera-dia-17-12-as-16h\/"]}]},{"@type":"ImageObject","inLanguage":"pt-BR","@id":"https:\/\/www.blogsoestado.com\/danielmatos\/sao-luis-diplomacao-dos-eleitos-em-2020-ocorrera-dia-17-12-as-16h\/#primaryimage","url":"https:\/\/www.blogsoestado.com\/danielmatos\/files\/2020\/12\/TRE-MA-visita-Braide-destaque1.jpg","contentUrl":"https:\/\/www.blogsoestado.com\/danielmatos\/files\/2020\/12\/TRE-MA-visita-Braide-destaque1.jpg"},{"@type":"BreadcrumbList","@id":"https:\/\/www.blogsoestado.com\/danielmatos\/sao-luis-diplomacao-dos-eleitos-em-2020-ocorrera-dia-17-12-as-16h\/#breadcrumb","itemListElement":[{"@type":"ListItem","position":1,"name":"In\u00edcio","item":"https:\/\/www.blogsoestado.com\/danielmatos\/"},{"@type":"ListItem","position":2,"name":"S\u00e3o Lu\u00eds: diploma\u00e7\u00e3o dos eleitos em 2020 ocorrer\u00e1 dia 17\/12, \u00e0s 16h"}]},{"@type":"WebSite","@id":"https:\/\/www.blogsoestado.com\/danielmatos\/#website","url":"https:\/\/www.blogsoestado.com\/danielmatos\/","name":"Daniel Matos","description":"","potentialAction":[{"@type":"SearchAction","target":{"@type":"EntryPoint","urlTemplate":"https:\/\/www.blogsoestado.com\/danielmatos\/?s={search_term_string}"},"query-input":{"@type":"PropertyValueSpecification","valueRequired":true,"valueName":"search_term_string"}}],"inLanguage":"pt-BR"}]}},"jetpack_featured_media_url":"","_links":{"self":[{"href":"https:\/\/www.blogsoestado.com\/danielmatos\/wp-json\/wp\/v2\/posts\/80546","targetHints":{"allow":["GET"]}}],"collection":[{"href":"https:\/\/www.blogsoestado.com\/danielmatos\/wp-json\/wp\/v2\/posts"}],"about":[{"href":"https:\/\/www.blogsoestado.com\/danielmatos\/wp-json\/wp\/v2\/types\/post"}],"replies":[{"embeddable":true,"href":"https:\/\/www.blogsoestado.com\/danielmatos\/wp-json\/wp\/v2\/comments?post=80546"}],"version-history":[{"count":0,"href":"https:\/\/www.blogsoestado.com\/danielmatos\/wp-json\/wp\/v2\/posts\/80546\/revisions"}],"wp:attachment":[{"href":"https:\/\/www.blogsoestado.com\/danielmatos\/wp-json\/wp\/v2\/media?parent=80546"}],"wp:term":[{"taxonomy":"category","embeddable":true,"href":"https:\/\/www.blogsoestado.com\/danielmatos\/wp-json\/wp\/v2\/categories?post=80546"},{"taxonomy":"post_tag","embeddable":true,"href":"https:\/\/www.blogsoestado.com\/danielmatos\/wp-json\/wp\/v2\/tags?post=80546"}],"curies":[{"name":"wp","href":"https:\/\/api.w.org\/{rel}","templated":true}]}}