{"id":80549,"date":"2020-12-03T09:37:37","date_gmt":"2020-12-03T12:37:37","guid":{"rendered":"https:\/\/www.blogsoestado.com\/danielmatos\/?p=80549"},"modified":"2020-12-03T09:37:37","modified_gmt":"2020-12-03T12:37:37","slug":"pf-desarticula-quadrilha-acusada-de-extorsao-a-prefeito-no-interior-do-maranhao","status":"publish","type":"post","link":"https:\/\/www.blogsoestado.com\/danielmatos\/pf-desarticula-quadrilha-acusada-de-extorsao-a-prefeito-no-interior-do-maranhao\/","title":{"rendered":"PF desarticula quadrilha acusada de extors\u00e3o a prefeito no Maranh\u00e3o"},"content":{"rendered":"\n<div class=\"wp-block-image\"><figure class=\"aligncenter size-large\"><img decoding=\"async\" src=\"https:\/\/www.blogsoestado.com\/danielmatos\/files\/2020\/12\/IMG-20201203-WA0039.jpg\" alt=\"\" class=\"wp-image-80550\"\/><figcaption>Equipe da Pol\u00edcia Federal em um dos endere\u00e7os alvos de mandados de busca e apreens\u00e3o<\/figcaption><\/figure><\/div>\n\n\n\n<p>A Pol\u00edcia Federal no Estado do Maranh\u00e3o (SR\/PF\/MA) deflagrou, na manh\u00e3 desta quinta-feira, dia 3 de dezembro de 2020, a Opera\u00e7\u00e3o \u201c\u00c1GIO FINAL\u201d, com a finalidade de desarticular associa\u00e7\u00e3o criminosa que praticava extors\u00e3o a um prefeito de munic\u00edpio no interior do Estado.<\/p>\n\n\n\n<p>A investiga\u00e7\u00e3o teve in\u00edcio a partir de den\u00fancia apresentada pelo gestor municipal \u00e0 Procuradoria da Rep\u00fablica no Maranh\u00e3o (PR\/MA) informando diversas amea\u00e7as sofridas ao longo de 2020. Em atua\u00e7\u00e3o conjunta com a Procuradoria da Rep\u00fablica, a Pol\u00edcia<br>Federal identificou um grupo criminoso que exigia pagamento de parte dos recursos p\u00fablicos federais destinados ao munic\u00edpio, sob o pretexto de ter influ\u00eddo na destina\u00e7\u00e3o das verbas.<\/p>\n\n\n\n<div class=\"wp-block-image\"><figure class=\"aligncenter size-large\"><img decoding=\"async\" src=\"https:\/\/www.blogsoestado.com\/danielmatos\/files\/2020\/12\/IMG-20201203-WA0042-768x1024.jpg\" alt=\"\" class=\"wp-image-80551\"\/><figcaption>Policial Federal vistoria interior de im\u00f3vel em busca de ind\u00edcios de crime<\/figcaption><\/figure><\/div>\n\n\n\n<p>As extors\u00f5es eram realizadas de forma ostensiva, com epis\u00f3dios de invas\u00e3o \u00e0 resid\u00eancia do gestor e intermedia\u00e7\u00e3o com terceiros, de modo a conferir maior press\u00e3o para o pagamento dos valores exigidos.<\/p>\n\n\n\n<p>Em decorr\u00eancia de representa\u00e7\u00e3o apresentada pela Pol\u00edcia Federal, o Ju\u00edzo da 1\u00aa Vara Federal Criminal expediu tr\u00ea mandados de pris\u00e3o preventiva e sete mandados de busca e apreens\u00e3o, al\u00e9m da autoriza\u00e7\u00e3o de afastamento do sigilo de dados telef\u00f4nicos dos investigados.<\/p>\n\n\n\n<p>Cerca de 40 policiais federais d\u00e3o cumprimento \u00e0s ordens judiciais em quatro cidades do Maranh\u00e3o (S\u00e3o Lu\u00eds, S\u00e3o Jos\u00e9 do Ribamar, Itapecuru Mirim e Pindar\u00e9 Mirim).<\/p>\n\n\n\n<div class=\"wp-block-image\"><figure class=\"aligncenter size-large\"><img decoding=\"async\" src=\"https:\/\/www.blogsoestado.com\/danielmatos\/files\/2020\/12\/IMG-20201203-WA0041-769x1024.jpg\" alt=\"\" class=\"wp-image-80553\"\/><figcaption>Livro foi utilizado por membro da quadrilha para esconder arma de fogo<\/figcaption><\/figure><\/div>\n\n\n\n<p>Se confirmadas as suspeitas, os investigados responder\u00e3o pelos crimes de extors\u00e3o qualificada (Art. 158, \u00a71\u00b0 do CP), estelionato majorado (Art. 171, \u00a73\u00b0 do CP) e associa\u00e7\u00e3o criminosa (Art. 288 do CPB), que somadas as penas podem chegar a at\u00e9 18 anos de reclus\u00e3o mais multa.<\/p>\n\n\n\n<p>A opera\u00e7\u00e3o foi denominada \u201c\u00c1GIO FINAL\u201d em raz\u00e3o do valor exigido pela associa\u00e7\u00e3o criminosa.<\/p>\n","protected":false},"excerpt":{"rendered":"<p>A Pol\u00edcia Federal no Estado do Maranh\u00e3o (SR\/PF\/MA) deflagrou, na manh\u00e3 desta quinta-feira, dia 3 de dezembro de 2020, a [&hellip;]<\/p>\n","protected":false},"author":0,"featured_media":0,"comment_status":"open","ping_status":"open","sticky":false,"template":"","format":"standard","meta":{"site-sidebar-layout":"default","site-content-layout":"","ast-site-content-layout":"default","site-content-style":"default","site-sidebar-style":"default","ast-global-header-display":"","ast-banner-title-visibility":"","ast-main-header-display":"","ast-hfb-above-header-display":"","ast-hfb-below-header-display":"","ast-hfb-mobile-header-display":"","site-post-title":"","ast-breadcrumbs-content":"","ast-featured-img":"","footer-sml-layout":"","ast-disable-related-posts":"","theme-transparent-header-meta":"","adv-header-id-meta":"","stick-header-meta":"","header-above-stick-meta":"","header-main-stick-meta":"","header-below-stick-meta":"","astra-migrate-meta-layouts":"default","ast-page-background-enabled":"default","ast-page-background-meta":{"desktop":{"background-color":"var(--ast-global-color-5)","background-image":"","background-repeat":"repeat","background-position":"center center","background-size":"auto","background-attachment":"scroll","background-type":"","background-media":"","overlay-type":"","overlay-color":"","overlay-opacity":"","overlay-gradient":""},"tablet":{"background-color":"","background-image":"","background-repeat":"repeat","background-position":"center center","background-size":"auto","background-attachment":"scroll","background-type":"","background-media":"","overlay-type":"","overlay-color":"","overlay-opacity":"","overlay-gradient":""},"mobile":{"background-color":"","background-image":"","background-repeat":"repeat","background-position":"center center","background-size":"auto","background-attachment":"scroll","background-type":"","background-media":"","overlay-type":"","overlay-color":"","overlay-opacity":"","overlay-gradient":""}},"ast-content-background-meta":{"desktop":{"background-color":"var(--ast-global-color-4)","background-image":"","background-repeat":"repeat","background-position":"center center","background-size":"auto","background-attachment":"scroll","background-type":"","background-media":"","overlay-type":"","overlay-color":"","overlay-opacity":"","overlay-gradient":""},"tablet":{"background-color":"var(--ast-global-color-4)","background-image":"","background-repeat":"repeat","background-position":"center center","background-size":"auto","background-attachment":"scroll","background-type":"","background-media":"","overlay-type":"","overlay-color":"","overlay-opacity":"","overlay-gradient":""},"mobile":{"background-color":"var(--ast-global-color-4)","background-image":"","background-repeat":"repeat","background-position":"center center","background-size":"auto","background-attachment":"scroll","background-type":"","background-media":"","overlay-type":"","overlay-color":"","overlay-opacity":"","overlay-gradient":""}},"footnotes":""},"categories":[1],"tags":[],"class_list":["post-80549","post","type-post","status-publish","format-standard","hentry","category-sem-categoria"],"yoast_head":"<!-- This site is optimized with the Yoast SEO plugin v26.6 - https:\/\/yoast.com\/wordpress\/plugins\/seo\/ -->\n<title>PF desarticula quadrilha acusada de extors\u00e3o a prefeito no Maranh\u00e3o - Daniel Matos<\/title>\n<meta name=\"robots\" content=\"index, follow, max-snippet:-1, max-image-preview:large, max-video-preview:-1\" \/>\n<link rel=\"canonical\" href=\"https:\/\/www.blogsoestado.com\/danielmatos\/pf-desarticula-quadrilha-acusada-de-extorsao-a-prefeito-no-interior-do-maranhao\/\" \/>\n<meta property=\"og:locale\" content=\"pt_BR\" \/>\n<meta property=\"og:type\" content=\"article\" \/>\n<meta property=\"og:title\" content=\"PF desarticula quadrilha acusada de extors\u00e3o a prefeito no Maranh\u00e3o - Daniel Matos\" \/>\n<meta property=\"og:description\" content=\"A Pol\u00edcia Federal no Estado do Maranh\u00e3o (SR\/PF\/MA) deflagrou, na manh\u00e3 desta quinta-feira, dia 3 de dezembro de 2020, a [&hellip;]\" \/>\n<meta property=\"og:url\" content=\"https:\/\/www.blogsoestado.com\/danielmatos\/pf-desarticula-quadrilha-acusada-de-extorsao-a-prefeito-no-interior-do-maranhao\/\" \/>\n<meta property=\"og:site_name\" content=\"Daniel Matos\" \/>\n<meta property=\"article:published_time\" content=\"2020-12-03T12:37:37+00:00\" \/>\n<meta property=\"og:image\" content=\"https:\/\/www.blogsoestado.com\/danielmatos\/files\/2020\/12\/IMG-20201203-WA0039.jpg\" \/>\n<meta name=\"twitter:card\" content=\"summary_large_image\" \/>\n<meta name=\"twitter:label1\" content=\"Est. tempo de leitura\" \/>\n\t<meta name=\"twitter:data1\" content=\"2 minutos\" \/>\n<script type=\"application\/ld+json\" class=\"yoast-schema-graph\">{\"@context\":\"https:\/\/schema.org\",\"@graph\":[{\"@type\":\"WebPage\",\"@id\":\"https:\/\/www.blogsoestado.com\/danielmatos\/pf-desarticula-quadrilha-acusada-de-extorsao-a-prefeito-no-interior-do-maranhao\/\",\"url\":\"https:\/\/www.blogsoestado.com\/danielmatos\/pf-desarticula-quadrilha-acusada-de-extorsao-a-prefeito-no-interior-do-maranhao\/\",\"name\":\"PF desarticula quadrilha acusada de extors\u00e3o a prefeito no Maranh\u00e3o - Daniel Matos\",\"isPartOf\":{\"@id\":\"https:\/\/www.blogsoestado.com\/danielmatos\/#website\"},\"primaryImageOfPage\":{\"@id\":\"https:\/\/www.blogsoestado.com\/danielmatos\/pf-desarticula-quadrilha-acusada-de-extorsao-a-prefeito-no-interior-do-maranhao\/#primaryimage\"},\"image\":{\"@id\":\"https:\/\/www.blogsoestado.com\/danielmatos\/pf-desarticula-quadrilha-acusada-de-extorsao-a-prefeito-no-interior-do-maranhao\/#primaryimage\"},\"thumbnailUrl\":\"https:\/\/www.blogsoestado.com\/danielmatos\/files\/2020\/12\/IMG-20201203-WA0039.jpg\",\"datePublished\":\"2020-12-03T12:37:37+00:00\",\"author\":{\"@id\":\"\"},\"breadcrumb\":{\"@id\":\"https:\/\/www.blogsoestado.com\/danielmatos\/pf-desarticula-quadrilha-acusada-de-extorsao-a-prefeito-no-interior-do-maranhao\/#breadcrumb\"},\"inLanguage\":\"pt-BR\",\"potentialAction\":[{\"@type\":\"ReadAction\",\"target\":[\"https:\/\/www.blogsoestado.com\/danielmatos\/pf-desarticula-quadrilha-acusada-de-extorsao-a-prefeito-no-interior-do-maranhao\/\"]}]},{\"@type\":\"ImageObject\",\"inLanguage\":\"pt-BR\",\"@id\":\"https:\/\/www.blogsoestado.com\/danielmatos\/pf-desarticula-quadrilha-acusada-de-extorsao-a-prefeito-no-interior-do-maranhao\/#primaryimage\",\"url\":\"https:\/\/www.blogsoestado.com\/danielmatos\/files\/2020\/12\/IMG-20201203-WA0039.jpg\",\"contentUrl\":\"https:\/\/www.blogsoestado.com\/danielmatos\/files\/2020\/12\/IMG-20201203-WA0039.jpg\"},{\"@type\":\"BreadcrumbList\",\"@id\":\"https:\/\/www.blogsoestado.com\/danielmatos\/pf-desarticula-quadrilha-acusada-de-extorsao-a-prefeito-no-interior-do-maranhao\/#breadcrumb\",\"itemListElement\":[{\"@type\":\"ListItem\",\"position\":1,\"name\":\"In\u00edcio\",\"item\":\"https:\/\/www.blogsoestado.com\/danielmatos\/\"},{\"@type\":\"ListItem\",\"position\":2,\"name\":\"PF desarticula quadrilha acusada de extors\u00e3o a prefeito no Maranh\u00e3o\"}]},{\"@type\":\"WebSite\",\"@id\":\"https:\/\/www.blogsoestado.com\/danielmatos\/#website\",\"url\":\"https:\/\/www.blogsoestado.com\/danielmatos\/\",\"name\":\"Daniel Matos\",\"description\":\"\",\"potentialAction\":[{\"@type\":\"SearchAction\",\"target\":{\"@type\":\"EntryPoint\",\"urlTemplate\":\"https:\/\/www.blogsoestado.com\/danielmatos\/?s={search_term_string}\"},\"query-input\":{\"@type\":\"PropertyValueSpecification\",\"valueRequired\":true,\"valueName\":\"search_term_string\"}}],\"inLanguage\":\"pt-BR\"}]}<\/script>\n<!-- \/ Yoast SEO plugin. -->","yoast_head_json":{"title":"PF desarticula quadrilha acusada de extors\u00e3o a prefeito no Maranh\u00e3o - Daniel Matos","robots":{"index":"index","follow":"follow","max-snippet":"max-snippet:-1","max-image-preview":"max-image-preview:large","max-video-preview":"max-video-preview:-1"},"canonical":"https:\/\/www.blogsoestado.com\/danielmatos\/pf-desarticula-quadrilha-acusada-de-extorsao-a-prefeito-no-interior-do-maranhao\/","og_locale":"pt_BR","og_type":"article","og_title":"PF desarticula quadrilha acusada de extors\u00e3o a prefeito no Maranh\u00e3o - Daniel Matos","og_description":"A Pol\u00edcia Federal no Estado do Maranh\u00e3o (SR\/PF\/MA) deflagrou, na manh\u00e3 desta quinta-feira, dia 3 de dezembro de 2020, a [&hellip;]","og_url":"https:\/\/www.blogsoestado.com\/danielmatos\/pf-desarticula-quadrilha-acusada-de-extorsao-a-prefeito-no-interior-do-maranhao\/","og_site_name":"Daniel Matos","article_published_time":"2020-12-03T12:37:37+00:00","og_image":[{"url":"https:\/\/www.blogsoestado.com\/danielmatos\/files\/2020\/12\/IMG-20201203-WA0039.jpg","type":"","width":"","height":""}],"twitter_card":"summary_large_image","twitter_misc":{"Est. tempo de leitura":"2 minutos"},"schema":{"@context":"https:\/\/schema.org","@graph":[{"@type":"WebPage","@id":"https:\/\/www.blogsoestado.com\/danielmatos\/pf-desarticula-quadrilha-acusada-de-extorsao-a-prefeito-no-interior-do-maranhao\/","url":"https:\/\/www.blogsoestado.com\/danielmatos\/pf-desarticula-quadrilha-acusada-de-extorsao-a-prefeito-no-interior-do-maranhao\/","name":"PF desarticula quadrilha acusada de extors\u00e3o a prefeito no Maranh\u00e3o - Daniel Matos","isPartOf":{"@id":"https:\/\/www.blogsoestado.com\/danielmatos\/#website"},"primaryImageOfPage":{"@id":"https:\/\/www.blogsoestado.com\/danielmatos\/pf-desarticula-quadrilha-acusada-de-extorsao-a-prefeito-no-interior-do-maranhao\/#primaryimage"},"image":{"@id":"https:\/\/www.blogsoestado.com\/danielmatos\/pf-desarticula-quadrilha-acusada-de-extorsao-a-prefeito-no-interior-do-maranhao\/#primaryimage"},"thumbnailUrl":"https:\/\/www.blogsoestado.com\/danielmatos\/files\/2020\/12\/IMG-20201203-WA0039.jpg","datePublished":"2020-12-03T12:37:37+00:00","author":{"@id":""},"breadcrumb":{"@id":"https:\/\/www.blogsoestado.com\/danielmatos\/pf-desarticula-quadrilha-acusada-de-extorsao-a-prefeito-no-interior-do-maranhao\/#breadcrumb"},"inLanguage":"pt-BR","potentialAction":[{"@type":"ReadAction","target":["https:\/\/www.blogsoestado.com\/danielmatos\/pf-desarticula-quadrilha-acusada-de-extorsao-a-prefeito-no-interior-do-maranhao\/"]}]},{"@type":"ImageObject","inLanguage":"pt-BR","@id":"https:\/\/www.blogsoestado.com\/danielmatos\/pf-desarticula-quadrilha-acusada-de-extorsao-a-prefeito-no-interior-do-maranhao\/#primaryimage","url":"https:\/\/www.blogsoestado.com\/danielmatos\/files\/2020\/12\/IMG-20201203-WA0039.jpg","contentUrl":"https:\/\/www.blogsoestado.com\/danielmatos\/files\/2020\/12\/IMG-20201203-WA0039.jpg"},{"@type":"BreadcrumbList","@id":"https:\/\/www.blogsoestado.com\/danielmatos\/pf-desarticula-quadrilha-acusada-de-extorsao-a-prefeito-no-interior-do-maranhao\/#breadcrumb","itemListElement":[{"@type":"ListItem","position":1,"name":"In\u00edcio","item":"https:\/\/www.blogsoestado.com\/danielmatos\/"},{"@type":"ListItem","position":2,"name":"PF desarticula quadrilha acusada de extors\u00e3o a prefeito no Maranh\u00e3o"}]},{"@type":"WebSite","@id":"https:\/\/www.blogsoestado.com\/danielmatos\/#website","url":"https:\/\/www.blogsoestado.com\/danielmatos\/","name":"Daniel Matos","description":"","potentialAction":[{"@type":"SearchAction","target":{"@type":"EntryPoint","urlTemplate":"https:\/\/www.blogsoestado.com\/danielmatos\/?s={search_term_string}"},"query-input":{"@type":"PropertyValueSpecification","valueRequired":true,"valueName":"search_term_string"}}],"inLanguage":"pt-BR"}]}},"jetpack_featured_media_url":"","_links":{"self":[{"href":"https:\/\/www.blogsoestado.com\/danielmatos\/wp-json\/wp\/v2\/posts\/80549","targetHints":{"allow":["GET"]}}],"collection":[{"href":"https:\/\/www.blogsoestado.com\/danielmatos\/wp-json\/wp\/v2\/posts"}],"about":[{"href":"https:\/\/www.blogsoestado.com\/danielmatos\/wp-json\/wp\/v2\/types\/post"}],"replies":[{"embeddable":true,"href":"https:\/\/www.blogsoestado.com\/danielmatos\/wp-json\/wp\/v2\/comments?post=80549"}],"version-history":[{"count":0,"href":"https:\/\/www.blogsoestado.com\/danielmatos\/wp-json\/wp\/v2\/posts\/80549\/revisions"}],"wp:attachment":[{"href":"https:\/\/www.blogsoestado.com\/danielmatos\/wp-json\/wp\/v2\/media?parent=80549"}],"wp:term":[{"taxonomy":"category","embeddable":true,"href":"https:\/\/www.blogsoestado.com\/danielmatos\/wp-json\/wp\/v2\/categories?post=80549"},{"taxonomy":"post_tag","embeddable":true,"href":"https:\/\/www.blogsoestado.com\/danielmatos\/wp-json\/wp\/v2\/tags?post=80549"}],"curies":[{"name":"wp","href":"https:\/\/api.w.org\/{rel}","templated":true}]}}