{"id":80587,"date":"2020-12-04T07:57:13","date_gmt":"2020-12-04T10:57:13","guid":{"rendered":"https:\/\/www.blogsoestado.com\/danielmatos\/?p=80587"},"modified":"2020-12-04T07:57:13","modified_gmt":"2020-12-04T10:57:13","slug":"instalacoes-de-antenas-equatorial-maranhao-alerta-a-populacao-sobre-os-cuidados-necessarios","status":"publish","type":"post","link":"https:\/\/www.blogsoestado.com\/danielmatos\/instalacoes-de-antenas-equatorial-maranhao-alerta-a-populacao-sobre-os-cuidados-necessarios\/","title":{"rendered":"Instala\u00e7\u00f5es de antenas: Equatorial Maranh\u00e3o alerta \u00e0 popula\u00e7\u00e3o sobre os cuidados necess\u00e1rios"},"content":{"rendered":"\n<div class=\"wp-block-image\"><figure class=\"aligncenter size-large\"><img decoding=\"async\" src=\"https:\/\/www.blogsoestado.com\/danielmatos\/files\/2020\/12\/WhatsApp-Image-2020-12-03-at-14.10.54.jpeg\" alt=\"\" class=\"wp-image-80588\"\/><figcaption>Istala\u00e7\u00e3o de antenas requer extrema precau\u00e7\u00e3o, alerta Equatorial<\/figcaption><\/figure><\/div>\n\n\n\n<p>Estar atento e se manter vigilante em rela\u00e7\u00e3o \u00e0 energia el\u00e9trica \u00e9 um cuidado muito importante e que nunca deve ser deixado de lado. Com o objetivo de garantir a seguran\u00e7a da popula\u00e7\u00e3o durante os servi\u00e7os de instala\u00e7\u00f5es ou manuten\u00e7\u00f5es em antenas, a Equatorial Maranh\u00e3o preparou uma s\u00e9rie de orienta\u00e7\u00f5es e cuidados para que esses servi\u00e7os sejam realizados de forma segura, evitando poss\u00edveis acidentes envolvendo eletricidade.<\/p>\n\n\n\n<p>Esses servi\u00e7os necessitam de muitos cuidados, pois geralmente o local onde a antena capta o melhor sinal pode ser pr\u00f3ximo aos fios da rede el\u00e9trica. Por isso, ao escolher o local pra instala\u00e7\u00e3o da antena procure manter a dist\u00e2ncia segura da rede de energia. Al\u00e9m disso, outras dicas importantes para evitar acidentes s\u00e3o:<\/p>\n\n\n\n<ul class=\"wp-block-list\"><li>A instala\u00e7\u00e3o da antena deve ser feita por profissionais qualificados e experientes;<\/li><li>Nunca instale a antena pr\u00f3xima a para-raios, nem interligue o cabo da antena aos condutores el\u00e9tricos;<\/li><li>Durante a instala\u00e7\u00e3o, n\u00e3o arremesse cabos sobre a rede el\u00e9trica, mesmo que eles sejam encapados, pois a capacidade de isolamento do material pode n\u00e3o ser suficiente para evitar a passagem da eletricidade;<\/li><li>Marquises jamais devem servir de local para a instala\u00e7\u00e3o de antenas, devido \u00e0 proximidade das redes el\u00e9tricas;<\/li><li>Ao manusear a antena, n\u00e3o se aproxime ou toque na rede el\u00e9trica.<\/li><\/ul>\n","protected":false},"excerpt":{"rendered":"<p>Estar atento e se manter vigilante em rela\u00e7\u00e3o \u00e0 energia el\u00e9trica \u00e9 um cuidado muito importante e que nunca deve [&hellip;]<\/p>\n","protected":false},"author":0,"featured_media":0,"comment_status":"open","ping_status":"open","sticky":false,"template":"","format":"standard","meta":{"site-sidebar-layout":"default","site-content-layout":"","ast-site-content-layout":"default","site-content-style":"default","site-sidebar-style":"default","ast-global-header-display":"","ast-banner-title-visibility":"","ast-main-header-display":"","ast-hfb-above-header-display":"","ast-hfb-below-header-display":"","ast-hfb-mobile-header-display":"","site-post-title":"","ast-breadcrumbs-content":"","ast-featured-img":"","footer-sml-layout":"","ast-disable-related-posts":"","theme-transparent-header-meta":"","adv-header-id-meta":"","stick-header-meta":"","header-above-stick-meta":"","header-main-stick-meta":"","header-below-stick-meta":"","astra-migrate-meta-layouts":"default","ast-page-background-enabled":"default","ast-page-background-meta":{"desktop":{"background-color":"var(--ast-global-color-5)","background-image":"","background-repeat":"repeat","background-position":"center center","background-size":"auto","background-attachment":"scroll","background-type":"","background-media":"","overlay-type":"","overlay-color":"","overlay-opacity":"","overlay-gradient":""},"tablet":{"background-color":"","background-image":"","background-repeat":"repeat","background-position":"center center","background-size":"auto","background-attachment":"scroll","background-type":"","background-media":"","overlay-type":"","overlay-color":"","overlay-opacity":"","overlay-gradient":""},"mobile":{"background-color":"","background-image":"","background-repeat":"repeat","background-position":"center center","background-size":"auto","background-attachment":"scroll","background-type":"","background-media":"","overlay-type":"","overlay-color":"","overlay-opacity":"","overlay-gradient":""}},"ast-content-background-meta":{"desktop":{"background-color":"var(--ast-global-color-4)","background-image":"","background-repeat":"repeat","background-position":"center center","background-size":"auto","background-attachment":"scroll","background-type":"","background-media":"","overlay-type":"","overlay-color":"","overlay-opacity":"","overlay-gradient":""},"tablet":{"background-color":"var(--ast-global-color-4)","background-image":"","background-repeat":"repeat","background-position":"center center","background-size":"auto","background-attachment":"scroll","background-type":"","background-media":"","overlay-type":"","overlay-color":"","overlay-opacity":"","overlay-gradient":""},"mobile":{"background-color":"var(--ast-global-color-4)","background-image":"","background-repeat":"repeat","background-position":"center center","background-size":"auto","background-attachment":"scroll","background-type":"","background-media":"","overlay-type":"","overlay-color":"","overlay-opacity":"","overlay-gradient":""}},"footnotes":""},"categories":[1],"tags":[],"class_list":["post-80587","post","type-post","status-publish","format-standard","hentry","category-sem-categoria"],"yoast_head":"<!-- This site is optimized with the Yoast SEO plugin v26.6 - https:\/\/yoast.com\/wordpress\/plugins\/seo\/ -->\n<title>Instala\u00e7\u00f5es de antenas: Equatorial Maranh\u00e3o alerta \u00e0 popula\u00e7\u00e3o sobre os cuidados necess\u00e1rios - Daniel Matos<\/title>\n<meta name=\"robots\" content=\"index, follow, max-snippet:-1, max-image-preview:large, max-video-preview:-1\" \/>\n<link rel=\"canonical\" href=\"https:\/\/www.blogsoestado.com\/danielmatos\/instalacoes-de-antenas-equatorial-maranhao-alerta-a-populacao-sobre-os-cuidados-necessarios\/\" \/>\n<meta property=\"og:locale\" content=\"pt_BR\" \/>\n<meta property=\"og:type\" content=\"article\" \/>\n<meta property=\"og:title\" content=\"Instala\u00e7\u00f5es de antenas: Equatorial Maranh\u00e3o alerta \u00e0 popula\u00e7\u00e3o sobre os cuidados necess\u00e1rios - Daniel Matos\" \/>\n<meta property=\"og:description\" content=\"Estar atento e se manter vigilante em rela\u00e7\u00e3o \u00e0 energia el\u00e9trica \u00e9 um cuidado muito importante e que nunca deve [&hellip;]\" \/>\n<meta property=\"og:url\" content=\"https:\/\/www.blogsoestado.com\/danielmatos\/instalacoes-de-antenas-equatorial-maranhao-alerta-a-populacao-sobre-os-cuidados-necessarios\/\" \/>\n<meta property=\"og:site_name\" content=\"Daniel Matos\" \/>\n<meta property=\"article:published_time\" content=\"2020-12-04T10:57:13+00:00\" \/>\n<meta property=\"og:image\" content=\"https:\/\/www.blogsoestado.com\/danielmatos\/files\/2020\/12\/WhatsApp-Image-2020-12-03-at-14.10.54.jpeg\" \/>\n<meta name=\"twitter:card\" content=\"summary_large_image\" \/>\n<meta name=\"twitter:label1\" content=\"Est. tempo de leitura\" \/>\n\t<meta name=\"twitter:data1\" content=\"1 minuto\" \/>\n<script type=\"application\/ld+json\" class=\"yoast-schema-graph\">{\"@context\":\"https:\/\/schema.org\",\"@graph\":[{\"@type\":\"WebPage\",\"@id\":\"https:\/\/www.blogsoestado.com\/danielmatos\/instalacoes-de-antenas-equatorial-maranhao-alerta-a-populacao-sobre-os-cuidados-necessarios\/\",\"url\":\"https:\/\/www.blogsoestado.com\/danielmatos\/instalacoes-de-antenas-equatorial-maranhao-alerta-a-populacao-sobre-os-cuidados-necessarios\/\",\"name\":\"Instala\u00e7\u00f5es de antenas: Equatorial Maranh\u00e3o alerta \u00e0 popula\u00e7\u00e3o sobre os cuidados necess\u00e1rios - Daniel Matos\",\"isPartOf\":{\"@id\":\"https:\/\/www.blogsoestado.com\/danielmatos\/#website\"},\"primaryImageOfPage\":{\"@id\":\"https:\/\/www.blogsoestado.com\/danielmatos\/instalacoes-de-antenas-equatorial-maranhao-alerta-a-populacao-sobre-os-cuidados-necessarios\/#primaryimage\"},\"image\":{\"@id\":\"https:\/\/www.blogsoestado.com\/danielmatos\/instalacoes-de-antenas-equatorial-maranhao-alerta-a-populacao-sobre-os-cuidados-necessarios\/#primaryimage\"},\"thumbnailUrl\":\"https:\/\/www.blogsoestado.com\/danielmatos\/files\/2020\/12\/WhatsApp-Image-2020-12-03-at-14.10.54.jpeg\",\"datePublished\":\"2020-12-04T10:57:13+00:00\",\"author\":{\"@id\":\"\"},\"breadcrumb\":{\"@id\":\"https:\/\/www.blogsoestado.com\/danielmatos\/instalacoes-de-antenas-equatorial-maranhao-alerta-a-populacao-sobre-os-cuidados-necessarios\/#breadcrumb\"},\"inLanguage\":\"pt-BR\",\"potentialAction\":[{\"@type\":\"ReadAction\",\"target\":[\"https:\/\/www.blogsoestado.com\/danielmatos\/instalacoes-de-antenas-equatorial-maranhao-alerta-a-populacao-sobre-os-cuidados-necessarios\/\"]}]},{\"@type\":\"ImageObject\",\"inLanguage\":\"pt-BR\",\"@id\":\"https:\/\/www.blogsoestado.com\/danielmatos\/instalacoes-de-antenas-equatorial-maranhao-alerta-a-populacao-sobre-os-cuidados-necessarios\/#primaryimage\",\"url\":\"https:\/\/www.blogsoestado.com\/danielmatos\/files\/2020\/12\/WhatsApp-Image-2020-12-03-at-14.10.54.jpeg\",\"contentUrl\":\"https:\/\/www.blogsoestado.com\/danielmatos\/files\/2020\/12\/WhatsApp-Image-2020-12-03-at-14.10.54.jpeg\"},{\"@type\":\"BreadcrumbList\",\"@id\":\"https:\/\/www.blogsoestado.com\/danielmatos\/instalacoes-de-antenas-equatorial-maranhao-alerta-a-populacao-sobre-os-cuidados-necessarios\/#breadcrumb\",\"itemListElement\":[{\"@type\":\"ListItem\",\"position\":1,\"name\":\"In\u00edcio\",\"item\":\"https:\/\/www.blogsoestado.com\/danielmatos\/\"},{\"@type\":\"ListItem\",\"position\":2,\"name\":\"Instala\u00e7\u00f5es de antenas: Equatorial Maranh\u00e3o alerta \u00e0 popula\u00e7\u00e3o sobre os cuidados necess\u00e1rios\"}]},{\"@type\":\"WebSite\",\"@id\":\"https:\/\/www.blogsoestado.com\/danielmatos\/#website\",\"url\":\"https:\/\/www.blogsoestado.com\/danielmatos\/\",\"name\":\"Daniel Matos\",\"description\":\"\",\"potentialAction\":[{\"@type\":\"SearchAction\",\"target\":{\"@type\":\"EntryPoint\",\"urlTemplate\":\"https:\/\/www.blogsoestado.com\/danielmatos\/?s={search_term_string}\"},\"query-input\":{\"@type\":\"PropertyValueSpecification\",\"valueRequired\":true,\"valueName\":\"search_term_string\"}}],\"inLanguage\":\"pt-BR\"}]}<\/script>\n<!-- \/ Yoast SEO plugin. -->","yoast_head_json":{"title":"Instala\u00e7\u00f5es de antenas: Equatorial Maranh\u00e3o alerta \u00e0 popula\u00e7\u00e3o sobre os cuidados necess\u00e1rios - Daniel Matos","robots":{"index":"index","follow":"follow","max-snippet":"max-snippet:-1","max-image-preview":"max-image-preview:large","max-video-preview":"max-video-preview:-1"},"canonical":"https:\/\/www.blogsoestado.com\/danielmatos\/instalacoes-de-antenas-equatorial-maranhao-alerta-a-populacao-sobre-os-cuidados-necessarios\/","og_locale":"pt_BR","og_type":"article","og_title":"Instala\u00e7\u00f5es de antenas: Equatorial Maranh\u00e3o alerta \u00e0 popula\u00e7\u00e3o sobre os cuidados necess\u00e1rios - Daniel Matos","og_description":"Estar atento e se manter vigilante em rela\u00e7\u00e3o \u00e0 energia el\u00e9trica \u00e9 um cuidado muito importante e que nunca deve [&hellip;]","og_url":"https:\/\/www.blogsoestado.com\/danielmatos\/instalacoes-de-antenas-equatorial-maranhao-alerta-a-populacao-sobre-os-cuidados-necessarios\/","og_site_name":"Daniel Matos","article_published_time":"2020-12-04T10:57:13+00:00","og_image":[{"url":"https:\/\/www.blogsoestado.com\/danielmatos\/files\/2020\/12\/WhatsApp-Image-2020-12-03-at-14.10.54.jpeg","type":"","width":"","height":""}],"twitter_card":"summary_large_image","twitter_misc":{"Est. tempo de leitura":"1 minuto"},"schema":{"@context":"https:\/\/schema.org","@graph":[{"@type":"WebPage","@id":"https:\/\/www.blogsoestado.com\/danielmatos\/instalacoes-de-antenas-equatorial-maranhao-alerta-a-populacao-sobre-os-cuidados-necessarios\/","url":"https:\/\/www.blogsoestado.com\/danielmatos\/instalacoes-de-antenas-equatorial-maranhao-alerta-a-populacao-sobre-os-cuidados-necessarios\/","name":"Instala\u00e7\u00f5es de antenas: Equatorial Maranh\u00e3o alerta \u00e0 popula\u00e7\u00e3o sobre os cuidados necess\u00e1rios - Daniel Matos","isPartOf":{"@id":"https:\/\/www.blogsoestado.com\/danielmatos\/#website"},"primaryImageOfPage":{"@id":"https:\/\/www.blogsoestado.com\/danielmatos\/instalacoes-de-antenas-equatorial-maranhao-alerta-a-populacao-sobre-os-cuidados-necessarios\/#primaryimage"},"image":{"@id":"https:\/\/www.blogsoestado.com\/danielmatos\/instalacoes-de-antenas-equatorial-maranhao-alerta-a-populacao-sobre-os-cuidados-necessarios\/#primaryimage"},"thumbnailUrl":"https:\/\/www.blogsoestado.com\/danielmatos\/files\/2020\/12\/WhatsApp-Image-2020-12-03-at-14.10.54.jpeg","datePublished":"2020-12-04T10:57:13+00:00","author":{"@id":""},"breadcrumb":{"@id":"https:\/\/www.blogsoestado.com\/danielmatos\/instalacoes-de-antenas-equatorial-maranhao-alerta-a-populacao-sobre-os-cuidados-necessarios\/#breadcrumb"},"inLanguage":"pt-BR","potentialAction":[{"@type":"ReadAction","target":["https:\/\/www.blogsoestado.com\/danielmatos\/instalacoes-de-antenas-equatorial-maranhao-alerta-a-populacao-sobre-os-cuidados-necessarios\/"]}]},{"@type":"ImageObject","inLanguage":"pt-BR","@id":"https:\/\/www.blogsoestado.com\/danielmatos\/instalacoes-de-antenas-equatorial-maranhao-alerta-a-populacao-sobre-os-cuidados-necessarios\/#primaryimage","url":"https:\/\/www.blogsoestado.com\/danielmatos\/files\/2020\/12\/WhatsApp-Image-2020-12-03-at-14.10.54.jpeg","contentUrl":"https:\/\/www.blogsoestado.com\/danielmatos\/files\/2020\/12\/WhatsApp-Image-2020-12-03-at-14.10.54.jpeg"},{"@type":"BreadcrumbList","@id":"https:\/\/www.blogsoestado.com\/danielmatos\/instalacoes-de-antenas-equatorial-maranhao-alerta-a-populacao-sobre-os-cuidados-necessarios\/#breadcrumb","itemListElement":[{"@type":"ListItem","position":1,"name":"In\u00edcio","item":"https:\/\/www.blogsoestado.com\/danielmatos\/"},{"@type":"ListItem","position":2,"name":"Instala\u00e7\u00f5es de antenas: Equatorial Maranh\u00e3o alerta \u00e0 popula\u00e7\u00e3o sobre os cuidados necess\u00e1rios"}]},{"@type":"WebSite","@id":"https:\/\/www.blogsoestado.com\/danielmatos\/#website","url":"https:\/\/www.blogsoestado.com\/danielmatos\/","name":"Daniel Matos","description":"","potentialAction":[{"@type":"SearchAction","target":{"@type":"EntryPoint","urlTemplate":"https:\/\/www.blogsoestado.com\/danielmatos\/?s={search_term_string}"},"query-input":{"@type":"PropertyValueSpecification","valueRequired":true,"valueName":"search_term_string"}}],"inLanguage":"pt-BR"}]}},"jetpack_featured_media_url":"","_links":{"self":[{"href":"https:\/\/www.blogsoestado.com\/danielmatos\/wp-json\/wp\/v2\/posts\/80587","targetHints":{"allow":["GET"]}}],"collection":[{"href":"https:\/\/www.blogsoestado.com\/danielmatos\/wp-json\/wp\/v2\/posts"}],"about":[{"href":"https:\/\/www.blogsoestado.com\/danielmatos\/wp-json\/wp\/v2\/types\/post"}],"replies":[{"embeddable":true,"href":"https:\/\/www.blogsoestado.com\/danielmatos\/wp-json\/wp\/v2\/comments?post=80587"}],"version-history":[{"count":0,"href":"https:\/\/www.blogsoestado.com\/danielmatos\/wp-json\/wp\/v2\/posts\/80587\/revisions"}],"wp:attachment":[{"href":"https:\/\/www.blogsoestado.com\/danielmatos\/wp-json\/wp\/v2\/media?parent=80587"}],"wp:term":[{"taxonomy":"category","embeddable":true,"href":"https:\/\/www.blogsoestado.com\/danielmatos\/wp-json\/wp\/v2\/categories?post=80587"},{"taxonomy":"post_tag","embeddable":true,"href":"https:\/\/www.blogsoestado.com\/danielmatos\/wp-json\/wp\/v2\/tags?post=80587"}],"curies":[{"name":"wp","href":"https:\/\/api.w.org\/{rel}","templated":true}]}}