{"id":80606,"date":"2020-12-04T18:41:55","date_gmt":"2020-12-04T21:41:55","guid":{"rendered":"https:\/\/www.blogsoestado.com\/danielmatos\/?p=80606"},"modified":"2020-12-04T18:41:55","modified_gmt":"2020-12-04T21:41:55","slug":"josimar-e-pastor-gil-sao-alvos-de-ataques-politicos","status":"publish","type":"post","link":"https:\/\/www.blogsoestado.com\/danielmatos\/josimar-e-pastor-gil-sao-alvos-de-ataques-politicos\/","title":{"rendered":"Josimar e Pastor Gil s\u00e3o alvos de ataques pol\u00edticos"},"content":{"rendered":"\n<div class=\"wp-block-image\"><figure class=\"aligncenter size-large\"><img decoding=\"async\" src=\"https:\/\/www.blogsoestado.com\/danielmatos\/files\/2020\/12\/gildenemyr.png\" alt=\"\" class=\"wp-image-80607\"\/><figcaption>Josimar e Pastor Gil em ato pol\u00edtico na campanha eleitoral passada<\/figcaption><\/figure><\/div>\n\n\n\n<p>O per\u00edodo p\u00f3s-elei\u00e7\u00f5es 2020 trouxe uma caracter\u00edstica diferente de ataques dos derrotados contra os vitoriosos: a desconstru\u00e7\u00e3o da imagem. \u00c9 o que est\u00e1 sendo feito com o deputado federal Josimar de Maranh\u00e3ozinho (PL). E n\u00e3o somente com ele, com seus aliados mais pr\u00f3ximos tamb\u00e9m.<\/p>\n\n\n\n<p>Ap\u00f3s a opera\u00e7\u00e3o da Pol\u00edcia Federal, a \u00c1gil Fatal, circulou informa\u00e7\u00e3o de que o outro deputado federal do PL, Pastor Gil, teria sido supostamente um intermediador entre um empres\u00e1rio e o prefeito Eudes Sampaio para pagamento de propina com recurso das Sa\u00fade.<\/p>\n\n\n\n<p>A hist\u00f3ria, pelo que apurou o blog, n\u00e3o tem fundamento. \u00c9 verdade que o Pastor Gil direcionou emenda parlamentar para a Prefeitura de S\u00e3o Jos\u00e9 de Ribamar. Foram cerca de R$ 2 milh\u00f5es.<\/p>\n\n\n\n<p>\u00c9 verdade tamb\u00e9m que o parlamentar esteve com Eudes Sampaio. No entanto, o encontro teve a participa\u00e7\u00e3o de pastores da Assembleia de Deus. O assunto tem rela\u00e7\u00e3o com a comemora\u00e7\u00e3o do centen\u00e1rio da igreja que vai acontecer em 2022 e um local para a comemora\u00e7\u00e3o est\u00e1 sendo feito na cidade ainda comandada por Eudes.<\/p>\n\n\n\n<p>Nos bastidores, a hist\u00f3ria \u00e9 bem diferente e tem claras vertentes pol\u00edticas. A primeira vem do pr\u00f3prio prefeito que n\u00e3o conseguiu a reelei\u00e7\u00e3o perdendo o pleito para Dr. Julinho, que \u00e9 do partido de Josimar e Pastor Gil.<\/p>\n\n\n\n<p>A segunda \u00e9 uma estrat\u00e9gia clara do grupo do senador Weverton Rocha (PDT) que n\u00e3o v\u00ea com bons olhos a aproxima\u00e7\u00e3o do vice-governador, Carlos Brand\u00e3o (Republicanos), com o deputado Josimar de Maranh\u00e3ozinho. Os dois est\u00e3o em conversa para uma articula\u00e7\u00e3o pela presid\u00eancia da Federa\u00e7\u00e3o dos Munic\u00edpios do Estado do Maranh\u00e3o (Famem).<\/p>\n\n\n\n<p>Com 40 prefeitos eleitos, o PL de Josimar e Pastor Gil \u00e9 o partido mais pr\u00f3ximo em n\u00fameros de gestores municipais eleitos pelo PDT. Se aliado com o Republicanos, a conta da quantidade de prefeito pula para 60. E isto faz com que o PDT precise correr atr\u00e1s de apoio para garantir a reelei\u00e7\u00e3o de Erl\u00e2nio Xavier, prefeito de Igarap\u00e9 Grande.<\/p>\n\n\n\n<p>Mas onde o Pastor Gil entra na conta? Ele acabou sendo alvo dos advers\u00e1rios por ter proximidade com Maranh\u00e3ozinho. O pastor foi a todos os palanques de candidatos do PL ou com apoio da legenda no interior do Maranh\u00e3o. Fez esta campanha de 2020 sempre lado a lado com Josimar. E para atingir o presidente do PL, advers\u00e1rios decidiram atacar um dos aliado mais pr\u00f3ximos de Josimar.<\/p>\n","protected":false},"excerpt":{"rendered":"<p>O per\u00edodo p\u00f3s-elei\u00e7\u00f5es 2020 trouxe uma caracter\u00edstica diferente de ataques dos derrotados contra os vitoriosos: a desconstru\u00e7\u00e3o da imagem. \u00c9 [&hellip;]<\/p>\n","protected":false},"author":0,"featured_media":0,"comment_status":"open","ping_status":"open","sticky":false,"template":"","format":"standard","meta":{"site-sidebar-layout":"default","site-content-layout":"","ast-site-content-layout":"default","site-content-style":"default","site-sidebar-style":"default","ast-global-header-display":"","ast-banner-title-visibility":"","ast-main-header-display":"","ast-hfb-above-header-display":"","ast-hfb-below-header-display":"","ast-hfb-mobile-header-display":"","site-post-title":"","ast-breadcrumbs-content":"","ast-featured-img":"","footer-sml-layout":"","ast-disable-related-posts":"","theme-transparent-header-meta":"","adv-header-id-meta":"","stick-header-meta":"","header-above-stick-meta":"","header-main-stick-meta":"","header-below-stick-meta":"","astra-migrate-meta-layouts":"default","ast-page-background-enabled":"default","ast-page-background-meta":{"desktop":{"background-color":"var(--ast-global-color-5)","background-image":"","background-repeat":"repeat","background-position":"center center","background-size":"auto","background-attachment":"scroll","background-type":"","background-media":"","overlay-type":"","overlay-color":"","overlay-opacity":"","overlay-gradient":""},"tablet":{"background-color":"","background-image":"","background-repeat":"repeat","background-position":"center center","background-size":"auto","background-attachment":"scroll","background-type":"","background-media":"","overlay-type":"","overlay-color":"","overlay-opacity":"","overlay-gradient":""},"mobile":{"background-color":"","background-image":"","background-repeat":"repeat","background-position":"center center","background-size":"auto","background-attachment":"scroll","background-type":"","background-media":"","overlay-type":"","overlay-color":"","overlay-opacity":"","overlay-gradient":""}},"ast-content-background-meta":{"desktop":{"background-color":"var(--ast-global-color-4)","background-image":"","background-repeat":"repeat","background-position":"center center","background-size":"auto","background-attachment":"scroll","background-type":"","background-media":"","overlay-type":"","overlay-color":"","overlay-opacity":"","overlay-gradient":""},"tablet":{"background-color":"var(--ast-global-color-4)","background-image":"","background-repeat":"repeat","background-position":"center center","background-size":"auto","background-attachment":"scroll","background-type":"","background-media":"","overlay-type":"","overlay-color":"","overlay-opacity":"","overlay-gradient":""},"mobile":{"background-color":"var(--ast-global-color-4)","background-image":"","background-repeat":"repeat","background-position":"center center","background-size":"auto","background-attachment":"scroll","background-type":"","background-media":"","overlay-type":"","overlay-color":"","overlay-opacity":"","overlay-gradient":""}},"footnotes":""},"categories":[1],"tags":[],"class_list":["post-80606","post","type-post","status-publish","format-standard","hentry","category-sem-categoria"],"yoast_head":"<!-- This site is optimized with the Yoast SEO plugin v26.6 - https:\/\/yoast.com\/wordpress\/plugins\/seo\/ -->\n<title>Josimar e Pastor Gil s\u00e3o alvos de ataques pol\u00edticos - Daniel Matos<\/title>\n<meta name=\"robots\" content=\"index, follow, max-snippet:-1, max-image-preview:large, max-video-preview:-1\" \/>\n<link rel=\"canonical\" href=\"https:\/\/www.blogsoestado.com\/danielmatos\/josimar-e-pastor-gil-sao-alvos-de-ataques-politicos\/\" \/>\n<meta property=\"og:locale\" content=\"pt_BR\" \/>\n<meta property=\"og:type\" content=\"article\" \/>\n<meta property=\"og:title\" content=\"Josimar e Pastor Gil s\u00e3o alvos de ataques pol\u00edticos - Daniel Matos\" \/>\n<meta property=\"og:description\" content=\"O per\u00edodo p\u00f3s-elei\u00e7\u00f5es 2020 trouxe uma caracter\u00edstica diferente de ataques dos derrotados contra os vitoriosos: a desconstru\u00e7\u00e3o da imagem. \u00c9 [&hellip;]\" \/>\n<meta property=\"og:url\" content=\"https:\/\/www.blogsoestado.com\/danielmatos\/josimar-e-pastor-gil-sao-alvos-de-ataques-politicos\/\" \/>\n<meta property=\"og:site_name\" content=\"Daniel Matos\" \/>\n<meta property=\"article:published_time\" content=\"2020-12-04T21:41:55+00:00\" \/>\n<meta property=\"og:image\" content=\"https:\/\/www.blogsoestado.com\/danielmatos\/files\/2020\/12\/gildenemyr.png\" \/>\n<meta name=\"twitter:card\" content=\"summary_large_image\" \/>\n<meta name=\"twitter:label1\" content=\"Est. tempo de leitura\" \/>\n\t<meta name=\"twitter:data1\" content=\"2 minutos\" \/>\n<script type=\"application\/ld+json\" class=\"yoast-schema-graph\">{\"@context\":\"https:\/\/schema.org\",\"@graph\":[{\"@type\":\"WebPage\",\"@id\":\"https:\/\/www.blogsoestado.com\/danielmatos\/josimar-e-pastor-gil-sao-alvos-de-ataques-politicos\/\",\"url\":\"https:\/\/www.blogsoestado.com\/danielmatos\/josimar-e-pastor-gil-sao-alvos-de-ataques-politicos\/\",\"name\":\"Josimar e Pastor Gil s\u00e3o alvos de ataques pol\u00edticos - Daniel Matos\",\"isPartOf\":{\"@id\":\"https:\/\/www.blogsoestado.com\/danielmatos\/#website\"},\"primaryImageOfPage\":{\"@id\":\"https:\/\/www.blogsoestado.com\/danielmatos\/josimar-e-pastor-gil-sao-alvos-de-ataques-politicos\/#primaryimage\"},\"image\":{\"@id\":\"https:\/\/www.blogsoestado.com\/danielmatos\/josimar-e-pastor-gil-sao-alvos-de-ataques-politicos\/#primaryimage\"},\"thumbnailUrl\":\"https:\/\/www.blogsoestado.com\/danielmatos\/files\/2020\/12\/gildenemyr.png\",\"datePublished\":\"2020-12-04T21:41:55+00:00\",\"author\":{\"@id\":\"\"},\"breadcrumb\":{\"@id\":\"https:\/\/www.blogsoestado.com\/danielmatos\/josimar-e-pastor-gil-sao-alvos-de-ataques-politicos\/#breadcrumb\"},\"inLanguage\":\"pt-BR\",\"potentialAction\":[{\"@type\":\"ReadAction\",\"target\":[\"https:\/\/www.blogsoestado.com\/danielmatos\/josimar-e-pastor-gil-sao-alvos-de-ataques-politicos\/\"]}]},{\"@type\":\"ImageObject\",\"inLanguage\":\"pt-BR\",\"@id\":\"https:\/\/www.blogsoestado.com\/danielmatos\/josimar-e-pastor-gil-sao-alvos-de-ataques-politicos\/#primaryimage\",\"url\":\"https:\/\/www.blogsoestado.com\/danielmatos\/files\/2020\/12\/gildenemyr.png\",\"contentUrl\":\"https:\/\/www.blogsoestado.com\/danielmatos\/files\/2020\/12\/gildenemyr.png\"},{\"@type\":\"BreadcrumbList\",\"@id\":\"https:\/\/www.blogsoestado.com\/danielmatos\/josimar-e-pastor-gil-sao-alvos-de-ataques-politicos\/#breadcrumb\",\"itemListElement\":[{\"@type\":\"ListItem\",\"position\":1,\"name\":\"In\u00edcio\",\"item\":\"https:\/\/www.blogsoestado.com\/danielmatos\/\"},{\"@type\":\"ListItem\",\"position\":2,\"name\":\"Josimar e Pastor Gil s\u00e3o alvos de ataques pol\u00edticos\"}]},{\"@type\":\"WebSite\",\"@id\":\"https:\/\/www.blogsoestado.com\/danielmatos\/#website\",\"url\":\"https:\/\/www.blogsoestado.com\/danielmatos\/\",\"name\":\"Daniel Matos\",\"description\":\"\",\"potentialAction\":[{\"@type\":\"SearchAction\",\"target\":{\"@type\":\"EntryPoint\",\"urlTemplate\":\"https:\/\/www.blogsoestado.com\/danielmatos\/?s={search_term_string}\"},\"query-input\":{\"@type\":\"PropertyValueSpecification\",\"valueRequired\":true,\"valueName\":\"search_term_string\"}}],\"inLanguage\":\"pt-BR\"}]}<\/script>\n<!-- \/ Yoast SEO plugin. -->","yoast_head_json":{"title":"Josimar e Pastor Gil s\u00e3o alvos de ataques pol\u00edticos - Daniel Matos","robots":{"index":"index","follow":"follow","max-snippet":"max-snippet:-1","max-image-preview":"max-image-preview:large","max-video-preview":"max-video-preview:-1"},"canonical":"https:\/\/www.blogsoestado.com\/danielmatos\/josimar-e-pastor-gil-sao-alvos-de-ataques-politicos\/","og_locale":"pt_BR","og_type":"article","og_title":"Josimar e Pastor Gil s\u00e3o alvos de ataques pol\u00edticos - Daniel Matos","og_description":"O per\u00edodo p\u00f3s-elei\u00e7\u00f5es 2020 trouxe uma caracter\u00edstica diferente de ataques dos derrotados contra os vitoriosos: a desconstru\u00e7\u00e3o da imagem. \u00c9 [&hellip;]","og_url":"https:\/\/www.blogsoestado.com\/danielmatos\/josimar-e-pastor-gil-sao-alvos-de-ataques-politicos\/","og_site_name":"Daniel Matos","article_published_time":"2020-12-04T21:41:55+00:00","og_image":[{"url":"https:\/\/www.blogsoestado.com\/danielmatos\/files\/2020\/12\/gildenemyr.png","type":"","width":"","height":""}],"twitter_card":"summary_large_image","twitter_misc":{"Est. tempo de leitura":"2 minutos"},"schema":{"@context":"https:\/\/schema.org","@graph":[{"@type":"WebPage","@id":"https:\/\/www.blogsoestado.com\/danielmatos\/josimar-e-pastor-gil-sao-alvos-de-ataques-politicos\/","url":"https:\/\/www.blogsoestado.com\/danielmatos\/josimar-e-pastor-gil-sao-alvos-de-ataques-politicos\/","name":"Josimar e Pastor Gil s\u00e3o alvos de ataques pol\u00edticos - Daniel Matos","isPartOf":{"@id":"https:\/\/www.blogsoestado.com\/danielmatos\/#website"},"primaryImageOfPage":{"@id":"https:\/\/www.blogsoestado.com\/danielmatos\/josimar-e-pastor-gil-sao-alvos-de-ataques-politicos\/#primaryimage"},"image":{"@id":"https:\/\/www.blogsoestado.com\/danielmatos\/josimar-e-pastor-gil-sao-alvos-de-ataques-politicos\/#primaryimage"},"thumbnailUrl":"https:\/\/www.blogsoestado.com\/danielmatos\/files\/2020\/12\/gildenemyr.png","datePublished":"2020-12-04T21:41:55+00:00","author":{"@id":""},"breadcrumb":{"@id":"https:\/\/www.blogsoestado.com\/danielmatos\/josimar-e-pastor-gil-sao-alvos-de-ataques-politicos\/#breadcrumb"},"inLanguage":"pt-BR","potentialAction":[{"@type":"ReadAction","target":["https:\/\/www.blogsoestado.com\/danielmatos\/josimar-e-pastor-gil-sao-alvos-de-ataques-politicos\/"]}]},{"@type":"ImageObject","inLanguage":"pt-BR","@id":"https:\/\/www.blogsoestado.com\/danielmatos\/josimar-e-pastor-gil-sao-alvos-de-ataques-politicos\/#primaryimage","url":"https:\/\/www.blogsoestado.com\/danielmatos\/files\/2020\/12\/gildenemyr.png","contentUrl":"https:\/\/www.blogsoestado.com\/danielmatos\/files\/2020\/12\/gildenemyr.png"},{"@type":"BreadcrumbList","@id":"https:\/\/www.blogsoestado.com\/danielmatos\/josimar-e-pastor-gil-sao-alvos-de-ataques-politicos\/#breadcrumb","itemListElement":[{"@type":"ListItem","position":1,"name":"In\u00edcio","item":"https:\/\/www.blogsoestado.com\/danielmatos\/"},{"@type":"ListItem","position":2,"name":"Josimar e Pastor Gil s\u00e3o alvos de ataques pol\u00edticos"}]},{"@type":"WebSite","@id":"https:\/\/www.blogsoestado.com\/danielmatos\/#website","url":"https:\/\/www.blogsoestado.com\/danielmatos\/","name":"Daniel Matos","description":"","potentialAction":[{"@type":"SearchAction","target":{"@type":"EntryPoint","urlTemplate":"https:\/\/www.blogsoestado.com\/danielmatos\/?s={search_term_string}"},"query-input":{"@type":"PropertyValueSpecification","valueRequired":true,"valueName":"search_term_string"}}],"inLanguage":"pt-BR"}]}},"jetpack_featured_media_url":"","_links":{"self":[{"href":"https:\/\/www.blogsoestado.com\/danielmatos\/wp-json\/wp\/v2\/posts\/80606","targetHints":{"allow":["GET"]}}],"collection":[{"href":"https:\/\/www.blogsoestado.com\/danielmatos\/wp-json\/wp\/v2\/posts"}],"about":[{"href":"https:\/\/www.blogsoestado.com\/danielmatos\/wp-json\/wp\/v2\/types\/post"}],"replies":[{"embeddable":true,"href":"https:\/\/www.blogsoestado.com\/danielmatos\/wp-json\/wp\/v2\/comments?post=80606"}],"version-history":[{"count":0,"href":"https:\/\/www.blogsoestado.com\/danielmatos\/wp-json\/wp\/v2\/posts\/80606\/revisions"}],"wp:attachment":[{"href":"https:\/\/www.blogsoestado.com\/danielmatos\/wp-json\/wp\/v2\/media?parent=80606"}],"wp:term":[{"taxonomy":"category","embeddable":true,"href":"https:\/\/www.blogsoestado.com\/danielmatos\/wp-json\/wp\/v2\/categories?post=80606"},{"taxonomy":"post_tag","embeddable":true,"href":"https:\/\/www.blogsoestado.com\/danielmatos\/wp-json\/wp\/v2\/tags?post=80606"}],"curies":[{"name":"wp","href":"https:\/\/api.w.org\/{rel}","templated":true}]}}