{"id":80609,"date":"2020-12-04T20:25:57","date_gmt":"2020-12-04T23:25:57","guid":{"rendered":"https:\/\/www.blogsoestado.com\/danielmatos\/?p=80609"},"modified":"2020-12-04T20:25:57","modified_gmt":"2020-12-04T23:25:57","slug":"braide-inicia-transicao-durante-encontro-com-edivaldo-holanda-junior","status":"publish","type":"post","link":"https:\/\/www.blogsoestado.com\/danielmatos\/braide-inicia-transicao-durante-encontro-com-edivaldo-holanda-junior\/","title":{"rendered":"Braide inicia transi\u00e7\u00e3o durante encontro com Edivaldo Holanda J\u00fanior"},"content":{"rendered":"\n<div class=\"wp-block-image\"><figure class=\"aligncenter size-large\"><img decoding=\"async\" src=\"https:\/\/www.blogsoestado.com\/danielmatos\/files\/2020\/12\/Foto-1-Kayo-Sousa-Braide-inicia-transi\u00e7\u00e3o-durante-encontro-com-Edivaldo-Holanda-J\u00fanior-1024x682.jpg\" alt=\"\" class=\"wp-image-80610\"\/><figcaption>Edivaldo Holanda Jr. e Eduardo Braide oficializaram in\u00edcio da transi\u00e7\u00e3o<\/figcaption><\/figure><\/div>\n\n\n\n<p>O prefeito eleito de S\u00e3o Lu\u00eds, Eduardo Braide, iniciou nesta sexta-feira (4), o processo de transi\u00e7\u00e3o do governo municipal, durante encontro com o prefeito Edivaldo Holanda J\u00fanior. O ato aconteceu no Pal\u00e1cio La Ravardi\u00e8re, sede da Prefeitura.<\/p>\n\n\n\n<p>En\u00e9as Garcia Fernandes Neto, que j\u00e1 havia sido anunciado no in\u00edcio da semana como o coordenador da equipe de transi\u00e7\u00e3o, tamb\u00e9m participou da entrega do documento, que foi protocolado. Comp\u00f5em a equipe de transi\u00e7\u00e3o:<\/p>\n\n\n\n<p>&#8211; En\u00e9as Fernandes (advogado, com experi\u00eancia na assessoria jur\u00eddica municipal e eleitoral);<\/p>\n\n\n\n<p>&#8211; Elisabeth Castelo Branco (professora, especialista em Educa\u00e7\u00e3o Ambiental, Gest\u00e3o Escolar e Educa\u00e7\u00e3o de Jovens e Adultos);<br><br>&#8211; Mar\u00edlia da Concei\u00e7\u00e3o Gomes da Silva (contadora e administradora, com experi\u00eancia nas administra\u00e7\u00f5es p\u00fablicas municipal e estadual);<\/p>\n\n\n\n<p>&#8211; Max Barros (engenheiro civil e ex-deputado estadual);<\/p>\n\n\n\n<p>&#8211; Fl\u00e1vio Ol\u00edmpio Neves (contador e advogado, mestre em Controladoria e Administra\u00e7\u00e3o).<\/p>\n\n\n\n<p>Edivaldo Holanda J\u00fanior nomeou o secret\u00e1rio municipal de Governo, Pablo Rebou\u00e7as, para coordenar os trabalhos da equipe de transi\u00e7\u00e3o atual gest\u00e3o municipal. \u201cA pandemia encurtou os prazos, mas estamos trabalhando para que&nbsp; o prefeito eleito Eduardo Braide assuma dentro da maior tranquilidade e transpar\u00eancia poss\u00edvel\u201d, assegurou Edivaldo.<\/p>\n\n\n\n<p>Eduardo Braide ressaltou a tranquilidade no processo de transi\u00e7\u00e3o. \u201cSabemos que o tempo \u00e9 curto e o prefeito Edivaldo se mostrou totalmente disposto a colaborar com o processo, pois entendemos que quanto mais r\u00e1pida a transi\u00e7\u00e3o, melhor ser\u00e1 para a popula\u00e7\u00e3o\u201d, pontuou o prefeito eleito.<\/p>\n\n\n\n<p>Ainda durante o encontro, Braide ressaltou como ser\u00e1 o perfil de seu secretariado. \u201cSempre disse que governar bem \u00e9 colocar as pessoas certas nos lugares certos. Nas \u00e1reas t\u00e9cnicas, prevalecer\u00e1 o crit\u00e9rio t\u00e9cnico. Nas \u00e1reas pol\u00edticas, o perfil precisa ser pol\u00edtico. Assim que finalizarmos a transi\u00e7\u00e3o, anunciaremos os nomes que nos ajudar\u00e3o a governar pelo bem da nossa cidade\u201d, finalizou.<\/p>\n","protected":false},"excerpt":{"rendered":"<p>O prefeito eleito de S\u00e3o Lu\u00eds, Eduardo Braide, iniciou nesta sexta-feira (4), o processo de transi\u00e7\u00e3o do governo municipal, durante [&hellip;]<\/p>\n","protected":false},"author":0,"featured_media":0,"comment_status":"open","ping_status":"open","sticky":false,"template":"","format":"standard","meta":{"site-sidebar-layout":"default","site-content-layout":"","ast-site-content-layout":"default","site-content-style":"default","site-sidebar-style":"default","ast-global-header-display":"","ast-banner-title-visibility":"","ast-main-header-display":"","ast-hfb-above-header-display":"","ast-hfb-below-header-display":"","ast-hfb-mobile-header-display":"","site-post-title":"","ast-breadcrumbs-content":"","ast-featured-img":"","footer-sml-layout":"","ast-disable-related-posts":"","theme-transparent-header-meta":"","adv-header-id-meta":"","stick-header-meta":"","header-above-stick-meta":"","header-main-stick-meta":"","header-below-stick-meta":"","astra-migrate-meta-layouts":"default","ast-page-background-enabled":"default","ast-page-background-meta":{"desktop":{"background-color":"var(--ast-global-color-5)","background-image":"","background-repeat":"repeat","background-position":"center center","background-size":"auto","background-attachment":"scroll","background-type":"","background-media":"","overlay-type":"","overlay-color":"","overlay-opacity":"","overlay-gradient":""},"tablet":{"background-color":"","background-image":"","background-repeat":"repeat","background-position":"center center","background-size":"auto","background-attachment":"scroll","background-type":"","background-media":"","overlay-type":"","overlay-color":"","overlay-opacity":"","overlay-gradient":""},"mobile":{"background-color":"","background-image":"","background-repeat":"repeat","background-position":"center center","background-size":"auto","background-attachment":"scroll","background-type":"","background-media":"","overlay-type":"","overlay-color":"","overlay-opacity":"","overlay-gradient":""}},"ast-content-background-meta":{"desktop":{"background-color":"var(--ast-global-color-4)","background-image":"","background-repeat":"repeat","background-position":"center center","background-size":"auto","background-attachment":"scroll","background-type":"","background-media":"","overlay-type":"","overlay-color":"","overlay-opacity":"","overlay-gradient":""},"tablet":{"background-color":"var(--ast-global-color-4)","background-image":"","background-repeat":"repeat","background-position":"center center","background-size":"auto","background-attachment":"scroll","background-type":"","background-media":"","overlay-type":"","overlay-color":"","overlay-opacity":"","overlay-gradient":""},"mobile":{"background-color":"var(--ast-global-color-4)","background-image":"","background-repeat":"repeat","background-position":"center center","background-size":"auto","background-attachment":"scroll","background-type":"","background-media":"","overlay-type":"","overlay-color":"","overlay-opacity":"","overlay-gradient":""}},"footnotes":""},"categories":[1],"tags":[],"class_list":["post-80609","post","type-post","status-publish","format-standard","hentry","category-sem-categoria"],"yoast_head":"<!-- This site is optimized with the Yoast SEO plugin v26.6 - https:\/\/yoast.com\/wordpress\/plugins\/seo\/ -->\n<title>Braide inicia transi\u00e7\u00e3o durante encontro com Edivaldo Holanda J\u00fanior - Daniel Matos<\/title>\n<meta name=\"robots\" content=\"index, follow, max-snippet:-1, max-image-preview:large, max-video-preview:-1\" \/>\n<link rel=\"canonical\" href=\"https:\/\/www.blogsoestado.com\/danielmatos\/braide-inicia-transicao-durante-encontro-com-edivaldo-holanda-junior\/\" \/>\n<meta property=\"og:locale\" content=\"pt_BR\" \/>\n<meta property=\"og:type\" content=\"article\" \/>\n<meta property=\"og:title\" content=\"Braide inicia transi\u00e7\u00e3o durante encontro com Edivaldo Holanda J\u00fanior - Daniel Matos\" \/>\n<meta property=\"og:description\" content=\"O prefeito eleito de S\u00e3o Lu\u00eds, Eduardo Braide, iniciou nesta sexta-feira (4), o processo de transi\u00e7\u00e3o do governo municipal, durante [&hellip;]\" \/>\n<meta property=\"og:url\" content=\"https:\/\/www.blogsoestado.com\/danielmatos\/braide-inicia-transicao-durante-encontro-com-edivaldo-holanda-junior\/\" \/>\n<meta property=\"og:site_name\" content=\"Daniel Matos\" \/>\n<meta property=\"article:published_time\" content=\"2020-12-04T23:25:57+00:00\" \/>\n<meta name=\"twitter:card\" content=\"summary_large_image\" \/>\n<meta name=\"twitter:label1\" content=\"Est. tempo de leitura\" \/>\n\t<meta name=\"twitter:data1\" content=\"2 minutos\" \/>\n<script type=\"application\/ld+json\" class=\"yoast-schema-graph\">{\"@context\":\"https:\/\/schema.org\",\"@graph\":[{\"@type\":\"WebPage\",\"@id\":\"https:\/\/www.blogsoestado.com\/danielmatos\/braide-inicia-transicao-durante-encontro-com-edivaldo-holanda-junior\/\",\"url\":\"https:\/\/www.blogsoestado.com\/danielmatos\/braide-inicia-transicao-durante-encontro-com-edivaldo-holanda-junior\/\",\"name\":\"Braide inicia transi\u00e7\u00e3o durante encontro com Edivaldo Holanda J\u00fanior - Daniel Matos\",\"isPartOf\":{\"@id\":\"https:\/\/www.blogsoestado.com\/danielmatos\/#website\"},\"datePublished\":\"2020-12-04T23:25:57+00:00\",\"author\":{\"@id\":\"\"},\"breadcrumb\":{\"@id\":\"https:\/\/www.blogsoestado.com\/danielmatos\/braide-inicia-transicao-durante-encontro-com-edivaldo-holanda-junior\/#breadcrumb\"},\"inLanguage\":\"pt-BR\",\"potentialAction\":[{\"@type\":\"ReadAction\",\"target\":[\"https:\/\/www.blogsoestado.com\/danielmatos\/braide-inicia-transicao-durante-encontro-com-edivaldo-holanda-junior\/\"]}]},{\"@type\":\"BreadcrumbList\",\"@id\":\"https:\/\/www.blogsoestado.com\/danielmatos\/braide-inicia-transicao-durante-encontro-com-edivaldo-holanda-junior\/#breadcrumb\",\"itemListElement\":[{\"@type\":\"ListItem\",\"position\":1,\"name\":\"In\u00edcio\",\"item\":\"https:\/\/www.blogsoestado.com\/danielmatos\/\"},{\"@type\":\"ListItem\",\"position\":2,\"name\":\"Braide inicia transi\u00e7\u00e3o durante encontro com Edivaldo Holanda J\u00fanior\"}]},{\"@type\":\"WebSite\",\"@id\":\"https:\/\/www.blogsoestado.com\/danielmatos\/#website\",\"url\":\"https:\/\/www.blogsoestado.com\/danielmatos\/\",\"name\":\"Daniel Matos\",\"description\":\"\",\"potentialAction\":[{\"@type\":\"SearchAction\",\"target\":{\"@type\":\"EntryPoint\",\"urlTemplate\":\"https:\/\/www.blogsoestado.com\/danielmatos\/?s={search_term_string}\"},\"query-input\":{\"@type\":\"PropertyValueSpecification\",\"valueRequired\":true,\"valueName\":\"search_term_string\"}}],\"inLanguage\":\"pt-BR\"}]}<\/script>\n<!-- \/ Yoast SEO plugin. -->","yoast_head_json":{"title":"Braide inicia transi\u00e7\u00e3o durante encontro com Edivaldo Holanda J\u00fanior - Daniel Matos","robots":{"index":"index","follow":"follow","max-snippet":"max-snippet:-1","max-image-preview":"max-image-preview:large","max-video-preview":"max-video-preview:-1"},"canonical":"https:\/\/www.blogsoestado.com\/danielmatos\/braide-inicia-transicao-durante-encontro-com-edivaldo-holanda-junior\/","og_locale":"pt_BR","og_type":"article","og_title":"Braide inicia transi\u00e7\u00e3o durante encontro com Edivaldo Holanda J\u00fanior - Daniel Matos","og_description":"O prefeito eleito de S\u00e3o Lu\u00eds, Eduardo Braide, iniciou nesta sexta-feira (4), o processo de transi\u00e7\u00e3o do governo municipal, durante [&hellip;]","og_url":"https:\/\/www.blogsoestado.com\/danielmatos\/braide-inicia-transicao-durante-encontro-com-edivaldo-holanda-junior\/","og_site_name":"Daniel Matos","article_published_time":"2020-12-04T23:25:57+00:00","twitter_card":"summary_large_image","twitter_misc":{"Est. tempo de leitura":"2 minutos"},"schema":{"@context":"https:\/\/schema.org","@graph":[{"@type":"WebPage","@id":"https:\/\/www.blogsoestado.com\/danielmatos\/braide-inicia-transicao-durante-encontro-com-edivaldo-holanda-junior\/","url":"https:\/\/www.blogsoestado.com\/danielmatos\/braide-inicia-transicao-durante-encontro-com-edivaldo-holanda-junior\/","name":"Braide inicia transi\u00e7\u00e3o durante encontro com Edivaldo Holanda J\u00fanior - Daniel Matos","isPartOf":{"@id":"https:\/\/www.blogsoestado.com\/danielmatos\/#website"},"datePublished":"2020-12-04T23:25:57+00:00","author":{"@id":""},"breadcrumb":{"@id":"https:\/\/www.blogsoestado.com\/danielmatos\/braide-inicia-transicao-durante-encontro-com-edivaldo-holanda-junior\/#breadcrumb"},"inLanguage":"pt-BR","potentialAction":[{"@type":"ReadAction","target":["https:\/\/www.blogsoestado.com\/danielmatos\/braide-inicia-transicao-durante-encontro-com-edivaldo-holanda-junior\/"]}]},{"@type":"BreadcrumbList","@id":"https:\/\/www.blogsoestado.com\/danielmatos\/braide-inicia-transicao-durante-encontro-com-edivaldo-holanda-junior\/#breadcrumb","itemListElement":[{"@type":"ListItem","position":1,"name":"In\u00edcio","item":"https:\/\/www.blogsoestado.com\/danielmatos\/"},{"@type":"ListItem","position":2,"name":"Braide inicia transi\u00e7\u00e3o durante encontro com Edivaldo Holanda J\u00fanior"}]},{"@type":"WebSite","@id":"https:\/\/www.blogsoestado.com\/danielmatos\/#website","url":"https:\/\/www.blogsoestado.com\/danielmatos\/","name":"Daniel Matos","description":"","potentialAction":[{"@type":"SearchAction","target":{"@type":"EntryPoint","urlTemplate":"https:\/\/www.blogsoestado.com\/danielmatos\/?s={search_term_string}"},"query-input":{"@type":"PropertyValueSpecification","valueRequired":true,"valueName":"search_term_string"}}],"inLanguage":"pt-BR"}]}},"jetpack_featured_media_url":"","_links":{"self":[{"href":"https:\/\/www.blogsoestado.com\/danielmatos\/wp-json\/wp\/v2\/posts\/80609","targetHints":{"allow":["GET"]}}],"collection":[{"href":"https:\/\/www.blogsoestado.com\/danielmatos\/wp-json\/wp\/v2\/posts"}],"about":[{"href":"https:\/\/www.blogsoestado.com\/danielmatos\/wp-json\/wp\/v2\/types\/post"}],"replies":[{"embeddable":true,"href":"https:\/\/www.blogsoestado.com\/danielmatos\/wp-json\/wp\/v2\/comments?post=80609"}],"version-history":[{"count":0,"href":"https:\/\/www.blogsoestado.com\/danielmatos\/wp-json\/wp\/v2\/posts\/80609\/revisions"}],"wp:attachment":[{"href":"https:\/\/www.blogsoestado.com\/danielmatos\/wp-json\/wp\/v2\/media?parent=80609"}],"wp:term":[{"taxonomy":"category","embeddable":true,"href":"https:\/\/www.blogsoestado.com\/danielmatos\/wp-json\/wp\/v2\/categories?post=80609"},{"taxonomy":"post_tag","embeddable":true,"href":"https:\/\/www.blogsoestado.com\/danielmatos\/wp-json\/wp\/v2\/tags?post=80609"}],"curies":[{"name":"wp","href":"https:\/\/api.w.org\/{rel}","templated":true}]}}