{"id":80626,"date":"2020-12-06T11:33:11","date_gmt":"2020-12-06T14:33:11","guid":{"rendered":"https:\/\/www.blogsoestado.com\/danielmatos\/?p=80626"},"modified":"2020-12-06T11:33:11","modified_gmt":"2020-12-06T14:33:11","slug":"cezar-bombeiro-teve-participacao-efetiva-no-congresso-nacional-dos-policiais-penais-em-brasilia","status":"publish","type":"post","link":"https:\/\/www.blogsoestado.com\/danielmatos\/cezar-bombeiro-teve-participacao-efetiva-no-congresso-nacional-dos-policiais-penais-em-brasilia\/","title":{"rendered":"C\u00e9zar Bombeiro teve participa\u00e7\u00e3o efetiva no Congresso Nacional dos Policiais Penais, em Bras\u00edlia"},"content":{"rendered":"\n<div class=\"wp-block-image\"><figure class=\"aligncenter size-large\"><img decoding=\"async\" src=\"https:\/\/www.blogsoestado.com\/danielmatos\/files\/2020\/12\/IMG-20201205-WA0002-1024x768.jpg\" alt=\"\" class=\"wp-image-80627\"\/><figcaption>C\u00e9zar Bombeiro foi um dos integrantes da mesa no Congresso Nacional dos Policiais Penais<\/figcaption><\/figure><\/div>\n\n\n\n<p>Foi encerrado na \u00faltima sexta-feira (4), em Bras\u00edlia, o Congresso Nacional dos Policiais Penais do Brasil. Foram in\u00fameros os debates em torno da realidade do sistema penitenci\u00e1rio brasileiro e a quest\u00e3o da necessidade de implanta\u00e7\u00e3o pelos estados da Pol\u00edcia Penal, em observ\u00e2ncia aos princ\u00edpios emanados da lei federal\u00a0 que inseriu os antigos agentes penitenci\u00e1rios como integrantes do Sistema Nacional de Seguran\u00e7a P\u00fablica, como policiais penais.<\/p>\n\n\n\n<p>Em alguns estados, inclusive o Maranh\u00e3o, as assembleias legislativas aprovaram a Pol\u00edcia Penal, mas relutam em fazer a regulamenta\u00e7\u00e3o, seguindo os princ\u00edpios emanados da lei federal. Conforme a legisla\u00e7\u00e3o, o sistema penal n\u00e3o poder\u00e1 ter empregados terceirizados, apenas servidores concursados. No caso do Maranh\u00e3o, os empregados tempor\u00e1rios representam mais de 300% dos concursados, os quais recebem sal\u00e1rios inferiores de 70% em rela\u00e7\u00e3o aos integrantes do quadro com defasagem salarial atual superior a 30%. <\/p>\n\n\n\n<p><strong>Entraves<\/strong><\/p>\n\n\n\n<div class=\"wp-block-image\"><figure class=\"aligncenter size-large\"><img decoding=\"async\" src=\"https:\/\/www.blogsoestado.com\/danielmatos\/files\/2020\/12\/IMG-20201205-WA0003-1024x576.jpg\" alt=\"\" class=\"wp-image-80628\"\/><figcaption>Entrega de certificados durante o evento, que contou com a participa\u00e7\u00e3o de representantes de todas as unidades da federa\u00e7\u00e3o<\/figcaption><\/figure><\/div>\n\n\n\n<p>A implementa\u00e7\u00e3o ainda n\u00e3o regulamentada estabelece que a Pol\u00edcia Penal\u00a0 ter\u00e1 s\u00e9rios entraves, uma vez que o governador Fl\u00e1vio Dino (PCdoB) n\u00e3o tem interesse algum de fazer concurso p\u00fablico e muito menos abrir m\u00e3o dos terceirizados, controlados com m\u00e3o de ferro nas unidades prisionais do estado.<\/p>\n\n\n\n<p>O Congresso Nacional dos Policiais Penais \u00e9 de iniciativa da Federa\u00e7\u00e3o Nacional dos Policiais Penais do Brasil, respons\u00e1vel pelo evento. A entidade entende que precisa ter maior visibilidade nacional diante dos graves problemas existentes no sistema penitenci\u00e1rio brasileiro, em que os policiais penais e demais servidores n\u00e3o participam das discuss\u00f5es sobre a problem\u00e1tica atual, tais como as contamina\u00e7\u00f5es e mortes de servidores e presidi\u00e1rios, com o agravante de que a situa\u00e7\u00e3o \u00e9 camuflada para que a realidade n\u00e3o chegue ao conhecimento p\u00fablico.<\/p>\n\n\n\n<p>Assista ao v\u00eddeo:<\/p>\n\n\n\n<figure class=\"wp-block-embed-youtube wp-block-embed is-type-video is-provider-youtube wp-embed-aspect-16-9 wp-has-aspect-ratio\"><div class=\"wp-block-embed__wrapper\">\n<iframe title=\"Pol\u00edcia penal no Maranh\u00e3o\" width=\"500\" height=\"281\" src=\"https:\/\/www.youtube.com\/embed\/mgxD4UdARps?feature=oembed\" frameborder=\"0\" allow=\"accelerometer; autoplay; clipboard-write; encrypted-media; gyroscope; picture-in-picture; web-share\" referrerpolicy=\"strict-origin-when-cross-origin\" allowfullscreen><\/iframe>\n<\/div><\/figure>\n","protected":false},"excerpt":{"rendered":"<p>Foi encerrado na \u00faltima sexta-feira (4), em Bras\u00edlia, o Congresso Nacional dos Policiais Penais do Brasil. Foram in\u00fameros os debates [&hellip;]<\/p>\n","protected":false},"author":0,"featured_media":0,"comment_status":"open","ping_status":"open","sticky":false,"template":"","format":"standard","meta":{"site-sidebar-layout":"default","site-content-layout":"","ast-site-content-layout":"default","site-content-style":"default","site-sidebar-style":"default","ast-global-header-display":"","ast-banner-title-visibility":"","ast-main-header-display":"","ast-hfb-above-header-display":"","ast-hfb-below-header-display":"","ast-hfb-mobile-header-display":"","site-post-title":"","ast-breadcrumbs-content":"","ast-featured-img":"","footer-sml-layout":"","ast-disable-related-posts":"","theme-transparent-header-meta":"","adv-header-id-meta":"","stick-header-meta":"","header-above-stick-meta":"","header-main-stick-meta":"","header-below-stick-meta":"","astra-migrate-meta-layouts":"default","ast-page-background-enabled":"default","ast-page-background-meta":{"desktop":{"background-color":"var(--ast-global-color-5)","background-image":"","background-repeat":"repeat","background-position":"center center","background-size":"auto","background-attachment":"scroll","background-type":"","background-media":"","overlay-type":"","overlay-color":"","overlay-opacity":"","overlay-gradient":""},"tablet":{"background-color":"","background-image":"","background-repeat":"repeat","background-position":"center center","background-size":"auto","background-attachment":"scroll","background-type":"","background-media":"","overlay-type":"","overlay-color":"","overlay-opacity":"","overlay-gradient":""},"mobile":{"background-color":"","background-image":"","background-repeat":"repeat","background-position":"center center","background-size":"auto","background-attachment":"scroll","background-type":"","background-media":"","overlay-type":"","overlay-color":"","overlay-opacity":"","overlay-gradient":""}},"ast-content-background-meta":{"desktop":{"background-color":"var(--ast-global-color-4)","background-image":"","background-repeat":"repeat","background-position":"center center","background-size":"auto","background-attachment":"scroll","background-type":"","background-media":"","overlay-type":"","overlay-color":"","overlay-opacity":"","overlay-gradient":""},"tablet":{"background-color":"var(--ast-global-color-4)","background-image":"","background-repeat":"repeat","background-position":"center center","background-size":"auto","background-attachment":"scroll","background-type":"","background-media":"","overlay-type":"","overlay-color":"","overlay-opacity":"","overlay-gradient":""},"mobile":{"background-color":"var(--ast-global-color-4)","background-image":"","background-repeat":"repeat","background-position":"center center","background-size":"auto","background-attachment":"scroll","background-type":"","background-media":"","overlay-type":"","overlay-color":"","overlay-opacity":"","overlay-gradient":""}},"footnotes":""},"categories":[1],"tags":[],"class_list":["post-80626","post","type-post","status-publish","format-standard","hentry","category-sem-categoria"],"yoast_head":"<!-- This site is optimized with the Yoast SEO plugin v26.6 - https:\/\/yoast.com\/wordpress\/plugins\/seo\/ -->\n<title>C\u00e9zar Bombeiro teve participa\u00e7\u00e3o efetiva no Congresso Nacional dos Policiais Penais, em Bras\u00edlia - Daniel Matos<\/title>\n<meta name=\"robots\" content=\"index, follow, max-snippet:-1, max-image-preview:large, max-video-preview:-1\" \/>\n<link rel=\"canonical\" href=\"https:\/\/www.blogsoestado.com\/danielmatos\/cezar-bombeiro-teve-participacao-efetiva-no-congresso-nacional-dos-policiais-penais-em-brasilia\/\" \/>\n<meta property=\"og:locale\" content=\"pt_BR\" \/>\n<meta property=\"og:type\" content=\"article\" \/>\n<meta property=\"og:title\" content=\"C\u00e9zar Bombeiro teve participa\u00e7\u00e3o efetiva no Congresso Nacional dos Policiais Penais, em Bras\u00edlia - Daniel Matos\" \/>\n<meta property=\"og:description\" content=\"Foi encerrado na \u00faltima sexta-feira (4), em Bras\u00edlia, o Congresso Nacional dos Policiais Penais do Brasil. Foram in\u00fameros os debates [&hellip;]\" \/>\n<meta property=\"og:url\" content=\"https:\/\/www.blogsoestado.com\/danielmatos\/cezar-bombeiro-teve-participacao-efetiva-no-congresso-nacional-dos-policiais-penais-em-brasilia\/\" \/>\n<meta property=\"og:site_name\" content=\"Daniel Matos\" \/>\n<meta property=\"article:published_time\" content=\"2020-12-06T14:33:11+00:00\" \/>\n<meta property=\"og:image\" content=\"https:\/\/www.blogsoestado.com\/danielmatos\/files\/2020\/12\/IMG-20201205-WA0002-1024x768.jpg\" \/>\n<meta name=\"twitter:card\" content=\"summary_large_image\" \/>\n<meta name=\"twitter:label1\" content=\"Est. tempo de leitura\" \/>\n\t<meta name=\"twitter:data1\" content=\"2 minutos\" \/>\n<script type=\"application\/ld+json\" class=\"yoast-schema-graph\">{\"@context\":\"https:\/\/schema.org\",\"@graph\":[{\"@type\":\"WebPage\",\"@id\":\"https:\/\/www.blogsoestado.com\/danielmatos\/cezar-bombeiro-teve-participacao-efetiva-no-congresso-nacional-dos-policiais-penais-em-brasilia\/\",\"url\":\"https:\/\/www.blogsoestado.com\/danielmatos\/cezar-bombeiro-teve-participacao-efetiva-no-congresso-nacional-dos-policiais-penais-em-brasilia\/\",\"name\":\"C\u00e9zar Bombeiro teve participa\u00e7\u00e3o efetiva no Congresso Nacional dos Policiais Penais, em Bras\u00edlia - Daniel Matos\",\"isPartOf\":{\"@id\":\"https:\/\/www.blogsoestado.com\/danielmatos\/#website\"},\"primaryImageOfPage\":{\"@id\":\"https:\/\/www.blogsoestado.com\/danielmatos\/cezar-bombeiro-teve-participacao-efetiva-no-congresso-nacional-dos-policiais-penais-em-brasilia\/#primaryimage\"},\"image\":{\"@id\":\"https:\/\/www.blogsoestado.com\/danielmatos\/cezar-bombeiro-teve-participacao-efetiva-no-congresso-nacional-dos-policiais-penais-em-brasilia\/#primaryimage\"},\"thumbnailUrl\":\"https:\/\/www.blogsoestado.com\/danielmatos\/files\/2020\/12\/IMG-20201205-WA0002-1024x768.jpg\",\"datePublished\":\"2020-12-06T14:33:11+00:00\",\"author\":{\"@id\":\"\"},\"breadcrumb\":{\"@id\":\"https:\/\/www.blogsoestado.com\/danielmatos\/cezar-bombeiro-teve-participacao-efetiva-no-congresso-nacional-dos-policiais-penais-em-brasilia\/#breadcrumb\"},\"inLanguage\":\"pt-BR\",\"potentialAction\":[{\"@type\":\"ReadAction\",\"target\":[\"https:\/\/www.blogsoestado.com\/danielmatos\/cezar-bombeiro-teve-participacao-efetiva-no-congresso-nacional-dos-policiais-penais-em-brasilia\/\"]}]},{\"@type\":\"ImageObject\",\"inLanguage\":\"pt-BR\",\"@id\":\"https:\/\/www.blogsoestado.com\/danielmatos\/cezar-bombeiro-teve-participacao-efetiva-no-congresso-nacional-dos-policiais-penais-em-brasilia\/#primaryimage\",\"url\":\"https:\/\/www.blogsoestado.com\/danielmatos\/files\/2020\/12\/IMG-20201205-WA0002-1024x768.jpg\",\"contentUrl\":\"https:\/\/www.blogsoestado.com\/danielmatos\/files\/2020\/12\/IMG-20201205-WA0002-1024x768.jpg\"},{\"@type\":\"BreadcrumbList\",\"@id\":\"https:\/\/www.blogsoestado.com\/danielmatos\/cezar-bombeiro-teve-participacao-efetiva-no-congresso-nacional-dos-policiais-penais-em-brasilia\/#breadcrumb\",\"itemListElement\":[{\"@type\":\"ListItem\",\"position\":1,\"name\":\"In\u00edcio\",\"item\":\"https:\/\/www.blogsoestado.com\/danielmatos\/\"},{\"@type\":\"ListItem\",\"position\":2,\"name\":\"C\u00e9zar Bombeiro teve participa\u00e7\u00e3o efetiva no Congresso Nacional dos Policiais Penais, em Bras\u00edlia\"}]},{\"@type\":\"WebSite\",\"@id\":\"https:\/\/www.blogsoestado.com\/danielmatos\/#website\",\"url\":\"https:\/\/www.blogsoestado.com\/danielmatos\/\",\"name\":\"Daniel Matos\",\"description\":\"\",\"potentialAction\":[{\"@type\":\"SearchAction\",\"target\":{\"@type\":\"EntryPoint\",\"urlTemplate\":\"https:\/\/www.blogsoestado.com\/danielmatos\/?s={search_term_string}\"},\"query-input\":{\"@type\":\"PropertyValueSpecification\",\"valueRequired\":true,\"valueName\":\"search_term_string\"}}],\"inLanguage\":\"pt-BR\"}]}<\/script>\n<!-- \/ Yoast SEO plugin. -->","yoast_head_json":{"title":"C\u00e9zar Bombeiro teve participa\u00e7\u00e3o efetiva no Congresso Nacional dos Policiais Penais, em Bras\u00edlia - Daniel Matos","robots":{"index":"index","follow":"follow","max-snippet":"max-snippet:-1","max-image-preview":"max-image-preview:large","max-video-preview":"max-video-preview:-1"},"canonical":"https:\/\/www.blogsoestado.com\/danielmatos\/cezar-bombeiro-teve-participacao-efetiva-no-congresso-nacional-dos-policiais-penais-em-brasilia\/","og_locale":"pt_BR","og_type":"article","og_title":"C\u00e9zar Bombeiro teve participa\u00e7\u00e3o efetiva no Congresso Nacional dos Policiais Penais, em Bras\u00edlia - Daniel Matos","og_description":"Foi encerrado na \u00faltima sexta-feira (4), em Bras\u00edlia, o Congresso Nacional dos Policiais Penais do Brasil. Foram in\u00fameros os debates [&hellip;]","og_url":"https:\/\/www.blogsoestado.com\/danielmatos\/cezar-bombeiro-teve-participacao-efetiva-no-congresso-nacional-dos-policiais-penais-em-brasilia\/","og_site_name":"Daniel Matos","article_published_time":"2020-12-06T14:33:11+00:00","og_image":[{"url":"https:\/\/www.blogsoestado.com\/danielmatos\/files\/2020\/12\/IMG-20201205-WA0002-1024x768.jpg","type":"","width":"","height":""}],"twitter_card":"summary_large_image","twitter_misc":{"Est. tempo de leitura":"2 minutos"},"schema":{"@context":"https:\/\/schema.org","@graph":[{"@type":"WebPage","@id":"https:\/\/www.blogsoestado.com\/danielmatos\/cezar-bombeiro-teve-participacao-efetiva-no-congresso-nacional-dos-policiais-penais-em-brasilia\/","url":"https:\/\/www.blogsoestado.com\/danielmatos\/cezar-bombeiro-teve-participacao-efetiva-no-congresso-nacional-dos-policiais-penais-em-brasilia\/","name":"C\u00e9zar Bombeiro teve participa\u00e7\u00e3o efetiva no Congresso Nacional dos Policiais Penais, em Bras\u00edlia - Daniel Matos","isPartOf":{"@id":"https:\/\/www.blogsoestado.com\/danielmatos\/#website"},"primaryImageOfPage":{"@id":"https:\/\/www.blogsoestado.com\/danielmatos\/cezar-bombeiro-teve-participacao-efetiva-no-congresso-nacional-dos-policiais-penais-em-brasilia\/#primaryimage"},"image":{"@id":"https:\/\/www.blogsoestado.com\/danielmatos\/cezar-bombeiro-teve-participacao-efetiva-no-congresso-nacional-dos-policiais-penais-em-brasilia\/#primaryimage"},"thumbnailUrl":"https:\/\/www.blogsoestado.com\/danielmatos\/files\/2020\/12\/IMG-20201205-WA0002-1024x768.jpg","datePublished":"2020-12-06T14:33:11+00:00","author":{"@id":""},"breadcrumb":{"@id":"https:\/\/www.blogsoestado.com\/danielmatos\/cezar-bombeiro-teve-participacao-efetiva-no-congresso-nacional-dos-policiais-penais-em-brasilia\/#breadcrumb"},"inLanguage":"pt-BR","potentialAction":[{"@type":"ReadAction","target":["https:\/\/www.blogsoestado.com\/danielmatos\/cezar-bombeiro-teve-participacao-efetiva-no-congresso-nacional-dos-policiais-penais-em-brasilia\/"]}]},{"@type":"ImageObject","inLanguage":"pt-BR","@id":"https:\/\/www.blogsoestado.com\/danielmatos\/cezar-bombeiro-teve-participacao-efetiva-no-congresso-nacional-dos-policiais-penais-em-brasilia\/#primaryimage","url":"https:\/\/www.blogsoestado.com\/danielmatos\/files\/2020\/12\/IMG-20201205-WA0002-1024x768.jpg","contentUrl":"https:\/\/www.blogsoestado.com\/danielmatos\/files\/2020\/12\/IMG-20201205-WA0002-1024x768.jpg"},{"@type":"BreadcrumbList","@id":"https:\/\/www.blogsoestado.com\/danielmatos\/cezar-bombeiro-teve-participacao-efetiva-no-congresso-nacional-dos-policiais-penais-em-brasilia\/#breadcrumb","itemListElement":[{"@type":"ListItem","position":1,"name":"In\u00edcio","item":"https:\/\/www.blogsoestado.com\/danielmatos\/"},{"@type":"ListItem","position":2,"name":"C\u00e9zar Bombeiro teve participa\u00e7\u00e3o efetiva no Congresso Nacional dos Policiais Penais, em Bras\u00edlia"}]},{"@type":"WebSite","@id":"https:\/\/www.blogsoestado.com\/danielmatos\/#website","url":"https:\/\/www.blogsoestado.com\/danielmatos\/","name":"Daniel Matos","description":"","potentialAction":[{"@type":"SearchAction","target":{"@type":"EntryPoint","urlTemplate":"https:\/\/www.blogsoestado.com\/danielmatos\/?s={search_term_string}"},"query-input":{"@type":"PropertyValueSpecification","valueRequired":true,"valueName":"search_term_string"}}],"inLanguage":"pt-BR"}]}},"jetpack_featured_media_url":"","_links":{"self":[{"href":"https:\/\/www.blogsoestado.com\/danielmatos\/wp-json\/wp\/v2\/posts\/80626","targetHints":{"allow":["GET"]}}],"collection":[{"href":"https:\/\/www.blogsoestado.com\/danielmatos\/wp-json\/wp\/v2\/posts"}],"about":[{"href":"https:\/\/www.blogsoestado.com\/danielmatos\/wp-json\/wp\/v2\/types\/post"}],"replies":[{"embeddable":true,"href":"https:\/\/www.blogsoestado.com\/danielmatos\/wp-json\/wp\/v2\/comments?post=80626"}],"version-history":[{"count":0,"href":"https:\/\/www.blogsoestado.com\/danielmatos\/wp-json\/wp\/v2\/posts\/80626\/revisions"}],"wp:attachment":[{"href":"https:\/\/www.blogsoestado.com\/danielmatos\/wp-json\/wp\/v2\/media?parent=80626"}],"wp:term":[{"taxonomy":"category","embeddable":true,"href":"https:\/\/www.blogsoestado.com\/danielmatos\/wp-json\/wp\/v2\/categories?post=80626"},{"taxonomy":"post_tag","embeddable":true,"href":"https:\/\/www.blogsoestado.com\/danielmatos\/wp-json\/wp\/v2\/tags?post=80626"}],"curies":[{"name":"wp","href":"https:\/\/api.w.org\/{rel}","templated":true}]}}