{"id":80634,"date":"2020-12-06T22:56:09","date_gmt":"2020-12-07T01:56:09","guid":{"rendered":"https:\/\/www.blogsoestado.com\/danielmatos\/?p=80634"},"modified":"2020-12-06T22:56:09","modified_gmt":"2020-12-07T01:56:09","slug":"cdl-informa-que-comercio-lojista-pode-funcionar-no-feriado-de-nossa-senhora-da-conceicao","status":"publish","type":"post","link":"https:\/\/www.blogsoestado.com\/danielmatos\/cdl-informa-que-comercio-lojista-pode-funcionar-no-feriado-de-nossa-senhora-da-conceicao\/","title":{"rendered":"CDL informa que com\u00e9rcio lojista pode funcionar no feriado de Nossa Senhora da Concei\u00e7\u00e3o"},"content":{"rendered":"\n<div class=\"wp-block-image\"><figure class=\"aligncenter size-large\"><img decoding=\"async\" src=\"https:\/\/www.blogsoestado.com\/danielmatos\/files\/2020\/12\/POTIGUAR-COHAMA-02.jpg\" alt=\"\" class=\"wp-image-80635\"\/><figcaption>Lojas do Grupo Potiguar v\u00e3o abrir as portas no feriado religioso<\/figcaption><\/figure><\/div>\n\n\n\n<p>A C\u00e2mara de Dirigentes Lojistas \/ CDL S\u00e3o Luis informa que na pr\u00f3xima ter\u00e7a \u2013 feira (08.12) Feriado de Nossa Senhora da Concei\u00e7\u00e3o, o com\u00e9rcio de S\u00e3o Lu\u00eds poder\u00e1 funcionar das 8h \u00e0s 18h para as lojas de rua e das 10h \u00e0s 22h, para as lojas localizadas em shoppings centers.<\/p>\n\n\n\n<p>As lojas que funcionarem nesse feriado dever\u00e3o pagar hora extra de 100% sobre o valor da hora normal e gratifica\u00e7\u00e3o de R$60,00 ao empregado, al\u00e9m de recolher uma taxa de R$ 10,00 em favor do Sindicato dos Comerci\u00e1rios. <\/p>\n\n\n\n<p><strong>Potiguar<\/strong><\/p>\n\n\n\n<p>O Grupo Potiguar j\u00e1 confirmou a abertura de todas as suas lojas de S\u00e3o Lu\u00eds (Africanos, Centro, Forquilha, Cohama e Cohafuma) e Imperatriz no dia 08.12 das 08H \u00e0s 18H; apenas o CD \/ Centro de Distribui\u00e7\u00e3o estar\u00e1 fechado.<\/p>\n","protected":false},"excerpt":{"rendered":"<p>A C\u00e2mara de Dirigentes Lojistas \/ CDL S\u00e3o Luis informa que na pr\u00f3xima ter\u00e7a \u2013 feira (08.12) Feriado de Nossa [&hellip;]<\/p>\n","protected":false},"author":0,"featured_media":0,"comment_status":"open","ping_status":"open","sticky":false,"template":"","format":"standard","meta":{"site-sidebar-layout":"default","site-content-layout":"","ast-site-content-layout":"default","site-content-style":"default","site-sidebar-style":"default","ast-global-header-display":"","ast-banner-title-visibility":"","ast-main-header-display":"","ast-hfb-above-header-display":"","ast-hfb-below-header-display":"","ast-hfb-mobile-header-display":"","site-post-title":"","ast-breadcrumbs-content":"","ast-featured-img":"","footer-sml-layout":"","ast-disable-related-posts":"","theme-transparent-header-meta":"","adv-header-id-meta":"","stick-header-meta":"","header-above-stick-meta":"","header-main-stick-meta":"","header-below-stick-meta":"","astra-migrate-meta-layouts":"default","ast-page-background-enabled":"default","ast-page-background-meta":{"desktop":{"background-color":"var(--ast-global-color-5)","background-image":"","background-repeat":"repeat","background-position":"center center","background-size":"auto","background-attachment":"scroll","background-type":"","background-media":"","overlay-type":"","overlay-color":"","overlay-opacity":"","overlay-gradient":""},"tablet":{"background-color":"","background-image":"","background-repeat":"repeat","background-position":"center center","background-size":"auto","background-attachment":"scroll","background-type":"","background-media":"","overlay-type":"","overlay-color":"","overlay-opacity":"","overlay-gradient":""},"mobile":{"background-color":"","background-image":"","background-repeat":"repeat","background-position":"center center","background-size":"auto","background-attachment":"scroll","background-type":"","background-media":"","overlay-type":"","overlay-color":"","overlay-opacity":"","overlay-gradient":""}},"ast-content-background-meta":{"desktop":{"background-color":"var(--ast-global-color-4)","background-image":"","background-repeat":"repeat","background-position":"center center","background-size":"auto","background-attachment":"scroll","background-type":"","background-media":"","overlay-type":"","overlay-color":"","overlay-opacity":"","overlay-gradient":""},"tablet":{"background-color":"var(--ast-global-color-4)","background-image":"","background-repeat":"repeat","background-position":"center center","background-size":"auto","background-attachment":"scroll","background-type":"","background-media":"","overlay-type":"","overlay-color":"","overlay-opacity":"","overlay-gradient":""},"mobile":{"background-color":"var(--ast-global-color-4)","background-image":"","background-repeat":"repeat","background-position":"center center","background-size":"auto","background-attachment":"scroll","background-type":"","background-media":"","overlay-type":"","overlay-color":"","overlay-opacity":"","overlay-gradient":""}},"footnotes":""},"categories":[1],"tags":[],"class_list":["post-80634","post","type-post","status-publish","format-standard","hentry","category-sem-categoria"],"yoast_head":"<!-- This site is optimized with the Yoast SEO plugin v26.6 - https:\/\/yoast.com\/wordpress\/plugins\/seo\/ -->\n<title>CDL informa que com\u00e9rcio lojista pode funcionar no feriado de Nossa Senhora da Concei\u00e7\u00e3o - Daniel Matos<\/title>\n<meta name=\"robots\" content=\"index, follow, max-snippet:-1, max-image-preview:large, max-video-preview:-1\" \/>\n<link rel=\"canonical\" href=\"https:\/\/www.blogsoestado.com\/danielmatos\/cdl-informa-que-comercio-lojista-pode-funcionar-no-feriado-de-nossa-senhora-da-conceicao\/\" \/>\n<meta property=\"og:locale\" content=\"pt_BR\" \/>\n<meta property=\"og:type\" content=\"article\" \/>\n<meta property=\"og:title\" content=\"CDL informa que com\u00e9rcio lojista pode funcionar no feriado de Nossa Senhora da Concei\u00e7\u00e3o - Daniel Matos\" \/>\n<meta property=\"og:description\" content=\"A C\u00e2mara de Dirigentes Lojistas \/ CDL S\u00e3o Luis informa que na pr\u00f3xima ter\u00e7a \u2013 feira (08.12) Feriado de Nossa [&hellip;]\" \/>\n<meta property=\"og:url\" content=\"https:\/\/www.blogsoestado.com\/danielmatos\/cdl-informa-que-comercio-lojista-pode-funcionar-no-feriado-de-nossa-senhora-da-conceicao\/\" \/>\n<meta property=\"og:site_name\" content=\"Daniel Matos\" \/>\n<meta property=\"article:published_time\" content=\"2020-12-07T01:56:09+00:00\" \/>\n<meta property=\"og:image\" content=\"https:\/\/www.blogsoestado.com\/danielmatos\/files\/2020\/12\/POTIGUAR-COHAMA-02.jpg\" \/>\n<meta name=\"twitter:card\" content=\"summary_large_image\" \/>\n<meta name=\"twitter:label1\" content=\"Est. tempo de leitura\" \/>\n\t<meta name=\"twitter:data1\" content=\"1 minuto\" \/>\n<script type=\"application\/ld+json\" class=\"yoast-schema-graph\">{\"@context\":\"https:\/\/schema.org\",\"@graph\":[{\"@type\":\"WebPage\",\"@id\":\"https:\/\/www.blogsoestado.com\/danielmatos\/cdl-informa-que-comercio-lojista-pode-funcionar-no-feriado-de-nossa-senhora-da-conceicao\/\",\"url\":\"https:\/\/www.blogsoestado.com\/danielmatos\/cdl-informa-que-comercio-lojista-pode-funcionar-no-feriado-de-nossa-senhora-da-conceicao\/\",\"name\":\"CDL informa que com\u00e9rcio lojista pode funcionar no feriado de Nossa Senhora da Concei\u00e7\u00e3o - Daniel Matos\",\"isPartOf\":{\"@id\":\"https:\/\/www.blogsoestado.com\/danielmatos\/#website\"},\"primaryImageOfPage\":{\"@id\":\"https:\/\/www.blogsoestado.com\/danielmatos\/cdl-informa-que-comercio-lojista-pode-funcionar-no-feriado-de-nossa-senhora-da-conceicao\/#primaryimage\"},\"image\":{\"@id\":\"https:\/\/www.blogsoestado.com\/danielmatos\/cdl-informa-que-comercio-lojista-pode-funcionar-no-feriado-de-nossa-senhora-da-conceicao\/#primaryimage\"},\"thumbnailUrl\":\"https:\/\/www.blogsoestado.com\/danielmatos\/files\/2020\/12\/POTIGUAR-COHAMA-02.jpg\",\"datePublished\":\"2020-12-07T01:56:09+00:00\",\"author\":{\"@id\":\"\"},\"breadcrumb\":{\"@id\":\"https:\/\/www.blogsoestado.com\/danielmatos\/cdl-informa-que-comercio-lojista-pode-funcionar-no-feriado-de-nossa-senhora-da-conceicao\/#breadcrumb\"},\"inLanguage\":\"pt-BR\",\"potentialAction\":[{\"@type\":\"ReadAction\",\"target\":[\"https:\/\/www.blogsoestado.com\/danielmatos\/cdl-informa-que-comercio-lojista-pode-funcionar-no-feriado-de-nossa-senhora-da-conceicao\/\"]}]},{\"@type\":\"ImageObject\",\"inLanguage\":\"pt-BR\",\"@id\":\"https:\/\/www.blogsoestado.com\/danielmatos\/cdl-informa-que-comercio-lojista-pode-funcionar-no-feriado-de-nossa-senhora-da-conceicao\/#primaryimage\",\"url\":\"https:\/\/www.blogsoestado.com\/danielmatos\/files\/2020\/12\/POTIGUAR-COHAMA-02.jpg\",\"contentUrl\":\"https:\/\/www.blogsoestado.com\/danielmatos\/files\/2020\/12\/POTIGUAR-COHAMA-02.jpg\"},{\"@type\":\"BreadcrumbList\",\"@id\":\"https:\/\/www.blogsoestado.com\/danielmatos\/cdl-informa-que-comercio-lojista-pode-funcionar-no-feriado-de-nossa-senhora-da-conceicao\/#breadcrumb\",\"itemListElement\":[{\"@type\":\"ListItem\",\"position\":1,\"name\":\"In\u00edcio\",\"item\":\"https:\/\/www.blogsoestado.com\/danielmatos\/\"},{\"@type\":\"ListItem\",\"position\":2,\"name\":\"CDL informa que com\u00e9rcio lojista pode funcionar no feriado de Nossa Senhora da Concei\u00e7\u00e3o\"}]},{\"@type\":\"WebSite\",\"@id\":\"https:\/\/www.blogsoestado.com\/danielmatos\/#website\",\"url\":\"https:\/\/www.blogsoestado.com\/danielmatos\/\",\"name\":\"Daniel Matos\",\"description\":\"\",\"potentialAction\":[{\"@type\":\"SearchAction\",\"target\":{\"@type\":\"EntryPoint\",\"urlTemplate\":\"https:\/\/www.blogsoestado.com\/danielmatos\/?s={search_term_string}\"},\"query-input\":{\"@type\":\"PropertyValueSpecification\",\"valueRequired\":true,\"valueName\":\"search_term_string\"}}],\"inLanguage\":\"pt-BR\"}]}<\/script>\n<!-- \/ Yoast SEO plugin. -->","yoast_head_json":{"title":"CDL informa que com\u00e9rcio lojista pode funcionar no feriado de Nossa Senhora da Concei\u00e7\u00e3o - Daniel Matos","robots":{"index":"index","follow":"follow","max-snippet":"max-snippet:-1","max-image-preview":"max-image-preview:large","max-video-preview":"max-video-preview:-1"},"canonical":"https:\/\/www.blogsoestado.com\/danielmatos\/cdl-informa-que-comercio-lojista-pode-funcionar-no-feriado-de-nossa-senhora-da-conceicao\/","og_locale":"pt_BR","og_type":"article","og_title":"CDL informa que com\u00e9rcio lojista pode funcionar no feriado de Nossa Senhora da Concei\u00e7\u00e3o - Daniel Matos","og_description":"A C\u00e2mara de Dirigentes Lojistas \/ CDL S\u00e3o Luis informa que na pr\u00f3xima ter\u00e7a \u2013 feira (08.12) Feriado de Nossa [&hellip;]","og_url":"https:\/\/www.blogsoestado.com\/danielmatos\/cdl-informa-que-comercio-lojista-pode-funcionar-no-feriado-de-nossa-senhora-da-conceicao\/","og_site_name":"Daniel Matos","article_published_time":"2020-12-07T01:56:09+00:00","og_image":[{"url":"https:\/\/www.blogsoestado.com\/danielmatos\/files\/2020\/12\/POTIGUAR-COHAMA-02.jpg","type":"","width":"","height":""}],"twitter_card":"summary_large_image","twitter_misc":{"Est. tempo de leitura":"1 minuto"},"schema":{"@context":"https:\/\/schema.org","@graph":[{"@type":"WebPage","@id":"https:\/\/www.blogsoestado.com\/danielmatos\/cdl-informa-que-comercio-lojista-pode-funcionar-no-feriado-de-nossa-senhora-da-conceicao\/","url":"https:\/\/www.blogsoestado.com\/danielmatos\/cdl-informa-que-comercio-lojista-pode-funcionar-no-feriado-de-nossa-senhora-da-conceicao\/","name":"CDL informa que com\u00e9rcio lojista pode funcionar no feriado de Nossa Senhora da Concei\u00e7\u00e3o - Daniel Matos","isPartOf":{"@id":"https:\/\/www.blogsoestado.com\/danielmatos\/#website"},"primaryImageOfPage":{"@id":"https:\/\/www.blogsoestado.com\/danielmatos\/cdl-informa-que-comercio-lojista-pode-funcionar-no-feriado-de-nossa-senhora-da-conceicao\/#primaryimage"},"image":{"@id":"https:\/\/www.blogsoestado.com\/danielmatos\/cdl-informa-que-comercio-lojista-pode-funcionar-no-feriado-de-nossa-senhora-da-conceicao\/#primaryimage"},"thumbnailUrl":"https:\/\/www.blogsoestado.com\/danielmatos\/files\/2020\/12\/POTIGUAR-COHAMA-02.jpg","datePublished":"2020-12-07T01:56:09+00:00","author":{"@id":""},"breadcrumb":{"@id":"https:\/\/www.blogsoestado.com\/danielmatos\/cdl-informa-que-comercio-lojista-pode-funcionar-no-feriado-de-nossa-senhora-da-conceicao\/#breadcrumb"},"inLanguage":"pt-BR","potentialAction":[{"@type":"ReadAction","target":["https:\/\/www.blogsoestado.com\/danielmatos\/cdl-informa-que-comercio-lojista-pode-funcionar-no-feriado-de-nossa-senhora-da-conceicao\/"]}]},{"@type":"ImageObject","inLanguage":"pt-BR","@id":"https:\/\/www.blogsoestado.com\/danielmatos\/cdl-informa-que-comercio-lojista-pode-funcionar-no-feriado-de-nossa-senhora-da-conceicao\/#primaryimage","url":"https:\/\/www.blogsoestado.com\/danielmatos\/files\/2020\/12\/POTIGUAR-COHAMA-02.jpg","contentUrl":"https:\/\/www.blogsoestado.com\/danielmatos\/files\/2020\/12\/POTIGUAR-COHAMA-02.jpg"},{"@type":"BreadcrumbList","@id":"https:\/\/www.blogsoestado.com\/danielmatos\/cdl-informa-que-comercio-lojista-pode-funcionar-no-feriado-de-nossa-senhora-da-conceicao\/#breadcrumb","itemListElement":[{"@type":"ListItem","position":1,"name":"In\u00edcio","item":"https:\/\/www.blogsoestado.com\/danielmatos\/"},{"@type":"ListItem","position":2,"name":"CDL informa que com\u00e9rcio lojista pode funcionar no feriado de Nossa Senhora da Concei\u00e7\u00e3o"}]},{"@type":"WebSite","@id":"https:\/\/www.blogsoestado.com\/danielmatos\/#website","url":"https:\/\/www.blogsoestado.com\/danielmatos\/","name":"Daniel Matos","description":"","potentialAction":[{"@type":"SearchAction","target":{"@type":"EntryPoint","urlTemplate":"https:\/\/www.blogsoestado.com\/danielmatos\/?s={search_term_string}"},"query-input":{"@type":"PropertyValueSpecification","valueRequired":true,"valueName":"search_term_string"}}],"inLanguage":"pt-BR"}]}},"jetpack_featured_media_url":"","_links":{"self":[{"href":"https:\/\/www.blogsoestado.com\/danielmatos\/wp-json\/wp\/v2\/posts\/80634","targetHints":{"allow":["GET"]}}],"collection":[{"href":"https:\/\/www.blogsoestado.com\/danielmatos\/wp-json\/wp\/v2\/posts"}],"about":[{"href":"https:\/\/www.blogsoestado.com\/danielmatos\/wp-json\/wp\/v2\/types\/post"}],"replies":[{"embeddable":true,"href":"https:\/\/www.blogsoestado.com\/danielmatos\/wp-json\/wp\/v2\/comments?post=80634"}],"version-history":[{"count":0,"href":"https:\/\/www.blogsoestado.com\/danielmatos\/wp-json\/wp\/v2\/posts\/80634\/revisions"}],"wp:attachment":[{"href":"https:\/\/www.blogsoestado.com\/danielmatos\/wp-json\/wp\/v2\/media?parent=80634"}],"wp:term":[{"taxonomy":"category","embeddable":true,"href":"https:\/\/www.blogsoestado.com\/danielmatos\/wp-json\/wp\/v2\/categories?post=80634"},{"taxonomy":"post_tag","embeddable":true,"href":"https:\/\/www.blogsoestado.com\/danielmatos\/wp-json\/wp\/v2\/tags?post=80634"}],"curies":[{"name":"wp","href":"https:\/\/api.w.org\/{rel}","templated":true}]}}