{"id":80653,"date":"2020-12-07T18:25:16","date_gmt":"2020-12-07T21:25:16","guid":{"rendered":"https:\/\/www.blogsoestado.com\/danielmatos\/?p=80653"},"modified":"2020-12-07T18:25:16","modified_gmt":"2020-12-07T21:25:16","slug":"equatorial-maranhao-informa-sobre-o-funcionamento-dos-postos-e-reciclagem-e-agencias-de-atendimento-durante-o-feriado","status":"publish","type":"post","link":"https:\/\/www.blogsoestado.com\/danielmatos\/equatorial-maranhao-informa-sobre-o-funcionamento-dos-postos-e-reciclagem-e-agencias-de-atendimento-durante-o-feriado\/","title":{"rendered":"Equatorial Maranh\u00e3o informa sobre o funcionamento dos postos E+ Reciclagem e ag\u00eancias de atendimento durante o feriado"},"content":{"rendered":"\n<div class=\"wp-block-image\"><figure class=\"aligncenter size-large\"><img decoding=\"async\" src=\"https:\/\/www.blogsoestado.com\/danielmatos\/files\/2020\/12\/IMG-20201207-WA0222-1024x682.jpg\" alt=\"\" class=\"wp-image-80655\"\/><figcaption>Atendimento em postos do E+ Reciclagem ser\u00e1 retomado na quarta-feira, dia 9<\/figcaption><\/figure><\/div>\n\n\n\n<p>Nesta ter\u00e7a-feira (08\/11), comemora-se o Dia de Nossa Senhora da Concei\u00e7\u00e3o. Por isso, a Equatorial Energia Maranh\u00e3o informa que as ag\u00eancias de atendimento presencial e os postos do E+ Reciclagem n\u00e3o funcionar\u00e3o nesta ter\u00e7a-feira (08\/12), nas cidades em que a data \u00e9 considerada feriado, como a capital S\u00e3o Lu\u00eds, retornando as atividades normais na quarta-feira (09\/12).<\/p>\n\n\n\n<p>Para maior tranquilidade e comodidade, a Equatorial Maranh\u00e3o disponibiliza v\u00e1rios canais de atendimento para facilitar a vida dos consumidores. Os clientes que precisarem de atendimento poder\u00e3o solicitar via WhatsApp, por meio do (98) 2055-0116 com a Assistente Virtual Clara. Al\u00e9m disso, podem tamb\u00e9m baixar o aplicativo Equatorial Energia, acessar o site www.equatorialenergia.com.br, ou ainda ligar gratuitamente para a Central de Atendimento 116, que funciona 24 horas.<\/p>\n\n\n\n<p><strong>Postos de Reciclagem<\/strong><\/p>\n\n\n\n<div class=\"wp-block-image\"><figure class=\"aligncenter size-large\"><img decoding=\"async\" src=\"https:\/\/www.blogsoestado.com\/danielmatos\/files\/2020\/12\/IMG-20201207-WA0221-1024x682.jpg\" alt=\"\" class=\"wp-image-80654\"\/><figcaption>Patos do E+ Reciclagem n\u00e3o abrir\u00e3o as portas nessa ter\u00e7a-feira (8), feriado religioso<\/figcaption><\/figure><\/div>\n\n\n\n<p>Em S\u00e3o Lu\u00eds e Caxias, os postos de coleta do E+ Reciclagem (antigo ECOCEMAR) estar\u00e3o fechados neste feriado, retornando \u00e0 normalidade na quarta-feira (09\/12). Agora, as atividades nos postos de Timon (localizado na Sede da Equatorial) e de Imperatriz funcionar\u00e3o normalmente. Para acessar a lista completa dos postos e endere\u00e7os do E+ Reciclagem, acesse www.equatorialenergia.com.br<a href=\"http:\/\/www.equatorialenergia.com.br\">http:\/\/www.equatorialenergia.com.br<\/a>.<\/p>\n","protected":false},"excerpt":{"rendered":"<p>Nesta ter\u00e7a-feira (08\/11), comemora-se o Dia de Nossa Senhora da Concei\u00e7\u00e3o. Por isso, a Equatorial Energia Maranh\u00e3o informa que as [&hellip;]<\/p>\n","protected":false},"author":0,"featured_media":0,"comment_status":"open","ping_status":"open","sticky":false,"template":"","format":"standard","meta":{"site-sidebar-layout":"default","site-content-layout":"","ast-site-content-layout":"default","site-content-style":"default","site-sidebar-style":"default","ast-global-header-display":"","ast-banner-title-visibility":"","ast-main-header-display":"","ast-hfb-above-header-display":"","ast-hfb-below-header-display":"","ast-hfb-mobile-header-display":"","site-post-title":"","ast-breadcrumbs-content":"","ast-featured-img":"","footer-sml-layout":"","ast-disable-related-posts":"","theme-transparent-header-meta":"","adv-header-id-meta":"","stick-header-meta":"","header-above-stick-meta":"","header-main-stick-meta":"","header-below-stick-meta":"","astra-migrate-meta-layouts":"default","ast-page-background-enabled":"default","ast-page-background-meta":{"desktop":{"background-color":"var(--ast-global-color-5)","background-image":"","background-repeat":"repeat","background-position":"center center","background-size":"auto","background-attachment":"scroll","background-type":"","background-media":"","overlay-type":"","overlay-color":"","overlay-opacity":"","overlay-gradient":""},"tablet":{"background-color":"","background-image":"","background-repeat":"repeat","background-position":"center center","background-size":"auto","background-attachment":"scroll","background-type":"","background-media":"","overlay-type":"","overlay-color":"","overlay-opacity":"","overlay-gradient":""},"mobile":{"background-color":"","background-image":"","background-repeat":"repeat","background-position":"center center","background-size":"auto","background-attachment":"scroll","background-type":"","background-media":"","overlay-type":"","overlay-color":"","overlay-opacity":"","overlay-gradient":""}},"ast-content-background-meta":{"desktop":{"background-color":"var(--ast-global-color-4)","background-image":"","background-repeat":"repeat","background-position":"center center","background-size":"auto","background-attachment":"scroll","background-type":"","background-media":"","overlay-type":"","overlay-color":"","overlay-opacity":"","overlay-gradient":""},"tablet":{"background-color":"var(--ast-global-color-4)","background-image":"","background-repeat":"repeat","background-position":"center center","background-size":"auto","background-attachment":"scroll","background-type":"","background-media":"","overlay-type":"","overlay-color":"","overlay-opacity":"","overlay-gradient":""},"mobile":{"background-color":"var(--ast-global-color-4)","background-image":"","background-repeat":"repeat","background-position":"center center","background-size":"auto","background-attachment":"scroll","background-type":"","background-media":"","overlay-type":"","overlay-color":"","overlay-opacity":"","overlay-gradient":""}},"footnotes":""},"categories":[1],"tags":[],"class_list":["post-80653","post","type-post","status-publish","format-standard","hentry","category-sem-categoria"],"yoast_head":"<!-- This site is optimized with the Yoast SEO plugin v26.6 - https:\/\/yoast.com\/wordpress\/plugins\/seo\/ -->\n<title>Equatorial Maranh\u00e3o informa sobre o funcionamento dos postos E+ Reciclagem e ag\u00eancias de atendimento durante o feriado - Daniel Matos<\/title>\n<meta name=\"robots\" content=\"index, follow, max-snippet:-1, max-image-preview:large, max-video-preview:-1\" \/>\n<link rel=\"canonical\" href=\"https:\/\/www.blogsoestado.com\/danielmatos\/equatorial-maranhao-informa-sobre-o-funcionamento-dos-postos-e-reciclagem-e-agencias-de-atendimento-durante-o-feriado\/\" \/>\n<meta property=\"og:locale\" content=\"pt_BR\" \/>\n<meta property=\"og:type\" content=\"article\" \/>\n<meta property=\"og:title\" content=\"Equatorial Maranh\u00e3o informa sobre o funcionamento dos postos E+ Reciclagem e ag\u00eancias de atendimento durante o feriado - Daniel Matos\" \/>\n<meta property=\"og:description\" content=\"Nesta ter\u00e7a-feira (08\/11), comemora-se o Dia de Nossa Senhora da Concei\u00e7\u00e3o. Por isso, a Equatorial Energia Maranh\u00e3o informa que as [&hellip;]\" \/>\n<meta property=\"og:url\" content=\"https:\/\/www.blogsoestado.com\/danielmatos\/equatorial-maranhao-informa-sobre-o-funcionamento-dos-postos-e-reciclagem-e-agencias-de-atendimento-durante-o-feriado\/\" \/>\n<meta property=\"og:site_name\" content=\"Daniel Matos\" \/>\n<meta property=\"article:published_time\" content=\"2020-12-07T21:25:16+00:00\" \/>\n<meta property=\"og:image\" content=\"https:\/\/www.blogsoestado.com\/danielmatos\/files\/2020\/12\/IMG-20201207-WA0222-1024x682.jpg\" \/>\n<meta name=\"twitter:card\" content=\"summary_large_image\" \/>\n<meta name=\"twitter:label1\" content=\"Est. tempo de leitura\" \/>\n\t<meta name=\"twitter:data1\" content=\"1 minuto\" \/>\n<script type=\"application\/ld+json\" class=\"yoast-schema-graph\">{\"@context\":\"https:\/\/schema.org\",\"@graph\":[{\"@type\":\"WebPage\",\"@id\":\"https:\/\/www.blogsoestado.com\/danielmatos\/equatorial-maranhao-informa-sobre-o-funcionamento-dos-postos-e-reciclagem-e-agencias-de-atendimento-durante-o-feriado\/\",\"url\":\"https:\/\/www.blogsoestado.com\/danielmatos\/equatorial-maranhao-informa-sobre-o-funcionamento-dos-postos-e-reciclagem-e-agencias-de-atendimento-durante-o-feriado\/\",\"name\":\"Equatorial Maranh\u00e3o informa sobre o funcionamento dos postos E+ Reciclagem e ag\u00eancias de atendimento durante o feriado - Daniel Matos\",\"isPartOf\":{\"@id\":\"https:\/\/www.blogsoestado.com\/danielmatos\/#website\"},\"primaryImageOfPage\":{\"@id\":\"https:\/\/www.blogsoestado.com\/danielmatos\/equatorial-maranhao-informa-sobre-o-funcionamento-dos-postos-e-reciclagem-e-agencias-de-atendimento-durante-o-feriado\/#primaryimage\"},\"image\":{\"@id\":\"https:\/\/www.blogsoestado.com\/danielmatos\/equatorial-maranhao-informa-sobre-o-funcionamento-dos-postos-e-reciclagem-e-agencias-de-atendimento-durante-o-feriado\/#primaryimage\"},\"thumbnailUrl\":\"https:\/\/www.blogsoestado.com\/danielmatos\/files\/2020\/12\/IMG-20201207-WA0222-1024x682.jpg\",\"datePublished\":\"2020-12-07T21:25:16+00:00\",\"author\":{\"@id\":\"\"},\"breadcrumb\":{\"@id\":\"https:\/\/www.blogsoestado.com\/danielmatos\/equatorial-maranhao-informa-sobre-o-funcionamento-dos-postos-e-reciclagem-e-agencias-de-atendimento-durante-o-feriado\/#breadcrumb\"},\"inLanguage\":\"pt-BR\",\"potentialAction\":[{\"@type\":\"ReadAction\",\"target\":[\"https:\/\/www.blogsoestado.com\/danielmatos\/equatorial-maranhao-informa-sobre-o-funcionamento-dos-postos-e-reciclagem-e-agencias-de-atendimento-durante-o-feriado\/\"]}]},{\"@type\":\"ImageObject\",\"inLanguage\":\"pt-BR\",\"@id\":\"https:\/\/www.blogsoestado.com\/danielmatos\/equatorial-maranhao-informa-sobre-o-funcionamento-dos-postos-e-reciclagem-e-agencias-de-atendimento-durante-o-feriado\/#primaryimage\",\"url\":\"https:\/\/www.blogsoestado.com\/danielmatos\/files\/2020\/12\/IMG-20201207-WA0222-1024x682.jpg\",\"contentUrl\":\"https:\/\/www.blogsoestado.com\/danielmatos\/files\/2020\/12\/IMG-20201207-WA0222-1024x682.jpg\"},{\"@type\":\"BreadcrumbList\",\"@id\":\"https:\/\/www.blogsoestado.com\/danielmatos\/equatorial-maranhao-informa-sobre-o-funcionamento-dos-postos-e-reciclagem-e-agencias-de-atendimento-durante-o-feriado\/#breadcrumb\",\"itemListElement\":[{\"@type\":\"ListItem\",\"position\":1,\"name\":\"In\u00edcio\",\"item\":\"https:\/\/www.blogsoestado.com\/danielmatos\/\"},{\"@type\":\"ListItem\",\"position\":2,\"name\":\"Equatorial Maranh\u00e3o informa sobre o funcionamento dos postos E+ Reciclagem e ag\u00eancias de atendimento durante o feriado\"}]},{\"@type\":\"WebSite\",\"@id\":\"https:\/\/www.blogsoestado.com\/danielmatos\/#website\",\"url\":\"https:\/\/www.blogsoestado.com\/danielmatos\/\",\"name\":\"Daniel Matos\",\"description\":\"\",\"potentialAction\":[{\"@type\":\"SearchAction\",\"target\":{\"@type\":\"EntryPoint\",\"urlTemplate\":\"https:\/\/www.blogsoestado.com\/danielmatos\/?s={search_term_string}\"},\"query-input\":{\"@type\":\"PropertyValueSpecification\",\"valueRequired\":true,\"valueName\":\"search_term_string\"}}],\"inLanguage\":\"pt-BR\"}]}<\/script>\n<!-- \/ Yoast SEO plugin. -->","yoast_head_json":{"title":"Equatorial Maranh\u00e3o informa sobre o funcionamento dos postos E+ Reciclagem e ag\u00eancias de atendimento durante o feriado - Daniel Matos","robots":{"index":"index","follow":"follow","max-snippet":"max-snippet:-1","max-image-preview":"max-image-preview:large","max-video-preview":"max-video-preview:-1"},"canonical":"https:\/\/www.blogsoestado.com\/danielmatos\/equatorial-maranhao-informa-sobre-o-funcionamento-dos-postos-e-reciclagem-e-agencias-de-atendimento-durante-o-feriado\/","og_locale":"pt_BR","og_type":"article","og_title":"Equatorial Maranh\u00e3o informa sobre o funcionamento dos postos E+ Reciclagem e ag\u00eancias de atendimento durante o feriado - Daniel Matos","og_description":"Nesta ter\u00e7a-feira (08\/11), comemora-se o Dia de Nossa Senhora da Concei\u00e7\u00e3o. Por isso, a Equatorial Energia Maranh\u00e3o informa que as [&hellip;]","og_url":"https:\/\/www.blogsoestado.com\/danielmatos\/equatorial-maranhao-informa-sobre-o-funcionamento-dos-postos-e-reciclagem-e-agencias-de-atendimento-durante-o-feriado\/","og_site_name":"Daniel Matos","article_published_time":"2020-12-07T21:25:16+00:00","og_image":[{"url":"https:\/\/www.blogsoestado.com\/danielmatos\/files\/2020\/12\/IMG-20201207-WA0222-1024x682.jpg","type":"","width":"","height":""}],"twitter_card":"summary_large_image","twitter_misc":{"Est. tempo de leitura":"1 minuto"},"schema":{"@context":"https:\/\/schema.org","@graph":[{"@type":"WebPage","@id":"https:\/\/www.blogsoestado.com\/danielmatos\/equatorial-maranhao-informa-sobre-o-funcionamento-dos-postos-e-reciclagem-e-agencias-de-atendimento-durante-o-feriado\/","url":"https:\/\/www.blogsoestado.com\/danielmatos\/equatorial-maranhao-informa-sobre-o-funcionamento-dos-postos-e-reciclagem-e-agencias-de-atendimento-durante-o-feriado\/","name":"Equatorial Maranh\u00e3o informa sobre o funcionamento dos postos E+ Reciclagem e ag\u00eancias de atendimento durante o feriado - Daniel Matos","isPartOf":{"@id":"https:\/\/www.blogsoestado.com\/danielmatos\/#website"},"primaryImageOfPage":{"@id":"https:\/\/www.blogsoestado.com\/danielmatos\/equatorial-maranhao-informa-sobre-o-funcionamento-dos-postos-e-reciclagem-e-agencias-de-atendimento-durante-o-feriado\/#primaryimage"},"image":{"@id":"https:\/\/www.blogsoestado.com\/danielmatos\/equatorial-maranhao-informa-sobre-o-funcionamento-dos-postos-e-reciclagem-e-agencias-de-atendimento-durante-o-feriado\/#primaryimage"},"thumbnailUrl":"https:\/\/www.blogsoestado.com\/danielmatos\/files\/2020\/12\/IMG-20201207-WA0222-1024x682.jpg","datePublished":"2020-12-07T21:25:16+00:00","author":{"@id":""},"breadcrumb":{"@id":"https:\/\/www.blogsoestado.com\/danielmatos\/equatorial-maranhao-informa-sobre-o-funcionamento-dos-postos-e-reciclagem-e-agencias-de-atendimento-durante-o-feriado\/#breadcrumb"},"inLanguage":"pt-BR","potentialAction":[{"@type":"ReadAction","target":["https:\/\/www.blogsoestado.com\/danielmatos\/equatorial-maranhao-informa-sobre-o-funcionamento-dos-postos-e-reciclagem-e-agencias-de-atendimento-durante-o-feriado\/"]}]},{"@type":"ImageObject","inLanguage":"pt-BR","@id":"https:\/\/www.blogsoestado.com\/danielmatos\/equatorial-maranhao-informa-sobre-o-funcionamento-dos-postos-e-reciclagem-e-agencias-de-atendimento-durante-o-feriado\/#primaryimage","url":"https:\/\/www.blogsoestado.com\/danielmatos\/files\/2020\/12\/IMG-20201207-WA0222-1024x682.jpg","contentUrl":"https:\/\/www.blogsoestado.com\/danielmatos\/files\/2020\/12\/IMG-20201207-WA0222-1024x682.jpg"},{"@type":"BreadcrumbList","@id":"https:\/\/www.blogsoestado.com\/danielmatos\/equatorial-maranhao-informa-sobre-o-funcionamento-dos-postos-e-reciclagem-e-agencias-de-atendimento-durante-o-feriado\/#breadcrumb","itemListElement":[{"@type":"ListItem","position":1,"name":"In\u00edcio","item":"https:\/\/www.blogsoestado.com\/danielmatos\/"},{"@type":"ListItem","position":2,"name":"Equatorial Maranh\u00e3o informa sobre o funcionamento dos postos E+ Reciclagem e ag\u00eancias de atendimento durante o feriado"}]},{"@type":"WebSite","@id":"https:\/\/www.blogsoestado.com\/danielmatos\/#website","url":"https:\/\/www.blogsoestado.com\/danielmatos\/","name":"Daniel Matos","description":"","potentialAction":[{"@type":"SearchAction","target":{"@type":"EntryPoint","urlTemplate":"https:\/\/www.blogsoestado.com\/danielmatos\/?s={search_term_string}"},"query-input":{"@type":"PropertyValueSpecification","valueRequired":true,"valueName":"search_term_string"}}],"inLanguage":"pt-BR"}]}},"jetpack_featured_media_url":"","_links":{"self":[{"href":"https:\/\/www.blogsoestado.com\/danielmatos\/wp-json\/wp\/v2\/posts\/80653","targetHints":{"allow":["GET"]}}],"collection":[{"href":"https:\/\/www.blogsoestado.com\/danielmatos\/wp-json\/wp\/v2\/posts"}],"about":[{"href":"https:\/\/www.blogsoestado.com\/danielmatos\/wp-json\/wp\/v2\/types\/post"}],"replies":[{"embeddable":true,"href":"https:\/\/www.blogsoestado.com\/danielmatos\/wp-json\/wp\/v2\/comments?post=80653"}],"version-history":[{"count":0,"href":"https:\/\/www.blogsoestado.com\/danielmatos\/wp-json\/wp\/v2\/posts\/80653\/revisions"}],"wp:attachment":[{"href":"https:\/\/www.blogsoestado.com\/danielmatos\/wp-json\/wp\/v2\/media?parent=80653"}],"wp:term":[{"taxonomy":"category","embeddable":true,"href":"https:\/\/www.blogsoestado.com\/danielmatos\/wp-json\/wp\/v2\/categories?post=80653"},{"taxonomy":"post_tag","embeddable":true,"href":"https:\/\/www.blogsoestado.com\/danielmatos\/wp-json\/wp\/v2\/tags?post=80653"}],"curies":[{"name":"wp","href":"https:\/\/api.w.org\/{rel}","templated":true}]}}