{"id":80678,"date":"2020-12-08T21:17:31","date_gmt":"2020-12-09T00:17:31","guid":{"rendered":"https:\/\/www.blogsoestado.com\/danielmatos\/?p=80678"},"modified":"2020-12-08T21:17:31","modified_gmt":"2020-12-09T00:17:31","slug":"deputado-wellington-solicita-que-uema-reabra-as-inscricoes-do-vestibular-em-virtude-da-covid-19","status":"publish","type":"post","link":"https:\/\/www.blogsoestado.com\/danielmatos\/deputado-wellington-solicita-que-uema-reabra-as-inscricoes-do-vestibular-em-virtude-da-covid-19\/","title":{"rendered":"Deputado Wellington solicita que UEMA reabra as inscri\u00e7\u00f5es do vestibular em virtude da Covid-19"},"content":{"rendered":"\n<div class=\"wp-block-image\"><figure class=\"aligncenter size-large\"><img decoding=\"async\" src=\"https:\/\/www.blogsoestado.com\/danielmatos\/files\/2020\/12\/IMG-20201208-WA0068-1024x1024.jpg\" alt=\"\" class=\"wp-image-80679\"\/><\/figure><\/div>\n\n\n\n<p>O deputado estadual Wellington do Curso oficiou o reitor da Universidade Estadual do Maranh\u00e3o para solicitar que aprecie a possibilidade de reabrir o prazo de inscri\u00e7\u00e3o para o Processo Seletivo de Acesso \u00e0 Educa\u00e7\u00e3o Superior (PAES) 2021. A solicita\u00e7\u00e3o se fundamenta em virtude da pandemia que implicou diretamente na vida financeira de muitos maranhenses, o que pode ter impedido a efetiva\u00e7\u00e3o do pagamento da taxa de inscri\u00e7\u00e3o.<\/p>\n\n\n\n<p>Ao justificar a solicita\u00e7\u00e3o, o deputado Wellington frisou, ainda, ser o primeiro ano em que a UEMA n\u00e3o prorrogou o prazo de inscri\u00e7\u00f5es e mencionou que tal medida n\u00e3o causaria \u00f4nus algum \u00e0 institui\u00e7\u00e3o.<\/p>\n\n\n\n<p>\u201cOs meses de mar\u00e7o a novembro do atual ano foram marcados por incerteza e fatores que impactaram diretamente o or\u00e7amento de muitas fam\u00edlias maranhenses. Por<br>conta disso, in\u00fameros candidatos deixaram de efetuar a inscri\u00e7\u00e3o no vestibular da UEMA, seja em virtude da inexist\u00eancia de perspectivas futuras ou da impossibilidade de efetuar o pagamento da taxa requerida. Nesse contexto, a reabertura das inscri\u00e7\u00f5es proporcionar\u00e1 aos estudantes maranhenses uma segunda possibilidade. Salienta-se que n\u00e3o haver\u00e1 \u00f4nus algum \u00e0 Institui\u00e7\u00e3o e, tampouco, impactar\u00e1 o cronograma j\u00e1 estabelecido. Em anos anteriores, a UEMA costumava prorrogar o prazo de inscri\u00e7\u00e3o, algo que n\u00e3o ocorreu desse vez. Em contato telef\u00f4nico, fui prontamente atendido pelo reitor, Dr Gustavo, que ouviu inicialmente as argumenta\u00e7\u00f5es do pedido. Ap\u00f3s isso, encaminhamos de forma oficial por meio da Assembleia Legislativa, essa solicita\u00e7\u00e3o de centenas de estudantes maranhenses e aguardamos que a Universidade adote a melhor provid\u00eancia poss\u00edvel\u201d, disse Wellington do Curso.<\/p>\n\n\n\n<p>A solicita\u00e7\u00e3o feita pelo deputado Wellington tem precedentes em outros estados, a exemplo do Cear\u00e1, em que a Universidade Estadual anunciou a reabertura do per\u00edodo de inscri\u00e7\u00e3o, exatamente por levar em considera\u00e7\u00e3o o interesse p\u00fablico e a razoabilidade.<\/p>\n","protected":false},"excerpt":{"rendered":"<p>O deputado estadual Wellington do Curso oficiou o reitor da Universidade Estadual do Maranh\u00e3o para solicitar que aprecie a possibilidade [&hellip;]<\/p>\n","protected":false},"author":0,"featured_media":0,"comment_status":"open","ping_status":"open","sticky":false,"template":"","format":"standard","meta":{"site-sidebar-layout":"default","site-content-layout":"","ast-site-content-layout":"default","site-content-style":"default","site-sidebar-style":"default","ast-global-header-display":"","ast-banner-title-visibility":"","ast-main-header-display":"","ast-hfb-above-header-display":"","ast-hfb-below-header-display":"","ast-hfb-mobile-header-display":"","site-post-title":"","ast-breadcrumbs-content":"","ast-featured-img":"","footer-sml-layout":"","ast-disable-related-posts":"","theme-transparent-header-meta":"","adv-header-id-meta":"","stick-header-meta":"","header-above-stick-meta":"","header-main-stick-meta":"","header-below-stick-meta":"","astra-migrate-meta-layouts":"default","ast-page-background-enabled":"default","ast-page-background-meta":{"desktop":{"background-color":"var(--ast-global-color-5)","background-image":"","background-repeat":"repeat","background-position":"center center","background-size":"auto","background-attachment":"scroll","background-type":"","background-media":"","overlay-type":"","overlay-color":"","overlay-opacity":"","overlay-gradient":""},"tablet":{"background-color":"","background-image":"","background-repeat":"repeat","background-position":"center center","background-size":"auto","background-attachment":"scroll","background-type":"","background-media":"","overlay-type":"","overlay-color":"","overlay-opacity":"","overlay-gradient":""},"mobile":{"background-color":"","background-image":"","background-repeat":"repeat","background-position":"center center","background-size":"auto","background-attachment":"scroll","background-type":"","background-media":"","overlay-type":"","overlay-color":"","overlay-opacity":"","overlay-gradient":""}},"ast-content-background-meta":{"desktop":{"background-color":"var(--ast-global-color-4)","background-image":"","background-repeat":"repeat","background-position":"center center","background-size":"auto","background-attachment":"scroll","background-type":"","background-media":"","overlay-type":"","overlay-color":"","overlay-opacity":"","overlay-gradient":""},"tablet":{"background-color":"var(--ast-global-color-4)","background-image":"","background-repeat":"repeat","background-position":"center center","background-size":"auto","background-attachment":"scroll","background-type":"","background-media":"","overlay-type":"","overlay-color":"","overlay-opacity":"","overlay-gradient":""},"mobile":{"background-color":"var(--ast-global-color-4)","background-image":"","background-repeat":"repeat","background-position":"center center","background-size":"auto","background-attachment":"scroll","background-type":"","background-media":"","overlay-type":"","overlay-color":"","overlay-opacity":"","overlay-gradient":""}},"footnotes":""},"categories":[1],"tags":[],"class_list":["post-80678","post","type-post","status-publish","format-standard","hentry","category-sem-categoria"],"yoast_head":"<!-- This site is optimized with the Yoast SEO plugin v26.6 - https:\/\/yoast.com\/wordpress\/plugins\/seo\/ -->\n<title>Deputado Wellington solicita que UEMA reabra as inscri\u00e7\u00f5es do vestibular em virtude da Covid-19 - Daniel Matos<\/title>\n<meta name=\"robots\" content=\"index, follow, max-snippet:-1, max-image-preview:large, max-video-preview:-1\" \/>\n<link rel=\"canonical\" href=\"https:\/\/www.blogsoestado.com\/danielmatos\/deputado-wellington-solicita-que-uema-reabra-as-inscricoes-do-vestibular-em-virtude-da-covid-19\/\" \/>\n<meta property=\"og:locale\" content=\"pt_BR\" \/>\n<meta property=\"og:type\" content=\"article\" \/>\n<meta property=\"og:title\" content=\"Deputado Wellington solicita que UEMA reabra as inscri\u00e7\u00f5es do vestibular em virtude da Covid-19 - Daniel Matos\" \/>\n<meta property=\"og:description\" content=\"O deputado estadual Wellington do Curso oficiou o reitor da Universidade Estadual do Maranh\u00e3o para solicitar que aprecie a possibilidade [&hellip;]\" \/>\n<meta property=\"og:url\" content=\"https:\/\/www.blogsoestado.com\/danielmatos\/deputado-wellington-solicita-que-uema-reabra-as-inscricoes-do-vestibular-em-virtude-da-covid-19\/\" \/>\n<meta property=\"og:site_name\" content=\"Daniel Matos\" \/>\n<meta property=\"article:published_time\" content=\"2020-12-09T00:17:31+00:00\" \/>\n<meta property=\"og:image\" content=\"https:\/\/www.blogsoestado.com\/danielmatos\/files\/2020\/12\/IMG-20201208-WA0068-1024x1024.jpg\" \/>\n<meta name=\"twitter:card\" content=\"summary_large_image\" \/>\n<meta name=\"twitter:label1\" content=\"Est. tempo de leitura\" \/>\n\t<meta name=\"twitter:data1\" content=\"2 minutos\" \/>\n<script type=\"application\/ld+json\" class=\"yoast-schema-graph\">{\"@context\":\"https:\/\/schema.org\",\"@graph\":[{\"@type\":\"WebPage\",\"@id\":\"https:\/\/www.blogsoestado.com\/danielmatos\/deputado-wellington-solicita-que-uema-reabra-as-inscricoes-do-vestibular-em-virtude-da-covid-19\/\",\"url\":\"https:\/\/www.blogsoestado.com\/danielmatos\/deputado-wellington-solicita-que-uema-reabra-as-inscricoes-do-vestibular-em-virtude-da-covid-19\/\",\"name\":\"Deputado Wellington solicita que UEMA reabra as inscri\u00e7\u00f5es do vestibular em virtude da Covid-19 - Daniel Matos\",\"isPartOf\":{\"@id\":\"https:\/\/www.blogsoestado.com\/danielmatos\/#website\"},\"primaryImageOfPage\":{\"@id\":\"https:\/\/www.blogsoestado.com\/danielmatos\/deputado-wellington-solicita-que-uema-reabra-as-inscricoes-do-vestibular-em-virtude-da-covid-19\/#primaryimage\"},\"image\":{\"@id\":\"https:\/\/www.blogsoestado.com\/danielmatos\/deputado-wellington-solicita-que-uema-reabra-as-inscricoes-do-vestibular-em-virtude-da-covid-19\/#primaryimage\"},\"thumbnailUrl\":\"https:\/\/www.blogsoestado.com\/danielmatos\/files\/2020\/12\/IMG-20201208-WA0068-1024x1024.jpg\",\"datePublished\":\"2020-12-09T00:17:31+00:00\",\"author\":{\"@id\":\"\"},\"breadcrumb\":{\"@id\":\"https:\/\/www.blogsoestado.com\/danielmatos\/deputado-wellington-solicita-que-uema-reabra-as-inscricoes-do-vestibular-em-virtude-da-covid-19\/#breadcrumb\"},\"inLanguage\":\"pt-BR\",\"potentialAction\":[{\"@type\":\"ReadAction\",\"target\":[\"https:\/\/www.blogsoestado.com\/danielmatos\/deputado-wellington-solicita-que-uema-reabra-as-inscricoes-do-vestibular-em-virtude-da-covid-19\/\"]}]},{\"@type\":\"ImageObject\",\"inLanguage\":\"pt-BR\",\"@id\":\"https:\/\/www.blogsoestado.com\/danielmatos\/deputado-wellington-solicita-que-uema-reabra-as-inscricoes-do-vestibular-em-virtude-da-covid-19\/#primaryimage\",\"url\":\"https:\/\/www.blogsoestado.com\/danielmatos\/files\/2020\/12\/IMG-20201208-WA0068-1024x1024.jpg\",\"contentUrl\":\"https:\/\/www.blogsoestado.com\/danielmatos\/files\/2020\/12\/IMG-20201208-WA0068-1024x1024.jpg\"},{\"@type\":\"BreadcrumbList\",\"@id\":\"https:\/\/www.blogsoestado.com\/danielmatos\/deputado-wellington-solicita-que-uema-reabra-as-inscricoes-do-vestibular-em-virtude-da-covid-19\/#breadcrumb\",\"itemListElement\":[{\"@type\":\"ListItem\",\"position\":1,\"name\":\"In\u00edcio\",\"item\":\"https:\/\/www.blogsoestado.com\/danielmatos\/\"},{\"@type\":\"ListItem\",\"position\":2,\"name\":\"Deputado Wellington solicita que UEMA reabra as inscri\u00e7\u00f5es do vestibular em virtude da Covid-19\"}]},{\"@type\":\"WebSite\",\"@id\":\"https:\/\/www.blogsoestado.com\/danielmatos\/#website\",\"url\":\"https:\/\/www.blogsoestado.com\/danielmatos\/\",\"name\":\"Daniel Matos\",\"description\":\"\",\"potentialAction\":[{\"@type\":\"SearchAction\",\"target\":{\"@type\":\"EntryPoint\",\"urlTemplate\":\"https:\/\/www.blogsoestado.com\/danielmatos\/?s={search_term_string}\"},\"query-input\":{\"@type\":\"PropertyValueSpecification\",\"valueRequired\":true,\"valueName\":\"search_term_string\"}}],\"inLanguage\":\"pt-BR\"}]}<\/script>\n<!-- \/ Yoast SEO plugin. -->","yoast_head_json":{"title":"Deputado Wellington solicita que UEMA reabra as inscri\u00e7\u00f5es do vestibular em virtude da Covid-19 - Daniel Matos","robots":{"index":"index","follow":"follow","max-snippet":"max-snippet:-1","max-image-preview":"max-image-preview:large","max-video-preview":"max-video-preview:-1"},"canonical":"https:\/\/www.blogsoestado.com\/danielmatos\/deputado-wellington-solicita-que-uema-reabra-as-inscricoes-do-vestibular-em-virtude-da-covid-19\/","og_locale":"pt_BR","og_type":"article","og_title":"Deputado Wellington solicita que UEMA reabra as inscri\u00e7\u00f5es do vestibular em virtude da Covid-19 - Daniel Matos","og_description":"O deputado estadual Wellington do Curso oficiou o reitor da Universidade Estadual do Maranh\u00e3o para solicitar que aprecie a possibilidade [&hellip;]","og_url":"https:\/\/www.blogsoestado.com\/danielmatos\/deputado-wellington-solicita-que-uema-reabra-as-inscricoes-do-vestibular-em-virtude-da-covid-19\/","og_site_name":"Daniel Matos","article_published_time":"2020-12-09T00:17:31+00:00","og_image":[{"url":"https:\/\/www.blogsoestado.com\/danielmatos\/files\/2020\/12\/IMG-20201208-WA0068-1024x1024.jpg","type":"","width":"","height":""}],"twitter_card":"summary_large_image","twitter_misc":{"Est. tempo de leitura":"2 minutos"},"schema":{"@context":"https:\/\/schema.org","@graph":[{"@type":"WebPage","@id":"https:\/\/www.blogsoestado.com\/danielmatos\/deputado-wellington-solicita-que-uema-reabra-as-inscricoes-do-vestibular-em-virtude-da-covid-19\/","url":"https:\/\/www.blogsoestado.com\/danielmatos\/deputado-wellington-solicita-que-uema-reabra-as-inscricoes-do-vestibular-em-virtude-da-covid-19\/","name":"Deputado Wellington solicita que UEMA reabra as inscri\u00e7\u00f5es do vestibular em virtude da Covid-19 - Daniel Matos","isPartOf":{"@id":"https:\/\/www.blogsoestado.com\/danielmatos\/#website"},"primaryImageOfPage":{"@id":"https:\/\/www.blogsoestado.com\/danielmatos\/deputado-wellington-solicita-que-uema-reabra-as-inscricoes-do-vestibular-em-virtude-da-covid-19\/#primaryimage"},"image":{"@id":"https:\/\/www.blogsoestado.com\/danielmatos\/deputado-wellington-solicita-que-uema-reabra-as-inscricoes-do-vestibular-em-virtude-da-covid-19\/#primaryimage"},"thumbnailUrl":"https:\/\/www.blogsoestado.com\/danielmatos\/files\/2020\/12\/IMG-20201208-WA0068-1024x1024.jpg","datePublished":"2020-12-09T00:17:31+00:00","author":{"@id":""},"breadcrumb":{"@id":"https:\/\/www.blogsoestado.com\/danielmatos\/deputado-wellington-solicita-que-uema-reabra-as-inscricoes-do-vestibular-em-virtude-da-covid-19\/#breadcrumb"},"inLanguage":"pt-BR","potentialAction":[{"@type":"ReadAction","target":["https:\/\/www.blogsoestado.com\/danielmatos\/deputado-wellington-solicita-que-uema-reabra-as-inscricoes-do-vestibular-em-virtude-da-covid-19\/"]}]},{"@type":"ImageObject","inLanguage":"pt-BR","@id":"https:\/\/www.blogsoestado.com\/danielmatos\/deputado-wellington-solicita-que-uema-reabra-as-inscricoes-do-vestibular-em-virtude-da-covid-19\/#primaryimage","url":"https:\/\/www.blogsoestado.com\/danielmatos\/files\/2020\/12\/IMG-20201208-WA0068-1024x1024.jpg","contentUrl":"https:\/\/www.blogsoestado.com\/danielmatos\/files\/2020\/12\/IMG-20201208-WA0068-1024x1024.jpg"},{"@type":"BreadcrumbList","@id":"https:\/\/www.blogsoestado.com\/danielmatos\/deputado-wellington-solicita-que-uema-reabra-as-inscricoes-do-vestibular-em-virtude-da-covid-19\/#breadcrumb","itemListElement":[{"@type":"ListItem","position":1,"name":"In\u00edcio","item":"https:\/\/www.blogsoestado.com\/danielmatos\/"},{"@type":"ListItem","position":2,"name":"Deputado Wellington solicita que UEMA reabra as inscri\u00e7\u00f5es do vestibular em virtude da Covid-19"}]},{"@type":"WebSite","@id":"https:\/\/www.blogsoestado.com\/danielmatos\/#website","url":"https:\/\/www.blogsoestado.com\/danielmatos\/","name":"Daniel Matos","description":"","potentialAction":[{"@type":"SearchAction","target":{"@type":"EntryPoint","urlTemplate":"https:\/\/www.blogsoestado.com\/danielmatos\/?s={search_term_string}"},"query-input":{"@type":"PropertyValueSpecification","valueRequired":true,"valueName":"search_term_string"}}],"inLanguage":"pt-BR"}]}},"jetpack_featured_media_url":"","_links":{"self":[{"href":"https:\/\/www.blogsoestado.com\/danielmatos\/wp-json\/wp\/v2\/posts\/80678","targetHints":{"allow":["GET"]}}],"collection":[{"href":"https:\/\/www.blogsoestado.com\/danielmatos\/wp-json\/wp\/v2\/posts"}],"about":[{"href":"https:\/\/www.blogsoestado.com\/danielmatos\/wp-json\/wp\/v2\/types\/post"}],"replies":[{"embeddable":true,"href":"https:\/\/www.blogsoestado.com\/danielmatos\/wp-json\/wp\/v2\/comments?post=80678"}],"version-history":[{"count":0,"href":"https:\/\/www.blogsoestado.com\/danielmatos\/wp-json\/wp\/v2\/posts\/80678\/revisions"}],"wp:attachment":[{"href":"https:\/\/www.blogsoestado.com\/danielmatos\/wp-json\/wp\/v2\/media?parent=80678"}],"wp:term":[{"taxonomy":"category","embeddable":true,"href":"https:\/\/www.blogsoestado.com\/danielmatos\/wp-json\/wp\/v2\/categories?post=80678"},{"taxonomy":"post_tag","embeddable":true,"href":"https:\/\/www.blogsoestado.com\/danielmatos\/wp-json\/wp\/v2\/tags?post=80678"}],"curies":[{"name":"wp","href":"https:\/\/api.w.org\/{rel}","templated":true}]}}