{"id":852,"date":"2009-02-03T20:41:15","date_gmt":"2009-02-03T22:41:15","guid":{"rendered":"https:\/\/www.blogsoestado.com\/danielmatos\/2009\/02\/03\/stj-nega-mais-uma-vez-a-jose-reinaldo-devolucao-de-carro-apreendido-na-operacao-navalha\/"},"modified":"2009-02-03T20:41:15","modified_gmt":"2009-02-03T22:41:15","slug":"stj-nega-mais-uma-vez-a-jose-reinaldo-devolucao-de-carro-apreendido-na-operacao-navalha","status":"publish","type":"post","link":"https:\/\/www.blogsoestado.com\/danielmatos\/stj-nega-mais-uma-vez-a-jose-reinaldo-devolucao-de-carro-apreendido-na-operacao-navalha\/","title":{"rendered":"STJ nega mais uma vez a Jos\u00e9 Reinaldo devolu\u00e7\u00e3o de carro apreendido na Opera\u00e7\u00e3o Navalha"},"content":{"rendered":"<p>A Corte Especial do Superior Tribunal de Justi\u00e7a (STJ) rejeitou nesta ter\u00e7a-feira os embargos de declara\u00e7\u00e3o interpostos pelo dono da construtora Gautama, Zuleido Veras, e pelo ex-governador do Maranh\u00e3o Jos\u00e9 Reinaldo Tavares. Por unanimidade, a Corte acompanhou o voto da relatora, ministra Eliana Calmon.<\/p>\n<p>Zuleido Veras continuar\u00e1 com os seus bens bloqueados pela Justi\u00e7a como forma de garantir o ressarcimento dos preju\u00edzos aos cofres p\u00fablicos, caso seja condenado na a\u00e7\u00e3o penal que apura um suposto esquema de fraudes em licita\u00e7\u00f5es de obras p\u00fablicas. Jos\u00e9 Reinaldo Tavares n\u00e3o conseguiu a libera\u00e7\u00e3o do ve\u00edculo modelo Citroen C5, que foi apreendido durante opera\u00e7\u00e3o da Pol\u00edcia Federal.<\/p>\n<p>Os dois pedidos j\u00e1 haviam sido negados pela relatora e pela Corte Especial. De acordo com a den\u00fancia, o ex-governador teria recebido o ve\u00edculo como presente de Zuleido Veras para direcionar ilicitamente, em favor da empresa Gautama, o processo de licita\u00e7\u00e3o nas obras de pavimenta\u00e7\u00e3o da BR 402\/MA.<\/p>\n<p>A opera\u00e7\u00e3o deflagrada pela PF em maio de 2007 visou desmontar um esquema de corrup\u00e7\u00e3o relacionado \u00e0 contrata\u00e7\u00e3o de obras p\u00fablicas feitas pelo Governo Federal. A opera\u00e7\u00e3o foi realizada em diversos estados (Alagoas, Bahia, Sergipe, Piau\u00ed, Maranh\u00e3o e Mato Grosso) e no Distrito Federal, para coibir fraude em licita\u00e7\u00f5es, corrup\u00e7\u00e3o, tr\u00e1fico de influ\u00eancia, superfaturamento de obras e desvio de dinheiro.<\/p>\n<p><strong>Fonte:<\/strong> Superior Tribunal de Justi\u00e7a<\/p>\n","protected":false},"excerpt":{"rendered":"<p>A Corte Especial do Superior Tribunal de Justi\u00e7a (STJ) rejeitou nesta ter\u00e7a-feira os embargos de declara\u00e7\u00e3o interpostos pelo dono da [&hellip;]<\/p>\n","protected":false},"author":0,"featured_media":0,"comment_status":"open","ping_status":"open","sticky":false,"template":"","format":"standard","meta":{"site-sidebar-layout":"default","site-content-layout":"","ast-site-content-layout":"default","site-content-style":"default","site-sidebar-style":"default","ast-global-header-display":"","ast-banner-title-visibility":"","ast-main-header-display":"","ast-hfb-above-header-display":"","ast-hfb-below-header-display":"","ast-hfb-mobile-header-display":"","site-post-title":"","ast-breadcrumbs-content":"","ast-featured-img":"","footer-sml-layout":"","ast-disable-related-posts":"","theme-transparent-header-meta":"","adv-header-id-meta":"","stick-header-meta":"","header-above-stick-meta":"","header-main-stick-meta":"","header-below-stick-meta":"","astra-migrate-meta-layouts":"default","ast-page-background-enabled":"default","ast-page-background-meta":{"desktop":{"background-color":"var(--ast-global-color-5)","background-image":"","background-repeat":"repeat","background-position":"center center","background-size":"auto","background-attachment":"scroll","background-type":"","background-media":"","overlay-type":"","overlay-color":"","overlay-opacity":"","overlay-gradient":""},"tablet":{"background-color":"","background-image":"","background-repeat":"repeat","background-position":"center center","background-size":"auto","background-attachment":"scroll","background-type":"","background-media":"","overlay-type":"","overlay-color":"","overlay-opacity":"","overlay-gradient":""},"mobile":{"background-color":"","background-image":"","background-repeat":"repeat","background-position":"center center","background-size":"auto","background-attachment":"scroll","background-type":"","background-media":"","overlay-type":"","overlay-color":"","overlay-opacity":"","overlay-gradient":""}},"ast-content-background-meta":{"desktop":{"background-color":"var(--ast-global-color-4)","background-image":"","background-repeat":"repeat","background-position":"center center","background-size":"auto","background-attachment":"scroll","background-type":"","background-media":"","overlay-type":"","overlay-color":"","overlay-opacity":"","overlay-gradient":""},"tablet":{"background-color":"var(--ast-global-color-4)","background-image":"","background-repeat":"repeat","background-position":"center center","background-size":"auto","background-attachment":"scroll","background-type":"","background-media":"","overlay-type":"","overlay-color":"","overlay-opacity":"","overlay-gradient":""},"mobile":{"background-color":"var(--ast-global-color-4)","background-image":"","background-repeat":"repeat","background-position":"center center","background-size":"auto","background-attachment":"scroll","background-type":"","background-media":"","overlay-type":"","overlay-color":"","overlay-opacity":"","overlay-gradient":""}},"footnotes":""},"categories":[1],"tags":[],"class_list":["post-852","post","type-post","status-publish","format-standard","hentry","category-sem-categoria"],"yoast_head":"<!-- This site is optimized with the Yoast SEO plugin v26.6 - https:\/\/yoast.com\/wordpress\/plugins\/seo\/ -->\n<title>STJ nega mais uma vez a Jos\u00e9 Reinaldo devolu\u00e7\u00e3o de carro apreendido na Opera\u00e7\u00e3o Navalha - Daniel Matos<\/title>\n<meta name=\"robots\" content=\"index, follow, max-snippet:-1, max-image-preview:large, max-video-preview:-1\" \/>\n<link rel=\"canonical\" href=\"https:\/\/www.blogsoestado.com\/danielmatos\/stj-nega-mais-uma-vez-a-jose-reinaldo-devolucao-de-carro-apreendido-na-operacao-navalha\/\" \/>\n<meta property=\"og:locale\" content=\"pt_BR\" \/>\n<meta property=\"og:type\" content=\"article\" \/>\n<meta property=\"og:title\" content=\"STJ nega mais uma vez a Jos\u00e9 Reinaldo devolu\u00e7\u00e3o de carro apreendido na Opera\u00e7\u00e3o Navalha - Daniel Matos\" \/>\n<meta property=\"og:description\" content=\"A Corte Especial do Superior Tribunal de Justi\u00e7a (STJ) rejeitou nesta ter\u00e7a-feira os embargos de declara\u00e7\u00e3o interpostos pelo dono da [&hellip;]\" \/>\n<meta property=\"og:url\" content=\"https:\/\/www.blogsoestado.com\/danielmatos\/stj-nega-mais-uma-vez-a-jose-reinaldo-devolucao-de-carro-apreendido-na-operacao-navalha\/\" \/>\n<meta property=\"og:site_name\" content=\"Daniel Matos\" \/>\n<meta property=\"article:published_time\" content=\"2009-02-03T22:41:15+00:00\" \/>\n<meta name=\"twitter:card\" content=\"summary_large_image\" \/>\n<meta name=\"twitter:label1\" content=\"Est. tempo de leitura\" \/>\n\t<meta name=\"twitter:data1\" content=\"1 minuto\" \/>\n<script type=\"application\/ld+json\" class=\"yoast-schema-graph\">{\"@context\":\"https:\/\/schema.org\",\"@graph\":[{\"@type\":\"WebPage\",\"@id\":\"https:\/\/www.blogsoestado.com\/danielmatos\/stj-nega-mais-uma-vez-a-jose-reinaldo-devolucao-de-carro-apreendido-na-operacao-navalha\/\",\"url\":\"https:\/\/www.blogsoestado.com\/danielmatos\/stj-nega-mais-uma-vez-a-jose-reinaldo-devolucao-de-carro-apreendido-na-operacao-navalha\/\",\"name\":\"STJ nega mais uma vez a Jos\u00e9 Reinaldo devolu\u00e7\u00e3o de carro apreendido na Opera\u00e7\u00e3o Navalha - Daniel Matos\",\"isPartOf\":{\"@id\":\"https:\/\/www.blogsoestado.com\/danielmatos\/#website\"},\"datePublished\":\"2009-02-03T22:41:15+00:00\",\"author\":{\"@id\":\"\"},\"breadcrumb\":{\"@id\":\"https:\/\/www.blogsoestado.com\/danielmatos\/stj-nega-mais-uma-vez-a-jose-reinaldo-devolucao-de-carro-apreendido-na-operacao-navalha\/#breadcrumb\"},\"inLanguage\":\"pt-BR\",\"potentialAction\":[{\"@type\":\"ReadAction\",\"target\":[\"https:\/\/www.blogsoestado.com\/danielmatos\/stj-nega-mais-uma-vez-a-jose-reinaldo-devolucao-de-carro-apreendido-na-operacao-navalha\/\"]}]},{\"@type\":\"BreadcrumbList\",\"@id\":\"https:\/\/www.blogsoestado.com\/danielmatos\/stj-nega-mais-uma-vez-a-jose-reinaldo-devolucao-de-carro-apreendido-na-operacao-navalha\/#breadcrumb\",\"itemListElement\":[{\"@type\":\"ListItem\",\"position\":1,\"name\":\"In\u00edcio\",\"item\":\"https:\/\/www.blogsoestado.com\/danielmatos\/\"},{\"@type\":\"ListItem\",\"position\":2,\"name\":\"STJ nega mais uma vez a Jos\u00e9 Reinaldo devolu\u00e7\u00e3o de carro apreendido na Opera\u00e7\u00e3o Navalha\"}]},{\"@type\":\"WebSite\",\"@id\":\"https:\/\/www.blogsoestado.com\/danielmatos\/#website\",\"url\":\"https:\/\/www.blogsoestado.com\/danielmatos\/\",\"name\":\"Daniel Matos\",\"description\":\"\",\"potentialAction\":[{\"@type\":\"SearchAction\",\"target\":{\"@type\":\"EntryPoint\",\"urlTemplate\":\"https:\/\/www.blogsoestado.com\/danielmatos\/?s={search_term_string}\"},\"query-input\":{\"@type\":\"PropertyValueSpecification\",\"valueRequired\":true,\"valueName\":\"search_term_string\"}}],\"inLanguage\":\"pt-BR\"}]}<\/script>\n<!-- \/ Yoast SEO plugin. -->","yoast_head_json":{"title":"STJ nega mais uma vez a Jos\u00e9 Reinaldo devolu\u00e7\u00e3o de carro apreendido na Opera\u00e7\u00e3o Navalha - Daniel Matos","robots":{"index":"index","follow":"follow","max-snippet":"max-snippet:-1","max-image-preview":"max-image-preview:large","max-video-preview":"max-video-preview:-1"},"canonical":"https:\/\/www.blogsoestado.com\/danielmatos\/stj-nega-mais-uma-vez-a-jose-reinaldo-devolucao-de-carro-apreendido-na-operacao-navalha\/","og_locale":"pt_BR","og_type":"article","og_title":"STJ nega mais uma vez a Jos\u00e9 Reinaldo devolu\u00e7\u00e3o de carro apreendido na Opera\u00e7\u00e3o Navalha - Daniel Matos","og_description":"A Corte Especial do Superior Tribunal de Justi\u00e7a (STJ) rejeitou nesta ter\u00e7a-feira os embargos de declara\u00e7\u00e3o interpostos pelo dono da [&hellip;]","og_url":"https:\/\/www.blogsoestado.com\/danielmatos\/stj-nega-mais-uma-vez-a-jose-reinaldo-devolucao-de-carro-apreendido-na-operacao-navalha\/","og_site_name":"Daniel Matos","article_published_time":"2009-02-03T22:41:15+00:00","twitter_card":"summary_large_image","twitter_misc":{"Est. tempo de leitura":"1 minuto"},"schema":{"@context":"https:\/\/schema.org","@graph":[{"@type":"WebPage","@id":"https:\/\/www.blogsoestado.com\/danielmatos\/stj-nega-mais-uma-vez-a-jose-reinaldo-devolucao-de-carro-apreendido-na-operacao-navalha\/","url":"https:\/\/www.blogsoestado.com\/danielmatos\/stj-nega-mais-uma-vez-a-jose-reinaldo-devolucao-de-carro-apreendido-na-operacao-navalha\/","name":"STJ nega mais uma vez a Jos\u00e9 Reinaldo devolu\u00e7\u00e3o de carro apreendido na Opera\u00e7\u00e3o Navalha - Daniel Matos","isPartOf":{"@id":"https:\/\/www.blogsoestado.com\/danielmatos\/#website"},"datePublished":"2009-02-03T22:41:15+00:00","author":{"@id":""},"breadcrumb":{"@id":"https:\/\/www.blogsoestado.com\/danielmatos\/stj-nega-mais-uma-vez-a-jose-reinaldo-devolucao-de-carro-apreendido-na-operacao-navalha\/#breadcrumb"},"inLanguage":"pt-BR","potentialAction":[{"@type":"ReadAction","target":["https:\/\/www.blogsoestado.com\/danielmatos\/stj-nega-mais-uma-vez-a-jose-reinaldo-devolucao-de-carro-apreendido-na-operacao-navalha\/"]}]},{"@type":"BreadcrumbList","@id":"https:\/\/www.blogsoestado.com\/danielmatos\/stj-nega-mais-uma-vez-a-jose-reinaldo-devolucao-de-carro-apreendido-na-operacao-navalha\/#breadcrumb","itemListElement":[{"@type":"ListItem","position":1,"name":"In\u00edcio","item":"https:\/\/www.blogsoestado.com\/danielmatos\/"},{"@type":"ListItem","position":2,"name":"STJ nega mais uma vez a Jos\u00e9 Reinaldo devolu\u00e7\u00e3o de carro apreendido na Opera\u00e7\u00e3o Navalha"}]},{"@type":"WebSite","@id":"https:\/\/www.blogsoestado.com\/danielmatos\/#website","url":"https:\/\/www.blogsoestado.com\/danielmatos\/","name":"Daniel Matos","description":"","potentialAction":[{"@type":"SearchAction","target":{"@type":"EntryPoint","urlTemplate":"https:\/\/www.blogsoestado.com\/danielmatos\/?s={search_term_string}"},"query-input":{"@type":"PropertyValueSpecification","valueRequired":true,"valueName":"search_term_string"}}],"inLanguage":"pt-BR"}]}},"jetpack_featured_media_url":"","_links":{"self":[{"href":"https:\/\/www.blogsoestado.com\/danielmatos\/wp-json\/wp\/v2\/posts\/852","targetHints":{"allow":["GET"]}}],"collection":[{"href":"https:\/\/www.blogsoestado.com\/danielmatos\/wp-json\/wp\/v2\/posts"}],"about":[{"href":"https:\/\/www.blogsoestado.com\/danielmatos\/wp-json\/wp\/v2\/types\/post"}],"replies":[{"embeddable":true,"href":"https:\/\/www.blogsoestado.com\/danielmatos\/wp-json\/wp\/v2\/comments?post=852"}],"version-history":[{"count":0,"href":"https:\/\/www.blogsoestado.com\/danielmatos\/wp-json\/wp\/v2\/posts\/852\/revisions"}],"wp:attachment":[{"href":"https:\/\/www.blogsoestado.com\/danielmatos\/wp-json\/wp\/v2\/media?parent=852"}],"wp:term":[{"taxonomy":"category","embeddable":true,"href":"https:\/\/www.blogsoestado.com\/danielmatos\/wp-json\/wp\/v2\/categories?post=852"},{"taxonomy":"post_tag","embeddable":true,"href":"https:\/\/www.blogsoestado.com\/danielmatos\/wp-json\/wp\/v2\/tags?post=852"}],"curies":[{"name":"wp","href":"https:\/\/api.w.org\/{rel}","templated":true}]}}