{"id":870,"date":"2009-02-12T23:16:59","date_gmt":"2009-02-13T01:16:59","guid":{"rendered":"https:\/\/www.blogsoestado.com\/danielmatos\/2009\/02\/12\/jackson-lago-delira-em-rede-nacional\/"},"modified":"2009-02-12T23:16:59","modified_gmt":"2009-02-13T01:16:59","slug":"jackson-lago-delira-em-rede-nacional","status":"publish","type":"post","link":"https:\/\/www.blogsoestado.com\/danielmatos\/jackson-lago-delira-em-rede-nacional\/","title":{"rendered":"Jackson Lago delira em rede nacional"},"content":{"rendered":"<p><a href=\"https:\/\/www.blogsoestado.com\/danielmatos\/files\/2009\/02\/jackson.jpg\" title=\"jackson.jpg\"><img decoding=\"async\" align=\"left\" src=\"https:\/\/www.blogsoestado.com\/danielmatos\/files\/2009\/02\/jackson.jpg\" alt=\"jackson.jpg\" \/><\/a>N\u00e3o bastassem os devaneios que faz publicar\u00a0nos ve\u00edculos de comunica\u00e7\u00e3o locais\u00a0alinhados \u00e0 sua gest\u00e3o, o governador Jackson Lago transp\u00f4s as divisas do Maranh\u00e3o para proferir mais um discurso delirante. Em\u00a0breve participa\u00e7\u00e3o no programa do Partido Democr\u00e1tico Trabalhista (PDT), veiculado em cadeia nacional de r\u00e1dio e televis\u00e3o na noite desta quinta-feira, o chefe do Executivo\u00a0extraiu de sua mente fantasiosa\u00a0supostos feitos positivos que, segundo ele, s\u00e3o m\u00e9ritos seus e do grupo pol\u00edtico que lhe d\u00e1 sustenta\u00e7\u00e3o.<\/p>\n<p>Jackson abriu sua fala afirmando que\u00a0faz um governo popular,\u00a0baseado no trabalho, na \u00e9tica e na justi\u00e7a, caracter\u00edsticas que, segundo ele, teriam marcado suas\u00a0tr\u00eas\u00a0passagens pela prefeitura de S\u00e3o Lu\u00eds. Nada mais falso: at\u00e9 o mais desinformado dos maranhenses sabe que a administra\u00e7\u00e3o pedetista\u00a0vem impondo uma s\u00e9rie de dissabores ao povo que ele jura adorar. Professores e policiais j\u00e1 se envolveram em longas greves\u00a0por terem seus direitos desrespeitados. A inseguran\u00e7a reina em todo o estado e at\u00e9 quest\u00f5es b\u00e1sicas, como abastecimento de \u00e1gua e saneamento, s\u00e3o relegadas ao \u00faltimo plano.<\/p>\n<p>Na seq\u00fc\u00eancia, o governador disse que o Maranh\u00e3o \u00e9 o estado que mais cresce proporcionalmente em oferta de\u00a0empregos. Outra mentira:\u00a0s\u00f3 em dezembro do ano passado foram extintos mais de 5 mil postos de trabalho nos setores do com\u00e9rcio, servi\u00e7os, ind\u00fastria e agropecu\u00e1rio.\u00a0Apesar de terem conhecimento da situa\u00e7\u00e3o, revelada pelo Minist\u00e9rio do Trabalho e Emprego,\u00a0nem Jackson nem\u00a0qualquer auxiliar seu anunciaram\u00a0medidas que visem a reverter a situa\u00e7\u00e3o.<\/p>\n<p>Com aparente entusiasmo, o\u00a0governador destacou que grandes empreendimentos econ\u00f4micos est\u00e3o se instalando no Maranh\u00e3o, a exemplo da refinaria Premium da Petrobras. Ele s\u00f3 esqueceu &#8211; ou omitiu de prop\u00f3sito &#8211; que o in\u00edcio das obras da usina depende agora s\u00f3 de sua gest\u00e3o,\u00a0pois o governo federal j\u00e1 assegurou os recursos e a prefeitura de Bacabeira, munic\u00edpio que sediar\u00e1 a refinaria, j\u00e1 desapropriou o terreno. Falta agora\u00a0o governo fazer sua parte, que inclui, entre outras tarefas, aprovar\u00a0uma lei transformando a \u00e1rea em distrito industrial. Apesar da urg\u00eancia, at\u00e9 o momento n\u00e3o h\u00e1 sinal de movimenta\u00e7\u00e3o de Jackson nesse sentido.<\/p>\n<p>Como n\u00e3o poderia ser diferente, Jackson Lago encerrou sua\u00a0participa\u00e7\u00e3o com\u00a0o velho discurso\u00a0de &#8220;40 anos de atraso e mis\u00e9ria&#8221;, que de t\u00e3o repetitivo j\u00e1 n\u00e3o convence.\u00a0E o que \u00e9 pior: exp\u00f5e seu autor ao descr\u00e9dito e revela toda a sua incompet\u00eancia. Tristes de n\u00f3s, maranhenses, obrigados a assistir, em rede nacional, aos del\u00edrios de um governante desprovido de lucidez. \u00a0\u00a0\u00a0\u00a0\u00a0<\/p>\n","protected":false},"excerpt":{"rendered":"<p>N\u00e3o bastassem os devaneios que faz publicar\u00a0nos ve\u00edculos de comunica\u00e7\u00e3o locais\u00a0alinhados \u00e0 sua gest\u00e3o, o governador Jackson Lago transp\u00f4s as [&hellip;]<\/p>\n","protected":false},"author":0,"featured_media":0,"comment_status":"open","ping_status":"open","sticky":false,"template":"","format":"standard","meta":{"site-sidebar-layout":"default","site-content-layout":"","ast-site-content-layout":"default","site-content-style":"default","site-sidebar-style":"default","ast-global-header-display":"","ast-banner-title-visibility":"","ast-main-header-display":"","ast-hfb-above-header-display":"","ast-hfb-below-header-display":"","ast-hfb-mobile-header-display":"","site-post-title":"","ast-breadcrumbs-content":"","ast-featured-img":"","footer-sml-layout":"","ast-disable-related-posts":"","theme-transparent-header-meta":"","adv-header-id-meta":"","stick-header-meta":"","header-above-stick-meta":"","header-main-stick-meta":"","header-below-stick-meta":"","astra-migrate-meta-layouts":"default","ast-page-background-enabled":"default","ast-page-background-meta":{"desktop":{"background-color":"var(--ast-global-color-5)","background-image":"","background-repeat":"repeat","background-position":"center center","background-size":"auto","background-attachment":"scroll","background-type":"","background-media":"","overlay-type":"","overlay-color":"","overlay-opacity":"","overlay-gradient":""},"tablet":{"background-color":"","background-image":"","background-repeat":"repeat","background-position":"center center","background-size":"auto","background-attachment":"scroll","background-type":"","background-media":"","overlay-type":"","overlay-color":"","overlay-opacity":"","overlay-gradient":""},"mobile":{"background-color":"","background-image":"","background-repeat":"repeat","background-position":"center center","background-size":"auto","background-attachment":"scroll","background-type":"","background-media":"","overlay-type":"","overlay-color":"","overlay-opacity":"","overlay-gradient":""}},"ast-content-background-meta":{"desktop":{"background-color":"var(--ast-global-color-4)","background-image":"","background-repeat":"repeat","background-position":"center center","background-size":"auto","background-attachment":"scroll","background-type":"","background-media":"","overlay-type":"","overlay-color":"","overlay-opacity":"","overlay-gradient":""},"tablet":{"background-color":"var(--ast-global-color-4)","background-image":"","background-repeat":"repeat","background-position":"center center","background-size":"auto","background-attachment":"scroll","background-type":"","background-media":"","overlay-type":"","overlay-color":"","overlay-opacity":"","overlay-gradient":""},"mobile":{"background-color":"var(--ast-global-color-4)","background-image":"","background-repeat":"repeat","background-position":"center center","background-size":"auto","background-attachment":"scroll","background-type":"","background-media":"","overlay-type":"","overlay-color":"","overlay-opacity":"","overlay-gradient":""}},"footnotes":""},"categories":[1],"tags":[],"class_list":["post-870","post","type-post","status-publish","format-standard","hentry","category-sem-categoria"],"yoast_head":"<!-- This site is optimized with the Yoast SEO plugin v26.6 - https:\/\/yoast.com\/wordpress\/plugins\/seo\/ -->\n<title>Jackson Lago delira em rede nacional - Daniel Matos<\/title>\n<meta name=\"robots\" content=\"index, follow, max-snippet:-1, max-image-preview:large, max-video-preview:-1\" \/>\n<link rel=\"canonical\" href=\"https:\/\/www.blogsoestado.com\/danielmatos\/jackson-lago-delira-em-rede-nacional\/\" \/>\n<meta property=\"og:locale\" content=\"pt_BR\" \/>\n<meta property=\"og:type\" content=\"article\" \/>\n<meta property=\"og:title\" content=\"Jackson Lago delira em rede nacional - Daniel Matos\" \/>\n<meta property=\"og:description\" content=\"N\u00e3o bastassem os devaneios que faz publicar\u00a0nos ve\u00edculos de comunica\u00e7\u00e3o locais\u00a0alinhados \u00e0 sua gest\u00e3o, o governador Jackson Lago transp\u00f4s as [&hellip;]\" \/>\n<meta property=\"og:url\" content=\"https:\/\/www.blogsoestado.com\/danielmatos\/jackson-lago-delira-em-rede-nacional\/\" \/>\n<meta property=\"og:site_name\" content=\"Daniel Matos\" \/>\n<meta property=\"article:published_time\" content=\"2009-02-13T01:16:59+00:00\" \/>\n<meta property=\"og:image\" content=\"https:\/\/www.blogsoestado.com\/danielmatos\/files\/2009\/02\/jackson.jpg\" \/>\n<meta name=\"twitter:card\" content=\"summary_large_image\" \/>\n<meta name=\"twitter:label1\" content=\"Est. tempo de leitura\" \/>\n\t<meta name=\"twitter:data1\" content=\"2 minutos\" \/>\n<script type=\"application\/ld+json\" class=\"yoast-schema-graph\">{\"@context\":\"https:\/\/schema.org\",\"@graph\":[{\"@type\":\"WebPage\",\"@id\":\"https:\/\/www.blogsoestado.com\/danielmatos\/jackson-lago-delira-em-rede-nacional\/\",\"url\":\"https:\/\/www.blogsoestado.com\/danielmatos\/jackson-lago-delira-em-rede-nacional\/\",\"name\":\"Jackson Lago delira em rede nacional - Daniel Matos\",\"isPartOf\":{\"@id\":\"https:\/\/www.blogsoestado.com\/danielmatos\/#website\"},\"primaryImageOfPage\":{\"@id\":\"https:\/\/www.blogsoestado.com\/danielmatos\/jackson-lago-delira-em-rede-nacional\/#primaryimage\"},\"image\":{\"@id\":\"https:\/\/www.blogsoestado.com\/danielmatos\/jackson-lago-delira-em-rede-nacional\/#primaryimage\"},\"thumbnailUrl\":\"https:\/\/www.blogsoestado.com\/danielmatos\/files\/2009\/02\/jackson.jpg\",\"datePublished\":\"2009-02-13T01:16:59+00:00\",\"author\":{\"@id\":\"\"},\"breadcrumb\":{\"@id\":\"https:\/\/www.blogsoestado.com\/danielmatos\/jackson-lago-delira-em-rede-nacional\/#breadcrumb\"},\"inLanguage\":\"pt-BR\",\"potentialAction\":[{\"@type\":\"ReadAction\",\"target\":[\"https:\/\/www.blogsoestado.com\/danielmatos\/jackson-lago-delira-em-rede-nacional\/\"]}]},{\"@type\":\"ImageObject\",\"inLanguage\":\"pt-BR\",\"@id\":\"https:\/\/www.blogsoestado.com\/danielmatos\/jackson-lago-delira-em-rede-nacional\/#primaryimage\",\"url\":\"https:\/\/www.blogsoestado.com\/danielmatos\/files\/2009\/02\/jackson.jpg\",\"contentUrl\":\"https:\/\/www.blogsoestado.com\/danielmatos\/files\/2009\/02\/jackson.jpg\"},{\"@type\":\"BreadcrumbList\",\"@id\":\"https:\/\/www.blogsoestado.com\/danielmatos\/jackson-lago-delira-em-rede-nacional\/#breadcrumb\",\"itemListElement\":[{\"@type\":\"ListItem\",\"position\":1,\"name\":\"In\u00edcio\",\"item\":\"https:\/\/www.blogsoestado.com\/danielmatos\/\"},{\"@type\":\"ListItem\",\"position\":2,\"name\":\"Jackson Lago delira em rede nacional\"}]},{\"@type\":\"WebSite\",\"@id\":\"https:\/\/www.blogsoestado.com\/danielmatos\/#website\",\"url\":\"https:\/\/www.blogsoestado.com\/danielmatos\/\",\"name\":\"Daniel Matos\",\"description\":\"\",\"potentialAction\":[{\"@type\":\"SearchAction\",\"target\":{\"@type\":\"EntryPoint\",\"urlTemplate\":\"https:\/\/www.blogsoestado.com\/danielmatos\/?s={search_term_string}\"},\"query-input\":{\"@type\":\"PropertyValueSpecification\",\"valueRequired\":true,\"valueName\":\"search_term_string\"}}],\"inLanguage\":\"pt-BR\"}]}<\/script>\n<!-- \/ Yoast SEO plugin. -->","yoast_head_json":{"title":"Jackson Lago delira em rede nacional - Daniel Matos","robots":{"index":"index","follow":"follow","max-snippet":"max-snippet:-1","max-image-preview":"max-image-preview:large","max-video-preview":"max-video-preview:-1"},"canonical":"https:\/\/www.blogsoestado.com\/danielmatos\/jackson-lago-delira-em-rede-nacional\/","og_locale":"pt_BR","og_type":"article","og_title":"Jackson Lago delira em rede nacional - Daniel Matos","og_description":"N\u00e3o bastassem os devaneios que faz publicar\u00a0nos ve\u00edculos de comunica\u00e7\u00e3o locais\u00a0alinhados \u00e0 sua gest\u00e3o, o governador Jackson Lago transp\u00f4s as [&hellip;]","og_url":"https:\/\/www.blogsoestado.com\/danielmatos\/jackson-lago-delira-em-rede-nacional\/","og_site_name":"Daniel Matos","article_published_time":"2009-02-13T01:16:59+00:00","og_image":[{"url":"https:\/\/www.blogsoestado.com\/danielmatos\/files\/2009\/02\/jackson.jpg","type":"","width":"","height":""}],"twitter_card":"summary_large_image","twitter_misc":{"Est. tempo de leitura":"2 minutos"},"schema":{"@context":"https:\/\/schema.org","@graph":[{"@type":"WebPage","@id":"https:\/\/www.blogsoestado.com\/danielmatos\/jackson-lago-delira-em-rede-nacional\/","url":"https:\/\/www.blogsoestado.com\/danielmatos\/jackson-lago-delira-em-rede-nacional\/","name":"Jackson Lago delira em rede nacional - Daniel Matos","isPartOf":{"@id":"https:\/\/www.blogsoestado.com\/danielmatos\/#website"},"primaryImageOfPage":{"@id":"https:\/\/www.blogsoestado.com\/danielmatos\/jackson-lago-delira-em-rede-nacional\/#primaryimage"},"image":{"@id":"https:\/\/www.blogsoestado.com\/danielmatos\/jackson-lago-delira-em-rede-nacional\/#primaryimage"},"thumbnailUrl":"https:\/\/www.blogsoestado.com\/danielmatos\/files\/2009\/02\/jackson.jpg","datePublished":"2009-02-13T01:16:59+00:00","author":{"@id":""},"breadcrumb":{"@id":"https:\/\/www.blogsoestado.com\/danielmatos\/jackson-lago-delira-em-rede-nacional\/#breadcrumb"},"inLanguage":"pt-BR","potentialAction":[{"@type":"ReadAction","target":["https:\/\/www.blogsoestado.com\/danielmatos\/jackson-lago-delira-em-rede-nacional\/"]}]},{"@type":"ImageObject","inLanguage":"pt-BR","@id":"https:\/\/www.blogsoestado.com\/danielmatos\/jackson-lago-delira-em-rede-nacional\/#primaryimage","url":"https:\/\/www.blogsoestado.com\/danielmatos\/files\/2009\/02\/jackson.jpg","contentUrl":"https:\/\/www.blogsoestado.com\/danielmatos\/files\/2009\/02\/jackson.jpg"},{"@type":"BreadcrumbList","@id":"https:\/\/www.blogsoestado.com\/danielmatos\/jackson-lago-delira-em-rede-nacional\/#breadcrumb","itemListElement":[{"@type":"ListItem","position":1,"name":"In\u00edcio","item":"https:\/\/www.blogsoestado.com\/danielmatos\/"},{"@type":"ListItem","position":2,"name":"Jackson Lago delira em rede nacional"}]},{"@type":"WebSite","@id":"https:\/\/www.blogsoestado.com\/danielmatos\/#website","url":"https:\/\/www.blogsoestado.com\/danielmatos\/","name":"Daniel Matos","description":"","potentialAction":[{"@type":"SearchAction","target":{"@type":"EntryPoint","urlTemplate":"https:\/\/www.blogsoestado.com\/danielmatos\/?s={search_term_string}"},"query-input":{"@type":"PropertyValueSpecification","valueRequired":true,"valueName":"search_term_string"}}],"inLanguage":"pt-BR"}]}},"jetpack_featured_media_url":"","_links":{"self":[{"href":"https:\/\/www.blogsoestado.com\/danielmatos\/wp-json\/wp\/v2\/posts\/870","targetHints":{"allow":["GET"]}}],"collection":[{"href":"https:\/\/www.blogsoestado.com\/danielmatos\/wp-json\/wp\/v2\/posts"}],"about":[{"href":"https:\/\/www.blogsoestado.com\/danielmatos\/wp-json\/wp\/v2\/types\/post"}],"replies":[{"embeddable":true,"href":"https:\/\/www.blogsoestado.com\/danielmatos\/wp-json\/wp\/v2\/comments?post=870"}],"version-history":[{"count":0,"href":"https:\/\/www.blogsoestado.com\/danielmatos\/wp-json\/wp\/v2\/posts\/870\/revisions"}],"wp:attachment":[{"href":"https:\/\/www.blogsoestado.com\/danielmatos\/wp-json\/wp\/v2\/media?parent=870"}],"wp:term":[{"taxonomy":"category","embeddable":true,"href":"https:\/\/www.blogsoestado.com\/danielmatos\/wp-json\/wp\/v2\/categories?post=870"},{"taxonomy":"post_tag","embeddable":true,"href":"https:\/\/www.blogsoestado.com\/danielmatos\/wp-json\/wp\/v2\/tags?post=870"}],"curies":[{"name":"wp","href":"https:\/\/api.w.org\/{rel}","templated":true}]}}