{"id":93004,"date":"2022-01-04T10:46:54","date_gmt":"2022-01-04T13:46:54","guid":{"rendered":"https:\/\/www.blogsoestado.com\/danielmatos\/?p=93004"},"modified":"2022-01-04T10:46:54","modified_gmt":"2022-01-04T13:46:54","slug":"ponte-sobre-o-rio-grajau-sob-ameaca-de-interdicao-outros-3-trechos-de-rodovias-federais-no-maranhao-estao-bloqueados-ou-em-risco","status":"publish","type":"post","link":"https:\/\/www.blogsoestado.com\/danielmatos\/ponte-sobre-o-rio-grajau-sob-ameaca-de-interdicao-outros-3-trechos-de-rodovias-federais-no-maranhao-estao-bloqueados-ou-em-risco\/","title":{"rendered":"Ponte sobre o Rio Graja\u00fa, na BR-226, sob amea\u00e7a de interdi\u00e7\u00e3o; outros 3 trechos de rodovias federais no Maranh\u00e3o est\u00e3o bloqueados ou em risco"},"content":{"rendered":"\n<div class=\"wp-block-image\"><figure class=\"aligncenter size-large\"><a href=\"https:\/\/www.blogsoestado.com\/danielmatos\/files\/2022\/01\/Screenshot_20220104-1013452.png\"><img decoding=\"async\" src=\"https:\/\/www.blogsoestado.com\/danielmatos\/files\/2022\/01\/Screenshot_20220104-1013452.png\" alt=\"\" class=\"wp-image-93005\"\/><\/a><figcaption>N\u00edvel da agua do Rio Graja\u00fa est\u00e1 a apenas 50 cent\u00edmetros da ponte, amea\u00e7ando interditar o acesso<\/figcaption><\/figure><\/div>\n\n\n\n<p>\u00c9 preocupante o volume de \u00e1guas pluviais que os rios maranhenses est\u00e3o recebendo desde dezembro. Todos eles come\u00e7am a dar claros sinais de que n\u00e3o suportar\u00e3o o rigoroso inverno sem deixar estragos, transtornos e preju\u00edzos em todo o estado. O Rio Graja\u00fa e o Mearim est\u00e3o atingindo o limite m\u00e1ximo podendo deixar muitos moradores ribeirinhos desabrigados.<\/p>\n\n\n\n<p>A constante subida do n\u00edvel do rio Graja\u00fa, no munic\u00edpio de Graja\u00fa, fez com que o Departamento Nacional de infraestrutura de Transportes (DNIT) solicitasse \u00e0 Pol\u00edcia Rodovi\u00e1ria Federal (PRF) na manh\u00e3 desta ter\u00e7a-feira (4) a disponibiliza\u00e7\u00e3o de policiais para a qualquer momento interditar a ponte sobre o rio que corta aquele munic\u00edpio. O pedido n\u00e3o \u00e9 sem raz\u00e3o, vez que o as \u00e1guas come\u00e7aram a encostar na ponte podendo provocar graves problemas na estrutura daquela obra de arte.<\/p>\n\n\n\n<p>A ponte sobre o Rio Graja\u00fa est\u00e1 situada no munic\u00edpio de mesmo nome, BR-226, entre Barra do Corda e Lajeado Novo.<\/p>\n\n\n\n<p><strong>Em tempo: <\/strong>outros tr\u00eas trechos de rodovias federais no Maranh\u00e3o est\u00e3o bloqueados ou com amea\u00e7a de intera\u00e7\u00e3o. S\u00e3o eles:<\/p>\n\n\n\n<ul class=\"wp-block-list\"><li><em>BR-010 <\/em>em Governador Edison Lob\u00e3o, onde o pavimento cedeu, no km 228, em Governador Edison Lob\u00e3o, localizado entre Porto Franco e Imperatriz, na Regi\u00e3o Tocantina maranhense. Com o aumento do desgaste do pavimento, em raz\u00e3o das fortes chuvas, e o aumento do volume das \u00e1guas que passam sobre o asfalto, uma equipe PRF de Imperatriz resolveu interditar totalmente a passagem de ve\u00edculos no local. A via ficar\u00e1 bloqueada at\u00e9 a recomposi\u00e7\u00e3o do pavimento, que poder\u00e1 acontecer a qualquer momento, vez que o DNIT est\u00e1 providenciando o reparo da eros\u00e3o e j\u00e1 encaminhou material de aterro, m\u00e1quinas, trabalhadores e o mais necess\u00e1rio para restabelecimento do local;<\/li><\/ul>\n\n\n\n<ul class=\"wp-block-list\"><li>BR-230, conhecida como Transamaz\u00f4nica, que passa por Balsas, Riach\u00e3o e Carolina. \u00c0 altura do munic\u00edpio de Pastos Bons, a pista sofreu eros\u00e3o por causa das chuvas e desabou. O fluxo agora se d\u00e1 pela BR-135, entre Colinas e Mirador, at\u00e9 chegar novamente \u00e0 BR-230;<\/li><\/ul>\n\n\n\n<ul class=\"wp-block-list\"><li>BR-316, entre Peritor\u00f3 e Alto Alegre do Maranh\u00e3o, onde a \u00e1gua pode passar sobre a pista, o que tornar\u00e1 inevit\u00e1vel a interdi\u00e7\u00e3o. Por enquanto, as chuvas diminu\u00edram, mas a situa\u00e7\u00e3o \u00e9 de alerta.<\/li><\/ul>\n","protected":false},"excerpt":{"rendered":"<p>\u00c9 preocupante o volume de \u00e1guas pluviais que os rios maranhenses est\u00e3o recebendo desde dezembro. Todos eles come\u00e7am a dar [&hellip;]<\/p>\n","protected":false},"author":0,"featured_media":0,"comment_status":"open","ping_status":"open","sticky":false,"template":"","format":"standard","meta":{"site-sidebar-layout":"default","site-content-layout":"","ast-site-content-layout":"default","site-content-style":"default","site-sidebar-style":"default","ast-global-header-display":"","ast-banner-title-visibility":"","ast-main-header-display":"","ast-hfb-above-header-display":"","ast-hfb-below-header-display":"","ast-hfb-mobile-header-display":"","site-post-title":"","ast-breadcrumbs-content":"","ast-featured-img":"","footer-sml-layout":"","ast-disable-related-posts":"","theme-transparent-header-meta":"","adv-header-id-meta":"","stick-header-meta":"","header-above-stick-meta":"","header-main-stick-meta":"","header-below-stick-meta":"","astra-migrate-meta-layouts":"default","ast-page-background-enabled":"default","ast-page-background-meta":{"desktop":{"background-color":"var(--ast-global-color-5)","background-image":"","background-repeat":"repeat","background-position":"center center","background-size":"auto","background-attachment":"scroll","background-type":"","background-media":"","overlay-type":"","overlay-color":"","overlay-opacity":"","overlay-gradient":""},"tablet":{"background-color":"","background-image":"","background-repeat":"repeat","background-position":"center center","background-size":"auto","background-attachment":"scroll","background-type":"","background-media":"","overlay-type":"","overlay-color":"","overlay-opacity":"","overlay-gradient":""},"mobile":{"background-color":"","background-image":"","background-repeat":"repeat","background-position":"center center","background-size":"auto","background-attachment":"scroll","background-type":"","background-media":"","overlay-type":"","overlay-color":"","overlay-opacity":"","overlay-gradient":""}},"ast-content-background-meta":{"desktop":{"background-color":"var(--ast-global-color-4)","background-image":"","background-repeat":"repeat","background-position":"center center","background-size":"auto","background-attachment":"scroll","background-type":"","background-media":"","overlay-type":"","overlay-color":"","overlay-opacity":"","overlay-gradient":""},"tablet":{"background-color":"var(--ast-global-color-4)","background-image":"","background-repeat":"repeat","background-position":"center center","background-size":"auto","background-attachment":"scroll","background-type":"","background-media":"","overlay-type":"","overlay-color":"","overlay-opacity":"","overlay-gradient":""},"mobile":{"background-color":"var(--ast-global-color-4)","background-image":"","background-repeat":"repeat","background-position":"center center","background-size":"auto","background-attachment":"scroll","background-type":"","background-media":"","overlay-type":"","overlay-color":"","overlay-opacity":"","overlay-gradient":""}},"footnotes":""},"categories":[1],"tags":[],"class_list":["post-93004","post","type-post","status-publish","format-standard","hentry","category-sem-categoria"],"yoast_head":"<!-- This site is optimized with the Yoast SEO plugin v26.6 - https:\/\/yoast.com\/wordpress\/plugins\/seo\/ -->\n<title>Ponte sobre o Rio Graja\u00fa, na BR-226, sob amea\u00e7a de interdi\u00e7\u00e3o; outros 3 trechos de rodovias federais no Maranh\u00e3o est\u00e3o bloqueados ou em risco - Daniel Matos<\/title>\n<meta name=\"robots\" content=\"index, follow, max-snippet:-1, max-image-preview:large, max-video-preview:-1\" \/>\n<link rel=\"canonical\" href=\"https:\/\/www.blogsoestado.com\/danielmatos\/ponte-sobre-o-rio-grajau-sob-ameaca-de-interdicao-outros-3-trechos-de-rodovias-federais-no-maranhao-estao-bloqueados-ou-em-risco\/\" \/>\n<meta property=\"og:locale\" content=\"pt_BR\" \/>\n<meta property=\"og:type\" content=\"article\" \/>\n<meta property=\"og:title\" content=\"Ponte sobre o Rio Graja\u00fa, na BR-226, sob amea\u00e7a de interdi\u00e7\u00e3o; outros 3 trechos de rodovias federais no Maranh\u00e3o est\u00e3o bloqueados ou em risco - Daniel Matos\" \/>\n<meta property=\"og:description\" content=\"\u00c9 preocupante o volume de \u00e1guas pluviais que os rios maranhenses est\u00e3o recebendo desde dezembro. Todos eles come\u00e7am a dar [&hellip;]\" \/>\n<meta property=\"og:url\" content=\"https:\/\/www.blogsoestado.com\/danielmatos\/ponte-sobre-o-rio-grajau-sob-ameaca-de-interdicao-outros-3-trechos-de-rodovias-federais-no-maranhao-estao-bloqueados-ou-em-risco\/\" \/>\n<meta property=\"og:site_name\" content=\"Daniel Matos\" \/>\n<meta property=\"article:published_time\" content=\"2022-01-04T13:46:54+00:00\" \/>\n<meta property=\"og:image\" content=\"https:\/\/www.blogsoestado.com\/danielmatos\/files\/2022\/01\/Screenshot_20220104-1013452.png\" \/>\n<meta name=\"twitter:card\" content=\"summary_large_image\" \/>\n<meta name=\"twitter:label1\" content=\"Est. tempo de leitura\" \/>\n\t<meta name=\"twitter:data1\" content=\"2 minutos\" \/>\n<script type=\"application\/ld+json\" class=\"yoast-schema-graph\">{\"@context\":\"https:\/\/schema.org\",\"@graph\":[{\"@type\":\"WebPage\",\"@id\":\"https:\/\/www.blogsoestado.com\/danielmatos\/ponte-sobre-o-rio-grajau-sob-ameaca-de-interdicao-outros-3-trechos-de-rodovias-federais-no-maranhao-estao-bloqueados-ou-em-risco\/\",\"url\":\"https:\/\/www.blogsoestado.com\/danielmatos\/ponte-sobre-o-rio-grajau-sob-ameaca-de-interdicao-outros-3-trechos-de-rodovias-federais-no-maranhao-estao-bloqueados-ou-em-risco\/\",\"name\":\"Ponte sobre o Rio Graja\u00fa, na BR-226, sob amea\u00e7a de interdi\u00e7\u00e3o; outros 3 trechos de rodovias federais no Maranh\u00e3o est\u00e3o bloqueados ou em risco - Daniel Matos\",\"isPartOf\":{\"@id\":\"https:\/\/www.blogsoestado.com\/danielmatos\/#website\"},\"primaryImageOfPage\":{\"@id\":\"https:\/\/www.blogsoestado.com\/danielmatos\/ponte-sobre-o-rio-grajau-sob-ameaca-de-interdicao-outros-3-trechos-de-rodovias-federais-no-maranhao-estao-bloqueados-ou-em-risco\/#primaryimage\"},\"image\":{\"@id\":\"https:\/\/www.blogsoestado.com\/danielmatos\/ponte-sobre-o-rio-grajau-sob-ameaca-de-interdicao-outros-3-trechos-de-rodovias-federais-no-maranhao-estao-bloqueados-ou-em-risco\/#primaryimage\"},\"thumbnailUrl\":\"https:\/\/www.blogsoestado.com\/danielmatos\/files\/2022\/01\/Screenshot_20220104-1013452.png\",\"datePublished\":\"2022-01-04T13:46:54+00:00\",\"author\":{\"@id\":\"\"},\"breadcrumb\":{\"@id\":\"https:\/\/www.blogsoestado.com\/danielmatos\/ponte-sobre-o-rio-grajau-sob-ameaca-de-interdicao-outros-3-trechos-de-rodovias-federais-no-maranhao-estao-bloqueados-ou-em-risco\/#breadcrumb\"},\"inLanguage\":\"pt-BR\",\"potentialAction\":[{\"@type\":\"ReadAction\",\"target\":[\"https:\/\/www.blogsoestado.com\/danielmatos\/ponte-sobre-o-rio-grajau-sob-ameaca-de-interdicao-outros-3-trechos-de-rodovias-federais-no-maranhao-estao-bloqueados-ou-em-risco\/\"]}]},{\"@type\":\"ImageObject\",\"inLanguage\":\"pt-BR\",\"@id\":\"https:\/\/www.blogsoestado.com\/danielmatos\/ponte-sobre-o-rio-grajau-sob-ameaca-de-interdicao-outros-3-trechos-de-rodovias-federais-no-maranhao-estao-bloqueados-ou-em-risco\/#primaryimage\",\"url\":\"https:\/\/www.blogsoestado.com\/danielmatos\/files\/2022\/01\/Screenshot_20220104-1013452.png\",\"contentUrl\":\"https:\/\/www.blogsoestado.com\/danielmatos\/files\/2022\/01\/Screenshot_20220104-1013452.png\"},{\"@type\":\"BreadcrumbList\",\"@id\":\"https:\/\/www.blogsoestado.com\/danielmatos\/ponte-sobre-o-rio-grajau-sob-ameaca-de-interdicao-outros-3-trechos-de-rodovias-federais-no-maranhao-estao-bloqueados-ou-em-risco\/#breadcrumb\",\"itemListElement\":[{\"@type\":\"ListItem\",\"position\":1,\"name\":\"In\u00edcio\",\"item\":\"https:\/\/www.blogsoestado.com\/danielmatos\/\"},{\"@type\":\"ListItem\",\"position\":2,\"name\":\"Ponte sobre o Rio Graja\u00fa, na BR-226, sob amea\u00e7a de interdi\u00e7\u00e3o; outros 3 trechos de rodovias federais no Maranh\u00e3o est\u00e3o bloqueados ou em risco\"}]},{\"@type\":\"WebSite\",\"@id\":\"https:\/\/www.blogsoestado.com\/danielmatos\/#website\",\"url\":\"https:\/\/www.blogsoestado.com\/danielmatos\/\",\"name\":\"Daniel Matos\",\"description\":\"\",\"potentialAction\":[{\"@type\":\"SearchAction\",\"target\":{\"@type\":\"EntryPoint\",\"urlTemplate\":\"https:\/\/www.blogsoestado.com\/danielmatos\/?s={search_term_string}\"},\"query-input\":{\"@type\":\"PropertyValueSpecification\",\"valueRequired\":true,\"valueName\":\"search_term_string\"}}],\"inLanguage\":\"pt-BR\"}]}<\/script>\n<!-- \/ Yoast SEO plugin. -->","yoast_head_json":{"title":"Ponte sobre o Rio Graja\u00fa, na BR-226, sob amea\u00e7a de interdi\u00e7\u00e3o; outros 3 trechos de rodovias federais no Maranh\u00e3o est\u00e3o bloqueados ou em risco - Daniel Matos","robots":{"index":"index","follow":"follow","max-snippet":"max-snippet:-1","max-image-preview":"max-image-preview:large","max-video-preview":"max-video-preview:-1"},"canonical":"https:\/\/www.blogsoestado.com\/danielmatos\/ponte-sobre-o-rio-grajau-sob-ameaca-de-interdicao-outros-3-trechos-de-rodovias-federais-no-maranhao-estao-bloqueados-ou-em-risco\/","og_locale":"pt_BR","og_type":"article","og_title":"Ponte sobre o Rio Graja\u00fa, na BR-226, sob amea\u00e7a de interdi\u00e7\u00e3o; outros 3 trechos de rodovias federais no Maranh\u00e3o est\u00e3o bloqueados ou em risco - Daniel Matos","og_description":"\u00c9 preocupante o volume de \u00e1guas pluviais que os rios maranhenses est\u00e3o recebendo desde dezembro. Todos eles come\u00e7am a dar [&hellip;]","og_url":"https:\/\/www.blogsoestado.com\/danielmatos\/ponte-sobre-o-rio-grajau-sob-ameaca-de-interdicao-outros-3-trechos-de-rodovias-federais-no-maranhao-estao-bloqueados-ou-em-risco\/","og_site_name":"Daniel Matos","article_published_time":"2022-01-04T13:46:54+00:00","og_image":[{"url":"https:\/\/www.blogsoestado.com\/danielmatos\/files\/2022\/01\/Screenshot_20220104-1013452.png","type":"","width":"","height":""}],"twitter_card":"summary_large_image","twitter_misc":{"Est. tempo de leitura":"2 minutos"},"schema":{"@context":"https:\/\/schema.org","@graph":[{"@type":"WebPage","@id":"https:\/\/www.blogsoestado.com\/danielmatos\/ponte-sobre-o-rio-grajau-sob-ameaca-de-interdicao-outros-3-trechos-de-rodovias-federais-no-maranhao-estao-bloqueados-ou-em-risco\/","url":"https:\/\/www.blogsoestado.com\/danielmatos\/ponte-sobre-o-rio-grajau-sob-ameaca-de-interdicao-outros-3-trechos-de-rodovias-federais-no-maranhao-estao-bloqueados-ou-em-risco\/","name":"Ponte sobre o Rio Graja\u00fa, na BR-226, sob amea\u00e7a de interdi\u00e7\u00e3o; outros 3 trechos de rodovias federais no Maranh\u00e3o est\u00e3o bloqueados ou em risco - Daniel Matos","isPartOf":{"@id":"https:\/\/www.blogsoestado.com\/danielmatos\/#website"},"primaryImageOfPage":{"@id":"https:\/\/www.blogsoestado.com\/danielmatos\/ponte-sobre-o-rio-grajau-sob-ameaca-de-interdicao-outros-3-trechos-de-rodovias-federais-no-maranhao-estao-bloqueados-ou-em-risco\/#primaryimage"},"image":{"@id":"https:\/\/www.blogsoestado.com\/danielmatos\/ponte-sobre-o-rio-grajau-sob-ameaca-de-interdicao-outros-3-trechos-de-rodovias-federais-no-maranhao-estao-bloqueados-ou-em-risco\/#primaryimage"},"thumbnailUrl":"https:\/\/www.blogsoestado.com\/danielmatos\/files\/2022\/01\/Screenshot_20220104-1013452.png","datePublished":"2022-01-04T13:46:54+00:00","author":{"@id":""},"breadcrumb":{"@id":"https:\/\/www.blogsoestado.com\/danielmatos\/ponte-sobre-o-rio-grajau-sob-ameaca-de-interdicao-outros-3-trechos-de-rodovias-federais-no-maranhao-estao-bloqueados-ou-em-risco\/#breadcrumb"},"inLanguage":"pt-BR","potentialAction":[{"@type":"ReadAction","target":["https:\/\/www.blogsoestado.com\/danielmatos\/ponte-sobre-o-rio-grajau-sob-ameaca-de-interdicao-outros-3-trechos-de-rodovias-federais-no-maranhao-estao-bloqueados-ou-em-risco\/"]}]},{"@type":"ImageObject","inLanguage":"pt-BR","@id":"https:\/\/www.blogsoestado.com\/danielmatos\/ponte-sobre-o-rio-grajau-sob-ameaca-de-interdicao-outros-3-trechos-de-rodovias-federais-no-maranhao-estao-bloqueados-ou-em-risco\/#primaryimage","url":"https:\/\/www.blogsoestado.com\/danielmatos\/files\/2022\/01\/Screenshot_20220104-1013452.png","contentUrl":"https:\/\/www.blogsoestado.com\/danielmatos\/files\/2022\/01\/Screenshot_20220104-1013452.png"},{"@type":"BreadcrumbList","@id":"https:\/\/www.blogsoestado.com\/danielmatos\/ponte-sobre-o-rio-grajau-sob-ameaca-de-interdicao-outros-3-trechos-de-rodovias-federais-no-maranhao-estao-bloqueados-ou-em-risco\/#breadcrumb","itemListElement":[{"@type":"ListItem","position":1,"name":"In\u00edcio","item":"https:\/\/www.blogsoestado.com\/danielmatos\/"},{"@type":"ListItem","position":2,"name":"Ponte sobre o Rio Graja\u00fa, na BR-226, sob amea\u00e7a de interdi\u00e7\u00e3o; outros 3 trechos de rodovias federais no Maranh\u00e3o est\u00e3o bloqueados ou em risco"}]},{"@type":"WebSite","@id":"https:\/\/www.blogsoestado.com\/danielmatos\/#website","url":"https:\/\/www.blogsoestado.com\/danielmatos\/","name":"Daniel Matos","description":"","potentialAction":[{"@type":"SearchAction","target":{"@type":"EntryPoint","urlTemplate":"https:\/\/www.blogsoestado.com\/danielmatos\/?s={search_term_string}"},"query-input":{"@type":"PropertyValueSpecification","valueRequired":true,"valueName":"search_term_string"}}],"inLanguage":"pt-BR"}]}},"jetpack_featured_media_url":"","_links":{"self":[{"href":"https:\/\/www.blogsoestado.com\/danielmatos\/wp-json\/wp\/v2\/posts\/93004","targetHints":{"allow":["GET"]}}],"collection":[{"href":"https:\/\/www.blogsoestado.com\/danielmatos\/wp-json\/wp\/v2\/posts"}],"about":[{"href":"https:\/\/www.blogsoestado.com\/danielmatos\/wp-json\/wp\/v2\/types\/post"}],"replies":[{"embeddable":true,"href":"https:\/\/www.blogsoestado.com\/danielmatos\/wp-json\/wp\/v2\/comments?post=93004"}],"version-history":[{"count":0,"href":"https:\/\/www.blogsoestado.com\/danielmatos\/wp-json\/wp\/v2\/posts\/93004\/revisions"}],"wp:attachment":[{"href":"https:\/\/www.blogsoestado.com\/danielmatos\/wp-json\/wp\/v2\/media?parent=93004"}],"wp:term":[{"taxonomy":"category","embeddable":true,"href":"https:\/\/www.blogsoestado.com\/danielmatos\/wp-json\/wp\/v2\/categories?post=93004"},{"taxonomy":"post_tag","embeddable":true,"href":"https:\/\/www.blogsoestado.com\/danielmatos\/wp-json\/wp\/v2\/tags?post=93004"}],"curies":[{"name":"wp","href":"https:\/\/api.w.org\/{rel}","templated":true}]}}