{"id":93906,"date":"2022-02-02T11:42:53","date_gmt":"2022-02-02T14:42:53","guid":{"rendered":"https:\/\/www.blogsoestado.com\/danielmatos\/?p=93906"},"modified":"2022-02-02T11:42:53","modified_gmt":"2022-02-02T14:42:53","slug":"prefeitura-e-governo-do-estado-inauguram-portos-de-timbuba-e-mocajutuba-em-paco-do-lumiar","status":"publish","type":"post","link":"https:\/\/www.blogsoestado.com\/danielmatos\/prefeitura-e-governo-do-estado-inauguram-portos-de-timbuba-e-mocajutuba-em-paco-do-lumiar\/","title":{"rendered":"Prefeitura e Governo do Estado inauguram portos de Timbuba e Mocajutuba, em Pa\u00e7o do Lumiar"},"content":{"rendered":"\n<div class=\"wp-block-image\"><figure class=\"aligncenter size-large\"><a href=\"https:\/\/www.blogsoestado.com\/danielmatos\/files\/2022\/02\/Screenshot_20220202-1133392.png\"><img decoding=\"async\" src=\"https:\/\/www.blogsoestado.com\/danielmatos\/files\/2022\/02\/Screenshot_20220202-1133392.png\" alt=\"\" class=\"wp-image-93907\"\/><\/a><figcaption>Paula Azevedo e o secret\u00e1rio M\u00e1rcio Jerry descerram placa de inaugura\u00e7\u00e3o do Porto de Mocajutuba<\/figcaption><\/figure><\/div>\n\n\n\n<p>Pa\u00e7o do Lumiar nunca recebeu tantas obras e parcerias com o Governo do\u00a0 Maranh\u00e3o como agora, na gest\u00e3o da prefeita Paula Azevedo(PCdoB).\u00a0 Nesta ter\u00e7a-feira(01), foram inaugurados dois novos portos no munic\u00edpio, nas comunidades Timbuba e Mocajutuba, dois locais conhecidos por seu potencial tur\u00edstico e belezas naturais. As obras foram realizadas por meio da parceria entre a Prefeitura de Pa\u00e7o do Lumiar, atrav\u00e9s da Secretaria Municipal de Infraestrutura e Urbanismo-SEMIU e a Secretaria Municipal de Ind\u00fastria, Com\u00e9rcio e Turismo-SEMICT junto ao Governo do Estado do Maranh\u00e3o, por meio da Secretaria de Estado das Cidades e Desenvolvimento Urbano-SECID. As obras fazem parte do plano de fomento ao turismo, com\u00e9rcio de pescados e mariscos em Pa\u00e7o do Lumiar.\u00a0<\/p>\n\n\n\n<div class=\"wp-block-image\"><figure class=\"aligncenter size-large\"><a href=\"https:\/\/www.blogsoestado.com\/danielmatos\/files\/2022\/02\/Screenshot_20220202-1134102.png\"><img decoding=\"async\" src=\"https:\/\/www.blogsoestado.com\/danielmatos\/files\/2022\/02\/Screenshot_20220202-1134102.png\" alt=\"\" class=\"wp-image-93908\"\/><\/a><figcaption>A prefeita Paula Azevedo com membros da sua gest\u00e3o e representantes da comunidade junto \u00e0 pedra fundamental do Porto de Mocajutuba<\/figcaption><\/figure><\/div>\n\n\n\n<p>Os eventos desta ter\u00e7a-feira tamb\u00e9m foram importantes no aspecto pol\u00edtico, Paula Azevedo enfatizou seu apoio ao Vice-Governador Carlos Brand\u00e3o(PSB) nas pr\u00f3ximas elei\u00e7\u00f5es ao governo do estado, seguindo o posicionamento do governador Fl\u00e1vio Dino(PSB). A base segue forte, algo que pode ser uma importante vantagem para garantir ainda mais obras estaduais em Pa\u00e7o do Lumiar.<\/p>\n\n\n\n<div class=\"wp-block-image\"><figure class=\"aligncenter size-large\"><a href=\"https:\/\/www.blogsoestado.com\/danielmatos\/files\/2022\/02\/Screenshot_20220202-1135282.png\"><img decoding=\"async\" src=\"https:\/\/www.blogsoestado.com\/danielmatos\/files\/2022\/02\/Screenshot_20220202-1135282.png\" alt=\"\" class=\"wp-image-93909\"\/><\/a><figcaption>Novo porto oferece melhor estrutura log\u00edstica para a atividade pesqueira<\/figcaption><\/figure><\/div>\n\n\n\n<p>A prefeita falou que que as inaugura\u00e7\u00f5es trazem grande desenvolvimento para as comunidades: &#8220;No dia 14 de Janeiro, inauguramos o Porto do Moj\u00f3 e hoje foi a vez do Timbuba e Mocajutuba, nossas \u00e1reas portu\u00e1rias se destacam pela pesca e pelas belezas naturais, agora essas localidades ser\u00e3o mais&nbsp; procuradas e isso atrai desenvolvimento e mais qualidade de vida para a popula\u00e7\u00e3o&#8221;, concluiu.<\/p>\n\n\n\n<p>O secret\u00e1rio de estado das cidades, deputado federal M\u00e1rcio Jerry(PCdoB),\u00a0 comentou sobre as obras: &#8220;A prefeitura de Pa\u00e7o do Lumiar e o Governo do Estado est\u00e3o de m\u00e3os dadas, pois vemos o munic\u00edpio se desenvolvendo atrav\u00e9s de uma gest\u00e3o s\u00e9ria de verdade, assim temos obras em todos os lados neste munic\u00edpio&#8221;, disse o secret\u00e1rio.<\/p>\n\n\n\n<div class=\"wp-block-image\"><figure class=\"aligncenter size-large\"><a href=\"https:\/\/www.blogsoestado.com\/danielmatos\/files\/2022\/02\/Screenshot_20220202-1135512.png\"><img decoding=\"async\" src=\"https:\/\/www.blogsoestado.com\/danielmatos\/files\/2022\/02\/Screenshot_20220202-1135512.png\" alt=\"\" class=\"wp-image-93910\"\/><\/a><figcaption>A prefeita Paula Azevedo comemora com o secret\u00e1rio de Estado das Cidades, M\u00e1rcio Jerry, a inaugura\u00e7\u00e3o dos portos<\/figcaption><\/figure><\/div>\n\n\n\n<p>As cerim\u00f4nias de inaugura\u00e7\u00e3o dos portos do Timbuba e Mocajutuba tamb\u00e9m contaram com a presen\u00e7a das vereadoras Vanusa Neves(PCdoB), Bianca Mendes(PL) e Mary do Moj\u00f3(PL), al\u00e9m de lideran\u00e7as comunit\u00e1rias e secret\u00e1rios do munic\u00edpio.<\/p>\n","protected":false},"excerpt":{"rendered":"<p>Pa\u00e7o do Lumiar nunca recebeu tantas obras e parcerias com o Governo do\u00a0 Maranh\u00e3o como agora, na gest\u00e3o da prefeita [&hellip;]<\/p>\n","protected":false},"author":0,"featured_media":0,"comment_status":"open","ping_status":"open","sticky":false,"template":"","format":"standard","meta":{"site-sidebar-layout":"default","site-content-layout":"","ast-site-content-layout":"default","site-content-style":"default","site-sidebar-style":"default","ast-global-header-display":"","ast-banner-title-visibility":"","ast-main-header-display":"","ast-hfb-above-header-display":"","ast-hfb-below-header-display":"","ast-hfb-mobile-header-display":"","site-post-title":"","ast-breadcrumbs-content":"","ast-featured-img":"","footer-sml-layout":"","ast-disable-related-posts":"","theme-transparent-header-meta":"","adv-header-id-meta":"","stick-header-meta":"","header-above-stick-meta":"","header-main-stick-meta":"","header-below-stick-meta":"","astra-migrate-meta-layouts":"default","ast-page-background-enabled":"default","ast-page-background-meta":{"desktop":{"background-color":"var(--ast-global-color-5)","background-image":"","background-repeat":"repeat","background-position":"center center","background-size":"auto","background-attachment":"scroll","background-type":"","background-media":"","overlay-type":"","overlay-color":"","overlay-opacity":"","overlay-gradient":""},"tablet":{"background-color":"","background-image":"","background-repeat":"repeat","background-position":"center center","background-size":"auto","background-attachment":"scroll","background-type":"","background-media":"","overlay-type":"","overlay-color":"","overlay-opacity":"","overlay-gradient":""},"mobile":{"background-color":"","background-image":"","background-repeat":"repeat","background-position":"center center","background-size":"auto","background-attachment":"scroll","background-type":"","background-media":"","overlay-type":"","overlay-color":"","overlay-opacity":"","overlay-gradient":""}},"ast-content-background-meta":{"desktop":{"background-color":"var(--ast-global-color-4)","background-image":"","background-repeat":"repeat","background-position":"center center","background-size":"auto","background-attachment":"scroll","background-type":"","background-media":"","overlay-type":"","overlay-color":"","overlay-opacity":"","overlay-gradient":""},"tablet":{"background-color":"var(--ast-global-color-4)","background-image":"","background-repeat":"repeat","background-position":"center center","background-size":"auto","background-attachment":"scroll","background-type":"","background-media":"","overlay-type":"","overlay-color":"","overlay-opacity":"","overlay-gradient":""},"mobile":{"background-color":"var(--ast-global-color-4)","background-image":"","background-repeat":"repeat","background-position":"center center","background-size":"auto","background-attachment":"scroll","background-type":"","background-media":"","overlay-type":"","overlay-color":"","overlay-opacity":"","overlay-gradient":""}},"footnotes":""},"categories":[1],"tags":[],"class_list":["post-93906","post","type-post","status-publish","format-standard","hentry","category-sem-categoria"],"yoast_head":"<!-- This site is optimized with the Yoast SEO plugin v26.6 - https:\/\/yoast.com\/wordpress\/plugins\/seo\/ -->\n<title>Prefeitura e Governo do Estado inauguram portos de Timbuba e Mocajutuba, em Pa\u00e7o do Lumiar - Daniel Matos<\/title>\n<meta name=\"robots\" content=\"index, follow, max-snippet:-1, max-image-preview:large, max-video-preview:-1\" \/>\n<link rel=\"canonical\" href=\"https:\/\/www.blogsoestado.com\/danielmatos\/prefeitura-e-governo-do-estado-inauguram-portos-de-timbuba-e-mocajutuba-em-paco-do-lumiar\/\" \/>\n<meta property=\"og:locale\" content=\"pt_BR\" \/>\n<meta property=\"og:type\" content=\"article\" \/>\n<meta property=\"og:title\" content=\"Prefeitura e Governo do Estado inauguram portos de Timbuba e Mocajutuba, em Pa\u00e7o do Lumiar - Daniel Matos\" \/>\n<meta property=\"og:description\" content=\"Pa\u00e7o do Lumiar nunca recebeu tantas obras e parcerias com o Governo do\u00a0 Maranh\u00e3o como agora, na gest\u00e3o da prefeita [&hellip;]\" \/>\n<meta property=\"og:url\" content=\"https:\/\/www.blogsoestado.com\/danielmatos\/prefeitura-e-governo-do-estado-inauguram-portos-de-timbuba-e-mocajutuba-em-paco-do-lumiar\/\" \/>\n<meta property=\"og:site_name\" content=\"Daniel Matos\" \/>\n<meta property=\"article:published_time\" content=\"2022-02-02T14:42:53+00:00\" \/>\n<meta property=\"og:image\" content=\"https:\/\/www.blogsoestado.com\/danielmatos\/files\/2022\/02\/Screenshot_20220202-1133392.png\" \/>\n<meta name=\"twitter:card\" content=\"summary_large_image\" \/>\n<meta name=\"twitter:label1\" content=\"Est. tempo de leitura\" \/>\n\t<meta name=\"twitter:data1\" content=\"3 minutos\" \/>\n<script type=\"application\/ld+json\" class=\"yoast-schema-graph\">{\"@context\":\"https:\/\/schema.org\",\"@graph\":[{\"@type\":\"WebPage\",\"@id\":\"https:\/\/www.blogsoestado.com\/danielmatos\/prefeitura-e-governo-do-estado-inauguram-portos-de-timbuba-e-mocajutuba-em-paco-do-lumiar\/\",\"url\":\"https:\/\/www.blogsoestado.com\/danielmatos\/prefeitura-e-governo-do-estado-inauguram-portos-de-timbuba-e-mocajutuba-em-paco-do-lumiar\/\",\"name\":\"Prefeitura e Governo do Estado inauguram portos de Timbuba e Mocajutuba, em Pa\u00e7o do Lumiar - Daniel Matos\",\"isPartOf\":{\"@id\":\"https:\/\/www.blogsoestado.com\/danielmatos\/#website\"},\"primaryImageOfPage\":{\"@id\":\"https:\/\/www.blogsoestado.com\/danielmatos\/prefeitura-e-governo-do-estado-inauguram-portos-de-timbuba-e-mocajutuba-em-paco-do-lumiar\/#primaryimage\"},\"image\":{\"@id\":\"https:\/\/www.blogsoestado.com\/danielmatos\/prefeitura-e-governo-do-estado-inauguram-portos-de-timbuba-e-mocajutuba-em-paco-do-lumiar\/#primaryimage\"},\"thumbnailUrl\":\"https:\/\/www.blogsoestado.com\/danielmatos\/files\/2022\/02\/Screenshot_20220202-1133392.png\",\"datePublished\":\"2022-02-02T14:42:53+00:00\",\"author\":{\"@id\":\"\"},\"breadcrumb\":{\"@id\":\"https:\/\/www.blogsoestado.com\/danielmatos\/prefeitura-e-governo-do-estado-inauguram-portos-de-timbuba-e-mocajutuba-em-paco-do-lumiar\/#breadcrumb\"},\"inLanguage\":\"pt-BR\",\"potentialAction\":[{\"@type\":\"ReadAction\",\"target\":[\"https:\/\/www.blogsoestado.com\/danielmatos\/prefeitura-e-governo-do-estado-inauguram-portos-de-timbuba-e-mocajutuba-em-paco-do-lumiar\/\"]}]},{\"@type\":\"ImageObject\",\"inLanguage\":\"pt-BR\",\"@id\":\"https:\/\/www.blogsoestado.com\/danielmatos\/prefeitura-e-governo-do-estado-inauguram-portos-de-timbuba-e-mocajutuba-em-paco-do-lumiar\/#primaryimage\",\"url\":\"https:\/\/www.blogsoestado.com\/danielmatos\/files\/2022\/02\/Screenshot_20220202-1133392.png\",\"contentUrl\":\"https:\/\/www.blogsoestado.com\/danielmatos\/files\/2022\/02\/Screenshot_20220202-1133392.png\"},{\"@type\":\"BreadcrumbList\",\"@id\":\"https:\/\/www.blogsoestado.com\/danielmatos\/prefeitura-e-governo-do-estado-inauguram-portos-de-timbuba-e-mocajutuba-em-paco-do-lumiar\/#breadcrumb\",\"itemListElement\":[{\"@type\":\"ListItem\",\"position\":1,\"name\":\"In\u00edcio\",\"item\":\"https:\/\/www.blogsoestado.com\/danielmatos\/\"},{\"@type\":\"ListItem\",\"position\":2,\"name\":\"Prefeitura e Governo do Estado inauguram portos de Timbuba e Mocajutuba, em Pa\u00e7o do Lumiar\"}]},{\"@type\":\"WebSite\",\"@id\":\"https:\/\/www.blogsoestado.com\/danielmatos\/#website\",\"url\":\"https:\/\/www.blogsoestado.com\/danielmatos\/\",\"name\":\"Daniel Matos\",\"description\":\"\",\"potentialAction\":[{\"@type\":\"SearchAction\",\"target\":{\"@type\":\"EntryPoint\",\"urlTemplate\":\"https:\/\/www.blogsoestado.com\/danielmatos\/?s={search_term_string}\"},\"query-input\":{\"@type\":\"PropertyValueSpecification\",\"valueRequired\":true,\"valueName\":\"search_term_string\"}}],\"inLanguage\":\"pt-BR\"}]}<\/script>\n<!-- \/ Yoast SEO plugin. -->","yoast_head_json":{"title":"Prefeitura e Governo do Estado inauguram portos de Timbuba e Mocajutuba, em Pa\u00e7o do Lumiar - Daniel Matos","robots":{"index":"index","follow":"follow","max-snippet":"max-snippet:-1","max-image-preview":"max-image-preview:large","max-video-preview":"max-video-preview:-1"},"canonical":"https:\/\/www.blogsoestado.com\/danielmatos\/prefeitura-e-governo-do-estado-inauguram-portos-de-timbuba-e-mocajutuba-em-paco-do-lumiar\/","og_locale":"pt_BR","og_type":"article","og_title":"Prefeitura e Governo do Estado inauguram portos de Timbuba e Mocajutuba, em Pa\u00e7o do Lumiar - Daniel Matos","og_description":"Pa\u00e7o do Lumiar nunca recebeu tantas obras e parcerias com o Governo do\u00a0 Maranh\u00e3o como agora, na gest\u00e3o da prefeita [&hellip;]","og_url":"https:\/\/www.blogsoestado.com\/danielmatos\/prefeitura-e-governo-do-estado-inauguram-portos-de-timbuba-e-mocajutuba-em-paco-do-lumiar\/","og_site_name":"Daniel Matos","article_published_time":"2022-02-02T14:42:53+00:00","og_image":[{"url":"https:\/\/www.blogsoestado.com\/danielmatos\/files\/2022\/02\/Screenshot_20220202-1133392.png","type":"","width":"","height":""}],"twitter_card":"summary_large_image","twitter_misc":{"Est. tempo de leitura":"3 minutos"},"schema":{"@context":"https:\/\/schema.org","@graph":[{"@type":"WebPage","@id":"https:\/\/www.blogsoestado.com\/danielmatos\/prefeitura-e-governo-do-estado-inauguram-portos-de-timbuba-e-mocajutuba-em-paco-do-lumiar\/","url":"https:\/\/www.blogsoestado.com\/danielmatos\/prefeitura-e-governo-do-estado-inauguram-portos-de-timbuba-e-mocajutuba-em-paco-do-lumiar\/","name":"Prefeitura e Governo do Estado inauguram portos de Timbuba e Mocajutuba, em Pa\u00e7o do Lumiar - Daniel Matos","isPartOf":{"@id":"https:\/\/www.blogsoestado.com\/danielmatos\/#website"},"primaryImageOfPage":{"@id":"https:\/\/www.blogsoestado.com\/danielmatos\/prefeitura-e-governo-do-estado-inauguram-portos-de-timbuba-e-mocajutuba-em-paco-do-lumiar\/#primaryimage"},"image":{"@id":"https:\/\/www.blogsoestado.com\/danielmatos\/prefeitura-e-governo-do-estado-inauguram-portos-de-timbuba-e-mocajutuba-em-paco-do-lumiar\/#primaryimage"},"thumbnailUrl":"https:\/\/www.blogsoestado.com\/danielmatos\/files\/2022\/02\/Screenshot_20220202-1133392.png","datePublished":"2022-02-02T14:42:53+00:00","author":{"@id":""},"breadcrumb":{"@id":"https:\/\/www.blogsoestado.com\/danielmatos\/prefeitura-e-governo-do-estado-inauguram-portos-de-timbuba-e-mocajutuba-em-paco-do-lumiar\/#breadcrumb"},"inLanguage":"pt-BR","potentialAction":[{"@type":"ReadAction","target":["https:\/\/www.blogsoestado.com\/danielmatos\/prefeitura-e-governo-do-estado-inauguram-portos-de-timbuba-e-mocajutuba-em-paco-do-lumiar\/"]}]},{"@type":"ImageObject","inLanguage":"pt-BR","@id":"https:\/\/www.blogsoestado.com\/danielmatos\/prefeitura-e-governo-do-estado-inauguram-portos-de-timbuba-e-mocajutuba-em-paco-do-lumiar\/#primaryimage","url":"https:\/\/www.blogsoestado.com\/danielmatos\/files\/2022\/02\/Screenshot_20220202-1133392.png","contentUrl":"https:\/\/www.blogsoestado.com\/danielmatos\/files\/2022\/02\/Screenshot_20220202-1133392.png"},{"@type":"BreadcrumbList","@id":"https:\/\/www.blogsoestado.com\/danielmatos\/prefeitura-e-governo-do-estado-inauguram-portos-de-timbuba-e-mocajutuba-em-paco-do-lumiar\/#breadcrumb","itemListElement":[{"@type":"ListItem","position":1,"name":"In\u00edcio","item":"https:\/\/www.blogsoestado.com\/danielmatos\/"},{"@type":"ListItem","position":2,"name":"Prefeitura e Governo do Estado inauguram portos de Timbuba e Mocajutuba, em Pa\u00e7o do Lumiar"}]},{"@type":"WebSite","@id":"https:\/\/www.blogsoestado.com\/danielmatos\/#website","url":"https:\/\/www.blogsoestado.com\/danielmatos\/","name":"Daniel Matos","description":"","potentialAction":[{"@type":"SearchAction","target":{"@type":"EntryPoint","urlTemplate":"https:\/\/www.blogsoestado.com\/danielmatos\/?s={search_term_string}"},"query-input":{"@type":"PropertyValueSpecification","valueRequired":true,"valueName":"search_term_string"}}],"inLanguage":"pt-BR"}]}},"jetpack_featured_media_url":"","_links":{"self":[{"href":"https:\/\/www.blogsoestado.com\/danielmatos\/wp-json\/wp\/v2\/posts\/93906","targetHints":{"allow":["GET"]}}],"collection":[{"href":"https:\/\/www.blogsoestado.com\/danielmatos\/wp-json\/wp\/v2\/posts"}],"about":[{"href":"https:\/\/www.blogsoestado.com\/danielmatos\/wp-json\/wp\/v2\/types\/post"}],"replies":[{"embeddable":true,"href":"https:\/\/www.blogsoestado.com\/danielmatos\/wp-json\/wp\/v2\/comments?post=93906"}],"version-history":[{"count":0,"href":"https:\/\/www.blogsoestado.com\/danielmatos\/wp-json\/wp\/v2\/posts\/93906\/revisions"}],"wp:attachment":[{"href":"https:\/\/www.blogsoestado.com\/danielmatos\/wp-json\/wp\/v2\/media?parent=93906"}],"wp:term":[{"taxonomy":"category","embeddable":true,"href":"https:\/\/www.blogsoestado.com\/danielmatos\/wp-json\/wp\/v2\/categories?post=93906"},{"taxonomy":"post_tag","embeddable":true,"href":"https:\/\/www.blogsoestado.com\/danielmatos\/wp-json\/wp\/v2\/tags?post=93906"}],"curies":[{"name":"wp","href":"https:\/\/api.w.org\/{rel}","templated":true}]}}