{"id":93991,"date":"2022-02-04T14:46:08","date_gmt":"2022-02-04T17:46:08","guid":{"rendered":"https:\/\/www.blogsoestado.com\/danielmatos\/?p=93991"},"modified":"2022-02-04T14:46:08","modified_gmt":"2022-02-04T17:46:08","slug":"deputado-wellington-cobra-de-flavio-dino-a-nomeacao-de-1-700-na-pm-e-o-reajuste-de-3324-para-os-professores","status":"publish","type":"post","link":"https:\/\/www.blogsoestado.com\/danielmatos\/deputado-wellington-cobra-de-flavio-dino-a-nomeacao-de-1-700-na-pm-e-o-reajuste-de-3324-para-os-professores\/","title":{"rendered":"Deputado Wellington cobra de Fl\u00e1vio Dino a nomea\u00e7\u00e3o de 1.700 na PM e o reajuste de 33,24% para os professores"},"content":{"rendered":"\n<div class=\"wp-block-image\"><figure class=\"aligncenter size-large\"><a href=\"https:\/\/www.blogsoestado.com\/danielmatos\/files\/2022\/02\/Screenshot_20220204-1444102.png\"><img decoding=\"async\" src=\"https:\/\/www.blogsoestado.com\/danielmatos\/files\/2022\/02\/Screenshot_20220204-1444102.png\" alt=\"\" class=\"wp-image-93992\"\/><\/a><figcaption>Deputado Wellington reiterou as reivindica\u00e7\u00f5es ao governador Fl\u00e1vio Dino na abertura do ano legislativo de 2022<\/figcaption><\/figure><\/div>\n\n\n\n<p>Durante a sess\u00e3o que reabriu os trabalhos da Assembleia Legislativa, o deputado estadual Wellington do Curso utilizou a tribuna para cobrar do governo do estado a nomea\u00e7\u00e3o dos 1.700 aprovados no concurso da pol\u00edcia militar e a concess\u00e3o de reajuste de 33,24% para os professores da rede p\u00fablica de ensino de acordo com a lei do piso.<\/p>\n\n\n\n<p>Em seu primeiro pronunciamento de 2022, o parlamentar tamb\u00e9m ressaltou que ir\u00e1 solicitar da Secretaria de Educa\u00e7\u00e3o do estado e dos munic\u00edpios, informa\u00e7\u00f5es sobre os recursos do FUNDEB, se houve sobras, bem como os motivos pelos quais n\u00e3o houve rateio para os profissionais da educa\u00e7\u00e3o.<\/p>\n\n\n\n<p>\u201cDesde o in\u00edcio do nosso mandato estamos luta em defesa dos policiais e professores. Agora em 2022 n\u00e3o ser\u00e1 diferente. Estamos, mais uma vez, solicitando do governo do estado a nomea\u00e7\u00e3o imediata dos 1.700 aprovados no \u00faltimo concurso da Pol\u00edcia Militar, pois h\u00e1 mais de 4 mil cargos vagos e o Maranh\u00e3o tem o menor efetivo do Brasil enquanto a criminalidade s\u00f3 aumenta. Da mesma forma estamos solicitando que o estado do Maranh\u00e3o cumpra a lei do piso e conceda o reajuste de 33,24% para todos e tamb\u00e9m, que fa\u00e7a o rateio de 70% das sobras do FUNDEB para os profissionais da educa\u00e7\u00e3o b\u00e1sica. Al\u00e9m disso, tamb\u00e9m estamos percorrendo os munic\u00edpios maranhenses e estamos solicitando das prefeituras informa\u00e7\u00f5es sobre a aplica\u00e7\u00e3o desses recursos, se houve sobras e os motivos pelos quais os prefeitos n\u00e3o fizeram o rateio. Em 2022 continuaremos nossa luta em defesa da nomea\u00e7\u00e3o dos aprovados, do reajuste de 33,24% para os professores e da aplica\u00e7\u00e3o das verbas do FUNDEB para valoriza\u00e7\u00e3o dos educadores\u201d, disse o deputado estadual Wellington do Curso.<\/p>\n","protected":false},"excerpt":{"rendered":"<p>Durante a sess\u00e3o que reabriu os trabalhos da Assembleia Legislativa, o deputado estadual Wellington do Curso utilizou a tribuna para [&hellip;]<\/p>\n","protected":false},"author":0,"featured_media":0,"comment_status":"open","ping_status":"open","sticky":false,"template":"","format":"standard","meta":{"site-sidebar-layout":"default","site-content-layout":"","ast-site-content-layout":"default","site-content-style":"default","site-sidebar-style":"default","ast-global-header-display":"","ast-banner-title-visibility":"","ast-main-header-display":"","ast-hfb-above-header-display":"","ast-hfb-below-header-display":"","ast-hfb-mobile-header-display":"","site-post-title":"","ast-breadcrumbs-content":"","ast-featured-img":"","footer-sml-layout":"","ast-disable-related-posts":"","theme-transparent-header-meta":"","adv-header-id-meta":"","stick-header-meta":"","header-above-stick-meta":"","header-main-stick-meta":"","header-below-stick-meta":"","astra-migrate-meta-layouts":"default","ast-page-background-enabled":"default","ast-page-background-meta":{"desktop":{"background-color":"var(--ast-global-color-5)","background-image":"","background-repeat":"repeat","background-position":"center center","background-size":"auto","background-attachment":"scroll","background-type":"","background-media":"","overlay-type":"","overlay-color":"","overlay-opacity":"","overlay-gradient":""},"tablet":{"background-color":"","background-image":"","background-repeat":"repeat","background-position":"center center","background-size":"auto","background-attachment":"scroll","background-type":"","background-media":"","overlay-type":"","overlay-color":"","overlay-opacity":"","overlay-gradient":""},"mobile":{"background-color":"","background-image":"","background-repeat":"repeat","background-position":"center center","background-size":"auto","background-attachment":"scroll","background-type":"","background-media":"","overlay-type":"","overlay-color":"","overlay-opacity":"","overlay-gradient":""}},"ast-content-background-meta":{"desktop":{"background-color":"var(--ast-global-color-4)","background-image":"","background-repeat":"repeat","background-position":"center center","background-size":"auto","background-attachment":"scroll","background-type":"","background-media":"","overlay-type":"","overlay-color":"","overlay-opacity":"","overlay-gradient":""},"tablet":{"background-color":"var(--ast-global-color-4)","background-image":"","background-repeat":"repeat","background-position":"center center","background-size":"auto","background-attachment":"scroll","background-type":"","background-media":"","overlay-type":"","overlay-color":"","overlay-opacity":"","overlay-gradient":""},"mobile":{"background-color":"var(--ast-global-color-4)","background-image":"","background-repeat":"repeat","background-position":"center center","background-size":"auto","background-attachment":"scroll","background-type":"","background-media":"","overlay-type":"","overlay-color":"","overlay-opacity":"","overlay-gradient":""}},"footnotes":""},"categories":[1],"tags":[],"class_list":["post-93991","post","type-post","status-publish","format-standard","hentry","category-sem-categoria"],"yoast_head":"<!-- This site is optimized with the Yoast SEO plugin v26.6 - https:\/\/yoast.com\/wordpress\/plugins\/seo\/ -->\n<title>Deputado Wellington cobra de Fl\u00e1vio Dino a nomea\u00e7\u00e3o de 1.700 na PM e o reajuste de 33,24% para os professores - Daniel Matos<\/title>\n<meta name=\"robots\" content=\"index, follow, max-snippet:-1, max-image-preview:large, max-video-preview:-1\" \/>\n<link rel=\"canonical\" href=\"https:\/\/www.blogsoestado.com\/danielmatos\/deputado-wellington-cobra-de-flavio-dino-a-nomeacao-de-1-700-na-pm-e-o-reajuste-de-3324-para-os-professores\/\" \/>\n<meta property=\"og:locale\" content=\"pt_BR\" \/>\n<meta property=\"og:type\" content=\"article\" \/>\n<meta property=\"og:title\" content=\"Deputado Wellington cobra de Fl\u00e1vio Dino a nomea\u00e7\u00e3o de 1.700 na PM e o reajuste de 33,24% para os professores - Daniel Matos\" \/>\n<meta property=\"og:description\" content=\"Durante a sess\u00e3o que reabriu os trabalhos da Assembleia Legislativa, o deputado estadual Wellington do Curso utilizou a tribuna para [&hellip;]\" \/>\n<meta property=\"og:url\" content=\"https:\/\/www.blogsoestado.com\/danielmatos\/deputado-wellington-cobra-de-flavio-dino-a-nomeacao-de-1-700-na-pm-e-o-reajuste-de-3324-para-os-professores\/\" \/>\n<meta property=\"og:site_name\" content=\"Daniel Matos\" \/>\n<meta property=\"article:published_time\" content=\"2022-02-04T17:46:08+00:00\" \/>\n<meta property=\"og:image\" content=\"https:\/\/www.blogsoestado.com\/danielmatos\/files\/2022\/02\/Screenshot_20220204-1444102.png\" \/>\n<meta name=\"twitter:card\" content=\"summary_large_image\" \/>\n<meta name=\"twitter:label1\" content=\"Est. tempo de leitura\" \/>\n\t<meta name=\"twitter:data1\" content=\"2 minutos\" \/>\n<script type=\"application\/ld+json\" class=\"yoast-schema-graph\">{\"@context\":\"https:\/\/schema.org\",\"@graph\":[{\"@type\":\"WebPage\",\"@id\":\"https:\/\/www.blogsoestado.com\/danielmatos\/deputado-wellington-cobra-de-flavio-dino-a-nomeacao-de-1-700-na-pm-e-o-reajuste-de-3324-para-os-professores\/\",\"url\":\"https:\/\/www.blogsoestado.com\/danielmatos\/deputado-wellington-cobra-de-flavio-dino-a-nomeacao-de-1-700-na-pm-e-o-reajuste-de-3324-para-os-professores\/\",\"name\":\"Deputado Wellington cobra de Fl\u00e1vio Dino a nomea\u00e7\u00e3o de 1.700 na PM e o reajuste de 33,24% para os professores - Daniel Matos\",\"isPartOf\":{\"@id\":\"https:\/\/www.blogsoestado.com\/danielmatos\/#website\"},\"primaryImageOfPage\":{\"@id\":\"https:\/\/www.blogsoestado.com\/danielmatos\/deputado-wellington-cobra-de-flavio-dino-a-nomeacao-de-1-700-na-pm-e-o-reajuste-de-3324-para-os-professores\/#primaryimage\"},\"image\":{\"@id\":\"https:\/\/www.blogsoestado.com\/danielmatos\/deputado-wellington-cobra-de-flavio-dino-a-nomeacao-de-1-700-na-pm-e-o-reajuste-de-3324-para-os-professores\/#primaryimage\"},\"thumbnailUrl\":\"https:\/\/www.blogsoestado.com\/danielmatos\/files\/2022\/02\/Screenshot_20220204-1444102.png\",\"datePublished\":\"2022-02-04T17:46:08+00:00\",\"author\":{\"@id\":\"\"},\"breadcrumb\":{\"@id\":\"https:\/\/www.blogsoestado.com\/danielmatos\/deputado-wellington-cobra-de-flavio-dino-a-nomeacao-de-1-700-na-pm-e-o-reajuste-de-3324-para-os-professores\/#breadcrumb\"},\"inLanguage\":\"pt-BR\",\"potentialAction\":[{\"@type\":\"ReadAction\",\"target\":[\"https:\/\/www.blogsoestado.com\/danielmatos\/deputado-wellington-cobra-de-flavio-dino-a-nomeacao-de-1-700-na-pm-e-o-reajuste-de-3324-para-os-professores\/\"]}]},{\"@type\":\"ImageObject\",\"inLanguage\":\"pt-BR\",\"@id\":\"https:\/\/www.blogsoestado.com\/danielmatos\/deputado-wellington-cobra-de-flavio-dino-a-nomeacao-de-1-700-na-pm-e-o-reajuste-de-3324-para-os-professores\/#primaryimage\",\"url\":\"https:\/\/www.blogsoestado.com\/danielmatos\/files\/2022\/02\/Screenshot_20220204-1444102.png\",\"contentUrl\":\"https:\/\/www.blogsoestado.com\/danielmatos\/files\/2022\/02\/Screenshot_20220204-1444102.png\"},{\"@type\":\"BreadcrumbList\",\"@id\":\"https:\/\/www.blogsoestado.com\/danielmatos\/deputado-wellington-cobra-de-flavio-dino-a-nomeacao-de-1-700-na-pm-e-o-reajuste-de-3324-para-os-professores\/#breadcrumb\",\"itemListElement\":[{\"@type\":\"ListItem\",\"position\":1,\"name\":\"In\u00edcio\",\"item\":\"https:\/\/www.blogsoestado.com\/danielmatos\/\"},{\"@type\":\"ListItem\",\"position\":2,\"name\":\"Deputado Wellington cobra de Fl\u00e1vio Dino a nomea\u00e7\u00e3o de 1.700 na PM e o reajuste de 33,24% para os professores\"}]},{\"@type\":\"WebSite\",\"@id\":\"https:\/\/www.blogsoestado.com\/danielmatos\/#website\",\"url\":\"https:\/\/www.blogsoestado.com\/danielmatos\/\",\"name\":\"Daniel Matos\",\"description\":\"\",\"potentialAction\":[{\"@type\":\"SearchAction\",\"target\":{\"@type\":\"EntryPoint\",\"urlTemplate\":\"https:\/\/www.blogsoestado.com\/danielmatos\/?s={search_term_string}\"},\"query-input\":{\"@type\":\"PropertyValueSpecification\",\"valueRequired\":true,\"valueName\":\"search_term_string\"}}],\"inLanguage\":\"pt-BR\"}]}<\/script>\n<!-- \/ Yoast SEO plugin. -->","yoast_head_json":{"title":"Deputado Wellington cobra de Fl\u00e1vio Dino a nomea\u00e7\u00e3o de 1.700 na PM e o reajuste de 33,24% para os professores - Daniel Matos","robots":{"index":"index","follow":"follow","max-snippet":"max-snippet:-1","max-image-preview":"max-image-preview:large","max-video-preview":"max-video-preview:-1"},"canonical":"https:\/\/www.blogsoestado.com\/danielmatos\/deputado-wellington-cobra-de-flavio-dino-a-nomeacao-de-1-700-na-pm-e-o-reajuste-de-3324-para-os-professores\/","og_locale":"pt_BR","og_type":"article","og_title":"Deputado Wellington cobra de Fl\u00e1vio Dino a nomea\u00e7\u00e3o de 1.700 na PM e o reajuste de 33,24% para os professores - Daniel Matos","og_description":"Durante a sess\u00e3o que reabriu os trabalhos da Assembleia Legislativa, o deputado estadual Wellington do Curso utilizou a tribuna para [&hellip;]","og_url":"https:\/\/www.blogsoestado.com\/danielmatos\/deputado-wellington-cobra-de-flavio-dino-a-nomeacao-de-1-700-na-pm-e-o-reajuste-de-3324-para-os-professores\/","og_site_name":"Daniel Matos","article_published_time":"2022-02-04T17:46:08+00:00","og_image":[{"url":"https:\/\/www.blogsoestado.com\/danielmatos\/files\/2022\/02\/Screenshot_20220204-1444102.png","type":"","width":"","height":""}],"twitter_card":"summary_large_image","twitter_misc":{"Est. tempo de leitura":"2 minutos"},"schema":{"@context":"https:\/\/schema.org","@graph":[{"@type":"WebPage","@id":"https:\/\/www.blogsoestado.com\/danielmatos\/deputado-wellington-cobra-de-flavio-dino-a-nomeacao-de-1-700-na-pm-e-o-reajuste-de-3324-para-os-professores\/","url":"https:\/\/www.blogsoestado.com\/danielmatos\/deputado-wellington-cobra-de-flavio-dino-a-nomeacao-de-1-700-na-pm-e-o-reajuste-de-3324-para-os-professores\/","name":"Deputado Wellington cobra de Fl\u00e1vio Dino a nomea\u00e7\u00e3o de 1.700 na PM e o reajuste de 33,24% para os professores - Daniel Matos","isPartOf":{"@id":"https:\/\/www.blogsoestado.com\/danielmatos\/#website"},"primaryImageOfPage":{"@id":"https:\/\/www.blogsoestado.com\/danielmatos\/deputado-wellington-cobra-de-flavio-dino-a-nomeacao-de-1-700-na-pm-e-o-reajuste-de-3324-para-os-professores\/#primaryimage"},"image":{"@id":"https:\/\/www.blogsoestado.com\/danielmatos\/deputado-wellington-cobra-de-flavio-dino-a-nomeacao-de-1-700-na-pm-e-o-reajuste-de-3324-para-os-professores\/#primaryimage"},"thumbnailUrl":"https:\/\/www.blogsoestado.com\/danielmatos\/files\/2022\/02\/Screenshot_20220204-1444102.png","datePublished":"2022-02-04T17:46:08+00:00","author":{"@id":""},"breadcrumb":{"@id":"https:\/\/www.blogsoestado.com\/danielmatos\/deputado-wellington-cobra-de-flavio-dino-a-nomeacao-de-1-700-na-pm-e-o-reajuste-de-3324-para-os-professores\/#breadcrumb"},"inLanguage":"pt-BR","potentialAction":[{"@type":"ReadAction","target":["https:\/\/www.blogsoestado.com\/danielmatos\/deputado-wellington-cobra-de-flavio-dino-a-nomeacao-de-1-700-na-pm-e-o-reajuste-de-3324-para-os-professores\/"]}]},{"@type":"ImageObject","inLanguage":"pt-BR","@id":"https:\/\/www.blogsoestado.com\/danielmatos\/deputado-wellington-cobra-de-flavio-dino-a-nomeacao-de-1-700-na-pm-e-o-reajuste-de-3324-para-os-professores\/#primaryimage","url":"https:\/\/www.blogsoestado.com\/danielmatos\/files\/2022\/02\/Screenshot_20220204-1444102.png","contentUrl":"https:\/\/www.blogsoestado.com\/danielmatos\/files\/2022\/02\/Screenshot_20220204-1444102.png"},{"@type":"BreadcrumbList","@id":"https:\/\/www.blogsoestado.com\/danielmatos\/deputado-wellington-cobra-de-flavio-dino-a-nomeacao-de-1-700-na-pm-e-o-reajuste-de-3324-para-os-professores\/#breadcrumb","itemListElement":[{"@type":"ListItem","position":1,"name":"In\u00edcio","item":"https:\/\/www.blogsoestado.com\/danielmatos\/"},{"@type":"ListItem","position":2,"name":"Deputado Wellington cobra de Fl\u00e1vio Dino a nomea\u00e7\u00e3o de 1.700 na PM e o reajuste de 33,24% para os professores"}]},{"@type":"WebSite","@id":"https:\/\/www.blogsoestado.com\/danielmatos\/#website","url":"https:\/\/www.blogsoestado.com\/danielmatos\/","name":"Daniel Matos","description":"","potentialAction":[{"@type":"SearchAction","target":{"@type":"EntryPoint","urlTemplate":"https:\/\/www.blogsoestado.com\/danielmatos\/?s={search_term_string}"},"query-input":{"@type":"PropertyValueSpecification","valueRequired":true,"valueName":"search_term_string"}}],"inLanguage":"pt-BR"}]}},"jetpack_featured_media_url":"","_links":{"self":[{"href":"https:\/\/www.blogsoestado.com\/danielmatos\/wp-json\/wp\/v2\/posts\/93991","targetHints":{"allow":["GET"]}}],"collection":[{"href":"https:\/\/www.blogsoestado.com\/danielmatos\/wp-json\/wp\/v2\/posts"}],"about":[{"href":"https:\/\/www.blogsoestado.com\/danielmatos\/wp-json\/wp\/v2\/types\/post"}],"replies":[{"embeddable":true,"href":"https:\/\/www.blogsoestado.com\/danielmatos\/wp-json\/wp\/v2\/comments?post=93991"}],"version-history":[{"count":0,"href":"https:\/\/www.blogsoestado.com\/danielmatos\/wp-json\/wp\/v2\/posts\/93991\/revisions"}],"wp:attachment":[{"href":"https:\/\/www.blogsoestado.com\/danielmatos\/wp-json\/wp\/v2\/media?parent=93991"}],"wp:term":[{"taxonomy":"category","embeddable":true,"href":"https:\/\/www.blogsoestado.com\/danielmatos\/wp-json\/wp\/v2\/categories?post=93991"},{"taxonomy":"post_tag","embeddable":true,"href":"https:\/\/www.blogsoestado.com\/danielmatos\/wp-json\/wp\/v2\/tags?post=93991"}],"curies":[{"name":"wp","href":"https:\/\/api.w.org\/{rel}","templated":true}]}}