{"id":93998,"date":"2022-02-05T03:06:33","date_gmt":"2022-02-05T06:06:33","guid":{"rendered":"https:\/\/www.blogsoestado.com\/danielmatos\/?p=93998"},"modified":"2022-02-05T03:06:33","modified_gmt":"2022-02-05T06:06:33","slug":"oab-ma-busca-garantir-acesso-para-a-advocacia-e-jurisdicionados-no-poder-judiciario","status":"publish","type":"post","link":"https:\/\/www.blogsoestado.com\/danielmatos\/oab-ma-busca-garantir-acesso-para-a-advocacia-e-jurisdicionados-no-poder-judiciario\/","title":{"rendered":"OAB\/MA busca garantir acesso para a advocacia e jurisdicionados ao Poder Judici\u00e1rio"},"content":{"rendered":"\n<div class=\"wp-block-image\"><figure class=\"aligncenter size-large\"><a href=\"https:\/\/www.blogsoestado.com\/danielmatos\/files\/2022\/02\/Screenshot_20220205-0250282.png\"><img decoding=\"async\" src=\"https:\/\/www.blogsoestado.com\/danielmatos\/files\/2022\/02\/Screenshot_20220205-0250282.png\" alt=\"\" class=\"wp-image-93999\"\/><\/a><figcaption>O presidente da OAB\/MA, Kaio Saraiva, solicitou ao presidente do Tribunal de Justi\u00e7a do Maranh\u00e3o, Lourival Serejo, a garantia de acesso \u00e0 advocacia e aos jurisdicionados aos pr\u00e9dios do Poder Judici\u00e1rio<\/figcaption><\/figure><\/div>\n\n\n\n<p>Garantir o acesso da advocacia e dos jurisdicionados aos pr\u00e9dios do Judici\u00e1rio foi a solicita\u00e7\u00e3o do presidente da OAB\/MA, Kaio Saraiva, ao presidente do Tribunal de Justi\u00e7a do Maranh\u00e3o, Lourival Serejo. A reuni\u00e3o aconteceu na manh\u00e3 desta quinta-feira (03\/02), na sede do TJMA.<\/p>\n\n\n\n<p>O presidente da Seccional Maranhense, Kaio Saraiva, enfatizou \u201ca necessidade de serem previstas as exce\u00e7\u00f5es necess\u00e1rias com o intuito de garantir o acesso ao Poder Judici\u00e1rio pelos jurisdicionados que n\u00e3o podem se vacinar, bem como as advogadas e advogados que n\u00e3o possuem indica\u00e7\u00e3o de vacina\u00e7\u00e3o\u201d. As altera\u00e7\u00f5es devem ser feitas na portaria n\u00ba 48\/2022 do TJMA<\/p>\n\n\n\n<p>A portaria n\u00ba 48\/2022 do TJMA regulamenta a obrigatoriedade a apresenta\u00e7\u00e3o do comprovante de vacina\u00e7\u00e3o contra o Coronav\u00edrus (COVID-19) para ingresso nas unidades judiciais e administrativas da Justi\u00e7a de 1\u00ba e 2\u00ba Grau do Poder Judici\u00e1rio do Estado do Maranh\u00e3o, de magistrados, magistradas, servidores, servidoras, colaboradores terceirizados, colaboradoras terceirizadas, membros do Minist\u00e9rio P\u00fablico, defensores p\u00fablicos, defensoras p\u00fablicas, advogados, advogadas e p\u00fablico em geral.<\/p>\n\n\n\n<div class=\"wp-block-image\"><figure class=\"aligncenter size-large\"><a href=\"https:\/\/www.blogsoestado.com\/danielmatos\/files\/2022\/02\/Screenshot_20220205-0250522.png\"><img decoding=\"async\" src=\"https:\/\/www.blogsoestado.com\/danielmatos\/files\/2022\/02\/Screenshot_20220205-0250522.png\" alt=\"\" class=\"wp-image-94000\"\/><\/a><figcaption>Kaio Saraiva enfatizou a Lourival Serejo a necessidade de exce\u00e7\u00f5es para garantir o acesso ao Poder Judici\u00e1rio dos jurisdicionados que n\u00e3o podem se vacinar e das advogadas e advogados sem indica\u00e7\u00e3o de vacina\u00e7\u00e3o<\/figcaption><\/figure><\/div>\n\n\n\n<p>A OAB Maranh\u00e3o, enquanto defensora dos direitos fundamentais como a vida e a sa\u00fade, reitera a import\u00e2ncia da vacina\u00e7\u00e3o de toda a sociedade para a contribui\u00e7\u00e3o da preserva\u00e7\u00e3o da sa\u00fade de magistrados, servidores, agentes p\u00fablicos, advogados, advogadas e usu\u00e1rios em geral dos servi\u00e7os do Poder Judici\u00e1rio, bem como defende a import\u00e2ncia da manuten\u00e7\u00e3o, durante este per\u00edodo pand\u00eamico, de medidas protetivas como o distanciamento social, uso de m\u00e1scara, aferi\u00e7\u00e3o de temperatura e \u00e1lcool em gel.<\/p>\n\n\n\n<p>Participaram da reuni\u00e3o, o secret\u00e1rio-geral adjunto, Vandir J\u00fanior; a presidente da Comiss\u00e3o de Assist\u00eancia, Defesa e Prerrogativas da Advocacia, Sandra Macedo; o Conselheiro Seccional Danilo da Canhota; e, representando, al\u00e9m do presidente, o TJMA, o diretor do Tribunal, M\u00e1rio Lob\u00e3o.<\/p>\n","protected":false},"excerpt":{"rendered":"<p>Garantir o acesso da advocacia e dos jurisdicionados aos pr\u00e9dios do Judici\u00e1rio foi a solicita\u00e7\u00e3o do presidente da OAB\/MA, Kaio [&hellip;]<\/p>\n","protected":false},"author":0,"featured_media":0,"comment_status":"open","ping_status":"open","sticky":false,"template":"","format":"standard","meta":{"site-sidebar-layout":"default","site-content-layout":"","ast-site-content-layout":"default","site-content-style":"default","site-sidebar-style":"default","ast-global-header-display":"","ast-banner-title-visibility":"","ast-main-header-display":"","ast-hfb-above-header-display":"","ast-hfb-below-header-display":"","ast-hfb-mobile-header-display":"","site-post-title":"","ast-breadcrumbs-content":"","ast-featured-img":"","footer-sml-layout":"","ast-disable-related-posts":"","theme-transparent-header-meta":"","adv-header-id-meta":"","stick-header-meta":"","header-above-stick-meta":"","header-main-stick-meta":"","header-below-stick-meta":"","astra-migrate-meta-layouts":"default","ast-page-background-enabled":"default","ast-page-background-meta":{"desktop":{"background-color":"var(--ast-global-color-5)","background-image":"","background-repeat":"repeat","background-position":"center center","background-size":"auto","background-attachment":"scroll","background-type":"","background-media":"","overlay-type":"","overlay-color":"","overlay-opacity":"","overlay-gradient":""},"tablet":{"background-color":"","background-image":"","background-repeat":"repeat","background-position":"center center","background-size":"auto","background-attachment":"scroll","background-type":"","background-media":"","overlay-type":"","overlay-color":"","overlay-opacity":"","overlay-gradient":""},"mobile":{"background-color":"","background-image":"","background-repeat":"repeat","background-position":"center center","background-size":"auto","background-attachment":"scroll","background-type":"","background-media":"","overlay-type":"","overlay-color":"","overlay-opacity":"","overlay-gradient":""}},"ast-content-background-meta":{"desktop":{"background-color":"var(--ast-global-color-4)","background-image":"","background-repeat":"repeat","background-position":"center center","background-size":"auto","background-attachment":"scroll","background-type":"","background-media":"","overlay-type":"","overlay-color":"","overlay-opacity":"","overlay-gradient":""},"tablet":{"background-color":"var(--ast-global-color-4)","background-image":"","background-repeat":"repeat","background-position":"center center","background-size":"auto","background-attachment":"scroll","background-type":"","background-media":"","overlay-type":"","overlay-color":"","overlay-opacity":"","overlay-gradient":""},"mobile":{"background-color":"var(--ast-global-color-4)","background-image":"","background-repeat":"repeat","background-position":"center center","background-size":"auto","background-attachment":"scroll","background-type":"","background-media":"","overlay-type":"","overlay-color":"","overlay-opacity":"","overlay-gradient":""}},"footnotes":""},"categories":[1],"tags":[],"class_list":["post-93998","post","type-post","status-publish","format-standard","hentry","category-sem-categoria"],"yoast_head":"<!-- This site is optimized with the Yoast SEO plugin v26.6 - https:\/\/yoast.com\/wordpress\/plugins\/seo\/ -->\n<title>OAB\/MA busca garantir acesso para a advocacia e jurisdicionados ao Poder Judici\u00e1rio - Daniel Matos<\/title>\n<meta name=\"robots\" content=\"index, follow, max-snippet:-1, max-image-preview:large, max-video-preview:-1\" \/>\n<link rel=\"canonical\" href=\"https:\/\/www.blogsoestado.com\/danielmatos\/oab-ma-busca-garantir-acesso-para-a-advocacia-e-jurisdicionados-no-poder-judiciario\/\" \/>\n<meta property=\"og:locale\" content=\"pt_BR\" \/>\n<meta property=\"og:type\" content=\"article\" \/>\n<meta property=\"og:title\" content=\"OAB\/MA busca garantir acesso para a advocacia e jurisdicionados ao Poder Judici\u00e1rio - Daniel Matos\" \/>\n<meta property=\"og:description\" content=\"Garantir o acesso da advocacia e dos jurisdicionados aos pr\u00e9dios do Judici\u00e1rio foi a solicita\u00e7\u00e3o do presidente da OAB\/MA, Kaio [&hellip;]\" \/>\n<meta property=\"og:url\" content=\"https:\/\/www.blogsoestado.com\/danielmatos\/oab-ma-busca-garantir-acesso-para-a-advocacia-e-jurisdicionados-no-poder-judiciario\/\" \/>\n<meta property=\"og:site_name\" content=\"Daniel Matos\" \/>\n<meta property=\"article:published_time\" content=\"2022-02-05T06:06:33+00:00\" \/>\n<meta property=\"og:image\" content=\"https:\/\/www.blogsoestado.com\/danielmatos\/files\/2022\/02\/Screenshot_20220205-0250282.png\" \/>\n<meta name=\"twitter:card\" content=\"summary_large_image\" \/>\n<meta name=\"twitter:label1\" content=\"Est. tempo de leitura\" \/>\n\t<meta name=\"twitter:data1\" content=\"2 minutos\" \/>\n<script type=\"application\/ld+json\" class=\"yoast-schema-graph\">{\"@context\":\"https:\/\/schema.org\",\"@graph\":[{\"@type\":\"WebPage\",\"@id\":\"https:\/\/www.blogsoestado.com\/danielmatos\/oab-ma-busca-garantir-acesso-para-a-advocacia-e-jurisdicionados-no-poder-judiciario\/\",\"url\":\"https:\/\/www.blogsoestado.com\/danielmatos\/oab-ma-busca-garantir-acesso-para-a-advocacia-e-jurisdicionados-no-poder-judiciario\/\",\"name\":\"OAB\/MA busca garantir acesso para a advocacia e jurisdicionados ao Poder Judici\u00e1rio - Daniel Matos\",\"isPartOf\":{\"@id\":\"https:\/\/www.blogsoestado.com\/danielmatos\/#website\"},\"primaryImageOfPage\":{\"@id\":\"https:\/\/www.blogsoestado.com\/danielmatos\/oab-ma-busca-garantir-acesso-para-a-advocacia-e-jurisdicionados-no-poder-judiciario\/#primaryimage\"},\"image\":{\"@id\":\"https:\/\/www.blogsoestado.com\/danielmatos\/oab-ma-busca-garantir-acesso-para-a-advocacia-e-jurisdicionados-no-poder-judiciario\/#primaryimage\"},\"thumbnailUrl\":\"https:\/\/www.blogsoestado.com\/danielmatos\/files\/2022\/02\/Screenshot_20220205-0250282.png\",\"datePublished\":\"2022-02-05T06:06:33+00:00\",\"author\":{\"@id\":\"\"},\"breadcrumb\":{\"@id\":\"https:\/\/www.blogsoestado.com\/danielmatos\/oab-ma-busca-garantir-acesso-para-a-advocacia-e-jurisdicionados-no-poder-judiciario\/#breadcrumb\"},\"inLanguage\":\"pt-BR\",\"potentialAction\":[{\"@type\":\"ReadAction\",\"target\":[\"https:\/\/www.blogsoestado.com\/danielmatos\/oab-ma-busca-garantir-acesso-para-a-advocacia-e-jurisdicionados-no-poder-judiciario\/\"]}]},{\"@type\":\"ImageObject\",\"inLanguage\":\"pt-BR\",\"@id\":\"https:\/\/www.blogsoestado.com\/danielmatos\/oab-ma-busca-garantir-acesso-para-a-advocacia-e-jurisdicionados-no-poder-judiciario\/#primaryimage\",\"url\":\"https:\/\/www.blogsoestado.com\/danielmatos\/files\/2022\/02\/Screenshot_20220205-0250282.png\",\"contentUrl\":\"https:\/\/www.blogsoestado.com\/danielmatos\/files\/2022\/02\/Screenshot_20220205-0250282.png\"},{\"@type\":\"BreadcrumbList\",\"@id\":\"https:\/\/www.blogsoestado.com\/danielmatos\/oab-ma-busca-garantir-acesso-para-a-advocacia-e-jurisdicionados-no-poder-judiciario\/#breadcrumb\",\"itemListElement\":[{\"@type\":\"ListItem\",\"position\":1,\"name\":\"In\u00edcio\",\"item\":\"https:\/\/www.blogsoestado.com\/danielmatos\/\"},{\"@type\":\"ListItem\",\"position\":2,\"name\":\"OAB\/MA busca garantir acesso para a advocacia e jurisdicionados ao Poder Judici\u00e1rio\"}]},{\"@type\":\"WebSite\",\"@id\":\"https:\/\/www.blogsoestado.com\/danielmatos\/#website\",\"url\":\"https:\/\/www.blogsoestado.com\/danielmatos\/\",\"name\":\"Daniel Matos\",\"description\":\"\",\"potentialAction\":[{\"@type\":\"SearchAction\",\"target\":{\"@type\":\"EntryPoint\",\"urlTemplate\":\"https:\/\/www.blogsoestado.com\/danielmatos\/?s={search_term_string}\"},\"query-input\":{\"@type\":\"PropertyValueSpecification\",\"valueRequired\":true,\"valueName\":\"search_term_string\"}}],\"inLanguage\":\"pt-BR\"}]}<\/script>\n<!-- \/ Yoast SEO plugin. -->","yoast_head_json":{"title":"OAB\/MA busca garantir acesso para a advocacia e jurisdicionados ao Poder Judici\u00e1rio - Daniel Matos","robots":{"index":"index","follow":"follow","max-snippet":"max-snippet:-1","max-image-preview":"max-image-preview:large","max-video-preview":"max-video-preview:-1"},"canonical":"https:\/\/www.blogsoestado.com\/danielmatos\/oab-ma-busca-garantir-acesso-para-a-advocacia-e-jurisdicionados-no-poder-judiciario\/","og_locale":"pt_BR","og_type":"article","og_title":"OAB\/MA busca garantir acesso para a advocacia e jurisdicionados ao Poder Judici\u00e1rio - Daniel Matos","og_description":"Garantir o acesso da advocacia e dos jurisdicionados aos pr\u00e9dios do Judici\u00e1rio foi a solicita\u00e7\u00e3o do presidente da OAB\/MA, Kaio [&hellip;]","og_url":"https:\/\/www.blogsoestado.com\/danielmatos\/oab-ma-busca-garantir-acesso-para-a-advocacia-e-jurisdicionados-no-poder-judiciario\/","og_site_name":"Daniel Matos","article_published_time":"2022-02-05T06:06:33+00:00","og_image":[{"url":"https:\/\/www.blogsoestado.com\/danielmatos\/files\/2022\/02\/Screenshot_20220205-0250282.png","type":"","width":"","height":""}],"twitter_card":"summary_large_image","twitter_misc":{"Est. tempo de leitura":"2 minutos"},"schema":{"@context":"https:\/\/schema.org","@graph":[{"@type":"WebPage","@id":"https:\/\/www.blogsoestado.com\/danielmatos\/oab-ma-busca-garantir-acesso-para-a-advocacia-e-jurisdicionados-no-poder-judiciario\/","url":"https:\/\/www.blogsoestado.com\/danielmatos\/oab-ma-busca-garantir-acesso-para-a-advocacia-e-jurisdicionados-no-poder-judiciario\/","name":"OAB\/MA busca garantir acesso para a advocacia e jurisdicionados ao Poder Judici\u00e1rio - Daniel Matos","isPartOf":{"@id":"https:\/\/www.blogsoestado.com\/danielmatos\/#website"},"primaryImageOfPage":{"@id":"https:\/\/www.blogsoestado.com\/danielmatos\/oab-ma-busca-garantir-acesso-para-a-advocacia-e-jurisdicionados-no-poder-judiciario\/#primaryimage"},"image":{"@id":"https:\/\/www.blogsoestado.com\/danielmatos\/oab-ma-busca-garantir-acesso-para-a-advocacia-e-jurisdicionados-no-poder-judiciario\/#primaryimage"},"thumbnailUrl":"https:\/\/www.blogsoestado.com\/danielmatos\/files\/2022\/02\/Screenshot_20220205-0250282.png","datePublished":"2022-02-05T06:06:33+00:00","author":{"@id":""},"breadcrumb":{"@id":"https:\/\/www.blogsoestado.com\/danielmatos\/oab-ma-busca-garantir-acesso-para-a-advocacia-e-jurisdicionados-no-poder-judiciario\/#breadcrumb"},"inLanguage":"pt-BR","potentialAction":[{"@type":"ReadAction","target":["https:\/\/www.blogsoestado.com\/danielmatos\/oab-ma-busca-garantir-acesso-para-a-advocacia-e-jurisdicionados-no-poder-judiciario\/"]}]},{"@type":"ImageObject","inLanguage":"pt-BR","@id":"https:\/\/www.blogsoestado.com\/danielmatos\/oab-ma-busca-garantir-acesso-para-a-advocacia-e-jurisdicionados-no-poder-judiciario\/#primaryimage","url":"https:\/\/www.blogsoestado.com\/danielmatos\/files\/2022\/02\/Screenshot_20220205-0250282.png","contentUrl":"https:\/\/www.blogsoestado.com\/danielmatos\/files\/2022\/02\/Screenshot_20220205-0250282.png"},{"@type":"BreadcrumbList","@id":"https:\/\/www.blogsoestado.com\/danielmatos\/oab-ma-busca-garantir-acesso-para-a-advocacia-e-jurisdicionados-no-poder-judiciario\/#breadcrumb","itemListElement":[{"@type":"ListItem","position":1,"name":"In\u00edcio","item":"https:\/\/www.blogsoestado.com\/danielmatos\/"},{"@type":"ListItem","position":2,"name":"OAB\/MA busca garantir acesso para a advocacia e jurisdicionados ao Poder Judici\u00e1rio"}]},{"@type":"WebSite","@id":"https:\/\/www.blogsoestado.com\/danielmatos\/#website","url":"https:\/\/www.blogsoestado.com\/danielmatos\/","name":"Daniel Matos","description":"","potentialAction":[{"@type":"SearchAction","target":{"@type":"EntryPoint","urlTemplate":"https:\/\/www.blogsoestado.com\/danielmatos\/?s={search_term_string}"},"query-input":{"@type":"PropertyValueSpecification","valueRequired":true,"valueName":"search_term_string"}}],"inLanguage":"pt-BR"}]}},"jetpack_featured_media_url":"","_links":{"self":[{"href":"https:\/\/www.blogsoestado.com\/danielmatos\/wp-json\/wp\/v2\/posts\/93998","targetHints":{"allow":["GET"]}}],"collection":[{"href":"https:\/\/www.blogsoestado.com\/danielmatos\/wp-json\/wp\/v2\/posts"}],"about":[{"href":"https:\/\/www.blogsoestado.com\/danielmatos\/wp-json\/wp\/v2\/types\/post"}],"replies":[{"embeddable":true,"href":"https:\/\/www.blogsoestado.com\/danielmatos\/wp-json\/wp\/v2\/comments?post=93998"}],"version-history":[{"count":0,"href":"https:\/\/www.blogsoestado.com\/danielmatos\/wp-json\/wp\/v2\/posts\/93998\/revisions"}],"wp:attachment":[{"href":"https:\/\/www.blogsoestado.com\/danielmatos\/wp-json\/wp\/v2\/media?parent=93998"}],"wp:term":[{"taxonomy":"category","embeddable":true,"href":"https:\/\/www.blogsoestado.com\/danielmatos\/wp-json\/wp\/v2\/categories?post=93998"},{"taxonomy":"post_tag","embeddable":true,"href":"https:\/\/www.blogsoestado.com\/danielmatos\/wp-json\/wp\/v2\/tags?post=93998"}],"curies":[{"name":"wp","href":"https:\/\/api.w.org\/{rel}","templated":true}]}}