{"id":94088,"date":"2022-02-08T09:30:00","date_gmt":"2022-02-08T12:30:00","guid":{"rendered":"https:\/\/www.blogsoestado.com\/danielmatos\/?p=94088"},"modified":"2022-02-08T09:30:00","modified_gmt":"2022-02-08T12:30:00","slug":"deputado-wellington-vai-a-codo-e-constata-aluguel-camarada-de-flavio-dino-e-familia-de-nagib-para-funcionamento-da-ciretran-de-codo","status":"publish","type":"post","link":"https:\/\/www.blogsoestado.com\/danielmatos\/deputado-wellington-vai-a-codo-e-constata-aluguel-camarada-de-flavio-dino-e-familia-de-nagib-para-funcionamento-da-ciretran-de-codo\/","title":{"rendered":"Deputado Wellington vai a Cod\u00f3 e constata aluguel camarada de Fl\u00e1vio Dino e fam\u00edlia de Nagib para funcionamento da CIRETRAN de Cod\u00f3"},"content":{"rendered":"\n<div class=\"wp-block-image\"><figure class=\"aligncenter size-large\"><a href=\"https:\/\/www.blogsoestado.com\/danielmatos\/files\/2022\/02\/Screenshot_20220208-0031172.png\"><img decoding=\"async\" src=\"https:\/\/www.blogsoestado.com\/danielmatos\/files\/2022\/02\/Screenshot_20220208-0031172.png\" alt=\"\" class=\"wp-image-94090\"\/><\/a><\/figure><\/div>\n\n\n\n<p>O deputado estadual Wellington do Curso esteve na cidade de Cod\u00f3, na manh\u00e3 dessa segunda-feira (7), e constatou que, atualmente, a CiRETRAN do munic\u00edpio est\u00e1 funcionando em um pr\u00e9dio alugado de propriedade da fam\u00edlia do atual diretor do Departamento Estadual de Tr\u00e2nsito (DETRAN), Francisco Nagib. A visita do parlamentar ao munic\u00edpio foi motivada ap\u00f3s o recebimento de diversas den\u00fancias sobre o aluguel do pr\u00e9dio firmado por meio de contrato entre Nagib e seu pai.<\/p>\n\n\n\n<p>Na oportunidade, o parlamentar mencionou as diversas ilegalidades que est\u00e3o ocorrendo no DETRAN desde o in\u00edcio da gest\u00e3o de Nagib e afirmou que acionar\u00e1 o Minist\u00e9rio P\u00fablico para investigar o aluguel camarada para funcionamento da CIRETRAN de Cod\u00f3.<strong> (Confira abaixo as assinaturas do contrato):<\/strong><\/p>\n\n\n\n<div class=\"wp-block-image\"><figure class=\"aligncenter size-large\"><a href=\"https:\/\/www.blogsoestado.com\/danielmatos\/files\/2022\/02\/Screenshot_20220208-0030562.png\"><img decoding=\"async\" src=\"https:\/\/www.blogsoestado.com\/danielmatos\/files\/2022\/02\/Screenshot_20220208-0030562.png\" alt=\"\" class=\"wp-image-94091\"\/><\/a><\/figure><\/div>\n\n\n\n<p>\u201cEstivemos na cidade de Cod\u00f3 e constatamos mais uma ilegalidade cometida pelo atual diretor do DETRAN, Francisco Nagib, e pelo governo de Fl\u00e1vio Dino. Dessa vez, \u00e9 o aluguel camarada, firmado por meio de um contrato em que Francisco Nagib alugou o pr\u00e9dio do pr\u00f3prio pai em Cod\u00f3 para funcionamento da CIRETRAN. E isso est\u00e1 acontecendo com o aval do governador Fl\u00e1vio Dino que n\u00e3o toma nenhuma provid\u00eancia diante da p\u00e9ssima gest\u00e3o de Nagib e de tantas irregularidades. De acordo com as den\u00fancias que recebemos, Francisco Nagib fechou contrato de aluguel de pr\u00e9dio que pertence ao seu pai, Francisco Carlos de Oliveira por 12 meses pelo valor de R$ 108 mil reais. Al\u00e9m disso, tamb\u00e9m est\u00e1 gastando dinheiro p\u00fablico reformar esse pr\u00e9dio que pertence a sua fam\u00edlia. Diante disso, iremos acionar o Minist\u00e9rio P\u00fablico para que possam tomar as devidas provid\u00eancias diante de mais essa imoralidade que est\u00e1 ocorrendo no DETRAN\u201d, disse Wellington.<\/p>\n\n\n\n<p>Assista:<\/p>\n\n\n\n<figure class=\"wp-block-embed is-type-video is-provider-youtube wp-block-embed-youtube wp-embed-aspect-4-3 wp-has-aspect-ratio\"><div class=\"wp-block-embed__wrapper\">\n<iframe title=\"Deputado Wellington denuncia aluguel camarada firmado por Fl\u00e1vio Dino em Cod\u00f3\" width=\"500\" height=\"375\" src=\"https:\/\/www.youtube.com\/embed\/LWNN4_2j-VM?feature=oembed\" frameborder=\"0\" allow=\"accelerometer; autoplay; clipboard-write; encrypted-media; gyroscope; picture-in-picture; web-share\" referrerpolicy=\"strict-origin-when-cross-origin\" allowfullscreen><\/iframe>\n<\/div><\/figure>\n","protected":false},"excerpt":{"rendered":"<p>O deputado estadual Wellington do Curso esteve na cidade de Cod\u00f3, na manh\u00e3 dessa segunda-feira (7), e constatou que, atualmente, [&hellip;]<\/p>\n","protected":false},"author":0,"featured_media":0,"comment_status":"open","ping_status":"open","sticky":false,"template":"","format":"standard","meta":{"site-sidebar-layout":"default","site-content-layout":"","ast-site-content-layout":"default","site-content-style":"default","site-sidebar-style":"default","ast-global-header-display":"","ast-banner-title-visibility":"","ast-main-header-display":"","ast-hfb-above-header-display":"","ast-hfb-below-header-display":"","ast-hfb-mobile-header-display":"","site-post-title":"","ast-breadcrumbs-content":"","ast-featured-img":"","footer-sml-layout":"","ast-disable-related-posts":"","theme-transparent-header-meta":"","adv-header-id-meta":"","stick-header-meta":"","header-above-stick-meta":"","header-main-stick-meta":"","header-below-stick-meta":"","astra-migrate-meta-layouts":"default","ast-page-background-enabled":"default","ast-page-background-meta":{"desktop":{"background-color":"var(--ast-global-color-5)","background-image":"","background-repeat":"repeat","background-position":"center center","background-size":"auto","background-attachment":"scroll","background-type":"","background-media":"","overlay-type":"","overlay-color":"","overlay-opacity":"","overlay-gradient":""},"tablet":{"background-color":"","background-image":"","background-repeat":"repeat","background-position":"center center","background-size":"auto","background-attachment":"scroll","background-type":"","background-media":"","overlay-type":"","overlay-color":"","overlay-opacity":"","overlay-gradient":""},"mobile":{"background-color":"","background-image":"","background-repeat":"repeat","background-position":"center center","background-size":"auto","background-attachment":"scroll","background-type":"","background-media":"","overlay-type":"","overlay-color":"","overlay-opacity":"","overlay-gradient":""}},"ast-content-background-meta":{"desktop":{"background-color":"var(--ast-global-color-4)","background-image":"","background-repeat":"repeat","background-position":"center center","background-size":"auto","background-attachment":"scroll","background-type":"","background-media":"","overlay-type":"","overlay-color":"","overlay-opacity":"","overlay-gradient":""},"tablet":{"background-color":"var(--ast-global-color-4)","background-image":"","background-repeat":"repeat","background-position":"center center","background-size":"auto","background-attachment":"scroll","background-type":"","background-media":"","overlay-type":"","overlay-color":"","overlay-opacity":"","overlay-gradient":""},"mobile":{"background-color":"var(--ast-global-color-4)","background-image":"","background-repeat":"repeat","background-position":"center center","background-size":"auto","background-attachment":"scroll","background-type":"","background-media":"","overlay-type":"","overlay-color":"","overlay-opacity":"","overlay-gradient":""}},"footnotes":""},"categories":[1],"tags":[],"class_list":["post-94088","post","type-post","status-publish","format-standard","hentry","category-sem-categoria"],"yoast_head":"<!-- This site is optimized with the Yoast SEO plugin v26.6 - https:\/\/yoast.com\/wordpress\/plugins\/seo\/ -->\n<title>Deputado Wellington vai a Cod\u00f3 e constata aluguel camarada de Fl\u00e1vio Dino e fam\u00edlia de Nagib para funcionamento da CIRETRAN de Cod\u00f3 - Daniel Matos<\/title>\n<meta name=\"robots\" content=\"index, follow, max-snippet:-1, max-image-preview:large, max-video-preview:-1\" \/>\n<link rel=\"canonical\" href=\"https:\/\/www.blogsoestado.com\/danielmatos\/deputado-wellington-vai-a-codo-e-constata-aluguel-camarada-de-flavio-dino-e-familia-de-nagib-para-funcionamento-da-ciretran-de-codo\/\" \/>\n<meta property=\"og:locale\" content=\"pt_BR\" \/>\n<meta property=\"og:type\" content=\"article\" \/>\n<meta property=\"og:title\" content=\"Deputado Wellington vai a Cod\u00f3 e constata aluguel camarada de Fl\u00e1vio Dino e fam\u00edlia de Nagib para funcionamento da CIRETRAN de Cod\u00f3 - Daniel Matos\" \/>\n<meta property=\"og:description\" content=\"O deputado estadual Wellington do Curso esteve na cidade de Cod\u00f3, na manh\u00e3 dessa segunda-feira (7), e constatou que, atualmente, [&hellip;]\" \/>\n<meta property=\"og:url\" content=\"https:\/\/www.blogsoestado.com\/danielmatos\/deputado-wellington-vai-a-codo-e-constata-aluguel-camarada-de-flavio-dino-e-familia-de-nagib-para-funcionamento-da-ciretran-de-codo\/\" \/>\n<meta property=\"og:site_name\" content=\"Daniel Matos\" \/>\n<meta property=\"article:published_time\" content=\"2022-02-08T12:30:00+00:00\" \/>\n<meta property=\"og:image\" content=\"https:\/\/www.blogsoestado.com\/danielmatos\/files\/2022\/02\/Screenshot_20220208-0031172.png\" \/>\n<meta name=\"twitter:card\" content=\"summary_large_image\" \/>\n<meta name=\"twitter:label1\" content=\"Est. tempo de leitura\" \/>\n\t<meta name=\"twitter:data1\" content=\"2 minutos\" \/>\n<script type=\"application\/ld+json\" class=\"yoast-schema-graph\">{\"@context\":\"https:\/\/schema.org\",\"@graph\":[{\"@type\":\"WebPage\",\"@id\":\"https:\/\/www.blogsoestado.com\/danielmatos\/deputado-wellington-vai-a-codo-e-constata-aluguel-camarada-de-flavio-dino-e-familia-de-nagib-para-funcionamento-da-ciretran-de-codo\/\",\"url\":\"https:\/\/www.blogsoestado.com\/danielmatos\/deputado-wellington-vai-a-codo-e-constata-aluguel-camarada-de-flavio-dino-e-familia-de-nagib-para-funcionamento-da-ciretran-de-codo\/\",\"name\":\"Deputado Wellington vai a Cod\u00f3 e constata aluguel camarada de Fl\u00e1vio Dino e fam\u00edlia de Nagib para funcionamento da CIRETRAN de Cod\u00f3 - Daniel Matos\",\"isPartOf\":{\"@id\":\"https:\/\/www.blogsoestado.com\/danielmatos\/#website\"},\"primaryImageOfPage\":{\"@id\":\"https:\/\/www.blogsoestado.com\/danielmatos\/deputado-wellington-vai-a-codo-e-constata-aluguel-camarada-de-flavio-dino-e-familia-de-nagib-para-funcionamento-da-ciretran-de-codo\/#primaryimage\"},\"image\":{\"@id\":\"https:\/\/www.blogsoestado.com\/danielmatos\/deputado-wellington-vai-a-codo-e-constata-aluguel-camarada-de-flavio-dino-e-familia-de-nagib-para-funcionamento-da-ciretran-de-codo\/#primaryimage\"},\"thumbnailUrl\":\"https:\/\/www.blogsoestado.com\/danielmatos\/files\/2022\/02\/Screenshot_20220208-0031172.png\",\"datePublished\":\"2022-02-08T12:30:00+00:00\",\"author\":{\"@id\":\"\"},\"breadcrumb\":{\"@id\":\"https:\/\/www.blogsoestado.com\/danielmatos\/deputado-wellington-vai-a-codo-e-constata-aluguel-camarada-de-flavio-dino-e-familia-de-nagib-para-funcionamento-da-ciretran-de-codo\/#breadcrumb\"},\"inLanguage\":\"pt-BR\",\"potentialAction\":[{\"@type\":\"ReadAction\",\"target\":[\"https:\/\/www.blogsoestado.com\/danielmatos\/deputado-wellington-vai-a-codo-e-constata-aluguel-camarada-de-flavio-dino-e-familia-de-nagib-para-funcionamento-da-ciretran-de-codo\/\"]}]},{\"@type\":\"ImageObject\",\"inLanguage\":\"pt-BR\",\"@id\":\"https:\/\/www.blogsoestado.com\/danielmatos\/deputado-wellington-vai-a-codo-e-constata-aluguel-camarada-de-flavio-dino-e-familia-de-nagib-para-funcionamento-da-ciretran-de-codo\/#primaryimage\",\"url\":\"https:\/\/www.blogsoestado.com\/danielmatos\/files\/2022\/02\/Screenshot_20220208-0031172.png\",\"contentUrl\":\"https:\/\/www.blogsoestado.com\/danielmatos\/files\/2022\/02\/Screenshot_20220208-0031172.png\"},{\"@type\":\"BreadcrumbList\",\"@id\":\"https:\/\/www.blogsoestado.com\/danielmatos\/deputado-wellington-vai-a-codo-e-constata-aluguel-camarada-de-flavio-dino-e-familia-de-nagib-para-funcionamento-da-ciretran-de-codo\/#breadcrumb\",\"itemListElement\":[{\"@type\":\"ListItem\",\"position\":1,\"name\":\"In\u00edcio\",\"item\":\"https:\/\/www.blogsoestado.com\/danielmatos\/\"},{\"@type\":\"ListItem\",\"position\":2,\"name\":\"Deputado Wellington vai a Cod\u00f3 e constata aluguel camarada de Fl\u00e1vio Dino e fam\u00edlia de Nagib para funcionamento da CIRETRAN de Cod\u00f3\"}]},{\"@type\":\"WebSite\",\"@id\":\"https:\/\/www.blogsoestado.com\/danielmatos\/#website\",\"url\":\"https:\/\/www.blogsoestado.com\/danielmatos\/\",\"name\":\"Daniel Matos\",\"description\":\"\",\"potentialAction\":[{\"@type\":\"SearchAction\",\"target\":{\"@type\":\"EntryPoint\",\"urlTemplate\":\"https:\/\/www.blogsoestado.com\/danielmatos\/?s={search_term_string}\"},\"query-input\":{\"@type\":\"PropertyValueSpecification\",\"valueRequired\":true,\"valueName\":\"search_term_string\"}}],\"inLanguage\":\"pt-BR\"}]}<\/script>\n<!-- \/ Yoast SEO plugin. -->","yoast_head_json":{"title":"Deputado Wellington vai a Cod\u00f3 e constata aluguel camarada de Fl\u00e1vio Dino e fam\u00edlia de Nagib para funcionamento da CIRETRAN de Cod\u00f3 - Daniel Matos","robots":{"index":"index","follow":"follow","max-snippet":"max-snippet:-1","max-image-preview":"max-image-preview:large","max-video-preview":"max-video-preview:-1"},"canonical":"https:\/\/www.blogsoestado.com\/danielmatos\/deputado-wellington-vai-a-codo-e-constata-aluguel-camarada-de-flavio-dino-e-familia-de-nagib-para-funcionamento-da-ciretran-de-codo\/","og_locale":"pt_BR","og_type":"article","og_title":"Deputado Wellington vai a Cod\u00f3 e constata aluguel camarada de Fl\u00e1vio Dino e fam\u00edlia de Nagib para funcionamento da CIRETRAN de Cod\u00f3 - Daniel Matos","og_description":"O deputado estadual Wellington do Curso esteve na cidade de Cod\u00f3, na manh\u00e3 dessa segunda-feira (7), e constatou que, atualmente, [&hellip;]","og_url":"https:\/\/www.blogsoestado.com\/danielmatos\/deputado-wellington-vai-a-codo-e-constata-aluguel-camarada-de-flavio-dino-e-familia-de-nagib-para-funcionamento-da-ciretran-de-codo\/","og_site_name":"Daniel Matos","article_published_time":"2022-02-08T12:30:00+00:00","og_image":[{"url":"https:\/\/www.blogsoestado.com\/danielmatos\/files\/2022\/02\/Screenshot_20220208-0031172.png","type":"","width":"","height":""}],"twitter_card":"summary_large_image","twitter_misc":{"Est. tempo de leitura":"2 minutos"},"schema":{"@context":"https:\/\/schema.org","@graph":[{"@type":"WebPage","@id":"https:\/\/www.blogsoestado.com\/danielmatos\/deputado-wellington-vai-a-codo-e-constata-aluguel-camarada-de-flavio-dino-e-familia-de-nagib-para-funcionamento-da-ciretran-de-codo\/","url":"https:\/\/www.blogsoestado.com\/danielmatos\/deputado-wellington-vai-a-codo-e-constata-aluguel-camarada-de-flavio-dino-e-familia-de-nagib-para-funcionamento-da-ciretran-de-codo\/","name":"Deputado Wellington vai a Cod\u00f3 e constata aluguel camarada de Fl\u00e1vio Dino e fam\u00edlia de Nagib para funcionamento da CIRETRAN de Cod\u00f3 - Daniel Matos","isPartOf":{"@id":"https:\/\/www.blogsoestado.com\/danielmatos\/#website"},"primaryImageOfPage":{"@id":"https:\/\/www.blogsoestado.com\/danielmatos\/deputado-wellington-vai-a-codo-e-constata-aluguel-camarada-de-flavio-dino-e-familia-de-nagib-para-funcionamento-da-ciretran-de-codo\/#primaryimage"},"image":{"@id":"https:\/\/www.blogsoestado.com\/danielmatos\/deputado-wellington-vai-a-codo-e-constata-aluguel-camarada-de-flavio-dino-e-familia-de-nagib-para-funcionamento-da-ciretran-de-codo\/#primaryimage"},"thumbnailUrl":"https:\/\/www.blogsoestado.com\/danielmatos\/files\/2022\/02\/Screenshot_20220208-0031172.png","datePublished":"2022-02-08T12:30:00+00:00","author":{"@id":""},"breadcrumb":{"@id":"https:\/\/www.blogsoestado.com\/danielmatos\/deputado-wellington-vai-a-codo-e-constata-aluguel-camarada-de-flavio-dino-e-familia-de-nagib-para-funcionamento-da-ciretran-de-codo\/#breadcrumb"},"inLanguage":"pt-BR","potentialAction":[{"@type":"ReadAction","target":["https:\/\/www.blogsoestado.com\/danielmatos\/deputado-wellington-vai-a-codo-e-constata-aluguel-camarada-de-flavio-dino-e-familia-de-nagib-para-funcionamento-da-ciretran-de-codo\/"]}]},{"@type":"ImageObject","inLanguage":"pt-BR","@id":"https:\/\/www.blogsoestado.com\/danielmatos\/deputado-wellington-vai-a-codo-e-constata-aluguel-camarada-de-flavio-dino-e-familia-de-nagib-para-funcionamento-da-ciretran-de-codo\/#primaryimage","url":"https:\/\/www.blogsoestado.com\/danielmatos\/files\/2022\/02\/Screenshot_20220208-0031172.png","contentUrl":"https:\/\/www.blogsoestado.com\/danielmatos\/files\/2022\/02\/Screenshot_20220208-0031172.png"},{"@type":"BreadcrumbList","@id":"https:\/\/www.blogsoestado.com\/danielmatos\/deputado-wellington-vai-a-codo-e-constata-aluguel-camarada-de-flavio-dino-e-familia-de-nagib-para-funcionamento-da-ciretran-de-codo\/#breadcrumb","itemListElement":[{"@type":"ListItem","position":1,"name":"In\u00edcio","item":"https:\/\/www.blogsoestado.com\/danielmatos\/"},{"@type":"ListItem","position":2,"name":"Deputado Wellington vai a Cod\u00f3 e constata aluguel camarada de Fl\u00e1vio Dino e fam\u00edlia de Nagib para funcionamento da CIRETRAN de Cod\u00f3"}]},{"@type":"WebSite","@id":"https:\/\/www.blogsoestado.com\/danielmatos\/#website","url":"https:\/\/www.blogsoestado.com\/danielmatos\/","name":"Daniel Matos","description":"","potentialAction":[{"@type":"SearchAction","target":{"@type":"EntryPoint","urlTemplate":"https:\/\/www.blogsoestado.com\/danielmatos\/?s={search_term_string}"},"query-input":{"@type":"PropertyValueSpecification","valueRequired":true,"valueName":"search_term_string"}}],"inLanguage":"pt-BR"}]}},"jetpack_featured_media_url":"","_links":{"self":[{"href":"https:\/\/www.blogsoestado.com\/danielmatos\/wp-json\/wp\/v2\/posts\/94088","targetHints":{"allow":["GET"]}}],"collection":[{"href":"https:\/\/www.blogsoestado.com\/danielmatos\/wp-json\/wp\/v2\/posts"}],"about":[{"href":"https:\/\/www.blogsoestado.com\/danielmatos\/wp-json\/wp\/v2\/types\/post"}],"replies":[{"embeddable":true,"href":"https:\/\/www.blogsoestado.com\/danielmatos\/wp-json\/wp\/v2\/comments?post=94088"}],"version-history":[{"count":0,"href":"https:\/\/www.blogsoestado.com\/danielmatos\/wp-json\/wp\/v2\/posts\/94088\/revisions"}],"wp:attachment":[{"href":"https:\/\/www.blogsoestado.com\/danielmatos\/wp-json\/wp\/v2\/media?parent=94088"}],"wp:term":[{"taxonomy":"category","embeddable":true,"href":"https:\/\/www.blogsoestado.com\/danielmatos\/wp-json\/wp\/v2\/categories?post=94088"},{"taxonomy":"post_tag","embeddable":true,"href":"https:\/\/www.blogsoestado.com\/danielmatos\/wp-json\/wp\/v2\/tags?post=94088"}],"curies":[{"name":"wp","href":"https:\/\/api.w.org\/{rel}","templated":true}]}}